{"id":43410,"date":"2026-04-16T07:17:32","date_gmt":"2026-04-16T05:17:32","guid":{"rendered":"https:\/\/veritasinfo.org\/?p=43410"},"modified":"2026-04-16T07:17:32","modified_gmt":"2026-04-16T05:17:32","slug":"bacili-su-mi-taj-kondak-pao-sam-pijanac-sam-priznanje-iz-skenderaja-o-podvizima-dejana-pelevica-koji-je-uhapsen-zbog-ratnih-zlocina","status":"publish","type":"post","link":"https:\/\/veritasinfo.org\/?p=43410&lang=sr","title":{"rendered":"\u201eBacili su mi taj kondak, pao sam, pijanac sam\u201c, priznanje iz Skenderaja o podvizima Dejana Pelevic\u0301a koji je uhap\u0161en zbog ratnih zlo\u010dina"},"content":{"rendered":"<p>Pri\u0161tina, 16. april 2026. 07:10<\/p>\n<p>&#8220;Bacili su mi taj kondak, pao sam, pijanac sam, sada su zlostavljali sina i c\u0301erku mog prijatelja\u201c<\/p>\n<p>Ovo su iskustva iz marta 1999. godine.<\/p>\n<p>Sve se ovo dogodilo na ovoj ulici u Skenderaju, nakon operacije srpske policije i vojske.<\/p>\n<p>U \u201eNaselju 2\u201c ovog grada, tog dana je ubijeno 15 albanskih civila.<\/p>\n<p>\u201eBili su stacionirani u ovom kraju, sada se ovde ne vidi, tog dana je padao sneg, nosili su belu odec\u0301u tamo i kada su dobili komandu da izvr\u0161e ta zlostavljanja, svi su pu\u0161teni u ovom kraju, obi\u010dno u ovom kraju ovde\u201c, rekao je Had\u017eiju.<\/p>\n<p>A u ovoj akciji, sumnja se da je u\u010destvovao i biv\u0161i pripadnik MUP-a Srbije, Dejan Pelevic\u0301.<\/p>\n<p>Potonji je uhap\u0161en u utorak u selu So\u010danica, Leposavic\u0301, zbog sumnje da je po\u010dinio ratne zlo\u010dine.<\/p>\n<p>A njegovo ime je poznato Muni\u0161u Had\u017eijuu, koji je do\u017eiveo strahote tog dana.<\/p>\n<p>\u201eOdveli su nas od na\u0161ih domova, do\u0161ao sam u Skenderaj kod jednog prijatelja, u\u0161li smo unutra, posle nekog vremena su nam do\u0161li ti ljudi u beloj odec\u0301i kojima sam rekao da nose maske, bilo je nekih koji su u\u0161li unutra, tra\u017eili su nam novac, tra\u017eili su da im ka\u017eemo, na primer, gde je OVK, kao oni koji imaju tu svoju tradiciju, a na\u017ealost ili srec\u0301om mi tog dana nismo imali kod sebe, pa su nas pitali silom\u201c, nastavio je Had\u017eiju.<\/p>\n<p>Nakon doga\u0111aja, tela ubijenih su doneta na mesto poznato kao \u201eTe Pi\u0161at\u201c.<\/p>\n<p>Sedamdeset\u010detvorogodi\u0161njak ka\u017ee da je tog dana nekoliko ljudi tako\u0111e odvedeno od strane srpskih snaga i njihova sudbina vi\u0161e nije poznata.<\/p>\n<p>\u201eOd njih, ja veoma dobro poznajem i imao sam prijatelja Ganija Azemija sa njegova dva sina koji su tog dana odvedeni u njegovu kuc\u0301u i do danas se ne zna gde su, nestali su, njegovi sinovi su ostavili svoje \u017eene i obojica imaju sina\u201c, naglasio je Had\u017eiju.<\/p>\n<p>Nakon hap\u0161enja, Dejan Pelevic\u0301 je u policijskom pritvoru 48 sati.<\/p>\n<p>Prema policiji, postupajuc\u0301i po nare\u0111enju i na organizovan na\u010din, doprineo je \u010di\u0161c\u0301enju teritorije kroz nasilno proterivanje albanskih civila sa njihovih imanja, plja\u010dku i paljenje imovine, kao i vr\u0161enje fizi\u010dkog i psiholo\u0161kog nasilja<\/p>\n","protected":false},"excerpt":{"rendered":"<p>Pri\u0161tina, 16. april 2026. 07:10 &#8220;Bacili su mi taj kondak, pao sam, pijanac sam, sada su zlostavljali sina i c\u0301erku mog prijatelja\u201c Ovo su iskustva<\/p>\n","protected":false},"author":7,"featured_media":43411,"comment_status":"open","ping_status":"open","sticky":false,"template":"","format":"standard","meta":{"footnotes":""},"categories":[30],"tags":[],"class_list":["post-43410","post","type-post","status-publish","format-standard","has-post-thumbnail","hentry","category-drustvo"],"yoast_head":"<!-- This site is optimized with the Yoast SEO plugin v25.3.1 - https:\/\/yoast.com\/wordpress\/plugins\/seo\/ -->\n<title>\u201eBacili su mi taj kondak, pao sam, pijanac sam\u201c, priznanje iz Skenderaja o podvizima Dejana Pelevic\u0301a koji je uhap\u0161en zbog ratnih zlo\u010dina -<\/title>\n<meta name=\"robots\" content=\"index, follow, max-snippet:-1, max-image-preview:large, max-video-preview:-1\" \/>\n<link rel=\"canonical\" href=\"https:\/\/veritasinfo.org\/?p=43410&lang=sr\" \/>\n<meta property=\"og:locale\" content=\"en_US\" \/>\n<meta property=\"og:type\" content=\"article\" \/>\n<meta property=\"og:title\" content=\"\u201eBacili su mi taj kondak, pao sam, pijanac sam\u201c, priznanje iz Skenderaja o podvizima Dejana Pelevic\u0301a koji je uhap\u0161en zbog ratnih zlo\u010dina -\" \/>\n<meta property=\"og:description\" content=\"Pri\u0161tina, 16. april 2026. 07:10 &#8220;Bacili su mi taj kondak, pao sam, pijanac sam, sada su zlostavljali sina i c\u0301erku mog prijatelja\u201c Ovo su iskustva\" \/>\n<meta property=\"og:url\" content=\"https:\/\/veritasinfo.org\/?p=43410&amp;lang=sr\" \/>\n<meta property=\"article:published_time\" content=\"2026-04-16T05:17:32+00:00\" \/>\n<meta property=\"og:image\" content=\"https:\/\/veritasinfo.org\/wp-content\/uploads\/2026\/04\/FB_IMG_1776316352180-1.jpg\" \/>\n\t<meta property=\"og:image:width\" content=\"2048\" \/>\n\t<meta property=\"og:image:height\" content=\"1365\" \/>\n\t<meta property=\"og:image:type\" content=\"image\/jpeg\" \/>\n<meta name=\"author\" content=\"US6\" \/>\n<meta name=\"twitter:card\" content=\"summary_large_image\" \/>\n<meta name=\"twitter:label1\" content=\"Written by\" \/>\n\t<meta name=\"twitter:data1\" content=\"US6\" \/>\n\t<meta name=\"twitter:label2\" content=\"Est. reading time\" \/>\n\t<meta name=\"twitter:data2\" content=\"2 minutes\" \/>\n<script type=\"application\/ld+json\" class=\"yoast-schema-graph\">{\"@context\":\"https:\/\/schema.org\",\"@graph\":[{\"@type\":\"WebPage\",\"@id\":\"https:\/\/veritasinfo.org\/?p=43410&lang=sr\",\"url\":\"https:\/\/veritasinfo.org\/?p=43410&lang=sr\",\"name\":\"\u201eBacili su mi taj kondak, pao sam, pijanac sam\u201c, priznanje iz Skenderaja o podvizima Dejana Pelevic\u0301a koji je uhap\u0161en zbog ratnih zlo\u010dina -\",\"isPartOf\":{\"@id\":\"https:\/\/veritasinfo.org\/#website\"},\"primaryImageOfPage\":{\"@id\":\"https:\/\/veritasinfo.org\/?p=43410&lang=sr#primaryimage\"},\"image\":{\"@id\":\"https:\/\/veritasinfo.org\/?p=43410&lang=sr#primaryimage\"},\"thumbnailUrl\":\"https:\/\/veritasinfo.org\/wp-content\/uploads\/2026\/04\/FB_IMG_1776316352180-1.jpg\",\"datePublished\":\"2026-04-16T05:17:32+00:00\",\"author\":{\"@id\":\"https:\/\/veritasinfo.org\/#\/schema\/person\/fe199eede04c3937362892b7444747cc\"},\"breadcrumb\":{\"@id\":\"https:\/\/veritasinfo.org\/?p=43410&lang=sr#breadcrumb\"},\"inLanguage\":\"en-US\",\"potentialAction\":[{\"@type\":\"ReadAction\",\"target\":[\"https:\/\/veritasinfo.org\/?p=43410&lang=sr\"]}]},{\"@type\":\"ImageObject\",\"inLanguage\":\"en-US\",\"@id\":\"https:\/\/veritasinfo.org\/?p=43410&lang=sr#primaryimage\",\"url\":\"https:\/\/veritasinfo.org\/wp-content\/uploads\/2026\/04\/FB_IMG_1776316352180-1.jpg\",\"contentUrl\":\"https:\/\/veritasinfo.org\/wp-content\/uploads\/2026\/04\/FB_IMG_1776316352180-1.jpg\",\"width\":2048,\"height\":1365},{\"@type\":\"BreadcrumbList\",\"@id\":\"https:\/\/veritasinfo.org\/?p=43410&lang=sr#breadcrumb\",\"itemListElement\":[{\"@type\":\"ListItem\",\"position\":1,\"name\":\"Home\",\"item\":\"https:\/\/veritasinfo.org\/\"},{\"@type\":\"ListItem\",\"position\":2,\"name\":\"\u201eBacili su mi taj kondak, pao sam, pijanac sam\u201c, priznanje iz Skenderaja o podvizima Dejana Pelevic\u0301a koji je uhap\u0161en zbog ratnih zlo\u010dina\"}]},{\"@type\":\"WebSite\",\"@id\":\"https:\/\/veritasinfo.org\/#website\",\"url\":\"https:\/\/veritasinfo.org\/\",\"name\":\"\",\"description\":\"\",\"potentialAction\":[{\"@type\":\"SearchAction\",\"target\":{\"@type\":\"EntryPoint\",\"urlTemplate\":\"https:\/\/veritasinfo.org\/?s={search_term_string}\"},\"query-input\":{\"@type\":\"PropertyValueSpecification\",\"valueRequired\":true,\"valueName\":\"search_term_string\"}}],\"inLanguage\":\"en-US\"},{\"@type\":\"Person\",\"@id\":\"https:\/\/veritasinfo.org\/#\/schema\/person\/fe199eede04c3937362892b7444747cc\",\"name\":\"US6\",\"image\":{\"@type\":\"ImageObject\",\"inLanguage\":\"en-US\",\"@id\":\"https:\/\/veritasinfo.org\/#\/schema\/person\/image\/\",\"url\":\"https:\/\/secure.gravatar.com\/avatar\/cb16c3c31c9d23b9b8c705964598220b3014e42ff51eb540ff23cefa3ae8c15f?s=96&d=mm&r=g\",\"contentUrl\":\"https:\/\/secure.gravatar.com\/avatar\/cb16c3c31c9d23b9b8c705964598220b3014e42ff51eb540ff23cefa3ae8c15f?s=96&d=mm&r=g\",\"caption\":\"US6\"},\"url\":\"https:\/\/veritasinfo.org\/?author=7\"}]}<\/script>\n<!-- \/ Yoast SEO plugin. -->","yoast_head_json":{"title":"\u201eBacili su mi taj kondak, pao sam, pijanac sam\u201c, priznanje iz Skenderaja o podvizima Dejana Pelevic\u0301a koji je uhap\u0161en zbog ratnih zlo\u010dina -","robots":{"index":"index","follow":"follow","max-snippet":"max-snippet:-1","max-image-preview":"max-image-preview:large","max-video-preview":"max-video-preview:-1"},"canonical":"https:\/\/veritasinfo.org\/?p=43410&lang=sr","og_locale":"en_US","og_type":"article","og_title":"\u201eBacili su mi taj kondak, pao sam, pijanac sam\u201c, priznanje iz Skenderaja o podvizima Dejana Pelevic\u0301a koji je uhap\u0161en zbog ratnih zlo\u010dina -","og_description":"Pri\u0161tina, 16. april 2026. 07:10 &#8220;Bacili su mi taj kondak, pao sam, pijanac sam, sada su zlostavljali sina i c\u0301erku mog prijatelja\u201c Ovo su iskustva","og_url":"https:\/\/veritasinfo.org\/?p=43410&lang=sr","article_published_time":"2026-04-16T05:17:32+00:00","og_image":[{"width":2048,"height":1365,"url":"https:\/\/veritasinfo.org\/wp-content\/uploads\/2026\/04\/FB_IMG_1776316352180-1.jpg","type":"image\/jpeg"}],"author":"US6","twitter_card":"summary_large_image","twitter_misc":{"Written by":"US6","Est. reading time":"2 minutes"},"schema":{"@context":"https:\/\/schema.org","@graph":[{"@type":"WebPage","@id":"https:\/\/veritasinfo.org\/?p=43410&lang=sr","url":"https:\/\/veritasinfo.org\/?p=43410&lang=sr","name":"\u201eBacili su mi taj kondak, pao sam, pijanac sam\u201c, priznanje iz Skenderaja o podvizima Dejana Pelevic\u0301a koji je uhap\u0161en zbog ratnih zlo\u010dina -","isPartOf":{"@id":"https:\/\/veritasinfo.org\/#website"},"primaryImageOfPage":{"@id":"https:\/\/veritasinfo.org\/?p=43410&lang=sr#primaryimage"},"image":{"@id":"https:\/\/veritasinfo.org\/?p=43410&lang=sr#primaryimage"},"thumbnailUrl":"https:\/\/veritasinfo.org\/wp-content\/uploads\/2026\/04\/FB_IMG_1776316352180-1.jpg","datePublished":"2026-04-16T05:17:32+00:00","author":{"@id":"https:\/\/veritasinfo.org\/#\/schema\/person\/fe199eede04c3937362892b7444747cc"},"breadcrumb":{"@id":"https:\/\/veritasinfo.org\/?p=43410&lang=sr#breadcrumb"},"inLanguage":"en-US","potentialAction":[{"@type":"ReadAction","target":["https:\/\/veritasinfo.org\/?p=43410&lang=sr"]}]},{"@type":"ImageObject","inLanguage":"en-US","@id":"https:\/\/veritasinfo.org\/?p=43410&lang=sr#primaryimage","url":"https:\/\/veritasinfo.org\/wp-content\/uploads\/2026\/04\/FB_IMG_1776316352180-1.jpg","contentUrl":"https:\/\/veritasinfo.org\/wp-content\/uploads\/2026\/04\/FB_IMG_1776316352180-1.jpg","width":2048,"height":1365},{"@type":"BreadcrumbList","@id":"https:\/\/veritasinfo.org\/?p=43410&lang=sr#breadcrumb","itemListElement":[{"@type":"ListItem","position":1,"name":"Home","item":"https:\/\/veritasinfo.org\/"},{"@type":"ListItem","position":2,"name":"\u201eBacili su mi taj kondak, pao sam, pijanac sam\u201c, priznanje iz Skenderaja o podvizima Dejana Pelevic\u0301a koji je uhap\u0161en zbog ratnih zlo\u010dina"}]},{"@type":"WebSite","@id":"https:\/\/veritasinfo.org\/#website","url":"https:\/\/veritasinfo.org\/","name":"","description":"","potentialAction":[{"@type":"SearchAction","target":{"@type":"EntryPoint","urlTemplate":"https:\/\/veritasinfo.org\/?s={search_term_string}"},"query-input":{"@type":"PropertyValueSpecification","valueRequired":true,"valueName":"search_term_string"}}],"inLanguage":"en-US"},{"@type":"Person","@id":"https:\/\/veritasinfo.org\/#\/schema\/person\/fe199eede04c3937362892b7444747cc","name":"US6","image":{"@type":"ImageObject","inLanguage":"en-US","@id":"https:\/\/veritasinfo.org\/#\/schema\/person\/image\/","url":"https:\/\/secure.gravatar.com\/avatar\/cb16c3c31c9d23b9b8c705964598220b3014e42ff51eb540ff23cefa3ae8c15f?s=96&d=mm&r=g","contentUrl":"https:\/\/secure.gravatar.com\/avatar\/cb16c3c31c9d23b9b8c705964598220b3014e42ff51eb540ff23cefa3ae8c15f?s=96&d=mm&r=g","caption":"US6"},"url":"https:\/\/veritasinfo.org\/?author=7"}]}},"featured_image_urls":{"full":["https:\/\/veritasinfo.org\/wp-content\/uploads\/2026\/04\/FB_IMG_1776316352180-1.jpg",2048,1365,false],"thumbnail":["https:\/\/veritasinfo.org\/wp-content\/uploads\/2026\/04\/FB_IMG_1776316352180-1-150x150.jpg",150,150,true],"medium":["https:\/\/veritasinfo.org\/wp-content\/uploads\/2026\/04\/FB_IMG_1776316352180-1-300x200.jpg",300,200,true],"medium_large":["https:\/\/veritasinfo.org\/wp-content\/uploads\/2026\/04\/FB_IMG_1776316352180-1-768x512.jpg",640,427,true],"large":["https:\/\/veritasinfo.org\/wp-content\/uploads\/2026\/04\/FB_IMG_1776316352180-1-1024x683.jpg",640,427,true],"1536x1536":["https:\/\/veritasinfo.org\/wp-content\/uploads\/2026\/04\/FB_IMG_1776316352180-1-1536x1024.jpg",1536,1024,true],"2048x2048":["https:\/\/veritasinfo.org\/wp-content\/uploads\/2026\/04\/FB_IMG_1776316352180-1.jpg",2048,1365,false],"kreeti-slider-full":["https:\/\/veritasinfo.org\/wp-content\/uploads\/2026\/04\/FB_IMG_1776316352180-1-1280x720.jpg",1280,720,true],"kreeti-featured":["https:\/\/veritasinfo.org\/wp-content\/uploads\/2026\/04\/FB_IMG_1776316352180-1-1024x683.jpg",1024,683,true],"kreeti-medium":["https:\/\/veritasinfo.org\/wp-content\/uploads\/2026\/04\/FB_IMG_1776316352180-1-720x530.jpg",720,530,true],"kreeti-medium-square":["https:\/\/veritasinfo.org\/wp-content\/uploads\/2026\/04\/FB_IMG_1776316352180-1-350x350.jpg",350,350,true]},"author_info":{"info":["US6"]},"category_info":"<a href=\"https:\/\/veritasinfo.org\/?cat=30&#038;lang=sr\" rel=\"category\">Dru\u0161tvo<\/a>","tag_info":"Dru\u0161tvo","comment_count":"0","_links":{"self":[{"href":"https:\/\/veritasinfo.org\/index.php?rest_route=\/wp\/v2\/posts\/43410","targetHints":{"allow":["GET"]}}],"collection":[{"href":"https:\/\/veritasinfo.org\/index.php?rest_route=\/wp\/v2\/posts"}],"about":[{"href":"https:\/\/veritasinfo.org\/index.php?rest_route=\/wp\/v2\/types\/post"}],"author":[{"embeddable":true,"href":"https:\/\/veritasinfo.org\/index.php?rest_route=\/wp\/v2\/users\/7"}],"replies":[{"embeddable":true,"href":"https:\/\/veritasinfo.org\/index.php?rest_route=%2Fwp%2Fv2%2Fcomments&post=43410"}],"version-history":[{"count":1,"href":"https:\/\/veritasinfo.org\/index.php?rest_route=\/wp\/v2\/posts\/43410\/revisions"}],"predecessor-version":[{"id":43412,"href":"https:\/\/veritasinfo.org\/index.php?rest_route=\/wp\/v2\/posts\/43410\/revisions\/43412"}],"wp:featuredmedia":[{"embeddable":true,"href":"https:\/\/veritasinfo.org\/index.php?rest_route=\/wp\/v2\/media\/43411"}],"wp:attachment":[{"href":"https:\/\/veritasinfo.org\/index.php?rest_route=%2Fwp%2Fv2%2Fmedia&parent=43410"}],"wp:term":[{"taxonomy":"category","embeddable":true,"href":"https:\/\/veritasinfo.org\/index.php?rest_route=%2Fwp%2Fv2%2Fcategories&post=43410"},{"taxonomy":"post_tag","embeddable":true,"href":"https:\/\/veritasinfo.org\/index.php?rest_route=%2Fwp%2Fv2%2Ftags&post=43410"}],"curies":[{"name":"wp","href":"https:\/\/api.w.org\/{rel}","templated":true}]}}