{"id":4314,"date":"2025-07-18T16:24:00","date_gmt":"2025-07-18T14:24:00","guid":{"rendered":"https:\/\/veritasinfo.org\/?p=4314"},"modified":"2025-07-18T16:24:00","modified_gmt":"2025-07-18T14:24:00","slug":"mesec-dana-pritvora-za-bojana-jevtica-osumnjicenog-za-spijunazu","status":"publish","type":"post","link":"https:\/\/veritasinfo.org\/?p=4314&lang=sr","title":{"rendered":"Mesec dana pritvora za Bojana Jevti\u0107a, osumnji\u010denog za \u0161pijuna\u017eu"},"content":{"rendered":"<p>Pri\u0161tina, 18. jul 2025<\/p>\n<p>Osnovni sud u Pri\u0161tini odredio je meru pritvora od 30 dana Bojanu Jevti\u0107u, biv\u0161em slu\u017ebeniku Kosovske policije, koji se sumnji\u010di za krivi\u010dno delo \u0161pijuna\u017ee, kao i za neovla\u0161\u0107eno dr\u017eanje oru\u017eja.<\/p>\n<p>Kako se navodi u saop\u0161tenju, sudija za prethodni postupak usvojio je zahtev Specijalnog tu\u017eila\u0161tva Republike Kosova za odre\u0111ivanje pritvora, uz obrazlo\u017eenje da postoji opasnost od bekstva, uticaja na svedoke i ponavljanja krivi\u010dnog dela.<\/p>\n<p>\u201ePostoji osnovana sumnja da je osumnji\u010deni izvr\u0161io krivi\u010dno delo visoke opasnosti koje ugro\u017eava nacionalnu bezbednost, kao i \u017eivote slu\u017ebenika i gra\u0111ana Republike Kosovo\u201c, navodi se u odluci suda.<\/p>\n<p>Sud je ocenio da je pritvor jedina adekvatna mera u ovom slu\u010daju, jer bi svaka bla\u017ea mera bila nedovoljna za uspe\u0161no vo\u0111enje krivi\u010dnog postupka i spre\u010davanje novih krivi\u010dnih dela u sli\u010dnim okolnostima.<\/p>\n<p>Nezadovoljne strane imaju pravo \u017ealbe Apelacionom sudu preko Osnovnog suda u Pri\u0161tini.<\/p>\n<p>&nbsp;<\/p>\n<p>&nbsp;<\/p>\n<p>&nbsp;<\/p>\n<p>&nbsp;<\/p>\n","protected":false},"excerpt":{"rendered":"<p>Pri\u0161tina, 18. jul 2025 Osnovni sud u Pri\u0161tini odredio je meru pritvora od 30 dana Bojanu Jevti\u0107u, biv\u0161em slu\u017ebeniku Kosovske policije, koji se sumnji\u010di za<\/p>\n","protected":false},"author":1,"featured_media":4312,"comment_status":"open","ping_status":"open","sticky":false,"template":"","format":"standard","meta":{"footnotes":""},"categories":[30],"tags":[],"class_list":["post-4314","post","type-post","status-publish","format-standard","has-post-thumbnail","hentry","category-drustvo"],"yoast_head":"<!-- This site is optimized with the Yoast SEO plugin v25.3.1 - https:\/\/yoast.com\/wordpress\/plugins\/seo\/ -->\n<title>Mesec dana pritvora za Bojana Jevti\u0107a, osumnji\u010denog za \u0161pijuna\u017eu -<\/title>\n<meta name=\"robots\" content=\"index, follow, max-snippet:-1, max-image-preview:large, max-video-preview:-1\" \/>\n<link rel=\"canonical\" href=\"https:\/\/veritasinfo.org\/?p=4314&lang=sr\" \/>\n<meta property=\"og:locale\" content=\"en_US\" \/>\n<meta property=\"og:type\" content=\"article\" \/>\n<meta property=\"og:title\" content=\"Mesec dana pritvora za Bojana Jevti\u0107a, osumnji\u010denog za \u0161pijuna\u017eu -\" \/>\n<meta property=\"og:description\" content=\"Pri\u0161tina, 18. jul 2025 Osnovni sud u Pri\u0161tini odredio je meru pritvora od 30 dana Bojanu Jevti\u0107u, biv\u0161em slu\u017ebeniku Kosovske policije, koji se sumnji\u010di za\" \/>\n<meta property=\"og:url\" content=\"https:\/\/veritasinfo.org\/?p=4314&amp;lang=sr\" \/>\n<meta property=\"article:published_time\" content=\"2025-07-18T14:24:00+00:00\" \/>\n<meta property=\"og:image\" content=\"https:\/\/veritasinfo.org\/wp-content\/uploads\/2025\/07\/zatvor.jpg\" \/>\n\t<meta property=\"og:image:width\" content=\"810\" \/>\n\t<meta property=\"og:image:height\" content=\"518\" \/>\n\t<meta property=\"og:image:type\" content=\"image\/jpeg\" \/>\n<meta name=\"author\" content=\"admin\" \/>\n<meta name=\"twitter:card\" content=\"summary_large_image\" \/>\n<meta name=\"twitter:label1\" content=\"Written by\" \/>\n\t<meta name=\"twitter:data1\" content=\"admin\" \/>\n\t<meta name=\"twitter:label2\" content=\"Est. reading time\" \/>\n\t<meta name=\"twitter:data2\" content=\"1 minute\" \/>\n<script type=\"application\/ld+json\" class=\"yoast-schema-graph\">{\"@context\":\"https:\/\/schema.org\",\"@graph\":[{\"@type\":\"WebPage\",\"@id\":\"https:\/\/veritasinfo.org\/?p=4314&lang=sr\",\"url\":\"https:\/\/veritasinfo.org\/?p=4314&lang=sr\",\"name\":\"Mesec dana pritvora za Bojana Jevti\u0107a, osumnji\u010denog za \u0161pijuna\u017eu -\",\"isPartOf\":{\"@id\":\"https:\/\/veritasinfo.org\/#website\"},\"primaryImageOfPage\":{\"@id\":\"https:\/\/veritasinfo.org\/?p=4314&lang=sr#primaryimage\"},\"image\":{\"@id\":\"https:\/\/veritasinfo.org\/?p=4314&lang=sr#primaryimage\"},\"thumbnailUrl\":\"https:\/\/veritasinfo.org\/wp-content\/uploads\/2025\/07\/zatvor.jpg\",\"datePublished\":\"2025-07-18T14:24:00+00:00\",\"author\":{\"@id\":\"https:\/\/veritasinfo.org\/#\/schema\/person\/7701f8c088bece422266b100a712374f\"},\"breadcrumb\":{\"@id\":\"https:\/\/veritasinfo.org\/?p=4314&lang=sr#breadcrumb\"},\"inLanguage\":\"en-US\",\"potentialAction\":[{\"@type\":\"ReadAction\",\"target\":[\"https:\/\/veritasinfo.org\/?p=4314&lang=sr\"]}]},{\"@type\":\"ImageObject\",\"inLanguage\":\"en-US\",\"@id\":\"https:\/\/veritasinfo.org\/?p=4314&lang=sr#primaryimage\",\"url\":\"https:\/\/veritasinfo.org\/wp-content\/uploads\/2025\/07\/zatvor.jpg\",\"contentUrl\":\"https:\/\/veritasinfo.org\/wp-content\/uploads\/2025\/07\/zatvor.jpg\",\"width\":810,\"height\":518},{\"@type\":\"BreadcrumbList\",\"@id\":\"https:\/\/veritasinfo.org\/?p=4314&lang=sr#breadcrumb\",\"itemListElement\":[{\"@type\":\"ListItem\",\"position\":1,\"name\":\"Home\",\"item\":\"https:\/\/veritasinfo.org\/\"},{\"@type\":\"ListItem\",\"position\":2,\"name\":\"Mesec dana pritvora za Bojana Jevti\u0107a, osumnji\u010denog za \u0161pijuna\u017eu\"}]},{\"@type\":\"WebSite\",\"@id\":\"https:\/\/veritasinfo.org\/#website\",\"url\":\"https:\/\/veritasinfo.org\/\",\"name\":\"\",\"description\":\"\",\"potentialAction\":[{\"@type\":\"SearchAction\",\"target\":{\"@type\":\"EntryPoint\",\"urlTemplate\":\"https:\/\/veritasinfo.org\/?s={search_term_string}\"},\"query-input\":{\"@type\":\"PropertyValueSpecification\",\"valueRequired\":true,\"valueName\":\"search_term_string\"}}],\"inLanguage\":\"en-US\"},{\"@type\":\"Person\",\"@id\":\"https:\/\/veritasinfo.org\/#\/schema\/person\/7701f8c088bece422266b100a712374f\",\"name\":\"admin\",\"image\":{\"@type\":\"ImageObject\",\"inLanguage\":\"en-US\",\"@id\":\"https:\/\/veritasinfo.org\/#\/schema\/person\/image\/\",\"url\":\"https:\/\/secure.gravatar.com\/avatar\/ea53aa3bf6c9a12d5fde8ce4deff43fef3885ae33cf60184161a50d6987cfd2f?s=96&d=mm&r=g\",\"contentUrl\":\"https:\/\/secure.gravatar.com\/avatar\/ea53aa3bf6c9a12d5fde8ce4deff43fef3885ae33cf60184161a50d6987cfd2f?s=96&d=mm&r=g\",\"caption\":\"admin\"},\"sameAs\":[\"https:\/\/veritasinfo.org\"],\"url\":\"https:\/\/veritasinfo.org\/?author=1\"}]}<\/script>\n<!-- \/ Yoast SEO plugin. -->","yoast_head_json":{"title":"Mesec dana pritvora za Bojana Jevti\u0107a, osumnji\u010denog za \u0161pijuna\u017eu -","robots":{"index":"index","follow":"follow","max-snippet":"max-snippet:-1","max-image-preview":"max-image-preview:large","max-video-preview":"max-video-preview:-1"},"canonical":"https:\/\/veritasinfo.org\/?p=4314&lang=sr","og_locale":"en_US","og_type":"article","og_title":"Mesec dana pritvora za Bojana Jevti\u0107a, osumnji\u010denog za \u0161pijuna\u017eu -","og_description":"Pri\u0161tina, 18. jul 2025 Osnovni sud u Pri\u0161tini odredio je meru pritvora od 30 dana Bojanu Jevti\u0107u, biv\u0161em slu\u017ebeniku Kosovske policije, koji se sumnji\u010di za","og_url":"https:\/\/veritasinfo.org\/?p=4314&lang=sr","article_published_time":"2025-07-18T14:24:00+00:00","og_image":[{"width":810,"height":518,"url":"https:\/\/veritasinfo.org\/wp-content\/uploads\/2025\/07\/zatvor.jpg","type":"image\/jpeg"}],"author":"admin","twitter_card":"summary_large_image","twitter_misc":{"Written by":"admin","Est. reading time":"1 minute"},"schema":{"@context":"https:\/\/schema.org","@graph":[{"@type":"WebPage","@id":"https:\/\/veritasinfo.org\/?p=4314&lang=sr","url":"https:\/\/veritasinfo.org\/?p=4314&lang=sr","name":"Mesec dana pritvora za Bojana Jevti\u0107a, osumnji\u010denog za \u0161pijuna\u017eu -","isPartOf":{"@id":"https:\/\/veritasinfo.org\/#website"},"primaryImageOfPage":{"@id":"https:\/\/veritasinfo.org\/?p=4314&lang=sr#primaryimage"},"image":{"@id":"https:\/\/veritasinfo.org\/?p=4314&lang=sr#primaryimage"},"thumbnailUrl":"https:\/\/veritasinfo.org\/wp-content\/uploads\/2025\/07\/zatvor.jpg","datePublished":"2025-07-18T14:24:00+00:00","author":{"@id":"https:\/\/veritasinfo.org\/#\/schema\/person\/7701f8c088bece422266b100a712374f"},"breadcrumb":{"@id":"https:\/\/veritasinfo.org\/?p=4314&lang=sr#breadcrumb"},"inLanguage":"en-US","potentialAction":[{"@type":"ReadAction","target":["https:\/\/veritasinfo.org\/?p=4314&lang=sr"]}]},{"@type":"ImageObject","inLanguage":"en-US","@id":"https:\/\/veritasinfo.org\/?p=4314&lang=sr#primaryimage","url":"https:\/\/veritasinfo.org\/wp-content\/uploads\/2025\/07\/zatvor.jpg","contentUrl":"https:\/\/veritasinfo.org\/wp-content\/uploads\/2025\/07\/zatvor.jpg","width":810,"height":518},{"@type":"BreadcrumbList","@id":"https:\/\/veritasinfo.org\/?p=4314&lang=sr#breadcrumb","itemListElement":[{"@type":"ListItem","position":1,"name":"Home","item":"https:\/\/veritasinfo.org\/"},{"@type":"ListItem","position":2,"name":"Mesec dana pritvora za Bojana Jevti\u0107a, osumnji\u010denog za \u0161pijuna\u017eu"}]},{"@type":"WebSite","@id":"https:\/\/veritasinfo.org\/#website","url":"https:\/\/veritasinfo.org\/","name":"","description":"","potentialAction":[{"@type":"SearchAction","target":{"@type":"EntryPoint","urlTemplate":"https:\/\/veritasinfo.org\/?s={search_term_string}"},"query-input":{"@type":"PropertyValueSpecification","valueRequired":true,"valueName":"search_term_string"}}],"inLanguage":"en-US"},{"@type":"Person","@id":"https:\/\/veritasinfo.org\/#\/schema\/person\/7701f8c088bece422266b100a712374f","name":"admin","image":{"@type":"ImageObject","inLanguage":"en-US","@id":"https:\/\/veritasinfo.org\/#\/schema\/person\/image\/","url":"https:\/\/secure.gravatar.com\/avatar\/ea53aa3bf6c9a12d5fde8ce4deff43fef3885ae33cf60184161a50d6987cfd2f?s=96&d=mm&r=g","contentUrl":"https:\/\/secure.gravatar.com\/avatar\/ea53aa3bf6c9a12d5fde8ce4deff43fef3885ae33cf60184161a50d6987cfd2f?s=96&d=mm&r=g","caption":"admin"},"sameAs":["https:\/\/veritasinfo.org"],"url":"https:\/\/veritasinfo.org\/?author=1"}]}},"featured_image_urls":{"full":["https:\/\/veritasinfo.org\/wp-content\/uploads\/2025\/07\/zatvor.jpg",810,518,false],"thumbnail":["https:\/\/veritasinfo.org\/wp-content\/uploads\/2025\/07\/zatvor-150x150.jpg",150,150,true],"medium":["https:\/\/veritasinfo.org\/wp-content\/uploads\/2025\/07\/zatvor-300x192.jpg",300,192,true],"medium_large":["https:\/\/veritasinfo.org\/wp-content\/uploads\/2025\/07\/zatvor-768x491.jpg",640,409,true],"large":["https:\/\/veritasinfo.org\/wp-content\/uploads\/2025\/07\/zatvor.jpg",640,409,false],"1536x1536":["https:\/\/veritasinfo.org\/wp-content\/uploads\/2025\/07\/zatvor.jpg",810,518,false],"2048x2048":["https:\/\/veritasinfo.org\/wp-content\/uploads\/2025\/07\/zatvor.jpg",810,518,false],"kreeti-slider-full":["https:\/\/veritasinfo.org\/wp-content\/uploads\/2025\/07\/zatvor.jpg",810,518,false],"kreeti-featured":["https:\/\/veritasinfo.org\/wp-content\/uploads\/2025\/07\/zatvor.jpg",810,518,false],"kreeti-medium":["https:\/\/veritasinfo.org\/wp-content\/uploads\/2025\/07\/zatvor.jpg",720,460,false],"kreeti-medium-square":["https:\/\/veritasinfo.org\/wp-content\/uploads\/2025\/07\/zatvor.jpg",350,224,false]},"author_info":{"info":["admin"]},"category_info":"<a href=\"https:\/\/veritasinfo.org\/?cat=30&#038;lang=sr\" rel=\"category\">Dru\u0161tvo<\/a>","tag_info":"Dru\u0161tvo","comment_count":"0","_links":{"self":[{"href":"https:\/\/veritasinfo.org\/index.php?rest_route=\/wp\/v2\/posts\/4314","targetHints":{"allow":["GET"]}}],"collection":[{"href":"https:\/\/veritasinfo.org\/index.php?rest_route=\/wp\/v2\/posts"}],"about":[{"href":"https:\/\/veritasinfo.org\/index.php?rest_route=\/wp\/v2\/types\/post"}],"author":[{"embeddable":true,"href":"https:\/\/veritasinfo.org\/index.php?rest_route=\/wp\/v2\/users\/1"}],"replies":[{"embeddable":true,"href":"https:\/\/veritasinfo.org\/index.php?rest_route=%2Fwp%2Fv2%2Fcomments&post=4314"}],"version-history":[{"count":1,"href":"https:\/\/veritasinfo.org\/index.php?rest_route=\/wp\/v2\/posts\/4314\/revisions"}],"predecessor-version":[{"id":4315,"href":"https:\/\/veritasinfo.org\/index.php?rest_route=\/wp\/v2\/posts\/4314\/revisions\/4315"}],"wp:featuredmedia":[{"embeddable":true,"href":"https:\/\/veritasinfo.org\/index.php?rest_route=\/wp\/v2\/media\/4312"}],"wp:attachment":[{"href":"https:\/\/veritasinfo.org\/index.php?rest_route=%2Fwp%2Fv2%2Fmedia&parent=4314"}],"wp:term":[{"taxonomy":"category","embeddable":true,"href":"https:\/\/veritasinfo.org\/index.php?rest_route=%2Fwp%2Fv2%2Fcategories&post=4314"},{"taxonomy":"post_tag","embeddable":true,"href":"https:\/\/veritasinfo.org\/index.php?rest_route=%2Fwp%2Fv2%2Ftags&post=4314"}],"curies":[{"name":"wp","href":"https:\/\/api.w.org\/{rel}","templated":true}]}}