{"id":4298,"date":"2025-07-18T13:42:53","date_gmt":"2025-07-18T11:42:53","guid":{"rendered":"https:\/\/veritasinfo.org\/?p=4298"},"modified":"2025-07-18T13:51:45","modified_gmt":"2025-07-18T11:51:45","slug":"ekskluzive-jevtiq-dyshohet-se-u-rekrutua-nga-sherbimi-sekret-serb-dhe-i-coi-te-bia-dokumentet-konfidenciale-te-policise","status":"publish","type":"post","link":"https:\/\/veritasinfo.org\/?p=4298","title":{"rendered":"Jevtiq dyshohet se u rekrutua nga sh\u00ebrbimi sekret serb dhe i \u00e7oi te BIA dokumentet konfidenciale t\u00eb Policis\u00eb"},"content":{"rendered":"<p>Prishtin\u00eb, 18 Korrik 2025<\/p>\n<p><strong>Prishtin\u00eb \u2013 Prokuroria Speciale e Kosov\u00ebs k\u00ebrkon paraburgim p\u00ebr policin e dyshuar p\u00ebr spiunazh.<\/strong><\/p>\n<p>Prokuroria Speciale e Republik\u00ebs s\u00eb Kosov\u00ebs i ka k\u00ebrkuar Gjykat\u00ebs Themelore n\u00eb Prishtin\u00eb caktimin e nj\u00eb muaji paraburgim ndaj policit Bojan Jevtiq, i dyshuar p\u00ebr spiunazh dhe arm\u00ebmbajtje pa leje. Seanca d\u00ebgjimore mbahet sot n\u00eb or\u00ebn 13:00.<\/p>\n<p>Sipas prokurorit Bekim Kodraliu, Jevtiq dyshohet se ishte i rekrutuar nga Sh\u00ebrbimi Sekret Serb (BIA) dhe i ka ofruar atij informata t\u00eb ndjeshme p\u00ebr institucionet e siguris\u00eb, p\u00ebrfshir\u00eb l\u00ebvizjet dhe planet operacionale t\u00eb Policis\u00eb s\u00eb Kosov\u00ebs. N\u00eb k\u00ebrkes\u00eb thuhet se ai i ka d\u00ebrguar BIA-s planin policor \u201cSh\u00ebnjest\u00ebr\u201d, hartuar pas sulmit n\u00eb Banjsk\u00eb, p\u00ebrmes zyrtarit Sasha \u00c7iric, i njohur si \u201c\u00c7ira\u201d.<\/p>\n<p>Jevtiq dyshohet gjithashtu se i ka mund\u00ebsuar k\u00ebtij zyrtari qasje n\u00eb kompjuterin zyrtar, duke rrezikuar sigurin\u00eb komb\u00ebtare dhe rendin kushtetues. N\u00eb sht\u00ebpin\u00eb e tij u gjet\u00ebn arm\u00eb, p\u00ebrfshir\u00eb nj\u00eb revole \u201cZastava\u201d me 90 fishek\u00eb, pajisje elektronike, dokumente konfidenciale dhe shuma parash t\u00eb padeklaruara: 10.000 euro, 2 milion\u00eb dinar\u00eb serb\u00eb dhe 600 franga zvicerane.<\/p>\n<p>Dyshimet ndaj tij mb\u00ebshteten n\u00eb kall\u00ebzimin penal t\u00eb IPK-s\u00eb, masat e ve\u00e7anta hetimore dhe provat materiale t\u00eb sekuestruara, ku p\u00ebrfshihen plane operative, pajisje elektronike, telefona dhe nj\u00eb CD me mbishkrimin \u201cEro W7X31\u201d p\u00ebr eliminimin e fjal\u00ebkalimeve. Raportet e AKI-s\u00eb dhe komunikimet e dyshuara me zyrtar\u00eb t\u00eb BIA-s e p\u00ebrforcojn\u00eb k\u00ebt\u00eb dyshim.<\/p>\n<p>Prokuroria thekson se ekziston rrezik real p\u00ebr arratisje, ndikim n\u00eb d\u00ebshmitar\u00eb dhe p\u00ebrs\u00ebritje t\u00eb vepr\u00ebs penale, prandaj paraburgimi shihet si masa e vetme e p\u00ebrshtatshme. Jevtiqi, ish-shef i operativ\u00ebs n\u00eb pik\u00ebkalimin kufitar \u201cDheu i Bardh\u00eb\u201d, tashm\u00eb \u00ebsht\u00eb i suspenduar me rekomandim t\u00eb IPK-s\u00eb. Ai u arrestua nj\u00eb dit\u00eb m\u00eb par\u00eb gjat\u00eb nj\u00eb operacioni t\u00eb p\u00ebrbashk\u00ebt t\u00eb Prokuroris\u00eb, IPK-s\u00eb dhe Agjencis\u00eb s\u00eb Kosov\u00ebs p\u00ebr Inteligjenc\u00eb.<\/p>\n","protected":false},"excerpt":{"rendered":"<p>Prishtin\u00eb, 18 Korrik 2025 Prishtin\u00eb \u2013 Prokuroria Speciale e Kosov\u00ebs k\u00ebrkon paraburgim p\u00ebr policin e dyshuar p\u00ebr spiunazh. Prokuroria Speciale e Republik\u00ebs s\u00eb Kosov\u00ebs i<\/p>\n","protected":false},"author":1,"featured_media":4299,"comment_status":"open","ping_status":"open","sticky":false,"template":"","format":"standard","meta":{"footnotes":""},"categories":[60],"tags":[],"class_list":["post-4298","post","type-post","status-publish","format-standard","has-post-thumbnail","hentry","category-shoqerore-sq"],"yoast_head":"<!-- This site is optimized with the Yoast SEO plugin v25.3.1 - https:\/\/yoast.com\/wordpress\/plugins\/seo\/ -->\n<title>Jevtiq dyshohet se u rekrutua nga sh\u00ebrbimi sekret serb dhe i \u00e7oi te BIA dokumentet konfidenciale t\u00eb Policis\u00eb -<\/title>\n<meta name=\"robots\" content=\"index, follow, max-snippet:-1, max-image-preview:large, max-video-preview:-1\" \/>\n<link rel=\"canonical\" href=\"https:\/\/veritasinfo.org\/?p=4298\" \/>\n<meta property=\"og:locale\" content=\"en_US\" \/>\n<meta property=\"og:type\" content=\"article\" \/>\n<meta property=\"og:title\" content=\"Jevtiq dyshohet se u rekrutua nga sh\u00ebrbimi sekret serb dhe i \u00e7oi te BIA dokumentet konfidenciale t\u00eb Policis\u00eb -\" \/>\n<meta property=\"og:description\" content=\"Prishtin\u00eb, 18 Korrik 2025 Prishtin\u00eb \u2013 Prokuroria Speciale e Kosov\u00ebs k\u00ebrkon paraburgim p\u00ebr policin e dyshuar p\u00ebr spiunazh. Prokuroria Speciale e Republik\u00ebs s\u00eb Kosov\u00ebs i\" \/>\n<meta property=\"og:url\" content=\"https:\/\/veritasinfo.org\/?p=4298\" \/>\n<meta property=\"article:published_time\" content=\"2025-07-18T11:42:53+00:00\" \/>\n<meta property=\"article:modified_time\" content=\"2025-07-18T11:51:45+00:00\" \/>\n<meta property=\"og:image\" content=\"https:\/\/veritasinfo.org\/wp-content\/uploads\/2025\/07\/IMG_1296.png\" \/>\n\t<meta property=\"og:image:width\" content=\"780\" \/>\n\t<meta property=\"og:image:height\" content=\"500\" \/>\n\t<meta property=\"og:image:type\" content=\"image\/png\" \/>\n<meta name=\"author\" content=\"admin\" \/>\n<meta name=\"twitter:card\" content=\"summary_large_image\" \/>\n<meta name=\"twitter:label1\" content=\"Written by\" \/>\n\t<meta name=\"twitter:data1\" content=\"admin\" \/>\n\t<meta name=\"twitter:label2\" content=\"Est. reading time\" \/>\n\t<meta name=\"twitter:data2\" content=\"2 minutes\" \/>\n<script type=\"application\/ld+json\" class=\"yoast-schema-graph\">{\"@context\":\"https:\/\/schema.org\",\"@graph\":[{\"@type\":\"WebPage\",\"@id\":\"https:\/\/veritasinfo.org\/?p=4298\",\"url\":\"https:\/\/veritasinfo.org\/?p=4298\",\"name\":\"Jevtiq dyshohet se u rekrutua nga sh\u00ebrbimi sekret serb dhe i \u00e7oi te BIA dokumentet konfidenciale t\u00eb Policis\u00eb -\",\"isPartOf\":{\"@id\":\"https:\/\/veritasinfo.org\/#website\"},\"primaryImageOfPage\":{\"@id\":\"https:\/\/veritasinfo.org\/?p=4298#primaryimage\"},\"image\":{\"@id\":\"https:\/\/veritasinfo.org\/?p=4298#primaryimage\"},\"thumbnailUrl\":\"https:\/\/veritasinfo.org\/wp-content\/uploads\/2025\/07\/IMG_1296.png\",\"datePublished\":\"2025-07-18T11:42:53+00:00\",\"dateModified\":\"2025-07-18T11:51:45+00:00\",\"author\":{\"@id\":\"https:\/\/veritasinfo.org\/#\/schema\/person\/7701f8c088bece422266b100a712374f\"},\"breadcrumb\":{\"@id\":\"https:\/\/veritasinfo.org\/?p=4298#breadcrumb\"},\"inLanguage\":\"en-US\",\"potentialAction\":[{\"@type\":\"ReadAction\",\"target\":[\"https:\/\/veritasinfo.org\/?p=4298\"]}]},{\"@type\":\"ImageObject\",\"inLanguage\":\"en-US\",\"@id\":\"https:\/\/veritasinfo.org\/?p=4298#primaryimage\",\"url\":\"https:\/\/veritasinfo.org\/wp-content\/uploads\/2025\/07\/IMG_1296.png\",\"contentUrl\":\"https:\/\/veritasinfo.org\/wp-content\/uploads\/2025\/07\/IMG_1296.png\",\"width\":780,\"height\":500},{\"@type\":\"BreadcrumbList\",\"@id\":\"https:\/\/veritasinfo.org\/?p=4298#breadcrumb\",\"itemListElement\":[{\"@type\":\"ListItem\",\"position\":1,\"name\":\"Home\",\"item\":\"https:\/\/veritasinfo.org\/\"},{\"@type\":\"ListItem\",\"position\":2,\"name\":\"Jevtiq dyshohet se u rekrutua nga sh\u00ebrbimi sekret serb dhe i \u00e7oi te BIA dokumentet konfidenciale t\u00eb Policis\u00eb\"}]},{\"@type\":\"WebSite\",\"@id\":\"https:\/\/veritasinfo.org\/#website\",\"url\":\"https:\/\/veritasinfo.org\/\",\"name\":\"\",\"description\":\"\",\"potentialAction\":[{\"@type\":\"SearchAction\",\"target\":{\"@type\":\"EntryPoint\",\"urlTemplate\":\"https:\/\/veritasinfo.org\/?s={search_term_string}\"},\"query-input\":{\"@type\":\"PropertyValueSpecification\",\"valueRequired\":true,\"valueName\":\"search_term_string\"}}],\"inLanguage\":\"en-US\"},{\"@type\":\"Person\",\"@id\":\"https:\/\/veritasinfo.org\/#\/schema\/person\/7701f8c088bece422266b100a712374f\",\"name\":\"admin\",\"image\":{\"@type\":\"ImageObject\",\"inLanguage\":\"en-US\",\"@id\":\"https:\/\/veritasinfo.org\/#\/schema\/person\/image\/\",\"url\":\"https:\/\/secure.gravatar.com\/avatar\/ea53aa3bf6c9a12d5fde8ce4deff43fef3885ae33cf60184161a50d6987cfd2f?s=96&d=mm&r=g\",\"contentUrl\":\"https:\/\/secure.gravatar.com\/avatar\/ea53aa3bf6c9a12d5fde8ce4deff43fef3885ae33cf60184161a50d6987cfd2f?s=96&d=mm&r=g\",\"caption\":\"admin\"},\"sameAs\":[\"https:\/\/veritasinfo.org\"],\"url\":\"https:\/\/veritasinfo.org\/?author=1\"}]}<\/script>\n<!-- \/ Yoast SEO plugin. -->","yoast_head_json":{"title":"Jevtiq dyshohet se u rekrutua nga sh\u00ebrbimi sekret serb dhe i \u00e7oi te BIA dokumentet konfidenciale t\u00eb Policis\u00eb -","robots":{"index":"index","follow":"follow","max-snippet":"max-snippet:-1","max-image-preview":"max-image-preview:large","max-video-preview":"max-video-preview:-1"},"canonical":"https:\/\/veritasinfo.org\/?p=4298","og_locale":"en_US","og_type":"article","og_title":"Jevtiq dyshohet se u rekrutua nga sh\u00ebrbimi sekret serb dhe i \u00e7oi te BIA dokumentet konfidenciale t\u00eb Policis\u00eb -","og_description":"Prishtin\u00eb, 18 Korrik 2025 Prishtin\u00eb \u2013 Prokuroria Speciale e Kosov\u00ebs k\u00ebrkon paraburgim p\u00ebr policin e dyshuar p\u00ebr spiunazh. Prokuroria Speciale e Republik\u00ebs s\u00eb Kosov\u00ebs i","og_url":"https:\/\/veritasinfo.org\/?p=4298","article_published_time":"2025-07-18T11:42:53+00:00","article_modified_time":"2025-07-18T11:51:45+00:00","og_image":[{"width":780,"height":500,"url":"https:\/\/veritasinfo.org\/wp-content\/uploads\/2025\/07\/IMG_1296.png","type":"image\/png"}],"author":"admin","twitter_card":"summary_large_image","twitter_misc":{"Written by":"admin","Est. reading time":"2 minutes"},"schema":{"@context":"https:\/\/schema.org","@graph":[{"@type":"WebPage","@id":"https:\/\/veritasinfo.org\/?p=4298","url":"https:\/\/veritasinfo.org\/?p=4298","name":"Jevtiq dyshohet se u rekrutua nga sh\u00ebrbimi sekret serb dhe i \u00e7oi te BIA dokumentet konfidenciale t\u00eb Policis\u00eb -","isPartOf":{"@id":"https:\/\/veritasinfo.org\/#website"},"primaryImageOfPage":{"@id":"https:\/\/veritasinfo.org\/?p=4298#primaryimage"},"image":{"@id":"https:\/\/veritasinfo.org\/?p=4298#primaryimage"},"thumbnailUrl":"https:\/\/veritasinfo.org\/wp-content\/uploads\/2025\/07\/IMG_1296.png","datePublished":"2025-07-18T11:42:53+00:00","dateModified":"2025-07-18T11:51:45+00:00","author":{"@id":"https:\/\/veritasinfo.org\/#\/schema\/person\/7701f8c088bece422266b100a712374f"},"breadcrumb":{"@id":"https:\/\/veritasinfo.org\/?p=4298#breadcrumb"},"inLanguage":"en-US","potentialAction":[{"@type":"ReadAction","target":["https:\/\/veritasinfo.org\/?p=4298"]}]},{"@type":"ImageObject","inLanguage":"en-US","@id":"https:\/\/veritasinfo.org\/?p=4298#primaryimage","url":"https:\/\/veritasinfo.org\/wp-content\/uploads\/2025\/07\/IMG_1296.png","contentUrl":"https:\/\/veritasinfo.org\/wp-content\/uploads\/2025\/07\/IMG_1296.png","width":780,"height":500},{"@type":"BreadcrumbList","@id":"https:\/\/veritasinfo.org\/?p=4298#breadcrumb","itemListElement":[{"@type":"ListItem","position":1,"name":"Home","item":"https:\/\/veritasinfo.org\/"},{"@type":"ListItem","position":2,"name":"Jevtiq dyshohet se u rekrutua nga sh\u00ebrbimi sekret serb dhe i \u00e7oi te BIA dokumentet konfidenciale t\u00eb Policis\u00eb"}]},{"@type":"WebSite","@id":"https:\/\/veritasinfo.org\/#website","url":"https:\/\/veritasinfo.org\/","name":"","description":"","potentialAction":[{"@type":"SearchAction","target":{"@type":"EntryPoint","urlTemplate":"https:\/\/veritasinfo.org\/?s={search_term_string}"},"query-input":{"@type":"PropertyValueSpecification","valueRequired":true,"valueName":"search_term_string"}}],"inLanguage":"en-US"},{"@type":"Person","@id":"https:\/\/veritasinfo.org\/#\/schema\/person\/7701f8c088bece422266b100a712374f","name":"admin","image":{"@type":"ImageObject","inLanguage":"en-US","@id":"https:\/\/veritasinfo.org\/#\/schema\/person\/image\/","url":"https:\/\/secure.gravatar.com\/avatar\/ea53aa3bf6c9a12d5fde8ce4deff43fef3885ae33cf60184161a50d6987cfd2f?s=96&d=mm&r=g","contentUrl":"https:\/\/secure.gravatar.com\/avatar\/ea53aa3bf6c9a12d5fde8ce4deff43fef3885ae33cf60184161a50d6987cfd2f?s=96&d=mm&r=g","caption":"admin"},"sameAs":["https:\/\/veritasinfo.org"],"url":"https:\/\/veritasinfo.org\/?author=1"}]}},"featured_image_urls":{"full":["https:\/\/veritasinfo.org\/wp-content\/uploads\/2025\/07\/IMG_1296.png",780,500,false],"thumbnail":["https:\/\/veritasinfo.org\/wp-content\/uploads\/2025\/07\/IMG_1296-150x150.png",150,150,true],"medium":["https:\/\/veritasinfo.org\/wp-content\/uploads\/2025\/07\/IMG_1296-300x192.png",300,192,true],"medium_large":["https:\/\/veritasinfo.org\/wp-content\/uploads\/2025\/07\/IMG_1296-768x492.png",640,410,true],"large":["https:\/\/veritasinfo.org\/wp-content\/uploads\/2025\/07\/IMG_1296.png",640,410,false],"1536x1536":["https:\/\/veritasinfo.org\/wp-content\/uploads\/2025\/07\/IMG_1296.png",780,500,false],"2048x2048":["https:\/\/veritasinfo.org\/wp-content\/uploads\/2025\/07\/IMG_1296.png",780,500,false],"kreeti-slider-full":["https:\/\/veritasinfo.org\/wp-content\/uploads\/2025\/07\/IMG_1296.png",780,500,false],"kreeti-featured":["https:\/\/veritasinfo.org\/wp-content\/uploads\/2025\/07\/IMG_1296.png",780,500,false],"kreeti-medium":["https:\/\/veritasinfo.org\/wp-content\/uploads\/2025\/07\/IMG_1296.png",720,462,false],"kreeti-medium-square":["https:\/\/veritasinfo.org\/wp-content\/uploads\/2025\/07\/IMG_1296.png",350,224,false]},"author_info":{"info":["admin"]},"category_info":"<a href=\"https:\/\/veritasinfo.org\/?cat=60\" rel=\"category\">Shoq\u00ebrore<\/a>","tag_info":"Shoq\u00ebrore","comment_count":"0","_links":{"self":[{"href":"https:\/\/veritasinfo.org\/index.php?rest_route=\/wp\/v2\/posts\/4298","targetHints":{"allow":["GET"]}}],"collection":[{"href":"https:\/\/veritasinfo.org\/index.php?rest_route=\/wp\/v2\/posts"}],"about":[{"href":"https:\/\/veritasinfo.org\/index.php?rest_route=\/wp\/v2\/types\/post"}],"author":[{"embeddable":true,"href":"https:\/\/veritasinfo.org\/index.php?rest_route=\/wp\/v2\/users\/1"}],"replies":[{"embeddable":true,"href":"https:\/\/veritasinfo.org\/index.php?rest_route=%2Fwp%2Fv2%2Fcomments&post=4298"}],"version-history":[{"count":2,"href":"https:\/\/veritasinfo.org\/index.php?rest_route=\/wp\/v2\/posts\/4298\/revisions"}],"predecessor-version":[{"id":4304,"href":"https:\/\/veritasinfo.org\/index.php?rest_route=\/wp\/v2\/posts\/4298\/revisions\/4304"}],"wp:featuredmedia":[{"embeddable":true,"href":"https:\/\/veritasinfo.org\/index.php?rest_route=\/wp\/v2\/media\/4299"}],"wp:attachment":[{"href":"https:\/\/veritasinfo.org\/index.php?rest_route=%2Fwp%2Fv2%2Fmedia&parent=4298"}],"wp:term":[{"taxonomy":"category","embeddable":true,"href":"https:\/\/veritasinfo.org\/index.php?rest_route=%2Fwp%2Fv2%2Fcategories&post=4298"},{"taxonomy":"post_tag","embeddable":true,"href":"https:\/\/veritasinfo.org\/index.php?rest_route=%2Fwp%2Fv2%2Ftags&post=4298"}],"curies":[{"name":"wp","href":"https:\/\/api.w.org\/{rel}","templated":true}]}}