{"id":4287,"date":"2025-07-18T11:24:46","date_gmt":"2025-07-18T09:24:46","guid":{"rendered":"https:\/\/veritasinfo.org\/?p=4287"},"modified":"2025-07-18T11:24:46","modified_gmt":"2025-07-18T09:24:46","slug":"danas-ce-se-policajac-osumnjicen-za-spijunazu-bojan-pojaviti-pred-sudom","status":"publish","type":"post","link":"https:\/\/veritasinfo.org\/?p=4287&lang=sr","title":{"rendered":"Danas c\u0301e se policajac osumnji\u010den za \u0161pijuna\u017eu, Bojan, pojaviti pred sudom"},"content":{"rendered":"<p><strong>Pri\u0161tina, 18 jul 2025<\/strong><\/p>\n<p>Bojan Jevtic\u0301, \u0161ef operacija na grani\u010dnom prelazu \u201eBela zemlja\u201c, pojavic\u0301e se danas pred pretpretresnim sudijom, nakon \u0161to Specijalno tu\u017eila\u0161tvo tako\u0111e podnese zahtev za odre\u0111ivanje mere bezbednosti.<\/p>\n<p>Jevtic\u0301 je uhap\u0161en u akciji koja se odigrala 17. jula 2025. godine izme\u0111u Specijalnog tu\u017eila\u0161tva, Inspektorata policije Kosova i Kosovske obave\u0161tajne agencije. Poru\u010dnik je osumnji\u010den da je \u0161pijun za srpske vlasti, jer je koristio ovla\u0161c\u0301enja \u0161efa policijskih operacija na grani\u010dnom prelazu, gde je bio stacioniran.<\/p>\n<p>Na osnovu istrage koja je trajala skoro godinu dana, IPK je uspeo da napravi plan i uhapsi policijskog poru\u010dnika zbog sumnje na \u0161pijuna\u017eu.<\/p>\n<p>Istrage sprovedene u saradnji sa Policijskim inspektoratom i Obave\u0161tajnom agencijom Kosova rezultirale su pritvorom i hap\u0161enjem okrivljenog u trajanju od 48 sati.<\/p>\n<p>Kosovski policijski inspektorat je tako\u0111e preporu\u010dio suspenziju policijskog poru\u010dnika koji je bio anga\u017eovan na poziciji \u0161efa operacija u grani\u010dnoj policiji na grani\u010dnom prelazu \u201eBela zemlja\u201c.<\/p>\n","protected":false},"excerpt":{"rendered":"<p>Pri\u0161tina, 18 jul 2025 Bojan Jevtic\u0301, \u0161ef operacija na grani\u010dnom prelazu \u201eBela zemlja\u201c, pojavic\u0301e se danas pred pretpretresnim sudijom, nakon \u0161to Specijalno tu\u017eila\u0161tvo tako\u0111e podnese<\/p>\n","protected":false},"author":2,"featured_media":4285,"comment_status":"open","ping_status":"open","sticky":false,"template":"","format":"standard","meta":{"footnotes":""},"categories":[30],"tags":[],"class_list":["post-4287","post","type-post","status-publish","format-standard","has-post-thumbnail","hentry","category-drustvo"],"yoast_head":"<!-- This site is optimized with the Yoast SEO plugin v25.3.1 - https:\/\/yoast.com\/wordpress\/plugins\/seo\/ -->\n<title>Danas c\u0301e se policajac osumnji\u010den za \u0161pijuna\u017eu, Bojan, pojaviti pred sudom -<\/title>\n<meta name=\"robots\" content=\"index, follow, max-snippet:-1, max-image-preview:large, max-video-preview:-1\" \/>\n<link rel=\"canonical\" href=\"https:\/\/veritasinfo.org\/?p=4287&lang=sr\" \/>\n<meta property=\"og:locale\" content=\"en_US\" \/>\n<meta property=\"og:type\" content=\"article\" \/>\n<meta property=\"og:title\" content=\"Danas c\u0301e se policajac osumnji\u010den za \u0161pijuna\u017eu, Bojan, pojaviti pred sudom -\" \/>\n<meta property=\"og:description\" content=\"Pri\u0161tina, 18 jul 2025 Bojan Jevtic\u0301, \u0161ef operacija na grani\u010dnom prelazu \u201eBela zemlja\u201c, pojavic\u0301e se danas pred pretpretresnim sudijom, nakon \u0161to Specijalno tu\u017eila\u0161tvo tako\u0111e podnese\" \/>\n<meta property=\"og:url\" content=\"https:\/\/veritasinfo.org\/?p=4287&amp;lang=sr\" \/>\n<meta property=\"article:published_time\" content=\"2025-07-18T09:24:46+00:00\" \/>\n<meta property=\"og:image\" content=\"https:\/\/veritasinfo.org\/wp-content\/uploads\/2025\/07\/bojan.jpg\" \/>\n\t<meta property=\"og:image:width\" content=\"1200\" \/>\n\t<meta property=\"og:image:height\" content=\"620\" \/>\n\t<meta property=\"og:image:type\" content=\"image\/jpeg\" \/>\n<meta name=\"author\" content=\"US1\" \/>\n<meta name=\"twitter:card\" content=\"summary_large_image\" \/>\n<meta name=\"twitter:label1\" content=\"Written by\" \/>\n\t<meta name=\"twitter:data1\" content=\"US1\" \/>\n\t<meta name=\"twitter:label2\" content=\"Est. reading time\" \/>\n\t<meta name=\"twitter:data2\" content=\"1 minute\" \/>\n<script type=\"application\/ld+json\" class=\"yoast-schema-graph\">{\"@context\":\"https:\/\/schema.org\",\"@graph\":[{\"@type\":\"WebPage\",\"@id\":\"https:\/\/veritasinfo.org\/?p=4287&lang=sr\",\"url\":\"https:\/\/veritasinfo.org\/?p=4287&lang=sr\",\"name\":\"Danas c\u0301e se policajac osumnji\u010den za \u0161pijuna\u017eu, Bojan, pojaviti pred sudom -\",\"isPartOf\":{\"@id\":\"https:\/\/veritasinfo.org\/#website\"},\"primaryImageOfPage\":{\"@id\":\"https:\/\/veritasinfo.org\/?p=4287&lang=sr#primaryimage\"},\"image\":{\"@id\":\"https:\/\/veritasinfo.org\/?p=4287&lang=sr#primaryimage\"},\"thumbnailUrl\":\"https:\/\/veritasinfo.org\/wp-content\/uploads\/2025\/07\/bojan.jpg\",\"datePublished\":\"2025-07-18T09:24:46+00:00\",\"author\":{\"@id\":\"https:\/\/veritasinfo.org\/#\/schema\/person\/c2b8be262ea994d0995addca692c5e98\"},\"breadcrumb\":{\"@id\":\"https:\/\/veritasinfo.org\/?p=4287&lang=sr#breadcrumb\"},\"inLanguage\":\"en-US\",\"potentialAction\":[{\"@type\":\"ReadAction\",\"target\":[\"https:\/\/veritasinfo.org\/?p=4287&lang=sr\"]}]},{\"@type\":\"ImageObject\",\"inLanguage\":\"en-US\",\"@id\":\"https:\/\/veritasinfo.org\/?p=4287&lang=sr#primaryimage\",\"url\":\"https:\/\/veritasinfo.org\/wp-content\/uploads\/2025\/07\/bojan.jpg\",\"contentUrl\":\"https:\/\/veritasinfo.org\/wp-content\/uploads\/2025\/07\/bojan.jpg\",\"width\":1200,\"height\":620},{\"@type\":\"BreadcrumbList\",\"@id\":\"https:\/\/veritasinfo.org\/?p=4287&lang=sr#breadcrumb\",\"itemListElement\":[{\"@type\":\"ListItem\",\"position\":1,\"name\":\"Home\",\"item\":\"https:\/\/veritasinfo.org\/\"},{\"@type\":\"ListItem\",\"position\":2,\"name\":\"Danas c\u0301e se policajac osumnji\u010den za \u0161pijuna\u017eu, Bojan, pojaviti pred sudom\"}]},{\"@type\":\"WebSite\",\"@id\":\"https:\/\/veritasinfo.org\/#website\",\"url\":\"https:\/\/veritasinfo.org\/\",\"name\":\"\",\"description\":\"\",\"potentialAction\":[{\"@type\":\"SearchAction\",\"target\":{\"@type\":\"EntryPoint\",\"urlTemplate\":\"https:\/\/veritasinfo.org\/?s={search_term_string}\"},\"query-input\":{\"@type\":\"PropertyValueSpecification\",\"valueRequired\":true,\"valueName\":\"search_term_string\"}}],\"inLanguage\":\"en-US\"},{\"@type\":\"Person\",\"@id\":\"https:\/\/veritasinfo.org\/#\/schema\/person\/c2b8be262ea994d0995addca692c5e98\",\"name\":\"US1\",\"image\":{\"@type\":\"ImageObject\",\"inLanguage\":\"en-US\",\"@id\":\"https:\/\/veritasinfo.org\/#\/schema\/person\/image\/\",\"url\":\"https:\/\/secure.gravatar.com\/avatar\/4e96a59bd256abf9956eb9963ac891a47461ffb364d47b0e9aab113328fdb75b?s=96&d=mm&r=g\",\"contentUrl\":\"https:\/\/secure.gravatar.com\/avatar\/4e96a59bd256abf9956eb9963ac891a47461ffb364d47b0e9aab113328fdb75b?s=96&d=mm&r=g\",\"caption\":\"US1\"},\"url\":\"https:\/\/veritasinfo.org\/?author=2\"}]}<\/script>\n<!-- \/ Yoast SEO plugin. -->","yoast_head_json":{"title":"Danas c\u0301e se policajac osumnji\u010den za \u0161pijuna\u017eu, Bojan, pojaviti pred sudom -","robots":{"index":"index","follow":"follow","max-snippet":"max-snippet:-1","max-image-preview":"max-image-preview:large","max-video-preview":"max-video-preview:-1"},"canonical":"https:\/\/veritasinfo.org\/?p=4287&lang=sr","og_locale":"en_US","og_type":"article","og_title":"Danas c\u0301e se policajac osumnji\u010den za \u0161pijuna\u017eu, Bojan, pojaviti pred sudom -","og_description":"Pri\u0161tina, 18 jul 2025 Bojan Jevtic\u0301, \u0161ef operacija na grani\u010dnom prelazu \u201eBela zemlja\u201c, pojavic\u0301e se danas pred pretpretresnim sudijom, nakon \u0161to Specijalno tu\u017eila\u0161tvo tako\u0111e podnese","og_url":"https:\/\/veritasinfo.org\/?p=4287&lang=sr","article_published_time":"2025-07-18T09:24:46+00:00","og_image":[{"width":1200,"height":620,"url":"https:\/\/veritasinfo.org\/wp-content\/uploads\/2025\/07\/bojan.jpg","type":"image\/jpeg"}],"author":"US1","twitter_card":"summary_large_image","twitter_misc":{"Written by":"US1","Est. reading time":"1 minute"},"schema":{"@context":"https:\/\/schema.org","@graph":[{"@type":"WebPage","@id":"https:\/\/veritasinfo.org\/?p=4287&lang=sr","url":"https:\/\/veritasinfo.org\/?p=4287&lang=sr","name":"Danas c\u0301e se policajac osumnji\u010den za \u0161pijuna\u017eu, Bojan, pojaviti pred sudom -","isPartOf":{"@id":"https:\/\/veritasinfo.org\/#website"},"primaryImageOfPage":{"@id":"https:\/\/veritasinfo.org\/?p=4287&lang=sr#primaryimage"},"image":{"@id":"https:\/\/veritasinfo.org\/?p=4287&lang=sr#primaryimage"},"thumbnailUrl":"https:\/\/veritasinfo.org\/wp-content\/uploads\/2025\/07\/bojan.jpg","datePublished":"2025-07-18T09:24:46+00:00","author":{"@id":"https:\/\/veritasinfo.org\/#\/schema\/person\/c2b8be262ea994d0995addca692c5e98"},"breadcrumb":{"@id":"https:\/\/veritasinfo.org\/?p=4287&lang=sr#breadcrumb"},"inLanguage":"en-US","potentialAction":[{"@type":"ReadAction","target":["https:\/\/veritasinfo.org\/?p=4287&lang=sr"]}]},{"@type":"ImageObject","inLanguage":"en-US","@id":"https:\/\/veritasinfo.org\/?p=4287&lang=sr#primaryimage","url":"https:\/\/veritasinfo.org\/wp-content\/uploads\/2025\/07\/bojan.jpg","contentUrl":"https:\/\/veritasinfo.org\/wp-content\/uploads\/2025\/07\/bojan.jpg","width":1200,"height":620},{"@type":"BreadcrumbList","@id":"https:\/\/veritasinfo.org\/?p=4287&lang=sr#breadcrumb","itemListElement":[{"@type":"ListItem","position":1,"name":"Home","item":"https:\/\/veritasinfo.org\/"},{"@type":"ListItem","position":2,"name":"Danas c\u0301e se policajac osumnji\u010den za \u0161pijuna\u017eu, Bojan, pojaviti pred sudom"}]},{"@type":"WebSite","@id":"https:\/\/veritasinfo.org\/#website","url":"https:\/\/veritasinfo.org\/","name":"","description":"","potentialAction":[{"@type":"SearchAction","target":{"@type":"EntryPoint","urlTemplate":"https:\/\/veritasinfo.org\/?s={search_term_string}"},"query-input":{"@type":"PropertyValueSpecification","valueRequired":true,"valueName":"search_term_string"}}],"inLanguage":"en-US"},{"@type":"Person","@id":"https:\/\/veritasinfo.org\/#\/schema\/person\/c2b8be262ea994d0995addca692c5e98","name":"US1","image":{"@type":"ImageObject","inLanguage":"en-US","@id":"https:\/\/veritasinfo.org\/#\/schema\/person\/image\/","url":"https:\/\/secure.gravatar.com\/avatar\/4e96a59bd256abf9956eb9963ac891a47461ffb364d47b0e9aab113328fdb75b?s=96&d=mm&r=g","contentUrl":"https:\/\/secure.gravatar.com\/avatar\/4e96a59bd256abf9956eb9963ac891a47461ffb364d47b0e9aab113328fdb75b?s=96&d=mm&r=g","caption":"US1"},"url":"https:\/\/veritasinfo.org\/?author=2"}]}},"featured_image_urls":{"full":["https:\/\/veritasinfo.org\/wp-content\/uploads\/2025\/07\/bojan.jpg",1200,620,false],"thumbnail":["https:\/\/veritasinfo.org\/wp-content\/uploads\/2025\/07\/bojan-150x150.jpg",150,150,true],"medium":["https:\/\/veritasinfo.org\/wp-content\/uploads\/2025\/07\/bojan-300x155.jpg",300,155,true],"medium_large":["https:\/\/veritasinfo.org\/wp-content\/uploads\/2025\/07\/bojan-768x397.jpg",640,331,true],"large":["https:\/\/veritasinfo.org\/wp-content\/uploads\/2025\/07\/bojan-1024x529.jpg",640,331,true],"1536x1536":["https:\/\/veritasinfo.org\/wp-content\/uploads\/2025\/07\/bojan.jpg",1200,620,false],"2048x2048":["https:\/\/veritasinfo.org\/wp-content\/uploads\/2025\/07\/bojan.jpg",1200,620,false],"kreeti-slider-full":["https:\/\/veritasinfo.org\/wp-content\/uploads\/2025\/07\/bojan.jpg",1200,620,false],"kreeti-featured":["https:\/\/veritasinfo.org\/wp-content\/uploads\/2025\/07\/bojan.jpg",1024,529,false],"kreeti-medium":["https:\/\/veritasinfo.org\/wp-content\/uploads\/2025\/07\/bojan.jpg",720,372,false],"kreeti-medium-square":["https:\/\/veritasinfo.org\/wp-content\/uploads\/2025\/07\/bojan.jpg",350,181,false]},"author_info":{"info":["US1"]},"category_info":"<a href=\"https:\/\/veritasinfo.org\/?cat=30&#038;lang=sr\" rel=\"category\">Dru\u0161tvo<\/a>","tag_info":"Dru\u0161tvo","comment_count":"0","_links":{"self":[{"href":"https:\/\/veritasinfo.org\/index.php?rest_route=\/wp\/v2\/posts\/4287","targetHints":{"allow":["GET"]}}],"collection":[{"href":"https:\/\/veritasinfo.org\/index.php?rest_route=\/wp\/v2\/posts"}],"about":[{"href":"https:\/\/veritasinfo.org\/index.php?rest_route=\/wp\/v2\/types\/post"}],"author":[{"embeddable":true,"href":"https:\/\/veritasinfo.org\/index.php?rest_route=\/wp\/v2\/users\/2"}],"replies":[{"embeddable":true,"href":"https:\/\/veritasinfo.org\/index.php?rest_route=%2Fwp%2Fv2%2Fcomments&post=4287"}],"version-history":[{"count":1,"href":"https:\/\/veritasinfo.org\/index.php?rest_route=\/wp\/v2\/posts\/4287\/revisions"}],"predecessor-version":[{"id":4288,"href":"https:\/\/veritasinfo.org\/index.php?rest_route=\/wp\/v2\/posts\/4287\/revisions\/4288"}],"wp:featuredmedia":[{"embeddable":true,"href":"https:\/\/veritasinfo.org\/index.php?rest_route=\/wp\/v2\/media\/4285"}],"wp:attachment":[{"href":"https:\/\/veritasinfo.org\/index.php?rest_route=%2Fwp%2Fv2%2Fmedia&parent=4287"}],"wp:term":[{"taxonomy":"category","embeddable":true,"href":"https:\/\/veritasinfo.org\/index.php?rest_route=%2Fwp%2Fv2%2Fcategories&post=4287"},{"taxonomy":"post_tag","embeddable":true,"href":"https:\/\/veritasinfo.org\/index.php?rest_route=%2Fwp%2Fv2%2Ftags&post=4287"}],"curies":[{"name":"wp","href":"https:\/\/api.w.org\/{rel}","templated":true}]}}