{"id":42856,"date":"2026-04-13T09:14:36","date_gmt":"2026-04-13T07:14:36","guid":{"rendered":"https:\/\/veritasinfo.org\/?p=42856"},"modified":"2026-04-13T09:14:36","modified_gmt":"2026-04-13T07:14:36","slug":"srbija-promovise-ratne-zlocince-izaziva-reakcije-za-reviziju","status":"publish","type":"post","link":"https:\/\/veritasinfo.org\/?p=42856&lang=sr","title":{"rendered":"Srbija promovi\u0161e ratne zlo\u010dince, izaziva reakcije za reviziju"},"content":{"rendered":"<p>Pri\u0161tina, 13. april 2026. 9:12<\/p>\n<p>Dok Kosovo obele\u017eava srpske zlo\u010dine tokom poslednjeg rata, Skup\u0161tina Srbije je pre nekoliko dana, kroz izlo\u017ebu posvec\u0301enu ratnom zlo\u010dincu Obradu Stevanovic\u0301u, generalu srpske policije i bliskom saradniku Slobodana Milo\u0161evic\u0301a, ovu izlo\u017ebu organizacije za ljudska prava opisuju kao poku\u0161aj istorijskog revizionizma i iskrivljavanja \u010dinjenica o ratu na Kosovu.<\/p>\n<p>U Skup\u0161tini Srbije otvorena je izlo\u017eba posvec\u0301ena Specijalnim policijskim jedinicama i njihovom komandantu, Obradu Stevanovic\u0301u. Snimci sa njenog otvaranja tako\u0111e prikazuju srpskog ministra unutra\u0161njih poslova, Ivicu Da\u010dic\u0301a, biv\u0161eg portparola Slobodana Milo\u0161evic\u0301a, kako se rukuje i sme\u0161i sa veteranima, gest koji je shvac\u0301en kao ignorisanje dokumentovanih \u010dinjenica o ratnim zlo\u010dinima.<\/p>\n<p>Dok srpske vlasti predstavljaju izlo\u017ebu kao po\u010dast \u201eherojstvu\u201c policijskih jedinica, organizacije za ljudska prava smatraju je jasnim znakom istorijskog revizionizma i poku\u0161ajem rehabilitacije li\u010dnosti povezanih sa ratnim zlo\u010dinima.<\/p>\n<p>Direktorka Fonda za humanitarno pravo, Nata\u0161a Kandic\u0301, nagla\u0161ava da parlament ne bi trebalo da slu\u017ei kao prostor za rehabilitaciju narativa o jedinicama i komandantima koje je osudio Ha\u0161ki tribunal.<\/p>\n<p>\u201eIzlo\u017eba nije istorijska refleksija, vec\u0301 poku\u0161aj da se potisnu sudski dokazane \u010dinjenice i da se legitimi\u0161e selektivno sec\u0301anje\u201c, ocenjuje ona.<\/p>\n<p>Kandic\u0301 upozorava da izlo\u017ebi nedostaju klju\u010dni doga\u0111aji iz 1999. godine.<\/p>\n<p>\u201eNema pomena o operacijama u oblasti \u0110akovice, gde su ubijene stotine albanskih civila, niti o masovnim grobnicama u Batajnici ili zlo\u010dinima u Meji, Korenici i Belegu. Ovo nije izostavljanje, vec\u0301 institucionalno poricanje\u201c, nagla\u0161ava ona.<\/p>\n<p>Inicijativa mladih za ljudska prava ocenjuje otvaranje izlo\u017ebe kao problemati\u010dno u kontekstu suo\u010davanja sa pro\u0161lo\u0161c\u0301u.<\/p>\n<p>\u201eUmesto da, 25 godina nakon otkric\u0301a tajnih masovnih grobnica u Srbiji, predstave dokaze o monstruoznoj operaciji skrivanja tela predstavni\u010dkoj instituciji, sada\u0161nji ministar unutra\u0161njih poslova, kao i potpredsednik parlamenta, zloupotrebili su parlament da poku\u0161aju da o\u010diste biografiju jednog generala\u201c, ka\u017ee Marko Milosavljevic\u0301 iz Inicijative mladih za ljudska prava.<\/p>\n<p>Organizacije za ljudska prava upozoravaju da takav pristup pokazuje izbegavanje suo\u010davanja sa pro\u0161lo\u0161c\u0301u i sistematsko potiskivanje \u010dinjenica o ratnim zlo\u010dinima, pozivajuc\u0301i na jasan institucionalni i dru\u0161tveni odgovor.<\/p>\n","protected":false},"excerpt":{"rendered":"<p>Pri\u0161tina, 13. april 2026. 9:12 Dok Kosovo obele\u017eava srpske zlo\u010dine tokom poslednjeg rata, Skup\u0161tina Srbije je pre nekoliko dana, kroz izlo\u017ebu posvec\u0301enu ratnom zlo\u010dincu Obradu<\/p>\n","protected":false},"author":6,"featured_media":42858,"comment_status":"open","ping_status":"open","sticky":false,"template":"","format":"standard","meta":{"footnotes":""},"categories":[28],"tags":[],"class_list":["post-42856","post","type-post","status-publish","format-standard","has-post-thumbnail","hentry","category-politika"],"yoast_head":"<!-- This site is optimized with the Yoast SEO plugin v25.3.1 - https:\/\/yoast.com\/wordpress\/plugins\/seo\/ -->\n<title>Srbija promovi\u0161e ratne zlo\u010dince, izaziva reakcije za reviziju -<\/title>\n<meta name=\"robots\" content=\"index, follow, max-snippet:-1, max-image-preview:large, max-video-preview:-1\" \/>\n<link rel=\"canonical\" href=\"https:\/\/veritasinfo.org\/?p=42856&lang=sr\" \/>\n<meta property=\"og:locale\" content=\"en_US\" \/>\n<meta property=\"og:type\" content=\"article\" \/>\n<meta property=\"og:title\" content=\"Srbija promovi\u0161e ratne zlo\u010dince, izaziva reakcije za reviziju -\" \/>\n<meta property=\"og:description\" content=\"Pri\u0161tina, 13. april 2026. 9:12 Dok Kosovo obele\u017eava srpske zlo\u010dine tokom poslednjeg rata, Skup\u0161tina Srbije je pre nekoliko dana, kroz izlo\u017ebu posvec\u0301enu ratnom zlo\u010dincu Obradu\" \/>\n<meta property=\"og:url\" content=\"https:\/\/veritasinfo.org\/?p=42856&amp;lang=sr\" \/>\n<meta property=\"article:published_time\" content=\"2026-04-13T07:14:36+00:00\" \/>\n<meta property=\"og:image\" content=\"https:\/\/veritasinfo.org\/wp-content\/uploads\/2026\/04\/auto_2341776060163-1.png\" \/>\n\t<meta property=\"og:image:width\" content=\"900\" \/>\n\t<meta property=\"og:image:height\" content=\"631\" \/>\n\t<meta property=\"og:image:type\" content=\"image\/png\" \/>\n<meta name=\"author\" content=\"US5\" \/>\n<meta name=\"twitter:card\" content=\"summary_large_image\" \/>\n<meta name=\"twitter:label1\" content=\"Written by\" \/>\n\t<meta name=\"twitter:data1\" content=\"US5\" \/>\n<script type=\"application\/ld+json\" class=\"yoast-schema-graph\">{\"@context\":\"https:\/\/schema.org\",\"@graph\":[{\"@type\":\"WebPage\",\"@id\":\"https:\/\/veritasinfo.org\/?p=42856&lang=sr\",\"url\":\"https:\/\/veritasinfo.org\/?p=42856&lang=sr\",\"name\":\"Srbija promovi\u0161e ratne zlo\u010dince, izaziva reakcije za reviziju -\",\"isPartOf\":{\"@id\":\"https:\/\/veritasinfo.org\/#website\"},\"primaryImageOfPage\":{\"@id\":\"https:\/\/veritasinfo.org\/?p=42856&lang=sr#primaryimage\"},\"image\":{\"@id\":\"https:\/\/veritasinfo.org\/?p=42856&lang=sr#primaryimage\"},\"thumbnailUrl\":\"https:\/\/veritasinfo.org\/wp-content\/uploads\/2026\/04\/auto_2341776060163-1.png\",\"datePublished\":\"2026-04-13T07:14:36+00:00\",\"author\":{\"@id\":\"https:\/\/veritasinfo.org\/#\/schema\/person\/bc442336e35414d04494ab8fb45db4c6\"},\"breadcrumb\":{\"@id\":\"https:\/\/veritasinfo.org\/?p=42856&lang=sr#breadcrumb\"},\"inLanguage\":\"en-US\",\"potentialAction\":[{\"@type\":\"ReadAction\",\"target\":[\"https:\/\/veritasinfo.org\/?p=42856&lang=sr\"]}]},{\"@type\":\"ImageObject\",\"inLanguage\":\"en-US\",\"@id\":\"https:\/\/veritasinfo.org\/?p=42856&lang=sr#primaryimage\",\"url\":\"https:\/\/veritasinfo.org\/wp-content\/uploads\/2026\/04\/auto_2341776060163-1.png\",\"contentUrl\":\"https:\/\/veritasinfo.org\/wp-content\/uploads\/2026\/04\/auto_2341776060163-1.png\",\"width\":900,\"height\":631},{\"@type\":\"BreadcrumbList\",\"@id\":\"https:\/\/veritasinfo.org\/?p=42856&lang=sr#breadcrumb\",\"itemListElement\":[{\"@type\":\"ListItem\",\"position\":1,\"name\":\"Home\",\"item\":\"https:\/\/veritasinfo.org\/\"},{\"@type\":\"ListItem\",\"position\":2,\"name\":\"Srbija promovi\u0161e ratne zlo\u010dince, izaziva reakcije za reviziju\"}]},{\"@type\":\"WebSite\",\"@id\":\"https:\/\/veritasinfo.org\/#website\",\"url\":\"https:\/\/veritasinfo.org\/\",\"name\":\"\",\"description\":\"\",\"potentialAction\":[{\"@type\":\"SearchAction\",\"target\":{\"@type\":\"EntryPoint\",\"urlTemplate\":\"https:\/\/veritasinfo.org\/?s={search_term_string}\"},\"query-input\":{\"@type\":\"PropertyValueSpecification\",\"valueRequired\":true,\"valueName\":\"search_term_string\"}}],\"inLanguage\":\"en-US\"},{\"@type\":\"Person\",\"@id\":\"https:\/\/veritasinfo.org\/#\/schema\/person\/bc442336e35414d04494ab8fb45db4c6\",\"name\":\"US5\",\"image\":{\"@type\":\"ImageObject\",\"inLanguage\":\"en-US\",\"@id\":\"https:\/\/veritasinfo.org\/#\/schema\/person\/image\/\",\"url\":\"https:\/\/secure.gravatar.com\/avatar\/16a61e7272a0c5d001121ebb9e60e925d5816e4ac1e443ed3e640d9a6ae55d0c?s=96&d=mm&r=g\",\"contentUrl\":\"https:\/\/secure.gravatar.com\/avatar\/16a61e7272a0c5d001121ebb9e60e925d5816e4ac1e443ed3e640d9a6ae55d0c?s=96&d=mm&r=g\",\"caption\":\"US5\"},\"url\":\"https:\/\/veritasinfo.org\/?author=6\"}]}<\/script>\n<!-- \/ Yoast SEO plugin. -->","yoast_head_json":{"title":"Srbija promovi\u0161e ratne zlo\u010dince, izaziva reakcije za reviziju -","robots":{"index":"index","follow":"follow","max-snippet":"max-snippet:-1","max-image-preview":"max-image-preview:large","max-video-preview":"max-video-preview:-1"},"canonical":"https:\/\/veritasinfo.org\/?p=42856&lang=sr","og_locale":"en_US","og_type":"article","og_title":"Srbija promovi\u0161e ratne zlo\u010dince, izaziva reakcije za reviziju -","og_description":"Pri\u0161tina, 13. april 2026. 9:12 Dok Kosovo obele\u017eava srpske zlo\u010dine tokom poslednjeg rata, Skup\u0161tina Srbije je pre nekoliko dana, kroz izlo\u017ebu posvec\u0301enu ratnom zlo\u010dincu Obradu","og_url":"https:\/\/veritasinfo.org\/?p=42856&lang=sr","article_published_time":"2026-04-13T07:14:36+00:00","og_image":[{"width":900,"height":631,"url":"https:\/\/veritasinfo.org\/wp-content\/uploads\/2026\/04\/auto_2341776060163-1.png","type":"image\/png"}],"author":"US5","twitter_card":"summary_large_image","twitter_misc":{"Written by":"US5"},"schema":{"@context":"https:\/\/schema.org","@graph":[{"@type":"WebPage","@id":"https:\/\/veritasinfo.org\/?p=42856&lang=sr","url":"https:\/\/veritasinfo.org\/?p=42856&lang=sr","name":"Srbija promovi\u0161e ratne zlo\u010dince, izaziva reakcije za reviziju -","isPartOf":{"@id":"https:\/\/veritasinfo.org\/#website"},"primaryImageOfPage":{"@id":"https:\/\/veritasinfo.org\/?p=42856&lang=sr#primaryimage"},"image":{"@id":"https:\/\/veritasinfo.org\/?p=42856&lang=sr#primaryimage"},"thumbnailUrl":"https:\/\/veritasinfo.org\/wp-content\/uploads\/2026\/04\/auto_2341776060163-1.png","datePublished":"2026-04-13T07:14:36+00:00","author":{"@id":"https:\/\/veritasinfo.org\/#\/schema\/person\/bc442336e35414d04494ab8fb45db4c6"},"breadcrumb":{"@id":"https:\/\/veritasinfo.org\/?p=42856&lang=sr#breadcrumb"},"inLanguage":"en-US","potentialAction":[{"@type":"ReadAction","target":["https:\/\/veritasinfo.org\/?p=42856&lang=sr"]}]},{"@type":"ImageObject","inLanguage":"en-US","@id":"https:\/\/veritasinfo.org\/?p=42856&lang=sr#primaryimage","url":"https:\/\/veritasinfo.org\/wp-content\/uploads\/2026\/04\/auto_2341776060163-1.png","contentUrl":"https:\/\/veritasinfo.org\/wp-content\/uploads\/2026\/04\/auto_2341776060163-1.png","width":900,"height":631},{"@type":"BreadcrumbList","@id":"https:\/\/veritasinfo.org\/?p=42856&lang=sr#breadcrumb","itemListElement":[{"@type":"ListItem","position":1,"name":"Home","item":"https:\/\/veritasinfo.org\/"},{"@type":"ListItem","position":2,"name":"Srbija promovi\u0161e ratne zlo\u010dince, izaziva reakcije za reviziju"}]},{"@type":"WebSite","@id":"https:\/\/veritasinfo.org\/#website","url":"https:\/\/veritasinfo.org\/","name":"","description":"","potentialAction":[{"@type":"SearchAction","target":{"@type":"EntryPoint","urlTemplate":"https:\/\/veritasinfo.org\/?s={search_term_string}"},"query-input":{"@type":"PropertyValueSpecification","valueRequired":true,"valueName":"search_term_string"}}],"inLanguage":"en-US"},{"@type":"Person","@id":"https:\/\/veritasinfo.org\/#\/schema\/person\/bc442336e35414d04494ab8fb45db4c6","name":"US5","image":{"@type":"ImageObject","inLanguage":"en-US","@id":"https:\/\/veritasinfo.org\/#\/schema\/person\/image\/","url":"https:\/\/secure.gravatar.com\/avatar\/16a61e7272a0c5d001121ebb9e60e925d5816e4ac1e443ed3e640d9a6ae55d0c?s=96&d=mm&r=g","contentUrl":"https:\/\/secure.gravatar.com\/avatar\/16a61e7272a0c5d001121ebb9e60e925d5816e4ac1e443ed3e640d9a6ae55d0c?s=96&d=mm&r=g","caption":"US5"},"url":"https:\/\/veritasinfo.org\/?author=6"}]}},"featured_image_urls":{"full":["https:\/\/veritasinfo.org\/wp-content\/uploads\/2026\/04\/auto_2341776060163-1.png",900,631,false],"thumbnail":["https:\/\/veritasinfo.org\/wp-content\/uploads\/2026\/04\/auto_2341776060163-1-150x150.png",150,150,true],"medium":["https:\/\/veritasinfo.org\/wp-content\/uploads\/2026\/04\/auto_2341776060163-1-300x210.png",300,210,true],"medium_large":["https:\/\/veritasinfo.org\/wp-content\/uploads\/2026\/04\/auto_2341776060163-1-768x538.png",640,448,true],"large":["https:\/\/veritasinfo.org\/wp-content\/uploads\/2026\/04\/auto_2341776060163-1.png",640,449,false],"1536x1536":["https:\/\/veritasinfo.org\/wp-content\/uploads\/2026\/04\/auto_2341776060163-1.png",900,631,false],"2048x2048":["https:\/\/veritasinfo.org\/wp-content\/uploads\/2026\/04\/auto_2341776060163-1.png",900,631,false],"kreeti-slider-full":["https:\/\/veritasinfo.org\/wp-content\/uploads\/2026\/04\/auto_2341776060163-1.png",900,631,false],"kreeti-featured":["https:\/\/veritasinfo.org\/wp-content\/uploads\/2026\/04\/auto_2341776060163-1.png",900,631,false],"kreeti-medium":["https:\/\/veritasinfo.org\/wp-content\/uploads\/2026\/04\/auto_2341776060163-1-720x530.png",720,530,true],"kreeti-medium-square":["https:\/\/veritasinfo.org\/wp-content\/uploads\/2026\/04\/auto_2341776060163-1-350x350.png",350,350,true]},"author_info":{"info":["US5"]},"category_info":"<a href=\"https:\/\/veritasinfo.org\/?cat=28&#038;lang=sr\" rel=\"category\">Politika<\/a>","tag_info":"Politika","comment_count":"0","_links":{"self":[{"href":"https:\/\/veritasinfo.org\/index.php?rest_route=\/wp\/v2\/posts\/42856","targetHints":{"allow":["GET"]}}],"collection":[{"href":"https:\/\/veritasinfo.org\/index.php?rest_route=\/wp\/v2\/posts"}],"about":[{"href":"https:\/\/veritasinfo.org\/index.php?rest_route=\/wp\/v2\/types\/post"}],"author":[{"embeddable":true,"href":"https:\/\/veritasinfo.org\/index.php?rest_route=\/wp\/v2\/users\/6"}],"replies":[{"embeddable":true,"href":"https:\/\/veritasinfo.org\/index.php?rest_route=%2Fwp%2Fv2%2Fcomments&post=42856"}],"version-history":[{"count":1,"href":"https:\/\/veritasinfo.org\/index.php?rest_route=\/wp\/v2\/posts\/42856\/revisions"}],"predecessor-version":[{"id":42859,"href":"https:\/\/veritasinfo.org\/index.php?rest_route=\/wp\/v2\/posts\/42856\/revisions\/42859"}],"wp:featuredmedia":[{"embeddable":true,"href":"https:\/\/veritasinfo.org\/index.php?rest_route=\/wp\/v2\/media\/42858"}],"wp:attachment":[{"href":"https:\/\/veritasinfo.org\/index.php?rest_route=%2Fwp%2Fv2%2Fmedia&parent=42856"}],"wp:term":[{"taxonomy":"category","embeddable":true,"href":"https:\/\/veritasinfo.org\/index.php?rest_route=%2Fwp%2Fv2%2Fcategories&post=42856"},{"taxonomy":"post_tag","embeddable":true,"href":"https:\/\/veritasinfo.org\/index.php?rest_route=%2Fwp%2Fv2%2Ftags&post=42856"}],"curies":[{"name":"wp","href":"https:\/\/api.w.org\/{rel}","templated":true}]}}