{"id":42851,"date":"2026-04-13T09:14:01","date_gmt":"2026-04-13T07:14:01","guid":{"rendered":"https:\/\/veritasinfo.org\/?p=42851"},"modified":"2026-04-13T09:14:57","modified_gmt":"2026-04-13T07:14:57","slug":"42851","status":"publish","type":"post","link":"https:\/\/veritasinfo.org\/?p=42851&lang=sr","title":{"rendered":"Kurti \u010destita Ma\u0111aru na pobedi u Ma\u0111arskoj: Radujemo se saradnji"},"content":{"rendered":"<p>Pri\u0161tina, 13. april 2026. 09:10<\/p>\n<p>Premijer Kosova, Aljbin Kurti, \u010destitao je lideru Tisa stranke Ma\u0111arske, Peteru Ma\u0111aru, pobedu na parlamentarnim izborima.<\/p>\n<p>On je, putem objave na \u201eX\u201c, rekao da Kosovo pozdravlja podr\u0161ku ma\u0111arskih gra\u0111ana evropskim vrednostima, izra\u017eavajuc\u0301i spremnost za saradnju u buduc\u0301nosti\u201c, napisao je.<\/p>\n<p>\u201e\u010cestitam Peteru Ma\u0111aru na pobedi u Ma\u0111arskoj. Kosovo pozdravlja podr\u0161ku ma\u0111arskog naroda vrednostima Evropske unije i radujemo se saradnji\u201c, izjavio je Kurti.<\/p>\n<p>Viktor Orban je priznao poraz na nedeljnim izborima u Ma\u0111arskoj, okon\u010dav\u0161i svoju 16-godi\u0161nju vladavinu. Orban je nazvao rezultat nedeljnih izbora, gde je dominirala opoziciona Tisina stranka Petera Ma\u0111ara, bolnim.<\/p>\n<p>Projektovano je da c\u0301e Ma\u0111ar osvojiti 2\/3 mesta u ma\u0111arskom parlamentu sa 199 mesta. Sa oko 96 odsto prebrojanih glasova, o\u010dekuje se da c\u0301e Tisa osvojiti 138 mesta, u pore\u0111enju sa 55 za Fides i 6 Mi Hazank.<\/p>\n<p>\u201eHvala Ma\u0111arskoj!\u201c \u2013 napisao je Ma\u0111ar na dru\u0161tvenim mre\u017eama, dok je prethodno odr\u017eao konferenciju za novinare.<\/p>\n","protected":false},"excerpt":{"rendered":"<p>Pri\u0161tina, 13. april 2026. 09:10 Premijer Kosova, Aljbin Kurti, \u010destitao je lideru Tisa stranke Ma\u0111arske, Peteru Ma\u0111aru, pobedu na parlamentarnim izborima. On je, putem objave<\/p>\n","protected":false},"author":7,"featured_media":42852,"comment_status":"open","ping_status":"open","sticky":false,"template":"","format":"standard","meta":{"footnotes":""},"categories":[28],"tags":[],"class_list":["post-42851","post","type-post","status-publish","format-standard","has-post-thumbnail","hentry","category-politika"],"yoast_head":"<!-- This site is optimized with the Yoast SEO plugin v25.3.1 - https:\/\/yoast.com\/wordpress\/plugins\/seo\/ -->\n<title>Kurti \u010destita Ma\u0111aru na pobedi u Ma\u0111arskoj: Radujemo se saradnji -<\/title>\n<meta name=\"robots\" content=\"index, follow, max-snippet:-1, max-image-preview:large, max-video-preview:-1\" \/>\n<link rel=\"canonical\" href=\"https:\/\/veritasinfo.org\/?p=42851&lang=sr\" \/>\n<meta property=\"og:locale\" content=\"en_US\" \/>\n<meta property=\"og:type\" content=\"article\" \/>\n<meta property=\"og:title\" content=\"Kurti \u010destita Ma\u0111aru na pobedi u Ma\u0111arskoj: Radujemo se saradnji -\" \/>\n<meta property=\"og:description\" content=\"Pri\u0161tina, 13. april 2026. 09:10 Premijer Kosova, Aljbin Kurti, \u010destitao je lideru Tisa stranke Ma\u0111arske, Peteru Ma\u0111aru, pobedu na parlamentarnim izborima. On je, putem objave\" \/>\n<meta property=\"og:url\" content=\"https:\/\/veritasinfo.org\/?p=42851&amp;lang=sr\" \/>\n<meta property=\"article:published_time\" content=\"2026-04-13T07:14:01+00:00\" \/>\n<meta property=\"article:modified_time\" content=\"2026-04-13T07:14:57+00:00\" \/>\n<meta property=\"og:image\" content=\"https:\/\/veritasinfo.org\/wp-content\/uploads\/2026\/04\/746de775-7c28-4676-b323-cf958d1b3cb6-1.webp\" \/>\n\t<meta property=\"og:image:width\" content=\"1360\" \/>\n\t<meta property=\"og:image:height\" content=\"870\" \/>\n\t<meta property=\"og:image:type\" content=\"image\/webp\" \/>\n<meta name=\"author\" content=\"US6\" \/>\n<meta name=\"twitter:card\" content=\"summary_large_image\" \/>\n<meta name=\"twitter:label1\" content=\"Written by\" \/>\n\t<meta name=\"twitter:data1\" content=\"US6\" \/>\n\t<meta name=\"twitter:label2\" content=\"Est. reading time\" \/>\n\t<meta name=\"twitter:data2\" content=\"1 minute\" \/>\n<script type=\"application\/ld+json\" class=\"yoast-schema-graph\">{\"@context\":\"https:\/\/schema.org\",\"@graph\":[{\"@type\":\"WebPage\",\"@id\":\"https:\/\/veritasinfo.org\/?p=42851&lang=sr\",\"url\":\"https:\/\/veritasinfo.org\/?p=42851&lang=sr\",\"name\":\"Kurti \u010destita Ma\u0111aru na pobedi u Ma\u0111arskoj: Radujemo se saradnji -\",\"isPartOf\":{\"@id\":\"https:\/\/veritasinfo.org\/#website\"},\"primaryImageOfPage\":{\"@id\":\"https:\/\/veritasinfo.org\/?p=42851&lang=sr#primaryimage\"},\"image\":{\"@id\":\"https:\/\/veritasinfo.org\/?p=42851&lang=sr#primaryimage\"},\"thumbnailUrl\":\"https:\/\/veritasinfo.org\/wp-content\/uploads\/2026\/04\/746de775-7c28-4676-b323-cf958d1b3cb6-1.webp\",\"datePublished\":\"2026-04-13T07:14:01+00:00\",\"dateModified\":\"2026-04-13T07:14:57+00:00\",\"author\":{\"@id\":\"https:\/\/veritasinfo.org\/#\/schema\/person\/fe199eede04c3937362892b7444747cc\"},\"breadcrumb\":{\"@id\":\"https:\/\/veritasinfo.org\/?p=42851&lang=sr#breadcrumb\"},\"inLanguage\":\"en-US\",\"potentialAction\":[{\"@type\":\"ReadAction\",\"target\":[\"https:\/\/veritasinfo.org\/?p=42851&lang=sr\"]}]},{\"@type\":\"ImageObject\",\"inLanguage\":\"en-US\",\"@id\":\"https:\/\/veritasinfo.org\/?p=42851&lang=sr#primaryimage\",\"url\":\"https:\/\/veritasinfo.org\/wp-content\/uploads\/2026\/04\/746de775-7c28-4676-b323-cf958d1b3cb6-1.webp\",\"contentUrl\":\"https:\/\/veritasinfo.org\/wp-content\/uploads\/2026\/04\/746de775-7c28-4676-b323-cf958d1b3cb6-1.webp\",\"width\":1360,\"height\":870},{\"@type\":\"BreadcrumbList\",\"@id\":\"https:\/\/veritasinfo.org\/?p=42851&lang=sr#breadcrumb\",\"itemListElement\":[{\"@type\":\"ListItem\",\"position\":1,\"name\":\"Home\",\"item\":\"https:\/\/veritasinfo.org\/\"},{\"@type\":\"ListItem\",\"position\":2,\"name\":\"Kurti \u010destita Ma\u0111aru na pobedi u Ma\u0111arskoj: Radujemo se saradnji\"}]},{\"@type\":\"WebSite\",\"@id\":\"https:\/\/veritasinfo.org\/#website\",\"url\":\"https:\/\/veritasinfo.org\/\",\"name\":\"\",\"description\":\"\",\"potentialAction\":[{\"@type\":\"SearchAction\",\"target\":{\"@type\":\"EntryPoint\",\"urlTemplate\":\"https:\/\/veritasinfo.org\/?s={search_term_string}\"},\"query-input\":{\"@type\":\"PropertyValueSpecification\",\"valueRequired\":true,\"valueName\":\"search_term_string\"}}],\"inLanguage\":\"en-US\"},{\"@type\":\"Person\",\"@id\":\"https:\/\/veritasinfo.org\/#\/schema\/person\/fe199eede04c3937362892b7444747cc\",\"name\":\"US6\",\"image\":{\"@type\":\"ImageObject\",\"inLanguage\":\"en-US\",\"@id\":\"https:\/\/veritasinfo.org\/#\/schema\/person\/image\/\",\"url\":\"https:\/\/secure.gravatar.com\/avatar\/cb16c3c31c9d23b9b8c705964598220b3014e42ff51eb540ff23cefa3ae8c15f?s=96&d=mm&r=g\",\"contentUrl\":\"https:\/\/secure.gravatar.com\/avatar\/cb16c3c31c9d23b9b8c705964598220b3014e42ff51eb540ff23cefa3ae8c15f?s=96&d=mm&r=g\",\"caption\":\"US6\"},\"url\":\"https:\/\/veritasinfo.org\/?author=7\"}]}<\/script>\n<!-- \/ Yoast SEO plugin. -->","yoast_head_json":{"title":"Kurti \u010destita Ma\u0111aru na pobedi u Ma\u0111arskoj: Radujemo se saradnji -","robots":{"index":"index","follow":"follow","max-snippet":"max-snippet:-1","max-image-preview":"max-image-preview:large","max-video-preview":"max-video-preview:-1"},"canonical":"https:\/\/veritasinfo.org\/?p=42851&lang=sr","og_locale":"en_US","og_type":"article","og_title":"Kurti \u010destita Ma\u0111aru na pobedi u Ma\u0111arskoj: Radujemo se saradnji -","og_description":"Pri\u0161tina, 13. april 2026. 09:10 Premijer Kosova, Aljbin Kurti, \u010destitao je lideru Tisa stranke Ma\u0111arske, Peteru Ma\u0111aru, pobedu na parlamentarnim izborima. On je, putem objave","og_url":"https:\/\/veritasinfo.org\/?p=42851&lang=sr","article_published_time":"2026-04-13T07:14:01+00:00","article_modified_time":"2026-04-13T07:14:57+00:00","og_image":[{"width":1360,"height":870,"url":"https:\/\/veritasinfo.org\/wp-content\/uploads\/2026\/04\/746de775-7c28-4676-b323-cf958d1b3cb6-1.webp","type":"image\/webp"}],"author":"US6","twitter_card":"summary_large_image","twitter_misc":{"Written by":"US6","Est. reading time":"1 minute"},"schema":{"@context":"https:\/\/schema.org","@graph":[{"@type":"WebPage","@id":"https:\/\/veritasinfo.org\/?p=42851&lang=sr","url":"https:\/\/veritasinfo.org\/?p=42851&lang=sr","name":"Kurti \u010destita Ma\u0111aru na pobedi u Ma\u0111arskoj: Radujemo se saradnji -","isPartOf":{"@id":"https:\/\/veritasinfo.org\/#website"},"primaryImageOfPage":{"@id":"https:\/\/veritasinfo.org\/?p=42851&lang=sr#primaryimage"},"image":{"@id":"https:\/\/veritasinfo.org\/?p=42851&lang=sr#primaryimage"},"thumbnailUrl":"https:\/\/veritasinfo.org\/wp-content\/uploads\/2026\/04\/746de775-7c28-4676-b323-cf958d1b3cb6-1.webp","datePublished":"2026-04-13T07:14:01+00:00","dateModified":"2026-04-13T07:14:57+00:00","author":{"@id":"https:\/\/veritasinfo.org\/#\/schema\/person\/fe199eede04c3937362892b7444747cc"},"breadcrumb":{"@id":"https:\/\/veritasinfo.org\/?p=42851&lang=sr#breadcrumb"},"inLanguage":"en-US","potentialAction":[{"@type":"ReadAction","target":["https:\/\/veritasinfo.org\/?p=42851&lang=sr"]}]},{"@type":"ImageObject","inLanguage":"en-US","@id":"https:\/\/veritasinfo.org\/?p=42851&lang=sr#primaryimage","url":"https:\/\/veritasinfo.org\/wp-content\/uploads\/2026\/04\/746de775-7c28-4676-b323-cf958d1b3cb6-1.webp","contentUrl":"https:\/\/veritasinfo.org\/wp-content\/uploads\/2026\/04\/746de775-7c28-4676-b323-cf958d1b3cb6-1.webp","width":1360,"height":870},{"@type":"BreadcrumbList","@id":"https:\/\/veritasinfo.org\/?p=42851&lang=sr#breadcrumb","itemListElement":[{"@type":"ListItem","position":1,"name":"Home","item":"https:\/\/veritasinfo.org\/"},{"@type":"ListItem","position":2,"name":"Kurti \u010destita Ma\u0111aru na pobedi u Ma\u0111arskoj: Radujemo se saradnji"}]},{"@type":"WebSite","@id":"https:\/\/veritasinfo.org\/#website","url":"https:\/\/veritasinfo.org\/","name":"","description":"","potentialAction":[{"@type":"SearchAction","target":{"@type":"EntryPoint","urlTemplate":"https:\/\/veritasinfo.org\/?s={search_term_string}"},"query-input":{"@type":"PropertyValueSpecification","valueRequired":true,"valueName":"search_term_string"}}],"inLanguage":"en-US"},{"@type":"Person","@id":"https:\/\/veritasinfo.org\/#\/schema\/person\/fe199eede04c3937362892b7444747cc","name":"US6","image":{"@type":"ImageObject","inLanguage":"en-US","@id":"https:\/\/veritasinfo.org\/#\/schema\/person\/image\/","url":"https:\/\/secure.gravatar.com\/avatar\/cb16c3c31c9d23b9b8c705964598220b3014e42ff51eb540ff23cefa3ae8c15f?s=96&d=mm&r=g","contentUrl":"https:\/\/secure.gravatar.com\/avatar\/cb16c3c31c9d23b9b8c705964598220b3014e42ff51eb540ff23cefa3ae8c15f?s=96&d=mm&r=g","caption":"US6"},"url":"https:\/\/veritasinfo.org\/?author=7"}]}},"featured_image_urls":{"full":["https:\/\/veritasinfo.org\/wp-content\/uploads\/2026\/04\/746de775-7c28-4676-b323-cf958d1b3cb6-1.webp",1360,870,false],"thumbnail":["https:\/\/veritasinfo.org\/wp-content\/uploads\/2026\/04\/746de775-7c28-4676-b323-cf958d1b3cb6-1-150x150.webp",150,150,true],"medium":["https:\/\/veritasinfo.org\/wp-content\/uploads\/2026\/04\/746de775-7c28-4676-b323-cf958d1b3cb6-1-300x192.webp",300,192,true],"medium_large":["https:\/\/veritasinfo.org\/wp-content\/uploads\/2026\/04\/746de775-7c28-4676-b323-cf958d1b3cb6-1-768x491.webp",640,409,true],"large":["https:\/\/veritasinfo.org\/wp-content\/uploads\/2026\/04\/746de775-7c28-4676-b323-cf958d1b3cb6-1-1024x655.webp",640,409,true],"1536x1536":["https:\/\/veritasinfo.org\/wp-content\/uploads\/2026\/04\/746de775-7c28-4676-b323-cf958d1b3cb6-1.webp",1360,870,false],"2048x2048":["https:\/\/veritasinfo.org\/wp-content\/uploads\/2026\/04\/746de775-7c28-4676-b323-cf958d1b3cb6-1.webp",1360,870,false],"kreeti-slider-full":["https:\/\/veritasinfo.org\/wp-content\/uploads\/2026\/04\/746de775-7c28-4676-b323-cf958d1b3cb6-1-1280x720.webp",1280,720,true],"kreeti-featured":["https:\/\/veritasinfo.org\/wp-content\/uploads\/2026\/04\/746de775-7c28-4676-b323-cf958d1b3cb6-1-1024x655.webp",1024,655,true],"kreeti-medium":["https:\/\/veritasinfo.org\/wp-content\/uploads\/2026\/04\/746de775-7c28-4676-b323-cf958d1b3cb6-1-720x530.webp",720,530,true],"kreeti-medium-square":["https:\/\/veritasinfo.org\/wp-content\/uploads\/2026\/04\/746de775-7c28-4676-b323-cf958d1b3cb6-1-350x350.webp",350,350,true]},"author_info":{"info":["US6"]},"category_info":"<a href=\"https:\/\/veritasinfo.org\/?cat=28&#038;lang=sr\" rel=\"category\">Politika<\/a>","tag_info":"Politika","comment_count":"0","_links":{"self":[{"href":"https:\/\/veritasinfo.org\/index.php?rest_route=\/wp\/v2\/posts\/42851","targetHints":{"allow":["GET"]}}],"collection":[{"href":"https:\/\/veritasinfo.org\/index.php?rest_route=\/wp\/v2\/posts"}],"about":[{"href":"https:\/\/veritasinfo.org\/index.php?rest_route=\/wp\/v2\/types\/post"}],"author":[{"embeddable":true,"href":"https:\/\/veritasinfo.org\/index.php?rest_route=\/wp\/v2\/users\/7"}],"replies":[{"embeddable":true,"href":"https:\/\/veritasinfo.org\/index.php?rest_route=%2Fwp%2Fv2%2Fcomments&post=42851"}],"version-history":[{"count":2,"href":"https:\/\/veritasinfo.org\/index.php?rest_route=\/wp\/v2\/posts\/42851\/revisions"}],"predecessor-version":[{"id":42860,"href":"https:\/\/veritasinfo.org\/index.php?rest_route=\/wp\/v2\/posts\/42851\/revisions\/42860"}],"wp:featuredmedia":[{"embeddable":true,"href":"https:\/\/veritasinfo.org\/index.php?rest_route=\/wp\/v2\/media\/42852"}],"wp:attachment":[{"href":"https:\/\/veritasinfo.org\/index.php?rest_route=%2Fwp%2Fv2%2Fmedia&parent=42851"}],"wp:term":[{"taxonomy":"category","embeddable":true,"href":"https:\/\/veritasinfo.org\/index.php?rest_route=%2Fwp%2Fv2%2Fcategories&post=42851"},{"taxonomy":"post_tag","embeddable":true,"href":"https:\/\/veritasinfo.org\/index.php?rest_route=%2Fwp%2Fv2%2Ftags&post=42851"}],"curies":[{"name":"wp","href":"https:\/\/api.w.org\/{rel}","templated":true}]}}