{"id":42844,"date":"2026-04-13T09:11:50","date_gmt":"2026-04-13T07:11:50","guid":{"rendered":"https:\/\/veritasinfo.org\/?p=42844"},"modified":"2026-04-13T09:11:50","modified_gmt":"2026-04-13T07:11:50","slug":"kurti-uron-magyarin-per-fitoren-ne-hungari-me-padurim-presim-te-bashkepunojme","status":"publish","type":"post","link":"https:\/\/veritasinfo.org\/?p=42844","title":{"rendered":"Kurti uron Magyarin p\u00ebr fitoren n\u00eb Hungari: Me padurim presim t\u00eb bashk\u00ebpunojm\u00eb"},"content":{"rendered":"<p>Prishtin\u00eb, 13 prill 2026 09:10<\/p>\n<p>Kryeministri i Kosov\u00ebs, Albin Kurti ka uruar liderin e partis\u00eb Tisza t\u00eb Hungaris\u00eb, Peter Magyar, p\u00ebr fitoren e tij n\u00eb zgjedhjet parlamentare.<\/p>\n<p>Ai p\u00ebrmes nj\u00eb postimi n\u00eb \u201cX\u201d, tha se Kosova e mir\u00ebpret p\u00ebrkrahjen e qytetar\u00ebve hungarez ndaj vlerave evropiane derisa ka shprehur vullnetin p\u00ebr bashk\u00ebpunim n\u00eb t\u00eb ardhmen\u201d, ka shkruar ai.<\/p>\n<p>\u201cUrime Peter Magyar p\u00ebr fitoren n\u00eb Hungari. Kosova e mir\u00ebpret mb\u00ebshtetjen e popullit hungarez p\u00ebr vlerat e Bashkimit Evropian dhe presim me padurim t\u00eb bashk\u00ebpunojm\u00eb\u201d, ka deklaruar Kurti.<\/p>\n<p>Viktor Orban ka pranuar humbjen n\u00eb zgjedhjet e t\u00eb diel\u00ebs n\u00eb Hungari, duke i dh\u00ebn\u00eb fund pushtetit t\u00eb tij 16-vje\u00e7ar. Orbani e ka quajtur t\u00eb dhimbsh\u00ebm rezultatin e zgjedhjeve t\u00eb s\u00eb diel\u00ebs, ku partia opozita Tisza e Peter Magyarit ka dominuar.<\/p>\n<p>Magyari \u00ebsht\u00eb projektuar t\u00eb marr\u00eb 2\/3 e ul\u00ebseve n\u00eb Parlamentin e Hungaris\u00eb t\u00eb p\u00ebrb\u00ebr\u00eb nga 199 deputet\u00eb. Kur jan\u00eb num\u00ebruar rreth 96 p\u00ebr qind t\u00eb votave, Tisza parashihet t\u00eb marr\u00eb 138 ul\u00ebse, karshi 55 sa do t\u2019i marr\u00eb Fidesz e 6 Mi Hazank.<\/p>\n<p>\u201cFaleminderit Hungari!\u201d \u2013 ka shkruar Magyar n\u00eb rrjete sociale, nd\u00ebrsa ai paraprakisht kishte mbajtur edhe konferenc\u00eb p\u00ebr media.<\/p>\n","protected":false},"excerpt":{"rendered":"<p>Prishtin\u00eb, 13 prill 2026 09:10 Kryeministri i Kosov\u00ebs, Albin Kurti ka uruar liderin e partis\u00eb Tisza t\u00eb Hungaris\u00eb, Peter Magyar, p\u00ebr fitoren e tij n\u00eb<\/p>\n","protected":false},"author":7,"featured_media":42848,"comment_status":"open","ping_status":"open","sticky":false,"template":"","format":"standard","meta":{"footnotes":""},"categories":[58],"tags":[],"class_list":["post-42844","post","type-post","status-publish","format-standard","has-post-thumbnail","hentry","category-politike-sq"],"yoast_head":"<!-- This site is optimized with the Yoast SEO plugin v25.3.1 - https:\/\/yoast.com\/wordpress\/plugins\/seo\/ -->\n<title>Kurti uron Magyarin p\u00ebr fitoren n\u00eb Hungari: Me padurim presim t\u00eb bashk\u00ebpunojm\u00eb -<\/title>\n<meta name=\"robots\" content=\"index, follow, max-snippet:-1, max-image-preview:large, max-video-preview:-1\" \/>\n<link rel=\"canonical\" href=\"https:\/\/veritasinfo.org\/?p=42844\" \/>\n<meta property=\"og:locale\" content=\"en_US\" \/>\n<meta property=\"og:type\" content=\"article\" \/>\n<meta property=\"og:title\" content=\"Kurti uron Magyarin p\u00ebr fitoren n\u00eb Hungari: Me padurim presim t\u00eb bashk\u00ebpunojm\u00eb -\" \/>\n<meta property=\"og:description\" content=\"Prishtin\u00eb, 13 prill 2026 09:10 Kryeministri i Kosov\u00ebs, Albin Kurti ka uruar liderin e partis\u00eb Tisza t\u00eb Hungaris\u00eb, Peter Magyar, p\u00ebr fitoren e tij n\u00eb\" \/>\n<meta property=\"og:url\" content=\"https:\/\/veritasinfo.org\/?p=42844\" \/>\n<meta property=\"article:published_time\" content=\"2026-04-13T07:11:50+00:00\" \/>\n<meta property=\"og:image\" content=\"https:\/\/veritasinfo.org\/wp-content\/uploads\/2026\/04\/746de775-7c28-4676-b323-cf958d1b3cb6.webp\" \/>\n\t<meta property=\"og:image:width\" content=\"1360\" \/>\n\t<meta property=\"og:image:height\" content=\"870\" \/>\n\t<meta property=\"og:image:type\" content=\"image\/webp\" \/>\n<meta name=\"author\" content=\"US6\" \/>\n<meta name=\"twitter:card\" content=\"summary_large_image\" \/>\n<meta name=\"twitter:label1\" content=\"Written by\" \/>\n\t<meta name=\"twitter:data1\" content=\"US6\" \/>\n\t<meta name=\"twitter:label2\" content=\"Est. reading time\" \/>\n\t<meta name=\"twitter:data2\" content=\"2 minutes\" \/>\n<script type=\"application\/ld+json\" class=\"yoast-schema-graph\">{\"@context\":\"https:\/\/schema.org\",\"@graph\":[{\"@type\":\"WebPage\",\"@id\":\"https:\/\/veritasinfo.org\/?p=42844\",\"url\":\"https:\/\/veritasinfo.org\/?p=42844\",\"name\":\"Kurti uron Magyarin p\u00ebr fitoren n\u00eb Hungari: Me padurim presim t\u00eb bashk\u00ebpunojm\u00eb -\",\"isPartOf\":{\"@id\":\"https:\/\/veritasinfo.org\/#website\"},\"primaryImageOfPage\":{\"@id\":\"https:\/\/veritasinfo.org\/?p=42844#primaryimage\"},\"image\":{\"@id\":\"https:\/\/veritasinfo.org\/?p=42844#primaryimage\"},\"thumbnailUrl\":\"https:\/\/veritasinfo.org\/wp-content\/uploads\/2026\/04\/746de775-7c28-4676-b323-cf958d1b3cb6.webp\",\"datePublished\":\"2026-04-13T07:11:50+00:00\",\"author\":{\"@id\":\"https:\/\/veritasinfo.org\/#\/schema\/person\/fe199eede04c3937362892b7444747cc\"},\"breadcrumb\":{\"@id\":\"https:\/\/veritasinfo.org\/?p=42844#breadcrumb\"},\"inLanguage\":\"en-US\",\"potentialAction\":[{\"@type\":\"ReadAction\",\"target\":[\"https:\/\/veritasinfo.org\/?p=42844\"]}]},{\"@type\":\"ImageObject\",\"inLanguage\":\"en-US\",\"@id\":\"https:\/\/veritasinfo.org\/?p=42844#primaryimage\",\"url\":\"https:\/\/veritasinfo.org\/wp-content\/uploads\/2026\/04\/746de775-7c28-4676-b323-cf958d1b3cb6.webp\",\"contentUrl\":\"https:\/\/veritasinfo.org\/wp-content\/uploads\/2026\/04\/746de775-7c28-4676-b323-cf958d1b3cb6.webp\",\"width\":1360,\"height\":870},{\"@type\":\"BreadcrumbList\",\"@id\":\"https:\/\/veritasinfo.org\/?p=42844#breadcrumb\",\"itemListElement\":[{\"@type\":\"ListItem\",\"position\":1,\"name\":\"Home\",\"item\":\"https:\/\/veritasinfo.org\/\"},{\"@type\":\"ListItem\",\"position\":2,\"name\":\"Kurti uron Magyarin p\u00ebr fitoren n\u00eb Hungari: Me padurim presim t\u00eb bashk\u00ebpunojm\u00eb\"}]},{\"@type\":\"WebSite\",\"@id\":\"https:\/\/veritasinfo.org\/#website\",\"url\":\"https:\/\/veritasinfo.org\/\",\"name\":\"\",\"description\":\"\",\"potentialAction\":[{\"@type\":\"SearchAction\",\"target\":{\"@type\":\"EntryPoint\",\"urlTemplate\":\"https:\/\/veritasinfo.org\/?s={search_term_string}\"},\"query-input\":{\"@type\":\"PropertyValueSpecification\",\"valueRequired\":true,\"valueName\":\"search_term_string\"}}],\"inLanguage\":\"en-US\"},{\"@type\":\"Person\",\"@id\":\"https:\/\/veritasinfo.org\/#\/schema\/person\/fe199eede04c3937362892b7444747cc\",\"name\":\"US6\",\"image\":{\"@type\":\"ImageObject\",\"inLanguage\":\"en-US\",\"@id\":\"https:\/\/veritasinfo.org\/#\/schema\/person\/image\/\",\"url\":\"https:\/\/secure.gravatar.com\/avatar\/cb16c3c31c9d23b9b8c705964598220b3014e42ff51eb540ff23cefa3ae8c15f?s=96&d=mm&r=g\",\"contentUrl\":\"https:\/\/secure.gravatar.com\/avatar\/cb16c3c31c9d23b9b8c705964598220b3014e42ff51eb540ff23cefa3ae8c15f?s=96&d=mm&r=g\",\"caption\":\"US6\"},\"url\":\"https:\/\/veritasinfo.org\/?author=7\"}]}<\/script>\n<!-- \/ Yoast SEO plugin. -->","yoast_head_json":{"title":"Kurti uron Magyarin p\u00ebr fitoren n\u00eb Hungari: Me padurim presim t\u00eb bashk\u00ebpunojm\u00eb -","robots":{"index":"index","follow":"follow","max-snippet":"max-snippet:-1","max-image-preview":"max-image-preview:large","max-video-preview":"max-video-preview:-1"},"canonical":"https:\/\/veritasinfo.org\/?p=42844","og_locale":"en_US","og_type":"article","og_title":"Kurti uron Magyarin p\u00ebr fitoren n\u00eb Hungari: Me padurim presim t\u00eb bashk\u00ebpunojm\u00eb -","og_description":"Prishtin\u00eb, 13 prill 2026 09:10 Kryeministri i Kosov\u00ebs, Albin Kurti ka uruar liderin e partis\u00eb Tisza t\u00eb Hungaris\u00eb, Peter Magyar, p\u00ebr fitoren e tij n\u00eb","og_url":"https:\/\/veritasinfo.org\/?p=42844","article_published_time":"2026-04-13T07:11:50+00:00","og_image":[{"width":1360,"height":870,"url":"https:\/\/veritasinfo.org\/wp-content\/uploads\/2026\/04\/746de775-7c28-4676-b323-cf958d1b3cb6.webp","type":"image\/webp"}],"author":"US6","twitter_card":"summary_large_image","twitter_misc":{"Written by":"US6","Est. reading time":"2 minutes"},"schema":{"@context":"https:\/\/schema.org","@graph":[{"@type":"WebPage","@id":"https:\/\/veritasinfo.org\/?p=42844","url":"https:\/\/veritasinfo.org\/?p=42844","name":"Kurti uron Magyarin p\u00ebr fitoren n\u00eb Hungari: Me padurim presim t\u00eb bashk\u00ebpunojm\u00eb -","isPartOf":{"@id":"https:\/\/veritasinfo.org\/#website"},"primaryImageOfPage":{"@id":"https:\/\/veritasinfo.org\/?p=42844#primaryimage"},"image":{"@id":"https:\/\/veritasinfo.org\/?p=42844#primaryimage"},"thumbnailUrl":"https:\/\/veritasinfo.org\/wp-content\/uploads\/2026\/04\/746de775-7c28-4676-b323-cf958d1b3cb6.webp","datePublished":"2026-04-13T07:11:50+00:00","author":{"@id":"https:\/\/veritasinfo.org\/#\/schema\/person\/fe199eede04c3937362892b7444747cc"},"breadcrumb":{"@id":"https:\/\/veritasinfo.org\/?p=42844#breadcrumb"},"inLanguage":"en-US","potentialAction":[{"@type":"ReadAction","target":["https:\/\/veritasinfo.org\/?p=42844"]}]},{"@type":"ImageObject","inLanguage":"en-US","@id":"https:\/\/veritasinfo.org\/?p=42844#primaryimage","url":"https:\/\/veritasinfo.org\/wp-content\/uploads\/2026\/04\/746de775-7c28-4676-b323-cf958d1b3cb6.webp","contentUrl":"https:\/\/veritasinfo.org\/wp-content\/uploads\/2026\/04\/746de775-7c28-4676-b323-cf958d1b3cb6.webp","width":1360,"height":870},{"@type":"BreadcrumbList","@id":"https:\/\/veritasinfo.org\/?p=42844#breadcrumb","itemListElement":[{"@type":"ListItem","position":1,"name":"Home","item":"https:\/\/veritasinfo.org\/"},{"@type":"ListItem","position":2,"name":"Kurti uron Magyarin p\u00ebr fitoren n\u00eb Hungari: Me padurim presim t\u00eb bashk\u00ebpunojm\u00eb"}]},{"@type":"WebSite","@id":"https:\/\/veritasinfo.org\/#website","url":"https:\/\/veritasinfo.org\/","name":"","description":"","potentialAction":[{"@type":"SearchAction","target":{"@type":"EntryPoint","urlTemplate":"https:\/\/veritasinfo.org\/?s={search_term_string}"},"query-input":{"@type":"PropertyValueSpecification","valueRequired":true,"valueName":"search_term_string"}}],"inLanguage":"en-US"},{"@type":"Person","@id":"https:\/\/veritasinfo.org\/#\/schema\/person\/fe199eede04c3937362892b7444747cc","name":"US6","image":{"@type":"ImageObject","inLanguage":"en-US","@id":"https:\/\/veritasinfo.org\/#\/schema\/person\/image\/","url":"https:\/\/secure.gravatar.com\/avatar\/cb16c3c31c9d23b9b8c705964598220b3014e42ff51eb540ff23cefa3ae8c15f?s=96&d=mm&r=g","contentUrl":"https:\/\/secure.gravatar.com\/avatar\/cb16c3c31c9d23b9b8c705964598220b3014e42ff51eb540ff23cefa3ae8c15f?s=96&d=mm&r=g","caption":"US6"},"url":"https:\/\/veritasinfo.org\/?author=7"}]}},"featured_image_urls":{"full":["https:\/\/veritasinfo.org\/wp-content\/uploads\/2026\/04\/746de775-7c28-4676-b323-cf958d1b3cb6.webp",1360,870,false],"thumbnail":["https:\/\/veritasinfo.org\/wp-content\/uploads\/2026\/04\/746de775-7c28-4676-b323-cf958d1b3cb6-150x150.webp",150,150,true],"medium":["https:\/\/veritasinfo.org\/wp-content\/uploads\/2026\/04\/746de775-7c28-4676-b323-cf958d1b3cb6-300x192.webp",300,192,true],"medium_large":["https:\/\/veritasinfo.org\/wp-content\/uploads\/2026\/04\/746de775-7c28-4676-b323-cf958d1b3cb6-768x491.webp",640,409,true],"large":["https:\/\/veritasinfo.org\/wp-content\/uploads\/2026\/04\/746de775-7c28-4676-b323-cf958d1b3cb6-1024x655.webp",640,409,true],"1536x1536":["https:\/\/veritasinfo.org\/wp-content\/uploads\/2026\/04\/746de775-7c28-4676-b323-cf958d1b3cb6.webp",1360,870,false],"2048x2048":["https:\/\/veritasinfo.org\/wp-content\/uploads\/2026\/04\/746de775-7c28-4676-b323-cf958d1b3cb6.webp",1360,870,false],"kreeti-slider-full":["https:\/\/veritasinfo.org\/wp-content\/uploads\/2026\/04\/746de775-7c28-4676-b323-cf958d1b3cb6-1280x720.webp",1280,720,true],"kreeti-featured":["https:\/\/veritasinfo.org\/wp-content\/uploads\/2026\/04\/746de775-7c28-4676-b323-cf958d1b3cb6-1024x655.webp",1024,655,true],"kreeti-medium":["https:\/\/veritasinfo.org\/wp-content\/uploads\/2026\/04\/746de775-7c28-4676-b323-cf958d1b3cb6-720x530.webp",720,530,true],"kreeti-medium-square":["https:\/\/veritasinfo.org\/wp-content\/uploads\/2026\/04\/746de775-7c28-4676-b323-cf958d1b3cb6-350x350.webp",350,350,true]},"author_info":{"info":["US6"]},"category_info":"<a href=\"https:\/\/veritasinfo.org\/?cat=58\" rel=\"category\">Politik\u00eb<\/a>","tag_info":"Politik\u00eb","comment_count":"0","_links":{"self":[{"href":"https:\/\/veritasinfo.org\/index.php?rest_route=\/wp\/v2\/posts\/42844","targetHints":{"allow":["GET"]}}],"collection":[{"href":"https:\/\/veritasinfo.org\/index.php?rest_route=\/wp\/v2\/posts"}],"about":[{"href":"https:\/\/veritasinfo.org\/index.php?rest_route=\/wp\/v2\/types\/post"}],"author":[{"embeddable":true,"href":"https:\/\/veritasinfo.org\/index.php?rest_route=\/wp\/v2\/users\/7"}],"replies":[{"embeddable":true,"href":"https:\/\/veritasinfo.org\/index.php?rest_route=%2Fwp%2Fv2%2Fcomments&post=42844"}],"version-history":[{"count":1,"href":"https:\/\/veritasinfo.org\/index.php?rest_route=\/wp\/v2\/posts\/42844\/revisions"}],"predecessor-version":[{"id":42849,"href":"https:\/\/veritasinfo.org\/index.php?rest_route=\/wp\/v2\/posts\/42844\/revisions\/42849"}],"wp:featuredmedia":[{"embeddable":true,"href":"https:\/\/veritasinfo.org\/index.php?rest_route=\/wp\/v2\/media\/42848"}],"wp:attachment":[{"href":"https:\/\/veritasinfo.org\/index.php?rest_route=%2Fwp%2Fv2%2Fmedia&parent=42844"}],"wp:term":[{"taxonomy":"category","embeddable":true,"href":"https:\/\/veritasinfo.org\/index.php?rest_route=%2Fwp%2Fv2%2Fcategories&post=42844"},{"taxonomy":"post_tag","embeddable":true,"href":"https:\/\/veritasinfo.org\/index.php?rest_route=%2Fwp%2Fv2%2Ftags&post=42844"}],"curies":[{"name":"wp","href":"https:\/\/api.w.org\/{rel}","templated":true}]}}