{"id":42840,"date":"2026-04-13T09:10:03","date_gmt":"2026-04-13T07:10:03","guid":{"rendered":"https:\/\/veritasinfo.org\/?p=42840"},"modified":"2026-04-13T09:10:03","modified_gmt":"2026-04-13T07:10:03","slug":"tirana-bashkon-shqiptaret-ne-samitin-e-diaspores","status":"publish","type":"post","link":"https:\/\/veritasinfo.org\/?p=42840","title":{"rendered":"Tirana bashkon shqiptar\u00ebt n\u00eb Samitin e Diaspor\u00ebs"},"content":{"rendered":"<p>Prishtin\u00eb 13 Prill 2026 9:09<\/p>\n<p>Tirana do t\u00eb jet\u00eb nikoqire e nj\u00eb nga ngjarjeve m\u00eb t\u00eb m\u00ebdha komb\u00ebtare.<\/p>\n<p>Samiti i kat\u00ebrt i Diaspor\u00ebs, synon bashkimin e shqiptar\u00ebve dhe komuniteteve shqiptare anemban\u00eb bot\u00ebs, duke forcuar lidhjet mes tyre.<\/p>\n<p>P\u00ebr tre dit\u00eb rresht, kryeqyteti shqiptar do t\u00eb shnd\u00ebrrohet n\u00eb nj\u00eb qend\u00ebr politike, ekonomike dhe kulturore, n\u00ebn moton \u201cP\u00ebrmes rr\u00ebnjeve lart\u00ebsohemi\u201d.<\/p>\n<p>Presidenti i Shqip\u00ebris\u00eb Bajram Begaj, do t\u00eb nderoj\u00eb figura t\u00eb shquara shqiptare t\u00eb diaspor\u00ebs q\u00eb kontribuan n\u00eb forcimin e lidhjeve mes Shqip\u00ebris\u00eb dhe shqiptar\u00ebve, jasht\u00eb saj.<\/p>\n<p>Ngjarja kryesore do t\u00eb mbahet m\u00eb 14 prill ku fjal\u00eb rasti do t\u00eb mbajn\u00eb kryeministri Edi Rama dhe Ministri i Jasht\u00ebm Ferit Hoxha.<\/p>\n<p>Po ashtu do t\u00eb organizohen edhe diskutime n\u00eb panele p\u00ebr kontributin e diaspor\u00ebs shqiptare n\u00eb fusha t\u00eb ndryshme si: Ekonomi, politik\u00eb, kultur\u00eb, teknologji, biznes etj.<\/p>\n","protected":false},"excerpt":{"rendered":"<p>Prishtin\u00eb 13 Prill 2026 9:09 Tirana do t\u00eb jet\u00eb nikoqire e nj\u00eb nga ngjarjeve m\u00eb t\u00eb m\u00ebdha komb\u00ebtare. Samiti i kat\u00ebrt i Diaspor\u00ebs, synon bashkimin<\/p>\n","protected":false},"author":6,"featured_media":42841,"comment_status":"open","ping_status":"open","sticky":false,"template":"","format":"standard","meta":{"footnotes":""},"categories":[60],"tags":[],"class_list":["post-42840","post","type-post","status-publish","format-standard","has-post-thumbnail","hentry","category-shoqerore-sq"],"yoast_head":"<!-- This site is optimized with the Yoast SEO plugin v25.3.1 - https:\/\/yoast.com\/wordpress\/plugins\/seo\/ -->\n<title>Tirana bashkon shqiptar\u00ebt n\u00eb Samitin e Diaspor\u00ebs -<\/title>\n<meta name=\"robots\" content=\"index, follow, max-snippet:-1, max-image-preview:large, max-video-preview:-1\" \/>\n<link rel=\"canonical\" href=\"https:\/\/veritasinfo.org\/?p=42840\" \/>\n<meta property=\"og:locale\" content=\"en_US\" \/>\n<meta property=\"og:type\" content=\"article\" \/>\n<meta property=\"og:title\" content=\"Tirana bashkon shqiptar\u00ebt n\u00eb Samitin e Diaspor\u00ebs -\" \/>\n<meta property=\"og:description\" content=\"Prishtin\u00eb 13 Prill 2026 9:09 Tirana do t\u00eb jet\u00eb nikoqire e nj\u00eb nga ngjarjeve m\u00eb t\u00eb m\u00ebdha komb\u00ebtare. Samiti i kat\u00ebrt i Diaspor\u00ebs, synon bashkimin\" \/>\n<meta property=\"og:url\" content=\"https:\/\/veritasinfo.org\/?p=42840\" \/>\n<meta property=\"article:published_time\" content=\"2026-04-13T07:10:03+00:00\" \/>\n<meta property=\"og:image\" content=\"https:\/\/veritasinfo.org\/wp-content\/uploads\/2026\/04\/Samiti-i-Diaspores.jpg\" \/>\n\t<meta property=\"og:image:width\" content=\"640\" \/>\n\t<meta property=\"og:image:height\" content=\"386\" \/>\n\t<meta property=\"og:image:type\" content=\"image\/jpeg\" \/>\n<meta name=\"author\" content=\"US5\" \/>\n<meta name=\"twitter:card\" content=\"summary_large_image\" \/>\n<meta name=\"twitter:label1\" content=\"Written by\" \/>\n\t<meta name=\"twitter:data1\" content=\"US5\" \/>\n\t<meta name=\"twitter:label2\" content=\"Est. reading time\" \/>\n\t<meta name=\"twitter:data2\" content=\"1 minute\" \/>\n<script type=\"application\/ld+json\" class=\"yoast-schema-graph\">{\"@context\":\"https:\/\/schema.org\",\"@graph\":[{\"@type\":\"WebPage\",\"@id\":\"https:\/\/veritasinfo.org\/?p=42840\",\"url\":\"https:\/\/veritasinfo.org\/?p=42840\",\"name\":\"Tirana bashkon shqiptar\u00ebt n\u00eb Samitin e Diaspor\u00ebs -\",\"isPartOf\":{\"@id\":\"https:\/\/veritasinfo.org\/#website\"},\"primaryImageOfPage\":{\"@id\":\"https:\/\/veritasinfo.org\/?p=42840#primaryimage\"},\"image\":{\"@id\":\"https:\/\/veritasinfo.org\/?p=42840#primaryimage\"},\"thumbnailUrl\":\"https:\/\/veritasinfo.org\/wp-content\/uploads\/2026\/04\/Samiti-i-Diaspores.jpg\",\"datePublished\":\"2026-04-13T07:10:03+00:00\",\"author\":{\"@id\":\"https:\/\/veritasinfo.org\/#\/schema\/person\/bc442336e35414d04494ab8fb45db4c6\"},\"breadcrumb\":{\"@id\":\"https:\/\/veritasinfo.org\/?p=42840#breadcrumb\"},\"inLanguage\":\"en-US\",\"potentialAction\":[{\"@type\":\"ReadAction\",\"target\":[\"https:\/\/veritasinfo.org\/?p=42840\"]}]},{\"@type\":\"ImageObject\",\"inLanguage\":\"en-US\",\"@id\":\"https:\/\/veritasinfo.org\/?p=42840#primaryimage\",\"url\":\"https:\/\/veritasinfo.org\/wp-content\/uploads\/2026\/04\/Samiti-i-Diaspores.jpg\",\"contentUrl\":\"https:\/\/veritasinfo.org\/wp-content\/uploads\/2026\/04\/Samiti-i-Diaspores.jpg\",\"width\":640,\"height\":386},{\"@type\":\"BreadcrumbList\",\"@id\":\"https:\/\/veritasinfo.org\/?p=42840#breadcrumb\",\"itemListElement\":[{\"@type\":\"ListItem\",\"position\":1,\"name\":\"Home\",\"item\":\"https:\/\/veritasinfo.org\/\"},{\"@type\":\"ListItem\",\"position\":2,\"name\":\"Tirana bashkon shqiptar\u00ebt n\u00eb Samitin e Diaspor\u00ebs\"}]},{\"@type\":\"WebSite\",\"@id\":\"https:\/\/veritasinfo.org\/#website\",\"url\":\"https:\/\/veritasinfo.org\/\",\"name\":\"\",\"description\":\"\",\"potentialAction\":[{\"@type\":\"SearchAction\",\"target\":{\"@type\":\"EntryPoint\",\"urlTemplate\":\"https:\/\/veritasinfo.org\/?s={search_term_string}\"},\"query-input\":{\"@type\":\"PropertyValueSpecification\",\"valueRequired\":true,\"valueName\":\"search_term_string\"}}],\"inLanguage\":\"en-US\"},{\"@type\":\"Person\",\"@id\":\"https:\/\/veritasinfo.org\/#\/schema\/person\/bc442336e35414d04494ab8fb45db4c6\",\"name\":\"US5\",\"image\":{\"@type\":\"ImageObject\",\"inLanguage\":\"en-US\",\"@id\":\"https:\/\/veritasinfo.org\/#\/schema\/person\/image\/\",\"url\":\"https:\/\/secure.gravatar.com\/avatar\/16a61e7272a0c5d001121ebb9e60e925d5816e4ac1e443ed3e640d9a6ae55d0c?s=96&d=mm&r=g\",\"contentUrl\":\"https:\/\/secure.gravatar.com\/avatar\/16a61e7272a0c5d001121ebb9e60e925d5816e4ac1e443ed3e640d9a6ae55d0c?s=96&d=mm&r=g\",\"caption\":\"US5\"},\"url\":\"https:\/\/veritasinfo.org\/?author=6\"}]}<\/script>\n<!-- \/ Yoast SEO plugin. -->","yoast_head_json":{"title":"Tirana bashkon shqiptar\u00ebt n\u00eb Samitin e Diaspor\u00ebs -","robots":{"index":"index","follow":"follow","max-snippet":"max-snippet:-1","max-image-preview":"max-image-preview:large","max-video-preview":"max-video-preview:-1"},"canonical":"https:\/\/veritasinfo.org\/?p=42840","og_locale":"en_US","og_type":"article","og_title":"Tirana bashkon shqiptar\u00ebt n\u00eb Samitin e Diaspor\u00ebs -","og_description":"Prishtin\u00eb 13 Prill 2026 9:09 Tirana do t\u00eb jet\u00eb nikoqire e nj\u00eb nga ngjarjeve m\u00eb t\u00eb m\u00ebdha komb\u00ebtare. Samiti i kat\u00ebrt i Diaspor\u00ebs, synon bashkimin","og_url":"https:\/\/veritasinfo.org\/?p=42840","article_published_time":"2026-04-13T07:10:03+00:00","og_image":[{"width":640,"height":386,"url":"https:\/\/veritasinfo.org\/wp-content\/uploads\/2026\/04\/Samiti-i-Diaspores.jpg","type":"image\/jpeg"}],"author":"US5","twitter_card":"summary_large_image","twitter_misc":{"Written by":"US5","Est. reading time":"1 minute"},"schema":{"@context":"https:\/\/schema.org","@graph":[{"@type":"WebPage","@id":"https:\/\/veritasinfo.org\/?p=42840","url":"https:\/\/veritasinfo.org\/?p=42840","name":"Tirana bashkon shqiptar\u00ebt n\u00eb Samitin e Diaspor\u00ebs -","isPartOf":{"@id":"https:\/\/veritasinfo.org\/#website"},"primaryImageOfPage":{"@id":"https:\/\/veritasinfo.org\/?p=42840#primaryimage"},"image":{"@id":"https:\/\/veritasinfo.org\/?p=42840#primaryimage"},"thumbnailUrl":"https:\/\/veritasinfo.org\/wp-content\/uploads\/2026\/04\/Samiti-i-Diaspores.jpg","datePublished":"2026-04-13T07:10:03+00:00","author":{"@id":"https:\/\/veritasinfo.org\/#\/schema\/person\/bc442336e35414d04494ab8fb45db4c6"},"breadcrumb":{"@id":"https:\/\/veritasinfo.org\/?p=42840#breadcrumb"},"inLanguage":"en-US","potentialAction":[{"@type":"ReadAction","target":["https:\/\/veritasinfo.org\/?p=42840"]}]},{"@type":"ImageObject","inLanguage":"en-US","@id":"https:\/\/veritasinfo.org\/?p=42840#primaryimage","url":"https:\/\/veritasinfo.org\/wp-content\/uploads\/2026\/04\/Samiti-i-Diaspores.jpg","contentUrl":"https:\/\/veritasinfo.org\/wp-content\/uploads\/2026\/04\/Samiti-i-Diaspores.jpg","width":640,"height":386},{"@type":"BreadcrumbList","@id":"https:\/\/veritasinfo.org\/?p=42840#breadcrumb","itemListElement":[{"@type":"ListItem","position":1,"name":"Home","item":"https:\/\/veritasinfo.org\/"},{"@type":"ListItem","position":2,"name":"Tirana bashkon shqiptar\u00ebt n\u00eb Samitin e Diaspor\u00ebs"}]},{"@type":"WebSite","@id":"https:\/\/veritasinfo.org\/#website","url":"https:\/\/veritasinfo.org\/","name":"","description":"","potentialAction":[{"@type":"SearchAction","target":{"@type":"EntryPoint","urlTemplate":"https:\/\/veritasinfo.org\/?s={search_term_string}"},"query-input":{"@type":"PropertyValueSpecification","valueRequired":true,"valueName":"search_term_string"}}],"inLanguage":"en-US"},{"@type":"Person","@id":"https:\/\/veritasinfo.org\/#\/schema\/person\/bc442336e35414d04494ab8fb45db4c6","name":"US5","image":{"@type":"ImageObject","inLanguage":"en-US","@id":"https:\/\/veritasinfo.org\/#\/schema\/person\/image\/","url":"https:\/\/secure.gravatar.com\/avatar\/16a61e7272a0c5d001121ebb9e60e925d5816e4ac1e443ed3e640d9a6ae55d0c?s=96&d=mm&r=g","contentUrl":"https:\/\/secure.gravatar.com\/avatar\/16a61e7272a0c5d001121ebb9e60e925d5816e4ac1e443ed3e640d9a6ae55d0c?s=96&d=mm&r=g","caption":"US5"},"url":"https:\/\/veritasinfo.org\/?author=6"}]}},"featured_image_urls":{"full":["https:\/\/veritasinfo.org\/wp-content\/uploads\/2026\/04\/Samiti-i-Diaspores.jpg",640,386,false],"thumbnail":["https:\/\/veritasinfo.org\/wp-content\/uploads\/2026\/04\/Samiti-i-Diaspores-150x150.jpg",150,150,true],"medium":["https:\/\/veritasinfo.org\/wp-content\/uploads\/2026\/04\/Samiti-i-Diaspores-300x181.jpg",300,181,true],"medium_large":["https:\/\/veritasinfo.org\/wp-content\/uploads\/2026\/04\/Samiti-i-Diaspores.jpg",640,386,false],"large":["https:\/\/veritasinfo.org\/wp-content\/uploads\/2026\/04\/Samiti-i-Diaspores.jpg",640,386,false],"1536x1536":["https:\/\/veritasinfo.org\/wp-content\/uploads\/2026\/04\/Samiti-i-Diaspores.jpg",640,386,false],"2048x2048":["https:\/\/veritasinfo.org\/wp-content\/uploads\/2026\/04\/Samiti-i-Diaspores.jpg",640,386,false],"kreeti-slider-full":["https:\/\/veritasinfo.org\/wp-content\/uploads\/2026\/04\/Samiti-i-Diaspores.jpg",640,386,false],"kreeti-featured":["https:\/\/veritasinfo.org\/wp-content\/uploads\/2026\/04\/Samiti-i-Diaspores.jpg",640,386,false],"kreeti-medium":["https:\/\/veritasinfo.org\/wp-content\/uploads\/2026\/04\/Samiti-i-Diaspores.jpg",640,386,false],"kreeti-medium-square":["https:\/\/veritasinfo.org\/wp-content\/uploads\/2026\/04\/Samiti-i-Diaspores-350x350.jpg",350,350,true]},"author_info":{"info":["US5"]},"category_info":"<a href=\"https:\/\/veritasinfo.org\/?cat=60\" rel=\"category\">Shoq\u00ebrore<\/a>","tag_info":"Shoq\u00ebrore","comment_count":"0","_links":{"self":[{"href":"https:\/\/veritasinfo.org\/index.php?rest_route=\/wp\/v2\/posts\/42840","targetHints":{"allow":["GET"]}}],"collection":[{"href":"https:\/\/veritasinfo.org\/index.php?rest_route=\/wp\/v2\/posts"}],"about":[{"href":"https:\/\/veritasinfo.org\/index.php?rest_route=\/wp\/v2\/types\/post"}],"author":[{"embeddable":true,"href":"https:\/\/veritasinfo.org\/index.php?rest_route=\/wp\/v2\/users\/6"}],"replies":[{"embeddable":true,"href":"https:\/\/veritasinfo.org\/index.php?rest_route=%2Fwp%2Fv2%2Fcomments&post=42840"}],"version-history":[{"count":2,"href":"https:\/\/veritasinfo.org\/index.php?rest_route=\/wp\/v2\/posts\/42840\/revisions"}],"predecessor-version":[{"id":42843,"href":"https:\/\/veritasinfo.org\/index.php?rest_route=\/wp\/v2\/posts\/42840\/revisions\/42843"}],"wp:featuredmedia":[{"embeddable":true,"href":"https:\/\/veritasinfo.org\/index.php?rest_route=\/wp\/v2\/media\/42841"}],"wp:attachment":[{"href":"https:\/\/veritasinfo.org\/index.php?rest_route=%2Fwp%2Fv2%2Fmedia&parent=42840"}],"wp:term":[{"taxonomy":"category","embeddable":true,"href":"https:\/\/veritasinfo.org\/index.php?rest_route=%2Fwp%2Fv2%2Fcategories&post=42840"},{"taxonomy":"post_tag","embeddable":true,"href":"https:\/\/veritasinfo.org\/index.php?rest_route=%2Fwp%2Fv2%2Ftags&post=42840"}],"curies":[{"name":"wp","href":"https:\/\/api.w.org\/{rel}","templated":true}]}}