{"id":42831,"date":"2026-04-13T09:06:27","date_gmt":"2026-04-13T07:06:27","guid":{"rendered":"https:\/\/veritasinfo.org\/?p=42831"},"modified":"2026-04-13T09:06:27","modified_gmt":"2026-04-13T07:06:27","slug":"27-vjet-nga-renia-e-deshmoreve-dhe-martireve-ne-doganaj-te-kacanikut","status":"publish","type":"post","link":"https:\/\/veritasinfo.org\/?p=42831","title":{"rendered":"27-vjet nga r\u00ebnia e d\u00ebshmor\u00ebve dhe martir\u00ebve n\u00eb Doganaj t\u00eb Ka\u00e7anikut"},"content":{"rendered":"<p>Prishtin\u00eb 13 Prill 2026<\/p>\n<p>M\u00eb 13 prill 1999, forcat serbe kishin rrethuar lagjen e Vat\u00ebs dhe fshatin Sllatin\u00eb.<\/p>\n<p>Me rastin e 27-vjetorit t\u00eb r\u00ebnies s\u00eb d\u00ebshmor\u00ebve dhe martir\u00ebve n\u00eb fshatin Doganaj, Organizata e Veteran\u00ebve t\u00eb Luft\u00ebs s\u00eb U\u00c7K-s\u00eb, dega n\u00eb Ka\u00e7anik, dhe K\u00ebshilli Organizues, n\u00ebn p\u00ebrkrahjen e Komun\u00ebs s\u00eb Ka\u00e7anikut, organizojn\u00eb manifestim p\u00ebrkujtimor.<\/p>\n<p>Pas manifestimit p\u00ebrkujtimor, do t\u00eb b\u00ebhet vendosja e luleve n\u00eb vendin e r\u00ebnies, pran\u00eb lapidarit t\u00eb ngritur, si dhe do t\u00eb b\u00ebhen homazhe n\u00eb Kompleksin Memorial te Varrezat e D\u00ebshmor\u00ebve.<\/p>\n<p>Pas nj\u00eb bresh\u00ebrie t\u00eb pam\u00ebshirshme granatash, ato hyn\u00eb me eg\u00ebrsi, pla\u00e7kit\u00ebn dhe dogj\u00ebn sht\u00ebpit\u00eb, duke vrar\u00eb mizorisht 13 shqiptar\u00eb t\u00eb paarmatosur dhe t\u00eb pafajsh\u00ebm.<\/p>\n","protected":false},"excerpt":{"rendered":"<p>Prishtin\u00eb 13 Prill 2026 M\u00eb 13 prill 1999, forcat serbe kishin rrethuar lagjen e Vat\u00ebs dhe fshatin Sllatin\u00eb. Me rastin e 27-vjetorit t\u00eb r\u00ebnies s\u00eb<\/p>\n","protected":false},"author":6,"featured_media":42832,"comment_status":"open","ping_status":"open","sticky":false,"template":"","format":"standard","meta":{"footnotes":""},"categories":[60],"tags":[],"class_list":["post-42831","post","type-post","status-publish","format-standard","has-post-thumbnail","hentry","category-shoqerore-sq"],"yoast_head":"<!-- This site is optimized with the Yoast SEO plugin v25.3.1 - https:\/\/yoast.com\/wordpress\/plugins\/seo\/ -->\n<title>27-vjet nga r\u00ebnia e d\u00ebshmor\u00ebve dhe martir\u00ebve n\u00eb Doganaj t\u00eb Ka\u00e7anikut -<\/title>\n<meta name=\"robots\" content=\"index, follow, max-snippet:-1, max-image-preview:large, max-video-preview:-1\" \/>\n<link rel=\"canonical\" href=\"https:\/\/veritasinfo.org\/?p=42831\" \/>\n<meta property=\"og:locale\" content=\"en_US\" \/>\n<meta property=\"og:type\" content=\"article\" \/>\n<meta property=\"og:title\" content=\"27-vjet nga r\u00ebnia e d\u00ebshmor\u00ebve dhe martir\u00ebve n\u00eb Doganaj t\u00eb Ka\u00e7anikut -\" \/>\n<meta property=\"og:description\" content=\"Prishtin\u00eb 13 Prill 2026 M\u00eb 13 prill 1999, forcat serbe kishin rrethuar lagjen e Vat\u00ebs dhe fshatin Sllatin\u00eb. Me rastin e 27-vjetorit t\u00eb r\u00ebnies s\u00eb\" \/>\n<meta property=\"og:url\" content=\"https:\/\/veritasinfo.org\/?p=42831\" \/>\n<meta property=\"article:published_time\" content=\"2026-04-13T07:06:27+00:00\" \/>\n<meta property=\"og:image\" content=\"https:\/\/veritasinfo.org\/wp-content\/uploads\/2026\/04\/IMG-20260413-WA0017.jpg\" \/>\n\t<meta property=\"og:image:width\" content=\"600\" \/>\n\t<meta property=\"og:image:height\" content=\"360\" \/>\n\t<meta property=\"og:image:type\" content=\"image\/jpeg\" \/>\n<meta name=\"author\" content=\"US5\" \/>\n<meta name=\"twitter:card\" content=\"summary_large_image\" \/>\n<meta name=\"twitter:label1\" content=\"Written by\" \/>\n\t<meta name=\"twitter:data1\" content=\"US5\" \/>\n\t<meta name=\"twitter:label2\" content=\"Est. reading time\" \/>\n\t<meta name=\"twitter:data2\" content=\"1 minute\" \/>\n<script type=\"application\/ld+json\" class=\"yoast-schema-graph\">{\"@context\":\"https:\/\/schema.org\",\"@graph\":[{\"@type\":\"WebPage\",\"@id\":\"https:\/\/veritasinfo.org\/?p=42831\",\"url\":\"https:\/\/veritasinfo.org\/?p=42831\",\"name\":\"27-vjet nga r\u00ebnia e d\u00ebshmor\u00ebve dhe martir\u00ebve n\u00eb Doganaj t\u00eb Ka\u00e7anikut -\",\"isPartOf\":{\"@id\":\"https:\/\/veritasinfo.org\/#website\"},\"primaryImageOfPage\":{\"@id\":\"https:\/\/veritasinfo.org\/?p=42831#primaryimage\"},\"image\":{\"@id\":\"https:\/\/veritasinfo.org\/?p=42831#primaryimage\"},\"thumbnailUrl\":\"https:\/\/veritasinfo.org\/wp-content\/uploads\/2026\/04\/IMG-20260413-WA0017.jpg\",\"datePublished\":\"2026-04-13T07:06:27+00:00\",\"author\":{\"@id\":\"https:\/\/veritasinfo.org\/#\/schema\/person\/bc442336e35414d04494ab8fb45db4c6\"},\"breadcrumb\":{\"@id\":\"https:\/\/veritasinfo.org\/?p=42831#breadcrumb\"},\"inLanguage\":\"en-US\",\"potentialAction\":[{\"@type\":\"ReadAction\",\"target\":[\"https:\/\/veritasinfo.org\/?p=42831\"]}]},{\"@type\":\"ImageObject\",\"inLanguage\":\"en-US\",\"@id\":\"https:\/\/veritasinfo.org\/?p=42831#primaryimage\",\"url\":\"https:\/\/veritasinfo.org\/wp-content\/uploads\/2026\/04\/IMG-20260413-WA0017.jpg\",\"contentUrl\":\"https:\/\/veritasinfo.org\/wp-content\/uploads\/2026\/04\/IMG-20260413-WA0017.jpg\",\"width\":600,\"height\":360},{\"@type\":\"BreadcrumbList\",\"@id\":\"https:\/\/veritasinfo.org\/?p=42831#breadcrumb\",\"itemListElement\":[{\"@type\":\"ListItem\",\"position\":1,\"name\":\"Home\",\"item\":\"https:\/\/veritasinfo.org\/\"},{\"@type\":\"ListItem\",\"position\":2,\"name\":\"27-vjet nga r\u00ebnia e d\u00ebshmor\u00ebve dhe martir\u00ebve n\u00eb Doganaj t\u00eb Ka\u00e7anikut\"}]},{\"@type\":\"WebSite\",\"@id\":\"https:\/\/veritasinfo.org\/#website\",\"url\":\"https:\/\/veritasinfo.org\/\",\"name\":\"\",\"description\":\"\",\"potentialAction\":[{\"@type\":\"SearchAction\",\"target\":{\"@type\":\"EntryPoint\",\"urlTemplate\":\"https:\/\/veritasinfo.org\/?s={search_term_string}\"},\"query-input\":{\"@type\":\"PropertyValueSpecification\",\"valueRequired\":true,\"valueName\":\"search_term_string\"}}],\"inLanguage\":\"en-US\"},{\"@type\":\"Person\",\"@id\":\"https:\/\/veritasinfo.org\/#\/schema\/person\/bc442336e35414d04494ab8fb45db4c6\",\"name\":\"US5\",\"image\":{\"@type\":\"ImageObject\",\"inLanguage\":\"en-US\",\"@id\":\"https:\/\/veritasinfo.org\/#\/schema\/person\/image\/\",\"url\":\"https:\/\/secure.gravatar.com\/avatar\/16a61e7272a0c5d001121ebb9e60e925d5816e4ac1e443ed3e640d9a6ae55d0c?s=96&d=mm&r=g\",\"contentUrl\":\"https:\/\/secure.gravatar.com\/avatar\/16a61e7272a0c5d001121ebb9e60e925d5816e4ac1e443ed3e640d9a6ae55d0c?s=96&d=mm&r=g\",\"caption\":\"US5\"},\"url\":\"https:\/\/veritasinfo.org\/?author=6\"}]}<\/script>\n<!-- \/ Yoast SEO plugin. -->","yoast_head_json":{"title":"27-vjet nga r\u00ebnia e d\u00ebshmor\u00ebve dhe martir\u00ebve n\u00eb Doganaj t\u00eb Ka\u00e7anikut -","robots":{"index":"index","follow":"follow","max-snippet":"max-snippet:-1","max-image-preview":"max-image-preview:large","max-video-preview":"max-video-preview:-1"},"canonical":"https:\/\/veritasinfo.org\/?p=42831","og_locale":"en_US","og_type":"article","og_title":"27-vjet nga r\u00ebnia e d\u00ebshmor\u00ebve dhe martir\u00ebve n\u00eb Doganaj t\u00eb Ka\u00e7anikut -","og_description":"Prishtin\u00eb 13 Prill 2026 M\u00eb 13 prill 1999, forcat serbe kishin rrethuar lagjen e Vat\u00ebs dhe fshatin Sllatin\u00eb. Me rastin e 27-vjetorit t\u00eb r\u00ebnies s\u00eb","og_url":"https:\/\/veritasinfo.org\/?p=42831","article_published_time":"2026-04-13T07:06:27+00:00","og_image":[{"width":600,"height":360,"url":"https:\/\/veritasinfo.org\/wp-content\/uploads\/2026\/04\/IMG-20260413-WA0017.jpg","type":"image\/jpeg"}],"author":"US5","twitter_card":"summary_large_image","twitter_misc":{"Written by":"US5","Est. reading time":"1 minute"},"schema":{"@context":"https:\/\/schema.org","@graph":[{"@type":"WebPage","@id":"https:\/\/veritasinfo.org\/?p=42831","url":"https:\/\/veritasinfo.org\/?p=42831","name":"27-vjet nga r\u00ebnia e d\u00ebshmor\u00ebve dhe martir\u00ebve n\u00eb Doganaj t\u00eb Ka\u00e7anikut -","isPartOf":{"@id":"https:\/\/veritasinfo.org\/#website"},"primaryImageOfPage":{"@id":"https:\/\/veritasinfo.org\/?p=42831#primaryimage"},"image":{"@id":"https:\/\/veritasinfo.org\/?p=42831#primaryimage"},"thumbnailUrl":"https:\/\/veritasinfo.org\/wp-content\/uploads\/2026\/04\/IMG-20260413-WA0017.jpg","datePublished":"2026-04-13T07:06:27+00:00","author":{"@id":"https:\/\/veritasinfo.org\/#\/schema\/person\/bc442336e35414d04494ab8fb45db4c6"},"breadcrumb":{"@id":"https:\/\/veritasinfo.org\/?p=42831#breadcrumb"},"inLanguage":"en-US","potentialAction":[{"@type":"ReadAction","target":["https:\/\/veritasinfo.org\/?p=42831"]}]},{"@type":"ImageObject","inLanguage":"en-US","@id":"https:\/\/veritasinfo.org\/?p=42831#primaryimage","url":"https:\/\/veritasinfo.org\/wp-content\/uploads\/2026\/04\/IMG-20260413-WA0017.jpg","contentUrl":"https:\/\/veritasinfo.org\/wp-content\/uploads\/2026\/04\/IMG-20260413-WA0017.jpg","width":600,"height":360},{"@type":"BreadcrumbList","@id":"https:\/\/veritasinfo.org\/?p=42831#breadcrumb","itemListElement":[{"@type":"ListItem","position":1,"name":"Home","item":"https:\/\/veritasinfo.org\/"},{"@type":"ListItem","position":2,"name":"27-vjet nga r\u00ebnia e d\u00ebshmor\u00ebve dhe martir\u00ebve n\u00eb Doganaj t\u00eb Ka\u00e7anikut"}]},{"@type":"WebSite","@id":"https:\/\/veritasinfo.org\/#website","url":"https:\/\/veritasinfo.org\/","name":"","description":"","potentialAction":[{"@type":"SearchAction","target":{"@type":"EntryPoint","urlTemplate":"https:\/\/veritasinfo.org\/?s={search_term_string}"},"query-input":{"@type":"PropertyValueSpecification","valueRequired":true,"valueName":"search_term_string"}}],"inLanguage":"en-US"},{"@type":"Person","@id":"https:\/\/veritasinfo.org\/#\/schema\/person\/bc442336e35414d04494ab8fb45db4c6","name":"US5","image":{"@type":"ImageObject","inLanguage":"en-US","@id":"https:\/\/veritasinfo.org\/#\/schema\/person\/image\/","url":"https:\/\/secure.gravatar.com\/avatar\/16a61e7272a0c5d001121ebb9e60e925d5816e4ac1e443ed3e640d9a6ae55d0c?s=96&d=mm&r=g","contentUrl":"https:\/\/secure.gravatar.com\/avatar\/16a61e7272a0c5d001121ebb9e60e925d5816e4ac1e443ed3e640d9a6ae55d0c?s=96&d=mm&r=g","caption":"US5"},"url":"https:\/\/veritasinfo.org\/?author=6"}]}},"featured_image_urls":{"full":["https:\/\/veritasinfo.org\/wp-content\/uploads\/2026\/04\/IMG-20260413-WA0017.jpg",600,360,false],"thumbnail":["https:\/\/veritasinfo.org\/wp-content\/uploads\/2026\/04\/IMG-20260413-WA0017-150x150.jpg",150,150,true],"medium":["https:\/\/veritasinfo.org\/wp-content\/uploads\/2026\/04\/IMG-20260413-WA0017-300x180.jpg",300,180,true],"medium_large":["https:\/\/veritasinfo.org\/wp-content\/uploads\/2026\/04\/IMG-20260413-WA0017.jpg",600,360,false],"large":["https:\/\/veritasinfo.org\/wp-content\/uploads\/2026\/04\/IMG-20260413-WA0017.jpg",600,360,false],"1536x1536":["https:\/\/veritasinfo.org\/wp-content\/uploads\/2026\/04\/IMG-20260413-WA0017.jpg",600,360,false],"2048x2048":["https:\/\/veritasinfo.org\/wp-content\/uploads\/2026\/04\/IMG-20260413-WA0017.jpg",600,360,false],"kreeti-slider-full":["https:\/\/veritasinfo.org\/wp-content\/uploads\/2026\/04\/IMG-20260413-WA0017.jpg",600,360,false],"kreeti-featured":["https:\/\/veritasinfo.org\/wp-content\/uploads\/2026\/04\/IMG-20260413-WA0017.jpg",600,360,false],"kreeti-medium":["https:\/\/veritasinfo.org\/wp-content\/uploads\/2026\/04\/IMG-20260413-WA0017.jpg",600,360,false],"kreeti-medium-square":["https:\/\/veritasinfo.org\/wp-content\/uploads\/2026\/04\/IMG-20260413-WA0017-350x350.jpg",350,350,true]},"author_info":{"info":["US5"]},"category_info":"<a href=\"https:\/\/veritasinfo.org\/?cat=60\" rel=\"category\">Shoq\u00ebrore<\/a>","tag_info":"Shoq\u00ebrore","comment_count":"0","_links":{"self":[{"href":"https:\/\/veritasinfo.org\/index.php?rest_route=\/wp\/v2\/posts\/42831","targetHints":{"allow":["GET"]}}],"collection":[{"href":"https:\/\/veritasinfo.org\/index.php?rest_route=\/wp\/v2\/posts"}],"about":[{"href":"https:\/\/veritasinfo.org\/index.php?rest_route=\/wp\/v2\/types\/post"}],"author":[{"embeddable":true,"href":"https:\/\/veritasinfo.org\/index.php?rest_route=\/wp\/v2\/users\/6"}],"replies":[{"embeddable":true,"href":"https:\/\/veritasinfo.org\/index.php?rest_route=%2Fwp%2Fv2%2Fcomments&post=42831"}],"version-history":[{"count":2,"href":"https:\/\/veritasinfo.org\/index.php?rest_route=\/wp\/v2\/posts\/42831\/revisions"}],"predecessor-version":[{"id":42834,"href":"https:\/\/veritasinfo.org\/index.php?rest_route=\/wp\/v2\/posts\/42831\/revisions\/42834"}],"wp:featuredmedia":[{"embeddable":true,"href":"https:\/\/veritasinfo.org\/index.php?rest_route=\/wp\/v2\/media\/42832"}],"wp:attachment":[{"href":"https:\/\/veritasinfo.org\/index.php?rest_route=%2Fwp%2Fv2%2Fmedia&parent=42831"}],"wp:term":[{"taxonomy":"category","embeddable":true,"href":"https:\/\/veritasinfo.org\/index.php?rest_route=%2Fwp%2Fv2%2Fcategories&post=42831"},{"taxonomy":"post_tag","embeddable":true,"href":"https:\/\/veritasinfo.org\/index.php?rest_route=%2Fwp%2Fv2%2Ftags&post=42831"}],"curies":[{"name":"wp","href":"https:\/\/api.w.org\/{rel}","templated":true}]}}