{"id":42800,"date":"2026-04-12T19:29:30","date_gmt":"2026-04-12T17:29:30","guid":{"rendered":"https:\/\/veritasinfo.org\/?p=42800"},"modified":"2026-04-12T19:29:30","modified_gmt":"2026-04-12T17:29:30","slug":"nedostatak-demokratije-i-vladavine-prava-u-srbiji-eu-razmatra-smanjenje-finansiranja-od-15-milijardi-evra","status":"publish","type":"post","link":"https:\/\/veritasinfo.org\/?p=42800&lang=sr","title":{"rendered":"Nedostatak demokratije i vladavine prava u Srbiji, EU razmatra smanjenje finansiranja od 1,5 milijardi evra"},"content":{"rendered":"<p>Pri\u0161tina, 12. april 2026. 19:22<\/p>\n<p>Britanska poslanica Ali\u0161a Kerns reagovala je na izve\u0161taje da Evropska unija razmatra smanjenje finansiranja za Srbiju do 1,5 milijardi evra, zbog zabrinutosti u vezi sa demokratijom i vladavinom prava.<\/p>\n<p>U objavi na dru\u0161tvenoj mre\u017ei X, Kerns je rekla da se \u201eBrisel kona\u010dno budi\u201c zbog situacije u Srbiji, isti\u010duc\u0301i da su sloboda medija i vladavina prava u opadanju.<\/p>\n<p>\u201eBrisel se kona\u010dno budi zbog spore smrti slobode medija i vladavine prava u Srbiji\u201c, napisala je.<\/p>\n<p>Dodala je da akcije moraju imati posledice i da za\u0161tita slobode \u0161tampe treba da bude nepregovarajuc\u0301a za zemlje koje te\u017ee evropskim integracijama.<\/p>\n<p>\u201eAkcije imaju posledice, a za\u0161tita slobode \u0161tampe mora biti nepregovarajuc\u0301a na pragu Evrope, a kamoli za bilo kakvo buduc\u0301e \u010dlanstvo\u201c, naglasila je Kerns.<\/p>\n<p>Evropska komisija navodno razmatra smanjenje finansiranja za Srbiju, navodec\u0301i zabrinutost zbog njenog demokratskog razvoja i bliskih veza sa Rusijom.<\/p>\n<p>Ako se sprovede, ovo bi bio jedan od najvec\u0301ih finansijskih udaraca na Beograd od strane Brisela poslednjih godina, \u0161to odra\u017eava sve vec\u0301i pritisak Evropske unije da se po\u0161tuju demokratski standardi.<\/p>\n<p>Plan rasta EU za Zapadni Balkan usvojila je Evropska komisija krajem 2023. godine, a cilj mu je ja\u010danje procesa pristupanja regiona EU, kao i podsticanje reformi i regionalne saradnje.<\/p>\n<p>Srbija je vec\u0301 dobila oko 50 miliona evra manje zbog neispunjavanja svojih obaveza iz plana.<\/p>\n<p>U me\u0111uvremenu, Srbija \u010detiri godine nije otvorila nijedno novo poglavlje u pregovorima o \u010dlanstvu u EU.<\/p>\n","protected":false},"excerpt":{"rendered":"<p>Pri\u0161tina, 12. april 2026. 19:22 Britanska poslanica Ali\u0161a Kerns reagovala je na izve\u0161taje da Evropska unija razmatra smanjenje finansiranja za Srbiju do 1,5 milijardi evra,<\/p>\n","protected":false},"author":7,"featured_media":42801,"comment_status":"open","ping_status":"open","sticky":false,"template":"","format":"standard","meta":{"footnotes":""},"categories":[28],"tags":[],"class_list":["post-42800","post","type-post","status-publish","format-standard","has-post-thumbnail","hentry","category-politika"],"yoast_head":"<!-- This site is optimized with the Yoast SEO plugin v25.3.1 - https:\/\/yoast.com\/wordpress\/plugins\/seo\/ -->\n<title>Nedostatak demokratije i vladavine prava u Srbiji, EU razmatra smanjenje finansiranja od 1,5 milijardi evra -<\/title>\n<meta name=\"robots\" content=\"index, follow, max-snippet:-1, max-image-preview:large, max-video-preview:-1\" \/>\n<link rel=\"canonical\" href=\"https:\/\/veritasinfo.org\/?p=42800&lang=sr\" \/>\n<meta property=\"og:locale\" content=\"en_US\" \/>\n<meta property=\"og:type\" content=\"article\" \/>\n<meta property=\"og:title\" content=\"Nedostatak demokratije i vladavine prava u Srbiji, EU razmatra smanjenje finansiranja od 1,5 milijardi evra -\" \/>\n<meta property=\"og:description\" content=\"Pri\u0161tina, 12. april 2026. 19:22 Britanska poslanica Ali\u0161a Kerns reagovala je na izve\u0161taje da Evropska unija razmatra smanjenje finansiranja za Srbiju do 1,5 milijardi evra,\" \/>\n<meta property=\"og:url\" content=\"https:\/\/veritasinfo.org\/?p=42800&amp;lang=sr\" \/>\n<meta property=\"article:published_time\" content=\"2026-04-12T17:29:30+00:00\" \/>\n<meta property=\"og:image\" content=\"https:\/\/veritasinfo.org\/wp-content\/uploads\/2026\/04\/1-38.jpg\" \/>\n\t<meta property=\"og:image:width\" content=\"822\" \/>\n\t<meta property=\"og:image:height\" content=\"476\" \/>\n\t<meta property=\"og:image:type\" content=\"image\/jpeg\" \/>\n<meta name=\"author\" content=\"US6\" \/>\n<meta name=\"twitter:card\" content=\"summary_large_image\" \/>\n<meta name=\"twitter:label1\" content=\"Written by\" \/>\n\t<meta name=\"twitter:data1\" content=\"US6\" \/>\n\t<meta name=\"twitter:label2\" content=\"Est. reading time\" \/>\n\t<meta name=\"twitter:data2\" content=\"2 minutes\" \/>\n<script type=\"application\/ld+json\" class=\"yoast-schema-graph\">{\"@context\":\"https:\/\/schema.org\",\"@graph\":[{\"@type\":\"WebPage\",\"@id\":\"https:\/\/veritasinfo.org\/?p=42800&lang=sr\",\"url\":\"https:\/\/veritasinfo.org\/?p=42800&lang=sr\",\"name\":\"Nedostatak demokratije i vladavine prava u Srbiji, EU razmatra smanjenje finansiranja od 1,5 milijardi evra -\",\"isPartOf\":{\"@id\":\"https:\/\/veritasinfo.org\/#website\"},\"primaryImageOfPage\":{\"@id\":\"https:\/\/veritasinfo.org\/?p=42800&lang=sr#primaryimage\"},\"image\":{\"@id\":\"https:\/\/veritasinfo.org\/?p=42800&lang=sr#primaryimage\"},\"thumbnailUrl\":\"https:\/\/veritasinfo.org\/wp-content\/uploads\/2026\/04\/1-38.jpg\",\"datePublished\":\"2026-04-12T17:29:30+00:00\",\"author\":{\"@id\":\"https:\/\/veritasinfo.org\/#\/schema\/person\/fe199eede04c3937362892b7444747cc\"},\"breadcrumb\":{\"@id\":\"https:\/\/veritasinfo.org\/?p=42800&lang=sr#breadcrumb\"},\"inLanguage\":\"en-US\",\"potentialAction\":[{\"@type\":\"ReadAction\",\"target\":[\"https:\/\/veritasinfo.org\/?p=42800&lang=sr\"]}]},{\"@type\":\"ImageObject\",\"inLanguage\":\"en-US\",\"@id\":\"https:\/\/veritasinfo.org\/?p=42800&lang=sr#primaryimage\",\"url\":\"https:\/\/veritasinfo.org\/wp-content\/uploads\/2026\/04\/1-38.jpg\",\"contentUrl\":\"https:\/\/veritasinfo.org\/wp-content\/uploads\/2026\/04\/1-38.jpg\",\"width\":822,\"height\":476},{\"@type\":\"BreadcrumbList\",\"@id\":\"https:\/\/veritasinfo.org\/?p=42800&lang=sr#breadcrumb\",\"itemListElement\":[{\"@type\":\"ListItem\",\"position\":1,\"name\":\"Home\",\"item\":\"https:\/\/veritasinfo.org\/\"},{\"@type\":\"ListItem\",\"position\":2,\"name\":\"Nedostatak demokratije i vladavine prava u Srbiji, EU razmatra smanjenje finansiranja od 1,5 milijardi evra\"}]},{\"@type\":\"WebSite\",\"@id\":\"https:\/\/veritasinfo.org\/#website\",\"url\":\"https:\/\/veritasinfo.org\/\",\"name\":\"\",\"description\":\"\",\"potentialAction\":[{\"@type\":\"SearchAction\",\"target\":{\"@type\":\"EntryPoint\",\"urlTemplate\":\"https:\/\/veritasinfo.org\/?s={search_term_string}\"},\"query-input\":{\"@type\":\"PropertyValueSpecification\",\"valueRequired\":true,\"valueName\":\"search_term_string\"}}],\"inLanguage\":\"en-US\"},{\"@type\":\"Person\",\"@id\":\"https:\/\/veritasinfo.org\/#\/schema\/person\/fe199eede04c3937362892b7444747cc\",\"name\":\"US6\",\"image\":{\"@type\":\"ImageObject\",\"inLanguage\":\"en-US\",\"@id\":\"https:\/\/veritasinfo.org\/#\/schema\/person\/image\/\",\"url\":\"https:\/\/secure.gravatar.com\/avatar\/cb16c3c31c9d23b9b8c705964598220b3014e42ff51eb540ff23cefa3ae8c15f?s=96&d=mm&r=g\",\"contentUrl\":\"https:\/\/secure.gravatar.com\/avatar\/cb16c3c31c9d23b9b8c705964598220b3014e42ff51eb540ff23cefa3ae8c15f?s=96&d=mm&r=g\",\"caption\":\"US6\"},\"url\":\"https:\/\/veritasinfo.org\/?author=7\"}]}<\/script>\n<!-- \/ Yoast SEO plugin. -->","yoast_head_json":{"title":"Nedostatak demokratije i vladavine prava u Srbiji, EU razmatra smanjenje finansiranja od 1,5 milijardi evra -","robots":{"index":"index","follow":"follow","max-snippet":"max-snippet:-1","max-image-preview":"max-image-preview:large","max-video-preview":"max-video-preview:-1"},"canonical":"https:\/\/veritasinfo.org\/?p=42800&lang=sr","og_locale":"en_US","og_type":"article","og_title":"Nedostatak demokratije i vladavine prava u Srbiji, EU razmatra smanjenje finansiranja od 1,5 milijardi evra -","og_description":"Pri\u0161tina, 12. april 2026. 19:22 Britanska poslanica Ali\u0161a Kerns reagovala je na izve\u0161taje da Evropska unija razmatra smanjenje finansiranja za Srbiju do 1,5 milijardi evra,","og_url":"https:\/\/veritasinfo.org\/?p=42800&lang=sr","article_published_time":"2026-04-12T17:29:30+00:00","og_image":[{"width":822,"height":476,"url":"https:\/\/veritasinfo.org\/wp-content\/uploads\/2026\/04\/1-38.jpg","type":"image\/jpeg"}],"author":"US6","twitter_card":"summary_large_image","twitter_misc":{"Written by":"US6","Est. reading time":"2 minutes"},"schema":{"@context":"https:\/\/schema.org","@graph":[{"@type":"WebPage","@id":"https:\/\/veritasinfo.org\/?p=42800&lang=sr","url":"https:\/\/veritasinfo.org\/?p=42800&lang=sr","name":"Nedostatak demokratije i vladavine prava u Srbiji, EU razmatra smanjenje finansiranja od 1,5 milijardi evra -","isPartOf":{"@id":"https:\/\/veritasinfo.org\/#website"},"primaryImageOfPage":{"@id":"https:\/\/veritasinfo.org\/?p=42800&lang=sr#primaryimage"},"image":{"@id":"https:\/\/veritasinfo.org\/?p=42800&lang=sr#primaryimage"},"thumbnailUrl":"https:\/\/veritasinfo.org\/wp-content\/uploads\/2026\/04\/1-38.jpg","datePublished":"2026-04-12T17:29:30+00:00","author":{"@id":"https:\/\/veritasinfo.org\/#\/schema\/person\/fe199eede04c3937362892b7444747cc"},"breadcrumb":{"@id":"https:\/\/veritasinfo.org\/?p=42800&lang=sr#breadcrumb"},"inLanguage":"en-US","potentialAction":[{"@type":"ReadAction","target":["https:\/\/veritasinfo.org\/?p=42800&lang=sr"]}]},{"@type":"ImageObject","inLanguage":"en-US","@id":"https:\/\/veritasinfo.org\/?p=42800&lang=sr#primaryimage","url":"https:\/\/veritasinfo.org\/wp-content\/uploads\/2026\/04\/1-38.jpg","contentUrl":"https:\/\/veritasinfo.org\/wp-content\/uploads\/2026\/04\/1-38.jpg","width":822,"height":476},{"@type":"BreadcrumbList","@id":"https:\/\/veritasinfo.org\/?p=42800&lang=sr#breadcrumb","itemListElement":[{"@type":"ListItem","position":1,"name":"Home","item":"https:\/\/veritasinfo.org\/"},{"@type":"ListItem","position":2,"name":"Nedostatak demokratije i vladavine prava u Srbiji, EU razmatra smanjenje finansiranja od 1,5 milijardi evra"}]},{"@type":"WebSite","@id":"https:\/\/veritasinfo.org\/#website","url":"https:\/\/veritasinfo.org\/","name":"","description":"","potentialAction":[{"@type":"SearchAction","target":{"@type":"EntryPoint","urlTemplate":"https:\/\/veritasinfo.org\/?s={search_term_string}"},"query-input":{"@type":"PropertyValueSpecification","valueRequired":true,"valueName":"search_term_string"}}],"inLanguage":"en-US"},{"@type":"Person","@id":"https:\/\/veritasinfo.org\/#\/schema\/person\/fe199eede04c3937362892b7444747cc","name":"US6","image":{"@type":"ImageObject","inLanguage":"en-US","@id":"https:\/\/veritasinfo.org\/#\/schema\/person\/image\/","url":"https:\/\/secure.gravatar.com\/avatar\/cb16c3c31c9d23b9b8c705964598220b3014e42ff51eb540ff23cefa3ae8c15f?s=96&d=mm&r=g","contentUrl":"https:\/\/secure.gravatar.com\/avatar\/cb16c3c31c9d23b9b8c705964598220b3014e42ff51eb540ff23cefa3ae8c15f?s=96&d=mm&r=g","caption":"US6"},"url":"https:\/\/veritasinfo.org\/?author=7"}]}},"featured_image_urls":{"full":["https:\/\/veritasinfo.org\/wp-content\/uploads\/2026\/04\/1-38.jpg",822,476,false],"thumbnail":["https:\/\/veritasinfo.org\/wp-content\/uploads\/2026\/04\/1-38-150x150.jpg",150,150,true],"medium":["https:\/\/veritasinfo.org\/wp-content\/uploads\/2026\/04\/1-38-300x174.jpg",300,174,true],"medium_large":["https:\/\/veritasinfo.org\/wp-content\/uploads\/2026\/04\/1-38-768x445.jpg",640,371,true],"large":["https:\/\/veritasinfo.org\/wp-content\/uploads\/2026\/04\/1-38.jpg",640,371,false],"1536x1536":["https:\/\/veritasinfo.org\/wp-content\/uploads\/2026\/04\/1-38.jpg",822,476,false],"2048x2048":["https:\/\/veritasinfo.org\/wp-content\/uploads\/2026\/04\/1-38.jpg",822,476,false],"kreeti-slider-full":["https:\/\/veritasinfo.org\/wp-content\/uploads\/2026\/04\/1-38.jpg",822,476,false],"kreeti-featured":["https:\/\/veritasinfo.org\/wp-content\/uploads\/2026\/04\/1-38.jpg",822,476,false],"kreeti-medium":["https:\/\/veritasinfo.org\/wp-content\/uploads\/2026\/04\/1-38-720x476.jpg",720,476,true],"kreeti-medium-square":["https:\/\/veritasinfo.org\/wp-content\/uploads\/2026\/04\/1-38-350x350.jpg",350,350,true]},"author_info":{"info":["US6"]},"category_info":"<a href=\"https:\/\/veritasinfo.org\/?cat=28&#038;lang=sr\" rel=\"category\">Politika<\/a>","tag_info":"Politika","comment_count":"0","_links":{"self":[{"href":"https:\/\/veritasinfo.org\/index.php?rest_route=\/wp\/v2\/posts\/42800","targetHints":{"allow":["GET"]}}],"collection":[{"href":"https:\/\/veritasinfo.org\/index.php?rest_route=\/wp\/v2\/posts"}],"about":[{"href":"https:\/\/veritasinfo.org\/index.php?rest_route=\/wp\/v2\/types\/post"}],"author":[{"embeddable":true,"href":"https:\/\/veritasinfo.org\/index.php?rest_route=\/wp\/v2\/users\/7"}],"replies":[{"embeddable":true,"href":"https:\/\/veritasinfo.org\/index.php?rest_route=%2Fwp%2Fv2%2Fcomments&post=42800"}],"version-history":[{"count":1,"href":"https:\/\/veritasinfo.org\/index.php?rest_route=\/wp\/v2\/posts\/42800\/revisions"}],"predecessor-version":[{"id":42802,"href":"https:\/\/veritasinfo.org\/index.php?rest_route=\/wp\/v2\/posts\/42800\/revisions\/42802"}],"wp:featuredmedia":[{"embeddable":true,"href":"https:\/\/veritasinfo.org\/index.php?rest_route=\/wp\/v2\/media\/42801"}],"wp:attachment":[{"href":"https:\/\/veritasinfo.org\/index.php?rest_route=%2Fwp%2Fv2%2Fmedia&parent=42800"}],"wp:term":[{"taxonomy":"category","embeddable":true,"href":"https:\/\/veritasinfo.org\/index.php?rest_route=%2Fwp%2Fv2%2Fcategories&post=42800"},{"taxonomy":"post_tag","embeddable":true,"href":"https:\/\/veritasinfo.org\/index.php?rest_route=%2Fwp%2Fv2%2Ftags&post=42800"}],"curies":[{"name":"wp","href":"https:\/\/api.w.org\/{rel}","templated":true}]}}