{"id":42797,"date":"2026-04-12T19:28:11","date_gmt":"2026-04-12T17:28:11","guid":{"rendered":"https:\/\/veritasinfo.org\/?p=42797"},"modified":"2026-04-12T19:28:11","modified_gmt":"2026-04-12T17:28:11","slug":"mungese-e-demokracise-dhe-sundimit-te-ligjit-ne-serbi-be-shqyrton-mundesine-e-shkurtimit-te-1-5-miliarde-eurove-financim","status":"publish","type":"post","link":"https:\/\/veritasinfo.org\/?p=42797","title":{"rendered":"Munges\u00eb e demokracis\u00eb dhe sundimit t\u00eb ligjit n\u00eb Serbi, BE shqyrton mund\u00ebsin\u00eb e shkurtimit t\u00eb 1.5 miliard\u00eb eurove financim"},"content":{"rendered":"<p>Prishtin\u00eb, 12 prill 2026 19:22<\/p>\n<p>Deputetja britanike Alicia Kearns ka reaguar ndaj raportimeve se Bashkimi Evropian po shqyrton shkurtimin e deri n\u00eb 1.5 miliard\u00eb eurove financim p\u00ebr Serbin\u00eb, p\u00ebr shkak t\u00eb shqet\u00ebsimeve mbi demokracin\u00eb dhe sundimin e ligjit.<\/p>\n<p>N\u00eb nj\u00eb postim n\u00eb rrjetin social X, Kearns u shpreh se \u201cBrukseli m\u00eb n\u00eb fund po zgjohet\u201d ndaj situat\u00ebs n\u00eb Serbi, duke theksuar se liria e medias dhe shteti ligjor jan\u00eb n\u00eb r\u00ebnie.<\/p>\n<p>\u201cBrukseli m\u00eb n\u00eb fund po zgjohet ndaj vdekjes s\u00eb ngadalt\u00eb t\u00eb liris\u00eb s\u00eb medias dhe sundimit t\u00eb ligjit n\u00eb Serbi\u201d, ka shkruar ajo.<\/p>\n<p>Ajo shtoi se veprimet duhet t\u00eb ken\u00eb pasoja dhe se mbrojtja e liris\u00eb s\u00eb shtypit duhet t\u00eb jet\u00eb e panegociueshme p\u00ebr vendet q\u00eb synojn\u00eb integrimin evropian.<\/p>\n<p>\u201cVeprimet kan\u00eb pasoja, dhe mbrojtja e liris\u00eb s\u00eb shtypit duhet t\u00eb jet\u00eb e panegociueshme n\u00eb pragun e Evrop\u00ebs, e l\u00ebre m\u00eb p\u00ebr \u00e7do an\u00ebtar\u00ebsim t\u00eb ardhsh\u00ebm\u201d, theksoi Kearns.<\/p>\n<p>Sipas raportimeve, Komisioni Evropian po shqyrton mund\u00ebsin\u00eb e nd\u00ebrprerjes ose reduktimit t\u00eb fondeve p\u00ebr Serbin\u00eb, duke p\u00ebrmendur shqet\u00ebsime p\u00ebr zhvillimet demokratike dhe lidhjet e saj t\u00eb af\u00ebrta me Rusin\u00eb.<\/p>\n<p>N\u00ebse realizohet, kjo do t\u00eb p\u00ebrb\u00ebnte nj\u00eb nga goditjet m\u00eb t\u00eb m\u00ebdha financiare ndaj Beogradit nga Brukseli n\u00eb vitet e fundit, duke reflektuar rritjen e presionit t\u00eb Bashkimit Evropian p\u00ebr respektimin e standardeve demokratike.<\/p>\n<p>Plani i Rritjes i BE-s\u00eb p\u00ebr Ballkanin Per\u00ebndimor u miratua nga Komisioni Evropian n\u00eb fund t\u00eb vitit 2023, dhe synon forcimin e procesit t\u00eb afrimit t\u00eb rajonit me BE-n\u00eb, si dhe nxitjen e reformave dhe bashk\u00ebpunimit rajonal.<\/p>\n<p>P\u00ebr shkak t\u00eb mosp\u00ebrmbushjes s\u00eb detyrimeve q\u00eb parashikon ky plan, Serbia tashm\u00eb ka marr\u00eb rreth 50 milion\u00eb euro m\u00eb pak.<\/p>\n<p>Nd\u00ebrkaq, q\u00eb kat\u00ebr vjet, Serbia nuk ka hapur asnj\u00eb kapitull t\u00eb ri n\u00eb negociatat p\u00ebr an\u00ebtar\u00ebsim n\u00eb BE.<\/p>\n","protected":false},"excerpt":{"rendered":"<p>Prishtin\u00eb, 12 prill 2026 19:22 Deputetja britanike Alicia Kearns ka reaguar ndaj raportimeve se Bashkimi Evropian po shqyrton shkurtimin e deri n\u00eb 1.5 miliard\u00eb eurove<\/p>\n","protected":false},"author":7,"featured_media":42798,"comment_status":"open","ping_status":"open","sticky":false,"template":"","format":"standard","meta":{"footnotes":""},"categories":[58],"tags":[],"class_list":["post-42797","post","type-post","status-publish","format-standard","has-post-thumbnail","hentry","category-politike-sq"],"yoast_head":"<!-- This site is optimized with the Yoast SEO plugin v25.3.1 - https:\/\/yoast.com\/wordpress\/plugins\/seo\/ -->\n<title>Munges\u00eb e demokracis\u00eb dhe sundimit t\u00eb ligjit n\u00eb Serbi, BE shqyrton mund\u00ebsin\u00eb e shkurtimit t\u00eb 1.5 miliard\u00eb eurove financim -<\/title>\n<meta name=\"robots\" content=\"index, follow, max-snippet:-1, max-image-preview:large, max-video-preview:-1\" \/>\n<link rel=\"canonical\" href=\"https:\/\/veritasinfo.org\/?p=42797\" \/>\n<meta property=\"og:locale\" content=\"en_US\" \/>\n<meta property=\"og:type\" content=\"article\" \/>\n<meta property=\"og:title\" content=\"Munges\u00eb e demokracis\u00eb dhe sundimit t\u00eb ligjit n\u00eb Serbi, BE shqyrton mund\u00ebsin\u00eb e shkurtimit t\u00eb 1.5 miliard\u00eb eurove financim -\" \/>\n<meta property=\"og:description\" content=\"Prishtin\u00eb, 12 prill 2026 19:22 Deputetja britanike Alicia Kearns ka reaguar ndaj raportimeve se Bashkimi Evropian po shqyrton shkurtimin e deri n\u00eb 1.5 miliard\u00eb eurove\" \/>\n<meta property=\"og:url\" content=\"https:\/\/veritasinfo.org\/?p=42797\" \/>\n<meta property=\"article:published_time\" content=\"2026-04-12T17:28:11+00:00\" \/>\n<meta property=\"og:image\" content=\"https:\/\/veritasinfo.org\/wp-content\/uploads\/2026\/04\/1-37.jpg\" \/>\n\t<meta property=\"og:image:width\" content=\"822\" \/>\n\t<meta property=\"og:image:height\" content=\"476\" \/>\n\t<meta property=\"og:image:type\" content=\"image\/jpeg\" \/>\n<meta name=\"author\" content=\"US6\" \/>\n<meta name=\"twitter:card\" content=\"summary_large_image\" \/>\n<meta name=\"twitter:label1\" content=\"Written by\" \/>\n\t<meta name=\"twitter:data1\" content=\"US6\" \/>\n\t<meta name=\"twitter:label2\" content=\"Est. reading time\" \/>\n\t<meta name=\"twitter:data2\" content=\"2 minutes\" \/>\n<script type=\"application\/ld+json\" class=\"yoast-schema-graph\">{\"@context\":\"https:\/\/schema.org\",\"@graph\":[{\"@type\":\"WebPage\",\"@id\":\"https:\/\/veritasinfo.org\/?p=42797\",\"url\":\"https:\/\/veritasinfo.org\/?p=42797\",\"name\":\"Munges\u00eb e demokracis\u00eb dhe sundimit t\u00eb ligjit n\u00eb Serbi, BE shqyrton mund\u00ebsin\u00eb e shkurtimit t\u00eb 1.5 miliard\u00eb eurove financim -\",\"isPartOf\":{\"@id\":\"https:\/\/veritasinfo.org\/#website\"},\"primaryImageOfPage\":{\"@id\":\"https:\/\/veritasinfo.org\/?p=42797#primaryimage\"},\"image\":{\"@id\":\"https:\/\/veritasinfo.org\/?p=42797#primaryimage\"},\"thumbnailUrl\":\"https:\/\/veritasinfo.org\/wp-content\/uploads\/2026\/04\/1-37.jpg\",\"datePublished\":\"2026-04-12T17:28:11+00:00\",\"author\":{\"@id\":\"https:\/\/veritasinfo.org\/#\/schema\/person\/fe199eede04c3937362892b7444747cc\"},\"breadcrumb\":{\"@id\":\"https:\/\/veritasinfo.org\/?p=42797#breadcrumb\"},\"inLanguage\":\"en-US\",\"potentialAction\":[{\"@type\":\"ReadAction\",\"target\":[\"https:\/\/veritasinfo.org\/?p=42797\"]}]},{\"@type\":\"ImageObject\",\"inLanguage\":\"en-US\",\"@id\":\"https:\/\/veritasinfo.org\/?p=42797#primaryimage\",\"url\":\"https:\/\/veritasinfo.org\/wp-content\/uploads\/2026\/04\/1-37.jpg\",\"contentUrl\":\"https:\/\/veritasinfo.org\/wp-content\/uploads\/2026\/04\/1-37.jpg\",\"width\":822,\"height\":476},{\"@type\":\"BreadcrumbList\",\"@id\":\"https:\/\/veritasinfo.org\/?p=42797#breadcrumb\",\"itemListElement\":[{\"@type\":\"ListItem\",\"position\":1,\"name\":\"Home\",\"item\":\"https:\/\/veritasinfo.org\/\"},{\"@type\":\"ListItem\",\"position\":2,\"name\":\"Munges\u00eb e demokracis\u00eb dhe sundimit t\u00eb ligjit n\u00eb Serbi, BE shqyrton mund\u00ebsin\u00eb e shkurtimit t\u00eb 1.5 miliard\u00eb eurove financim\"}]},{\"@type\":\"WebSite\",\"@id\":\"https:\/\/veritasinfo.org\/#website\",\"url\":\"https:\/\/veritasinfo.org\/\",\"name\":\"\",\"description\":\"\",\"potentialAction\":[{\"@type\":\"SearchAction\",\"target\":{\"@type\":\"EntryPoint\",\"urlTemplate\":\"https:\/\/veritasinfo.org\/?s={search_term_string}\"},\"query-input\":{\"@type\":\"PropertyValueSpecification\",\"valueRequired\":true,\"valueName\":\"search_term_string\"}}],\"inLanguage\":\"en-US\"},{\"@type\":\"Person\",\"@id\":\"https:\/\/veritasinfo.org\/#\/schema\/person\/fe199eede04c3937362892b7444747cc\",\"name\":\"US6\",\"image\":{\"@type\":\"ImageObject\",\"inLanguage\":\"en-US\",\"@id\":\"https:\/\/veritasinfo.org\/#\/schema\/person\/image\/\",\"url\":\"https:\/\/secure.gravatar.com\/avatar\/cb16c3c31c9d23b9b8c705964598220b3014e42ff51eb540ff23cefa3ae8c15f?s=96&d=mm&r=g\",\"contentUrl\":\"https:\/\/secure.gravatar.com\/avatar\/cb16c3c31c9d23b9b8c705964598220b3014e42ff51eb540ff23cefa3ae8c15f?s=96&d=mm&r=g\",\"caption\":\"US6\"},\"url\":\"https:\/\/veritasinfo.org\/?author=7\"}]}<\/script>\n<!-- \/ Yoast SEO plugin. -->","yoast_head_json":{"title":"Munges\u00eb e demokracis\u00eb dhe sundimit t\u00eb ligjit n\u00eb Serbi, BE shqyrton mund\u00ebsin\u00eb e shkurtimit t\u00eb 1.5 miliard\u00eb eurove financim -","robots":{"index":"index","follow":"follow","max-snippet":"max-snippet:-1","max-image-preview":"max-image-preview:large","max-video-preview":"max-video-preview:-1"},"canonical":"https:\/\/veritasinfo.org\/?p=42797","og_locale":"en_US","og_type":"article","og_title":"Munges\u00eb e demokracis\u00eb dhe sundimit t\u00eb ligjit n\u00eb Serbi, BE shqyrton mund\u00ebsin\u00eb e shkurtimit t\u00eb 1.5 miliard\u00eb eurove financim -","og_description":"Prishtin\u00eb, 12 prill 2026 19:22 Deputetja britanike Alicia Kearns ka reaguar ndaj raportimeve se Bashkimi Evropian po shqyrton shkurtimin e deri n\u00eb 1.5 miliard\u00eb eurove","og_url":"https:\/\/veritasinfo.org\/?p=42797","article_published_time":"2026-04-12T17:28:11+00:00","og_image":[{"width":822,"height":476,"url":"https:\/\/veritasinfo.org\/wp-content\/uploads\/2026\/04\/1-37.jpg","type":"image\/jpeg"}],"author":"US6","twitter_card":"summary_large_image","twitter_misc":{"Written by":"US6","Est. reading time":"2 minutes"},"schema":{"@context":"https:\/\/schema.org","@graph":[{"@type":"WebPage","@id":"https:\/\/veritasinfo.org\/?p=42797","url":"https:\/\/veritasinfo.org\/?p=42797","name":"Munges\u00eb e demokracis\u00eb dhe sundimit t\u00eb ligjit n\u00eb Serbi, BE shqyrton mund\u00ebsin\u00eb e shkurtimit t\u00eb 1.5 miliard\u00eb eurove financim -","isPartOf":{"@id":"https:\/\/veritasinfo.org\/#website"},"primaryImageOfPage":{"@id":"https:\/\/veritasinfo.org\/?p=42797#primaryimage"},"image":{"@id":"https:\/\/veritasinfo.org\/?p=42797#primaryimage"},"thumbnailUrl":"https:\/\/veritasinfo.org\/wp-content\/uploads\/2026\/04\/1-37.jpg","datePublished":"2026-04-12T17:28:11+00:00","author":{"@id":"https:\/\/veritasinfo.org\/#\/schema\/person\/fe199eede04c3937362892b7444747cc"},"breadcrumb":{"@id":"https:\/\/veritasinfo.org\/?p=42797#breadcrumb"},"inLanguage":"en-US","potentialAction":[{"@type":"ReadAction","target":["https:\/\/veritasinfo.org\/?p=42797"]}]},{"@type":"ImageObject","inLanguage":"en-US","@id":"https:\/\/veritasinfo.org\/?p=42797#primaryimage","url":"https:\/\/veritasinfo.org\/wp-content\/uploads\/2026\/04\/1-37.jpg","contentUrl":"https:\/\/veritasinfo.org\/wp-content\/uploads\/2026\/04\/1-37.jpg","width":822,"height":476},{"@type":"BreadcrumbList","@id":"https:\/\/veritasinfo.org\/?p=42797#breadcrumb","itemListElement":[{"@type":"ListItem","position":1,"name":"Home","item":"https:\/\/veritasinfo.org\/"},{"@type":"ListItem","position":2,"name":"Munges\u00eb e demokracis\u00eb dhe sundimit t\u00eb ligjit n\u00eb Serbi, BE shqyrton mund\u00ebsin\u00eb e shkurtimit t\u00eb 1.5 miliard\u00eb eurove financim"}]},{"@type":"WebSite","@id":"https:\/\/veritasinfo.org\/#website","url":"https:\/\/veritasinfo.org\/","name":"","description":"","potentialAction":[{"@type":"SearchAction","target":{"@type":"EntryPoint","urlTemplate":"https:\/\/veritasinfo.org\/?s={search_term_string}"},"query-input":{"@type":"PropertyValueSpecification","valueRequired":true,"valueName":"search_term_string"}}],"inLanguage":"en-US"},{"@type":"Person","@id":"https:\/\/veritasinfo.org\/#\/schema\/person\/fe199eede04c3937362892b7444747cc","name":"US6","image":{"@type":"ImageObject","inLanguage":"en-US","@id":"https:\/\/veritasinfo.org\/#\/schema\/person\/image\/","url":"https:\/\/secure.gravatar.com\/avatar\/cb16c3c31c9d23b9b8c705964598220b3014e42ff51eb540ff23cefa3ae8c15f?s=96&d=mm&r=g","contentUrl":"https:\/\/secure.gravatar.com\/avatar\/cb16c3c31c9d23b9b8c705964598220b3014e42ff51eb540ff23cefa3ae8c15f?s=96&d=mm&r=g","caption":"US6"},"url":"https:\/\/veritasinfo.org\/?author=7"}]}},"featured_image_urls":{"full":["https:\/\/veritasinfo.org\/wp-content\/uploads\/2026\/04\/1-37.jpg",822,476,false],"thumbnail":["https:\/\/veritasinfo.org\/wp-content\/uploads\/2026\/04\/1-37-150x150.jpg",150,150,true],"medium":["https:\/\/veritasinfo.org\/wp-content\/uploads\/2026\/04\/1-37-300x174.jpg",300,174,true],"medium_large":["https:\/\/veritasinfo.org\/wp-content\/uploads\/2026\/04\/1-37-768x445.jpg",640,371,true],"large":["https:\/\/veritasinfo.org\/wp-content\/uploads\/2026\/04\/1-37.jpg",640,371,false],"1536x1536":["https:\/\/veritasinfo.org\/wp-content\/uploads\/2026\/04\/1-37.jpg",822,476,false],"2048x2048":["https:\/\/veritasinfo.org\/wp-content\/uploads\/2026\/04\/1-37.jpg",822,476,false],"kreeti-slider-full":["https:\/\/veritasinfo.org\/wp-content\/uploads\/2026\/04\/1-37.jpg",822,476,false],"kreeti-featured":["https:\/\/veritasinfo.org\/wp-content\/uploads\/2026\/04\/1-37.jpg",822,476,false],"kreeti-medium":["https:\/\/veritasinfo.org\/wp-content\/uploads\/2026\/04\/1-37-720x476.jpg",720,476,true],"kreeti-medium-square":["https:\/\/veritasinfo.org\/wp-content\/uploads\/2026\/04\/1-37-350x350.jpg",350,350,true]},"author_info":{"info":["US6"]},"category_info":"<a href=\"https:\/\/veritasinfo.org\/?cat=58\" rel=\"category\">Politik\u00eb<\/a>","tag_info":"Politik\u00eb","comment_count":"0","_links":{"self":[{"href":"https:\/\/veritasinfo.org\/index.php?rest_route=\/wp\/v2\/posts\/42797","targetHints":{"allow":["GET"]}}],"collection":[{"href":"https:\/\/veritasinfo.org\/index.php?rest_route=\/wp\/v2\/posts"}],"about":[{"href":"https:\/\/veritasinfo.org\/index.php?rest_route=\/wp\/v2\/types\/post"}],"author":[{"embeddable":true,"href":"https:\/\/veritasinfo.org\/index.php?rest_route=\/wp\/v2\/users\/7"}],"replies":[{"embeddable":true,"href":"https:\/\/veritasinfo.org\/index.php?rest_route=%2Fwp%2Fv2%2Fcomments&post=42797"}],"version-history":[{"count":1,"href":"https:\/\/veritasinfo.org\/index.php?rest_route=\/wp\/v2\/posts\/42797\/revisions"}],"predecessor-version":[{"id":42799,"href":"https:\/\/veritasinfo.org\/index.php?rest_route=\/wp\/v2\/posts\/42797\/revisions\/42799"}],"wp:featuredmedia":[{"embeddable":true,"href":"https:\/\/veritasinfo.org\/index.php?rest_route=\/wp\/v2\/media\/42798"}],"wp:attachment":[{"href":"https:\/\/veritasinfo.org\/index.php?rest_route=%2Fwp%2Fv2%2Fmedia&parent=42797"}],"wp:term":[{"taxonomy":"category","embeddable":true,"href":"https:\/\/veritasinfo.org\/index.php?rest_route=%2Fwp%2Fv2%2Fcategories&post=42797"},{"taxonomy":"post_tag","embeddable":true,"href":"https:\/\/veritasinfo.org\/index.php?rest_route=%2Fwp%2Fv2%2Ftags&post=42797"}],"curies":[{"name":"wp","href":"https:\/\/api.w.org\/{rel}","templated":true}]}}