{"id":42791,"date":"2026-04-12T18:16:53","date_gmt":"2026-04-12T16:16:53","guid":{"rendered":"https:\/\/veritasinfo.org\/?p=42791"},"modified":"2026-04-12T18:16:53","modified_gmt":"2026-04-12T16:16:53","slug":"drejtesia-nuk-mund-te-jete-selektive-gazetaret-e-kosoves-i-drejtohen-be-se-dhe-shba-se-per-procesin-ne-hage","status":"publish","type":"post","link":"https:\/\/veritasinfo.org\/?p=42791","title":{"rendered":"&#8220;Drejt\u00ebsia nuk mund t\u00eb jet\u00eb selektive\u201d, gazetar\u00ebt e Kosov\u00ebs i drejtohen BE-s\u00eb dhe SHBA-s\u00eb p\u00ebr procesin n\u00eb Hag\u00eb"},"content":{"rendered":"<p>Prishtin\u00eb, 12 prill 2026 18:15<\/p>\n<p>Nj\u00eb grup gazetar\u00ebsh nga Kosova i jan\u00eb drejtuar institucioneve t\u00eb Bashkimit Evropian dhe Qeveris\u00eb s\u00eb Shteteve t\u00eb Bashkuara me nj\u00eb adresim, n\u00eb t\u00eb cilin kan\u00eb ngritur shqet\u00ebsime serioze p\u00ebr m\u00ebnyr\u00ebn se si po zhvillohen proceset n\u00eb Dhomat e Specializuara t\u00eb Kosov\u00ebs n\u00eb Hag\u00eb, ve\u00e7an\u00ebrisht n\u00eb rastin ndaj Hashim Tha\u00e7it, Kadri Veselit, Rexhep Selimit dhe Jakup Krasniqit.<\/p>\n<p>N\u00eb let\u00ebr, nd\u00ebr t\u00eb tjera, thuhet se k\u00ebto shqet\u00ebsime nuk jan\u00eb politike, por mb\u00ebshteten n\u00eb raportimet e mediave t\u00eb pavarura.<\/p>\n<p>Gazetar\u00ebt pjesmarr\u00ebs: 1. Blendi Fevziu (Klan TV, Albania) 2. Adriatik Kelmendi (Klan Kosova, Kosov\u00eb) 3. Af\u00ebrdita Saraqini \u2013 Kelmendi (RTV 21, Kosov\u00eb) 4. Lirim Mehmetaj (VOX Kosova, Kosov\u00eb) 5. Berat Buzhala (Nacionale, Kosov\u00eb) 6. Ermal Panduri (RTV Dukagjini, Kosov\u00eb) 7. Sidorela Gjoni (Top Channel, Albania) 8. Leonard Kerquki (T7 &amp; Gazeta Express, Kosov\u00eb) 9. Alban Dudushi (RTSH, Albania) 10. Kushtrim Sadiku (Kanal 10, Kosov\u00eb).<\/p>\n<p>Adresimi i plot\u00eb<\/p>\n<p>&nbsp;<\/p>\n<p>DREJT\u00cbSIA NUK MUND T\u00cb JET\u00cb SELEKTIVE<\/p>\n<p>&nbsp;<\/p>\n<p>Drejtuar institucioneve t\u00eb Bashkimit Evropian dhe Qeveris\u00eb s\u00eb Shteteve t\u00eb Bashkuara<\/p>\n<p>&nbsp;<\/p>\n<p>Ne, nj\u00eb grup gazetar\u00ebsh nga Kosova dhe rajoni, ngrem\u00eb shqet\u00ebsime serioze p\u00ebr m\u00ebnyr\u00ebn se si po zhvillohen proceset n\u00eb Dhomat e Specializuara t\u00eb Kosov\u00ebs n\u00eb Hag\u00eb, ve\u00e7an\u00ebrisht n\u00eb rastin ndaj Hashim Tha\u00e7it, Kadri Veselit, Rexhep Selimit dhe Jakup Krasniqit.<\/p>\n<p>&nbsp;<\/p>\n<p>K\u00ebto shqet\u00ebsime nuk jan\u00eb politike. Ato mb\u00ebshteten n\u00eb raportime t\u00eb mediave t\u00eb pavarura, reagime t\u00eb shoq\u00ebris\u00eb civile, vler\u00ebsime institucionale dhe q\u00ebndrime t\u00eb ekspert\u00ebve juridik\u00eb.<\/p>\n<p>&nbsp;<\/p>\n<p>BE dhe SHBA jo vet\u00ebm q\u00eb mb\u00ebshtet\u00ebn krijimin e k\u00ebsaj gjykate \u2013 ato garantuan se ajo do t\u00eb p\u00ebrfaq\u00ebsonte standardet m\u00eb t\u00eb larta t\u00eb drejt\u00ebsis\u00eb. Pik\u00ebrisht p\u00ebr k\u00ebt\u00eb arsye, \u00e7do devijim nga k\u00ebto standarde \u00ebsht\u00eb nj\u00eb test i drejtp\u00ebrdrejt\u00eb i besueshm\u00ebris\u00eb s\u00eb tyre.<\/p>\n<p>&nbsp;<\/p>\n<p>Sot, ky test po vihet seriozisht n\u00eb pik\u00ebpyetje.<\/p>\n<p>&nbsp;<\/p>\n<p>\u2013 Nd\u00ebrhyrjet e gjyqtar\u00ebve p\u00ebrtej rolit t\u00eb arbitrit neutral<\/p>\n<p>\u2013 Paraburgimi mbi pes\u00eb vite pa vendim p\u00ebrfundimtar<\/p>\n<p>\u2013 Zvarritja e procesit p\u00ebrtej \u00e7do standardi t\u00eb \u201ckoh\u00ebs s\u00eb arsyeshme\u201d<\/p>\n<p>\u2013 Mungesa e transparenc\u00ebs p\u00ebrmes seancave t\u00eb mbyllura<\/p>\n<p>\u2013 Pranimi i provave pa verifikim t\u00eb mjaftuesh\u00ebm<\/p>\n<p>\u2013 Vendime q\u00eb devijojn\u00eb nga parime themelore evropiane si lex mitior<\/p>\n<p>&nbsp;<\/p>\n<p>K\u00ebto nuk jan\u00eb detaje procedurale. K\u00ebto jan\u00eb \u00e7\u00ebshtje q\u00eb prekin thelbin e drejt\u00ebsis\u00eb.<\/p>\n<p>&nbsp;<\/p>\n<p>N\u00eb k\u00ebt\u00eb kontekst, k\u00ebrkojm\u00eb p\u00ebrgjigje t\u00eb qarta:<\/p>\n<p>&nbsp;<\/p>\n<p>\u2013 Kush mban p\u00ebrgjegj\u00ebsi p\u00ebr nj\u00eb paraburgim kaq t\u00eb gjat\u00eb?<\/p>\n<p>\u2013 Si garantohet paanshm\u00ebria e gjykimit?<\/p>\n<p>\u2013 Pse transparenca \u00ebsht\u00eb p\u00ebrjashtim dhe jo rregull?<\/p>\n<p>\u2013 \u00c7far\u00eb ndodh n\u00ebse konstatohet shkelje e standardeve nd\u00ebrkomb\u00ebtare?<\/p>\n<p>\u2013 Dhe mbi t\u00eb gjitha: a po funksionon kjo gjykat\u00eb si mekaniz\u00ebm drejt\u00ebsie \u2013 apo si instrument me standarde t\u00eb dyfishta?<\/p>\n<p>&nbsp;<\/p>\n<p>Kosova ndryshoi Kushtetut\u00ebn e saj n\u00ebn presion nd\u00ebrkomb\u00ebtar, me besimin se drejt\u00ebsia do t\u00eb jet\u00eb e drejt\u00eb, transparente dhe e barabart\u00eb.<\/p>\n<p>&nbsp;<\/p>\n<p>Sot, ky besim po l\u00ebkundet.<\/p>\n<p>K\u00ebto pyetje nuk e d\u00ebmtojn\u00eb drejt\u00ebsin\u00eb.<\/p>\n<p>Heshtja po.<\/p>\n<p>N\u00ebse nj\u00eb gjykat\u00eb e nd\u00ebrtuar n\u00eb em\u00ebr t\u00eb vlerave evropiane humb besimin e publikut, ajo rrezikon t\u00eb shnd\u00ebrrohet nga simbol i drejt\u00ebsis\u00eb n\u00eb simbol t\u00eb selektivitetit.<\/p>\n<p>Dhe kjo \u00ebsht\u00eb nj\u00eb kosto q\u00eb nuk mund ta p\u00ebrballoj\u00eb askush.<\/p>\n","protected":false},"excerpt":{"rendered":"<p>Prishtin\u00eb, 12 prill 2026 18:15 Nj\u00eb grup gazetar\u00ebsh nga Kosova i jan\u00eb drejtuar institucioneve t\u00eb Bashkimit Evropian dhe Qeveris\u00eb s\u00eb Shteteve t\u00eb Bashkuara me nj\u00eb<\/p>\n","protected":false},"author":7,"featured_media":42792,"comment_status":"open","ping_status":"open","sticky":false,"template":"","format":"standard","meta":{"footnotes":""},"categories":[60],"tags":[],"class_list":["post-42791","post","type-post","status-publish","format-standard","has-post-thumbnail","hentry","category-shoqerore-sq"],"yoast_head":"<!-- This site is optimized with the Yoast SEO plugin v25.3.1 - https:\/\/yoast.com\/wordpress\/plugins\/seo\/ -->\n<title>&quot;Drejt\u00ebsia nuk mund t\u00eb jet\u00eb selektive\u201d, gazetar\u00ebt e Kosov\u00ebs i drejtohen BE-s\u00eb dhe SHBA-s\u00eb p\u00ebr procesin n\u00eb Hag\u00eb -<\/title>\n<meta name=\"robots\" content=\"index, follow, max-snippet:-1, max-image-preview:large, max-video-preview:-1\" \/>\n<link rel=\"canonical\" href=\"https:\/\/veritasinfo.org\/?p=42791\" \/>\n<meta property=\"og:locale\" content=\"en_US\" \/>\n<meta property=\"og:type\" content=\"article\" \/>\n<meta property=\"og:title\" content=\"&quot;Drejt\u00ebsia nuk mund t\u00eb jet\u00eb selektive\u201d, gazetar\u00ebt e Kosov\u00ebs i drejtohen BE-s\u00eb dhe SHBA-s\u00eb p\u00ebr procesin n\u00eb Hag\u00eb -\" \/>\n<meta property=\"og:description\" content=\"Prishtin\u00eb, 12 prill 2026 18:15 Nj\u00eb grup gazetar\u00ebsh nga Kosova i jan\u00eb drejtuar institucioneve t\u00eb Bashkimit Evropian dhe Qeveris\u00eb s\u00eb Shteteve t\u00eb Bashkuara me nj\u00eb\" \/>\n<meta property=\"og:url\" content=\"https:\/\/veritasinfo.org\/?p=42791\" \/>\n<meta property=\"article:published_time\" content=\"2026-04-12T16:16:53+00:00\" \/>\n<meta property=\"og:image\" content=\"https:\/\/veritasinfo.org\/wp-content\/uploads\/2026\/04\/haga.jpg\" \/>\n\t<meta property=\"og:image:width\" content=\"600\" \/>\n\t<meta property=\"og:image:height\" content=\"360\" \/>\n\t<meta property=\"og:image:type\" content=\"image\/jpeg\" \/>\n<meta name=\"author\" content=\"US6\" \/>\n<meta name=\"twitter:card\" content=\"summary_large_image\" \/>\n<meta name=\"twitter:label1\" content=\"Written by\" \/>\n\t<meta name=\"twitter:data1\" content=\"US6\" \/>\n\t<meta name=\"twitter:label2\" content=\"Est. reading time\" \/>\n\t<meta name=\"twitter:data2\" content=\"3 minutes\" \/>\n<script type=\"application\/ld+json\" class=\"yoast-schema-graph\">{\"@context\":\"https:\/\/schema.org\",\"@graph\":[{\"@type\":\"WebPage\",\"@id\":\"https:\/\/veritasinfo.org\/?p=42791\",\"url\":\"https:\/\/veritasinfo.org\/?p=42791\",\"name\":\"\\\"Drejt\u00ebsia nuk mund t\u00eb jet\u00eb selektive\u201d, gazetar\u00ebt e Kosov\u00ebs i drejtohen BE-s\u00eb dhe SHBA-s\u00eb p\u00ebr procesin n\u00eb Hag\u00eb -\",\"isPartOf\":{\"@id\":\"https:\/\/veritasinfo.org\/#website\"},\"primaryImageOfPage\":{\"@id\":\"https:\/\/veritasinfo.org\/?p=42791#primaryimage\"},\"image\":{\"@id\":\"https:\/\/veritasinfo.org\/?p=42791#primaryimage\"},\"thumbnailUrl\":\"https:\/\/veritasinfo.org\/wp-content\/uploads\/2026\/04\/haga.jpg\",\"datePublished\":\"2026-04-12T16:16:53+00:00\",\"author\":{\"@id\":\"https:\/\/veritasinfo.org\/#\/schema\/person\/fe199eede04c3937362892b7444747cc\"},\"breadcrumb\":{\"@id\":\"https:\/\/veritasinfo.org\/?p=42791#breadcrumb\"},\"inLanguage\":\"en-US\",\"potentialAction\":[{\"@type\":\"ReadAction\",\"target\":[\"https:\/\/veritasinfo.org\/?p=42791\"]}]},{\"@type\":\"ImageObject\",\"inLanguage\":\"en-US\",\"@id\":\"https:\/\/veritasinfo.org\/?p=42791#primaryimage\",\"url\":\"https:\/\/veritasinfo.org\/wp-content\/uploads\/2026\/04\/haga.jpg\",\"contentUrl\":\"https:\/\/veritasinfo.org\/wp-content\/uploads\/2026\/04\/haga.jpg\",\"width\":600,\"height\":360},{\"@type\":\"BreadcrumbList\",\"@id\":\"https:\/\/veritasinfo.org\/?p=42791#breadcrumb\",\"itemListElement\":[{\"@type\":\"ListItem\",\"position\":1,\"name\":\"Home\",\"item\":\"https:\/\/veritasinfo.org\/\"},{\"@type\":\"ListItem\",\"position\":2,\"name\":\"&#8220;Drejt\u00ebsia nuk mund t\u00eb jet\u00eb selektive\u201d, gazetar\u00ebt e Kosov\u00ebs i drejtohen BE-s\u00eb dhe SHBA-s\u00eb p\u00ebr procesin n\u00eb Hag\u00eb\"}]},{\"@type\":\"WebSite\",\"@id\":\"https:\/\/veritasinfo.org\/#website\",\"url\":\"https:\/\/veritasinfo.org\/\",\"name\":\"\",\"description\":\"\",\"potentialAction\":[{\"@type\":\"SearchAction\",\"target\":{\"@type\":\"EntryPoint\",\"urlTemplate\":\"https:\/\/veritasinfo.org\/?s={search_term_string}\"},\"query-input\":{\"@type\":\"PropertyValueSpecification\",\"valueRequired\":true,\"valueName\":\"search_term_string\"}}],\"inLanguage\":\"en-US\"},{\"@type\":\"Person\",\"@id\":\"https:\/\/veritasinfo.org\/#\/schema\/person\/fe199eede04c3937362892b7444747cc\",\"name\":\"US6\",\"image\":{\"@type\":\"ImageObject\",\"inLanguage\":\"en-US\",\"@id\":\"https:\/\/veritasinfo.org\/#\/schema\/person\/image\/\",\"url\":\"https:\/\/secure.gravatar.com\/avatar\/cb16c3c31c9d23b9b8c705964598220b3014e42ff51eb540ff23cefa3ae8c15f?s=96&d=mm&r=g\",\"contentUrl\":\"https:\/\/secure.gravatar.com\/avatar\/cb16c3c31c9d23b9b8c705964598220b3014e42ff51eb540ff23cefa3ae8c15f?s=96&d=mm&r=g\",\"caption\":\"US6\"},\"url\":\"https:\/\/veritasinfo.org\/?author=7\"}]}<\/script>\n<!-- \/ Yoast SEO plugin. -->","yoast_head_json":{"title":"\"Drejt\u00ebsia nuk mund t\u00eb jet\u00eb selektive\u201d, gazetar\u00ebt e Kosov\u00ebs i drejtohen BE-s\u00eb dhe SHBA-s\u00eb p\u00ebr procesin n\u00eb Hag\u00eb -","robots":{"index":"index","follow":"follow","max-snippet":"max-snippet:-1","max-image-preview":"max-image-preview:large","max-video-preview":"max-video-preview:-1"},"canonical":"https:\/\/veritasinfo.org\/?p=42791","og_locale":"en_US","og_type":"article","og_title":"\"Drejt\u00ebsia nuk mund t\u00eb jet\u00eb selektive\u201d, gazetar\u00ebt e Kosov\u00ebs i drejtohen BE-s\u00eb dhe SHBA-s\u00eb p\u00ebr procesin n\u00eb Hag\u00eb -","og_description":"Prishtin\u00eb, 12 prill 2026 18:15 Nj\u00eb grup gazetar\u00ebsh nga Kosova i jan\u00eb drejtuar institucioneve t\u00eb Bashkimit Evropian dhe Qeveris\u00eb s\u00eb Shteteve t\u00eb Bashkuara me nj\u00eb","og_url":"https:\/\/veritasinfo.org\/?p=42791","article_published_time":"2026-04-12T16:16:53+00:00","og_image":[{"width":600,"height":360,"url":"https:\/\/veritasinfo.org\/wp-content\/uploads\/2026\/04\/haga.jpg","type":"image\/jpeg"}],"author":"US6","twitter_card":"summary_large_image","twitter_misc":{"Written by":"US6","Est. reading time":"3 minutes"},"schema":{"@context":"https:\/\/schema.org","@graph":[{"@type":"WebPage","@id":"https:\/\/veritasinfo.org\/?p=42791","url":"https:\/\/veritasinfo.org\/?p=42791","name":"\"Drejt\u00ebsia nuk mund t\u00eb jet\u00eb selektive\u201d, gazetar\u00ebt e Kosov\u00ebs i drejtohen BE-s\u00eb dhe SHBA-s\u00eb p\u00ebr procesin n\u00eb Hag\u00eb -","isPartOf":{"@id":"https:\/\/veritasinfo.org\/#website"},"primaryImageOfPage":{"@id":"https:\/\/veritasinfo.org\/?p=42791#primaryimage"},"image":{"@id":"https:\/\/veritasinfo.org\/?p=42791#primaryimage"},"thumbnailUrl":"https:\/\/veritasinfo.org\/wp-content\/uploads\/2026\/04\/haga.jpg","datePublished":"2026-04-12T16:16:53+00:00","author":{"@id":"https:\/\/veritasinfo.org\/#\/schema\/person\/fe199eede04c3937362892b7444747cc"},"breadcrumb":{"@id":"https:\/\/veritasinfo.org\/?p=42791#breadcrumb"},"inLanguage":"en-US","potentialAction":[{"@type":"ReadAction","target":["https:\/\/veritasinfo.org\/?p=42791"]}]},{"@type":"ImageObject","inLanguage":"en-US","@id":"https:\/\/veritasinfo.org\/?p=42791#primaryimage","url":"https:\/\/veritasinfo.org\/wp-content\/uploads\/2026\/04\/haga.jpg","contentUrl":"https:\/\/veritasinfo.org\/wp-content\/uploads\/2026\/04\/haga.jpg","width":600,"height":360},{"@type":"BreadcrumbList","@id":"https:\/\/veritasinfo.org\/?p=42791#breadcrumb","itemListElement":[{"@type":"ListItem","position":1,"name":"Home","item":"https:\/\/veritasinfo.org\/"},{"@type":"ListItem","position":2,"name":"&#8220;Drejt\u00ebsia nuk mund t\u00eb jet\u00eb selektive\u201d, gazetar\u00ebt e Kosov\u00ebs i drejtohen BE-s\u00eb dhe SHBA-s\u00eb p\u00ebr procesin n\u00eb Hag\u00eb"}]},{"@type":"WebSite","@id":"https:\/\/veritasinfo.org\/#website","url":"https:\/\/veritasinfo.org\/","name":"","description":"","potentialAction":[{"@type":"SearchAction","target":{"@type":"EntryPoint","urlTemplate":"https:\/\/veritasinfo.org\/?s={search_term_string}"},"query-input":{"@type":"PropertyValueSpecification","valueRequired":true,"valueName":"search_term_string"}}],"inLanguage":"en-US"},{"@type":"Person","@id":"https:\/\/veritasinfo.org\/#\/schema\/person\/fe199eede04c3937362892b7444747cc","name":"US6","image":{"@type":"ImageObject","inLanguage":"en-US","@id":"https:\/\/veritasinfo.org\/#\/schema\/person\/image\/","url":"https:\/\/secure.gravatar.com\/avatar\/cb16c3c31c9d23b9b8c705964598220b3014e42ff51eb540ff23cefa3ae8c15f?s=96&d=mm&r=g","contentUrl":"https:\/\/secure.gravatar.com\/avatar\/cb16c3c31c9d23b9b8c705964598220b3014e42ff51eb540ff23cefa3ae8c15f?s=96&d=mm&r=g","caption":"US6"},"url":"https:\/\/veritasinfo.org\/?author=7"}]}},"featured_image_urls":{"full":["https:\/\/veritasinfo.org\/wp-content\/uploads\/2026\/04\/haga.jpg",600,360,false],"thumbnail":["https:\/\/veritasinfo.org\/wp-content\/uploads\/2026\/04\/haga-150x150.jpg",150,150,true],"medium":["https:\/\/veritasinfo.org\/wp-content\/uploads\/2026\/04\/haga-300x180.jpg",300,180,true],"medium_large":["https:\/\/veritasinfo.org\/wp-content\/uploads\/2026\/04\/haga.jpg",600,360,false],"large":["https:\/\/veritasinfo.org\/wp-content\/uploads\/2026\/04\/haga.jpg",600,360,false],"1536x1536":["https:\/\/veritasinfo.org\/wp-content\/uploads\/2026\/04\/haga.jpg",600,360,false],"2048x2048":["https:\/\/veritasinfo.org\/wp-content\/uploads\/2026\/04\/haga.jpg",600,360,false],"kreeti-slider-full":["https:\/\/veritasinfo.org\/wp-content\/uploads\/2026\/04\/haga.jpg",600,360,false],"kreeti-featured":["https:\/\/veritasinfo.org\/wp-content\/uploads\/2026\/04\/haga.jpg",600,360,false],"kreeti-medium":["https:\/\/veritasinfo.org\/wp-content\/uploads\/2026\/04\/haga.jpg",600,360,false],"kreeti-medium-square":["https:\/\/veritasinfo.org\/wp-content\/uploads\/2026\/04\/haga-350x350.jpg",350,350,true]},"author_info":{"info":["US6"]},"category_info":"<a href=\"https:\/\/veritasinfo.org\/?cat=60\" rel=\"category\">Shoq\u00ebrore<\/a>","tag_info":"Shoq\u00ebrore","comment_count":"0","_links":{"self":[{"href":"https:\/\/veritasinfo.org\/index.php?rest_route=\/wp\/v2\/posts\/42791","targetHints":{"allow":["GET"]}}],"collection":[{"href":"https:\/\/veritasinfo.org\/index.php?rest_route=\/wp\/v2\/posts"}],"about":[{"href":"https:\/\/veritasinfo.org\/index.php?rest_route=\/wp\/v2\/types\/post"}],"author":[{"embeddable":true,"href":"https:\/\/veritasinfo.org\/index.php?rest_route=\/wp\/v2\/users\/7"}],"replies":[{"embeddable":true,"href":"https:\/\/veritasinfo.org\/index.php?rest_route=%2Fwp%2Fv2%2Fcomments&post=42791"}],"version-history":[{"count":1,"href":"https:\/\/veritasinfo.org\/index.php?rest_route=\/wp\/v2\/posts\/42791\/revisions"}],"predecessor-version":[{"id":42793,"href":"https:\/\/veritasinfo.org\/index.php?rest_route=\/wp\/v2\/posts\/42791\/revisions\/42793"}],"wp:featuredmedia":[{"embeddable":true,"href":"https:\/\/veritasinfo.org\/index.php?rest_route=\/wp\/v2\/media\/42792"}],"wp:attachment":[{"href":"https:\/\/veritasinfo.org\/index.php?rest_route=%2Fwp%2Fv2%2Fmedia&parent=42791"}],"wp:term":[{"taxonomy":"category","embeddable":true,"href":"https:\/\/veritasinfo.org\/index.php?rest_route=%2Fwp%2Fv2%2Fcategories&post=42791"},{"taxonomy":"post_tag","embeddable":true,"href":"https:\/\/veritasinfo.org\/index.php?rest_route=%2Fwp%2Fv2%2Ftags&post=42791"}],"curies":[{"name":"wp","href":"https:\/\/api.w.org\/{rel}","templated":true}]}}