{"id":4279,"date":"2025-07-18T11:13:06","date_gmt":"2025-07-18T09:13:06","guid":{"rendered":"https:\/\/veritasinfo.org\/?p=4279"},"modified":"2025-07-18T11:13:06","modified_gmt":"2025-07-18T09:13:06","slug":"shtyhet-per-te-henen-seanca-ndaj-te-akuzuarve-per-sulmin-terrorist-ne-banjske-mungoi-deshmitari-i-prokurorise","status":"publish","type":"post","link":"https:\/\/veritasinfo.org\/?p=4279","title":{"rendered":"Shtyhet p\u00ebr t\u00eb h\u00ebn\u00ebn seanca ndaj t\u00eb akuzuarve p\u00ebr sulmin terrorist n\u00eb Banjsk\u00eb, mungoi d\u00ebshmitari i Prokuroris\u00eb"},"content":{"rendered":"<p><strong>Prishtin\u00eb, 18 korrik 2025<\/strong><\/p>\n<p>Seanca e sotme, n\u00eb Gjykat\u00ebn Themelore n\u00eb Prishtin\u00eb lidhur me sulmin terrorist t\u00eb\u00a0 24\u202fshtatorit\u202f2023 n\u00eb fshatin Banjsk\u00eb u nd\u00ebrpre p\u00ebr shkak t\u00eb munges\u00ebs s\u00eb d\u00ebshmitarit t\u00eb thirrur nga Prokuroria.<\/p>\n<p>Kryetari i trupit gjykues, gjyqtari Arben\u202fHoti, tha se seanca do t\u00eb vazhdoj\u00eb t\u00eb h\u00ebn\u00ebn pasi sot ishte parapar\u00eb t\u00eb d\u00ebgjohej gjat\u00eb t\u00ebr\u00eb dit\u00ebs d\u00ebshmitari A2, raporton \u201cBetimi p\u00ebr Drejt\u00ebsi\u201d.<\/p>\n<p>\u201cKonstatoj se p\u00ebr shkak t\u00eb munges\u00ebs s\u00eb d\u00ebshmitarit nuk ka kushte p\u00ebr vazhdimin e shqyrtimit gjyq\u00ebsor. Seanca nd\u00ebrpritet dhe do t\u00eb vazhdoj\u00eb t\u00eb h\u00ebn\u00ebn\u201d, ka deklaruar Hoti.<\/p>\n<p>Seanca e fundit \u00ebsht\u00eb mbajtur m\u00eb 13 qershor ku nj\u00eb polic kishte d\u00ebshmuar se si ishin sulmuar nga m\u00eb shum\u00eb se 20 pozicione derisa grupi i \u201cBanjsk\u00ebs\u201d udh\u00ebhiqej nga Milan Radoi\u00e7iq.<\/p>\n","protected":false},"excerpt":{"rendered":"<p>Prishtin\u00eb, 18 korrik 2025 Seanca e sotme, n\u00eb Gjykat\u00ebn Themelore n\u00eb Prishtin\u00eb lidhur me sulmin terrorist t\u00eb\u00a0 24\u202fshtatorit\u202f2023 n\u00eb fshatin Banjsk\u00eb u nd\u00ebrpre p\u00ebr shkak<\/p>\n","protected":false},"author":2,"featured_media":4280,"comment_status":"open","ping_status":"open","sticky":false,"template":"","format":"standard","meta":{"footnotes":""},"categories":[60],"tags":[],"class_list":["post-4279","post","type-post","status-publish","format-standard","has-post-thumbnail","hentry","category-shoqerore-sq"],"yoast_head":"<!-- This site is optimized with the Yoast SEO plugin v25.3.1 - https:\/\/yoast.com\/wordpress\/plugins\/seo\/ -->\n<title>Shtyhet p\u00ebr t\u00eb h\u00ebn\u00ebn seanca ndaj t\u00eb akuzuarve p\u00ebr sulmin terrorist n\u00eb Banjsk\u00eb, mungoi d\u00ebshmitari i Prokuroris\u00eb -<\/title>\n<meta name=\"robots\" content=\"index, follow, max-snippet:-1, max-image-preview:large, max-video-preview:-1\" \/>\n<link rel=\"canonical\" href=\"https:\/\/veritasinfo.org\/?p=4279\" \/>\n<meta property=\"og:locale\" content=\"en_US\" \/>\n<meta property=\"og:type\" content=\"article\" \/>\n<meta property=\"og:title\" content=\"Shtyhet p\u00ebr t\u00eb h\u00ebn\u00ebn seanca ndaj t\u00eb akuzuarve p\u00ebr sulmin terrorist n\u00eb Banjsk\u00eb, mungoi d\u00ebshmitari i Prokuroris\u00eb -\" \/>\n<meta property=\"og:description\" content=\"Prishtin\u00eb, 18 korrik 2025 Seanca e sotme, n\u00eb Gjykat\u00ebn Themelore n\u00eb Prishtin\u00eb lidhur me sulmin terrorist t\u00eb\u00a0 24\u202fshtatorit\u202f2023 n\u00eb fshatin Banjsk\u00eb u nd\u00ebrpre p\u00ebr shkak\" \/>\n<meta property=\"og:url\" content=\"https:\/\/veritasinfo.org\/?p=4279\" \/>\n<meta property=\"article:published_time\" content=\"2025-07-18T09:13:06+00:00\" \/>\n<meta property=\"og:image\" content=\"https:\/\/veritasinfo.org\/wp-content\/uploads\/2025\/07\/banjska.jpg\" \/>\n\t<meta property=\"og:image:width\" content=\"1333\" \/>\n\t<meta property=\"og:image:height\" content=\"1000\" \/>\n\t<meta property=\"og:image:type\" content=\"image\/jpeg\" \/>\n<meta name=\"author\" content=\"US1\" \/>\n<meta name=\"twitter:card\" content=\"summary_large_image\" \/>\n<meta name=\"twitter:label1\" content=\"Written by\" \/>\n\t<meta name=\"twitter:data1\" content=\"US1\" \/>\n\t<meta name=\"twitter:label2\" content=\"Est. reading time\" \/>\n\t<meta name=\"twitter:data2\" content=\"1 minute\" \/>\n<script type=\"application\/ld+json\" class=\"yoast-schema-graph\">{\"@context\":\"https:\/\/schema.org\",\"@graph\":[{\"@type\":\"WebPage\",\"@id\":\"https:\/\/veritasinfo.org\/?p=4279\",\"url\":\"https:\/\/veritasinfo.org\/?p=4279\",\"name\":\"Shtyhet p\u00ebr t\u00eb h\u00ebn\u00ebn seanca ndaj t\u00eb akuzuarve p\u00ebr sulmin terrorist n\u00eb Banjsk\u00eb, mungoi d\u00ebshmitari i Prokuroris\u00eb -\",\"isPartOf\":{\"@id\":\"https:\/\/veritasinfo.org\/#website\"},\"primaryImageOfPage\":{\"@id\":\"https:\/\/veritasinfo.org\/?p=4279#primaryimage\"},\"image\":{\"@id\":\"https:\/\/veritasinfo.org\/?p=4279#primaryimage\"},\"thumbnailUrl\":\"https:\/\/veritasinfo.org\/wp-content\/uploads\/2025\/07\/banjska.jpg\",\"datePublished\":\"2025-07-18T09:13:06+00:00\",\"author\":{\"@id\":\"https:\/\/veritasinfo.org\/#\/schema\/person\/c2b8be262ea994d0995addca692c5e98\"},\"breadcrumb\":{\"@id\":\"https:\/\/veritasinfo.org\/?p=4279#breadcrumb\"},\"inLanguage\":\"en-US\",\"potentialAction\":[{\"@type\":\"ReadAction\",\"target\":[\"https:\/\/veritasinfo.org\/?p=4279\"]}]},{\"@type\":\"ImageObject\",\"inLanguage\":\"en-US\",\"@id\":\"https:\/\/veritasinfo.org\/?p=4279#primaryimage\",\"url\":\"https:\/\/veritasinfo.org\/wp-content\/uploads\/2025\/07\/banjska.jpg\",\"contentUrl\":\"https:\/\/veritasinfo.org\/wp-content\/uploads\/2025\/07\/banjska.jpg\",\"width\":1333,\"height\":1000},{\"@type\":\"BreadcrumbList\",\"@id\":\"https:\/\/veritasinfo.org\/?p=4279#breadcrumb\",\"itemListElement\":[{\"@type\":\"ListItem\",\"position\":1,\"name\":\"Home\",\"item\":\"https:\/\/veritasinfo.org\/\"},{\"@type\":\"ListItem\",\"position\":2,\"name\":\"Shtyhet p\u00ebr t\u00eb h\u00ebn\u00ebn seanca ndaj t\u00eb akuzuarve p\u00ebr sulmin terrorist n\u00eb Banjsk\u00eb, mungoi d\u00ebshmitari i Prokuroris\u00eb\"}]},{\"@type\":\"WebSite\",\"@id\":\"https:\/\/veritasinfo.org\/#website\",\"url\":\"https:\/\/veritasinfo.org\/\",\"name\":\"\",\"description\":\"\",\"potentialAction\":[{\"@type\":\"SearchAction\",\"target\":{\"@type\":\"EntryPoint\",\"urlTemplate\":\"https:\/\/veritasinfo.org\/?s={search_term_string}\"},\"query-input\":{\"@type\":\"PropertyValueSpecification\",\"valueRequired\":true,\"valueName\":\"search_term_string\"}}],\"inLanguage\":\"en-US\"},{\"@type\":\"Person\",\"@id\":\"https:\/\/veritasinfo.org\/#\/schema\/person\/c2b8be262ea994d0995addca692c5e98\",\"name\":\"US1\",\"image\":{\"@type\":\"ImageObject\",\"inLanguage\":\"en-US\",\"@id\":\"https:\/\/veritasinfo.org\/#\/schema\/person\/image\/\",\"url\":\"https:\/\/secure.gravatar.com\/avatar\/4e96a59bd256abf9956eb9963ac891a47461ffb364d47b0e9aab113328fdb75b?s=96&d=mm&r=g\",\"contentUrl\":\"https:\/\/secure.gravatar.com\/avatar\/4e96a59bd256abf9956eb9963ac891a47461ffb364d47b0e9aab113328fdb75b?s=96&d=mm&r=g\",\"caption\":\"US1\"},\"url\":\"https:\/\/veritasinfo.org\/?author=2\"}]}<\/script>\n<!-- \/ Yoast SEO plugin. -->","yoast_head_json":{"title":"Shtyhet p\u00ebr t\u00eb h\u00ebn\u00ebn seanca ndaj t\u00eb akuzuarve p\u00ebr sulmin terrorist n\u00eb Banjsk\u00eb, mungoi d\u00ebshmitari i Prokuroris\u00eb -","robots":{"index":"index","follow":"follow","max-snippet":"max-snippet:-1","max-image-preview":"max-image-preview:large","max-video-preview":"max-video-preview:-1"},"canonical":"https:\/\/veritasinfo.org\/?p=4279","og_locale":"en_US","og_type":"article","og_title":"Shtyhet p\u00ebr t\u00eb h\u00ebn\u00ebn seanca ndaj t\u00eb akuzuarve p\u00ebr sulmin terrorist n\u00eb Banjsk\u00eb, mungoi d\u00ebshmitari i Prokuroris\u00eb -","og_description":"Prishtin\u00eb, 18 korrik 2025 Seanca e sotme, n\u00eb Gjykat\u00ebn Themelore n\u00eb Prishtin\u00eb lidhur me sulmin terrorist t\u00eb\u00a0 24\u202fshtatorit\u202f2023 n\u00eb fshatin Banjsk\u00eb u nd\u00ebrpre p\u00ebr shkak","og_url":"https:\/\/veritasinfo.org\/?p=4279","article_published_time":"2025-07-18T09:13:06+00:00","og_image":[{"width":1333,"height":1000,"url":"https:\/\/veritasinfo.org\/wp-content\/uploads\/2025\/07\/banjska.jpg","type":"image\/jpeg"}],"author":"US1","twitter_card":"summary_large_image","twitter_misc":{"Written by":"US1","Est. reading time":"1 minute"},"schema":{"@context":"https:\/\/schema.org","@graph":[{"@type":"WebPage","@id":"https:\/\/veritasinfo.org\/?p=4279","url":"https:\/\/veritasinfo.org\/?p=4279","name":"Shtyhet p\u00ebr t\u00eb h\u00ebn\u00ebn seanca ndaj t\u00eb akuzuarve p\u00ebr sulmin terrorist n\u00eb Banjsk\u00eb, mungoi d\u00ebshmitari i Prokuroris\u00eb -","isPartOf":{"@id":"https:\/\/veritasinfo.org\/#website"},"primaryImageOfPage":{"@id":"https:\/\/veritasinfo.org\/?p=4279#primaryimage"},"image":{"@id":"https:\/\/veritasinfo.org\/?p=4279#primaryimage"},"thumbnailUrl":"https:\/\/veritasinfo.org\/wp-content\/uploads\/2025\/07\/banjska.jpg","datePublished":"2025-07-18T09:13:06+00:00","author":{"@id":"https:\/\/veritasinfo.org\/#\/schema\/person\/c2b8be262ea994d0995addca692c5e98"},"breadcrumb":{"@id":"https:\/\/veritasinfo.org\/?p=4279#breadcrumb"},"inLanguage":"en-US","potentialAction":[{"@type":"ReadAction","target":["https:\/\/veritasinfo.org\/?p=4279"]}]},{"@type":"ImageObject","inLanguage":"en-US","@id":"https:\/\/veritasinfo.org\/?p=4279#primaryimage","url":"https:\/\/veritasinfo.org\/wp-content\/uploads\/2025\/07\/banjska.jpg","contentUrl":"https:\/\/veritasinfo.org\/wp-content\/uploads\/2025\/07\/banjska.jpg","width":1333,"height":1000},{"@type":"BreadcrumbList","@id":"https:\/\/veritasinfo.org\/?p=4279#breadcrumb","itemListElement":[{"@type":"ListItem","position":1,"name":"Home","item":"https:\/\/veritasinfo.org\/"},{"@type":"ListItem","position":2,"name":"Shtyhet p\u00ebr t\u00eb h\u00ebn\u00ebn seanca ndaj t\u00eb akuzuarve p\u00ebr sulmin terrorist n\u00eb Banjsk\u00eb, mungoi d\u00ebshmitari i Prokuroris\u00eb"}]},{"@type":"WebSite","@id":"https:\/\/veritasinfo.org\/#website","url":"https:\/\/veritasinfo.org\/","name":"","description":"","potentialAction":[{"@type":"SearchAction","target":{"@type":"EntryPoint","urlTemplate":"https:\/\/veritasinfo.org\/?s={search_term_string}"},"query-input":{"@type":"PropertyValueSpecification","valueRequired":true,"valueName":"search_term_string"}}],"inLanguage":"en-US"},{"@type":"Person","@id":"https:\/\/veritasinfo.org\/#\/schema\/person\/c2b8be262ea994d0995addca692c5e98","name":"US1","image":{"@type":"ImageObject","inLanguage":"en-US","@id":"https:\/\/veritasinfo.org\/#\/schema\/person\/image\/","url":"https:\/\/secure.gravatar.com\/avatar\/4e96a59bd256abf9956eb9963ac891a47461ffb364d47b0e9aab113328fdb75b?s=96&d=mm&r=g","contentUrl":"https:\/\/secure.gravatar.com\/avatar\/4e96a59bd256abf9956eb9963ac891a47461ffb364d47b0e9aab113328fdb75b?s=96&d=mm&r=g","caption":"US1"},"url":"https:\/\/veritasinfo.org\/?author=2"}]}},"featured_image_urls":{"full":["https:\/\/veritasinfo.org\/wp-content\/uploads\/2025\/07\/banjska.jpg",1333,1000,false],"thumbnail":["https:\/\/veritasinfo.org\/wp-content\/uploads\/2025\/07\/banjska-150x150.jpg",150,150,true],"medium":["https:\/\/veritasinfo.org\/wp-content\/uploads\/2025\/07\/banjska-300x225.jpg",300,225,true],"medium_large":["https:\/\/veritasinfo.org\/wp-content\/uploads\/2025\/07\/banjska-768x576.jpg",640,480,true],"large":["https:\/\/veritasinfo.org\/wp-content\/uploads\/2025\/07\/banjska-1024x768.jpg",640,480,true],"1536x1536":["https:\/\/veritasinfo.org\/wp-content\/uploads\/2025\/07\/banjska.jpg",1333,1000,false],"2048x2048":["https:\/\/veritasinfo.org\/wp-content\/uploads\/2025\/07\/banjska.jpg",1333,1000,false],"kreeti-slider-full":["https:\/\/veritasinfo.org\/wp-content\/uploads\/2025\/07\/banjska.jpg",960,720,false],"kreeti-featured":["https:\/\/veritasinfo.org\/wp-content\/uploads\/2025\/07\/banjska.jpg",1024,768,false],"kreeti-medium":["https:\/\/veritasinfo.org\/wp-content\/uploads\/2025\/07\/banjska.jpg",706,530,false],"kreeti-medium-square":["https:\/\/veritasinfo.org\/wp-content\/uploads\/2025\/07\/banjska.jpg",350,263,false]},"author_info":{"info":["US1"]},"category_info":"<a href=\"https:\/\/veritasinfo.org\/?cat=60\" rel=\"category\">Shoq\u00ebrore<\/a>","tag_info":"Shoq\u00ebrore","comment_count":"0","_links":{"self":[{"href":"https:\/\/veritasinfo.org\/index.php?rest_route=\/wp\/v2\/posts\/4279","targetHints":{"allow":["GET"]}}],"collection":[{"href":"https:\/\/veritasinfo.org\/index.php?rest_route=\/wp\/v2\/posts"}],"about":[{"href":"https:\/\/veritasinfo.org\/index.php?rest_route=\/wp\/v2\/types\/post"}],"author":[{"embeddable":true,"href":"https:\/\/veritasinfo.org\/index.php?rest_route=\/wp\/v2\/users\/2"}],"replies":[{"embeddable":true,"href":"https:\/\/veritasinfo.org\/index.php?rest_route=%2Fwp%2Fv2%2Fcomments&post=4279"}],"version-history":[{"count":1,"href":"https:\/\/veritasinfo.org\/index.php?rest_route=\/wp\/v2\/posts\/4279\/revisions"}],"predecessor-version":[{"id":4281,"href":"https:\/\/veritasinfo.org\/index.php?rest_route=\/wp\/v2\/posts\/4279\/revisions\/4281"}],"wp:featuredmedia":[{"embeddable":true,"href":"https:\/\/veritasinfo.org\/index.php?rest_route=\/wp\/v2\/media\/4280"}],"wp:attachment":[{"href":"https:\/\/veritasinfo.org\/index.php?rest_route=%2Fwp%2Fv2%2Fmedia&parent=4279"}],"wp:term":[{"taxonomy":"category","embeddable":true,"href":"https:\/\/veritasinfo.org\/index.php?rest_route=%2Fwp%2Fv2%2Fcategories&post=4279"},{"taxonomy":"post_tag","embeddable":true,"href":"https:\/\/veritasinfo.org\/index.php?rest_route=%2Fwp%2Fv2%2Ftags&post=4279"}],"curies":[{"name":"wp","href":"https:\/\/api.w.org\/{rel}","templated":true}]}}