{"id":4274,"date":"2025-07-18T09:16:32","date_gmt":"2025-07-18T07:16:32","guid":{"rendered":"https:\/\/veritasinfo.org\/?p=4274"},"modified":"2025-07-18T09:16:32","modified_gmt":"2025-07-18T07:16:32","slug":"kosove-formohet-nje-subjekt-i-ri-politik-konservator-i-udhehequr-nga-ferid-agani","status":"publish","type":"post","link":"https:\/\/veritasinfo.org\/?p=4274","title":{"rendered":"Kosov\u00eb \u2013 Formohet nj\u00eb subjekt i ri politik konservator, i udh\u00ebhequr nga Ferid Agani"},"content":{"rendered":"<p style=\"text-align: left\">Prishtin\u00eb, 18 korrik 2025<\/p>\n<p style=\"text-align: left\">Sken\u00ebs politike n\u00eb Kosov\u00eb i \u00ebsht\u00eb shtuar nj\u00eb subjekt i ri me orientim konservator: \u201cForca e Re Komb\u00ebtare\u201d. Iniciativa \u00ebsht\u00eb nd\u00ebrmarr\u00eb nga ish-ministri Ferid Agani, nd\u00ebrsa themelimi i saj \u00ebsht\u00eb konkretizuar p\u00ebrmes mbledhjes konstitutive t\u00eb K\u00ebshillit Organizativ, t\u00eb mbajtur m\u00eb 14 dhe 17 korrik.<\/p>\n<p style=\"text-align: left\">Sipas njoftimit p\u00ebr media, mbledhjet jan\u00eb zhvilluar n\u00eb nj\u00eb atmosfer\u00eb serioze dhe bashk\u00ebpunuese, me pjes\u00ebmarrjen e figurave t\u00eb njohura nga jeta publike, akademike dhe politike, si dhe qytetar\u00eb t\u00eb interesuar p\u00ebr nj\u00eb alternativ\u00eb politike me vlera t\u00eb theksuara morale, kulturore dhe shtetformuese.<\/p>\n<p style=\"text-align: left\">Gjat\u00eb mbledhjeve u mor\u00ebn disa vendime ky\u00e7e:<\/p>\n<p style=\"text-align: left\">U miratua Rregullorja e Pun\u00ebs s\u00eb K\u00ebshillit Organizativ;<\/p>\n<p style=\"text-align: left\">U zgjodh kryetari i K\u00ebshillit dhe u konstituuan strukturat drejtuese;<\/p>\n<p style=\"text-align: left\">U em\u00ebrua p\u00ebrfaq\u00ebsuesi ligjor p\u00ebr paraqitje n\u00eb Komisionin Qendror t\u00eb Zgjedhjeve;<\/p>\n<p style=\"text-align: left\">U vendos p\u00ebr themelimin e grupeve t\u00eb pun\u00ebs p\u00ebr hartimin e dokumenteve themelore, si Statuti, Programi Politik, Platforma Ideologjike, Strategjia e Komunikimit Publik dhe ajo Zgjedhore.<\/p>\n<p style=\"text-align: left\">Po ashtu, u miratua \u201cDeklarata Politike e Mb\u00ebshtetjes\u201d, q\u00eb p\u00ebrqafon vlera si familja, tradita, morali, identiteti komb\u00ebtar dhe liria individuale n\u00eb kuad\u00ebr t\u00eb rendit kushtetues dhe demokratik.<\/p>\n<p style=\"text-align: left\">Nj\u00eb nga pikat m\u00eb t\u00eb r\u00ebnd\u00ebsishme ishte bashkimi i Partis\u00eb s\u00eb Drejt\u00ebsis\u00eb me grupin politik t\u00eb intelektual\u00ebve \u201cIntegriteti\u201d, me synimin p\u00ebr t\u00eb krijuar nj\u00eb subjekt t\u00eb p\u00ebrbashk\u00ebt mbi baza t\u00eb barazis\u00eb, q\u00eb do t\u00eb bashkoj\u00eb p\u00ebrvoj\u00ebn 25-vje\u00e7are t\u00eb Partis\u00eb s\u00eb Drejt\u00ebsis\u00eb me vizionin e ri t\u00eb partnerit t\u00eb saj.<\/p>\n","protected":false},"excerpt":{"rendered":"<p>Prishtin\u00eb, 18 korrik 2025 Sken\u00ebs politike n\u00eb Kosov\u00eb i \u00ebsht\u00eb shtuar nj\u00eb subjekt i ri me orientim konservator: \u201cForca e Re Komb\u00ebtare\u201d. Iniciativa \u00ebsht\u00eb nd\u00ebrmarr\u00eb<\/p>\n","protected":false},"author":1,"featured_media":4275,"comment_status":"open","ping_status":"open","sticky":false,"template":"","format":"standard","meta":{"footnotes":""},"categories":[58],"tags":[],"class_list":["post-4274","post","type-post","status-publish","format-standard","has-post-thumbnail","hentry","category-politike-sq"],"yoast_head":"<!-- This site is optimized with the Yoast SEO plugin v25.3.1 - https:\/\/yoast.com\/wordpress\/plugins\/seo\/ -->\n<title>Kosov\u00eb \u2013 Formohet nj\u00eb subjekt i ri politik konservator, i udh\u00ebhequr nga Ferid Agani -<\/title>\n<meta name=\"robots\" content=\"index, follow, max-snippet:-1, max-image-preview:large, max-video-preview:-1\" \/>\n<link rel=\"canonical\" href=\"https:\/\/veritasinfo.org\/?p=4274\" \/>\n<meta property=\"og:locale\" content=\"en_US\" \/>\n<meta property=\"og:type\" content=\"article\" \/>\n<meta property=\"og:title\" content=\"Kosov\u00eb \u2013 Formohet nj\u00eb subjekt i ri politik konservator, i udh\u00ebhequr nga Ferid Agani -\" \/>\n<meta property=\"og:description\" content=\"Prishtin\u00eb, 18 korrik 2025 Sken\u00ebs politike n\u00eb Kosov\u00eb i \u00ebsht\u00eb shtuar nj\u00eb subjekt i ri me orientim konservator: \u201cForca e Re Komb\u00ebtare\u201d. Iniciativa \u00ebsht\u00eb nd\u00ebrmarr\u00eb\" \/>\n<meta property=\"og:url\" content=\"https:\/\/veritasinfo.org\/?p=4274\" \/>\n<meta property=\"article:published_time\" content=\"2025-07-18T07:16:32+00:00\" \/>\n<meta property=\"og:image\" content=\"https:\/\/veritasinfo.org\/wp-content\/uploads\/2025\/07\/1-9-600x360-1.png\" \/>\n\t<meta property=\"og:image:width\" content=\"600\" \/>\n\t<meta property=\"og:image:height\" content=\"360\" \/>\n\t<meta property=\"og:image:type\" content=\"image\/png\" \/>\n<meta name=\"author\" content=\"admin\" \/>\n<meta name=\"twitter:card\" content=\"summary_large_image\" \/>\n<meta name=\"twitter:label1\" content=\"Written by\" \/>\n\t<meta name=\"twitter:data1\" content=\"admin\" \/>\n\t<meta name=\"twitter:label2\" content=\"Est. reading time\" \/>\n\t<meta name=\"twitter:data2\" content=\"2 minutes\" \/>\n<script type=\"application\/ld+json\" class=\"yoast-schema-graph\">{\"@context\":\"https:\/\/schema.org\",\"@graph\":[{\"@type\":\"WebPage\",\"@id\":\"https:\/\/veritasinfo.org\/?p=4274\",\"url\":\"https:\/\/veritasinfo.org\/?p=4274\",\"name\":\"Kosov\u00eb \u2013 Formohet nj\u00eb subjekt i ri politik konservator, i udh\u00ebhequr nga Ferid Agani -\",\"isPartOf\":{\"@id\":\"https:\/\/veritasinfo.org\/#website\"},\"primaryImageOfPage\":{\"@id\":\"https:\/\/veritasinfo.org\/?p=4274#primaryimage\"},\"image\":{\"@id\":\"https:\/\/veritasinfo.org\/?p=4274#primaryimage\"},\"thumbnailUrl\":\"https:\/\/veritasinfo.org\/wp-content\/uploads\/2025\/07\/1-9-600x360-1.png\",\"datePublished\":\"2025-07-18T07:16:32+00:00\",\"author\":{\"@id\":\"https:\/\/veritasinfo.org\/#\/schema\/person\/7701f8c088bece422266b100a712374f\"},\"breadcrumb\":{\"@id\":\"https:\/\/veritasinfo.org\/?p=4274#breadcrumb\"},\"inLanguage\":\"en-US\",\"potentialAction\":[{\"@type\":\"ReadAction\",\"target\":[\"https:\/\/veritasinfo.org\/?p=4274\"]}]},{\"@type\":\"ImageObject\",\"inLanguage\":\"en-US\",\"@id\":\"https:\/\/veritasinfo.org\/?p=4274#primaryimage\",\"url\":\"https:\/\/veritasinfo.org\/wp-content\/uploads\/2025\/07\/1-9-600x360-1.png\",\"contentUrl\":\"https:\/\/veritasinfo.org\/wp-content\/uploads\/2025\/07\/1-9-600x360-1.png\",\"width\":600,\"height\":360},{\"@type\":\"BreadcrumbList\",\"@id\":\"https:\/\/veritasinfo.org\/?p=4274#breadcrumb\",\"itemListElement\":[{\"@type\":\"ListItem\",\"position\":1,\"name\":\"Home\",\"item\":\"https:\/\/veritasinfo.org\/\"},{\"@type\":\"ListItem\",\"position\":2,\"name\":\"Kosov\u00eb \u2013 Formohet nj\u00eb subjekt i ri politik konservator, i udh\u00ebhequr nga Ferid Agani\"}]},{\"@type\":\"WebSite\",\"@id\":\"https:\/\/veritasinfo.org\/#website\",\"url\":\"https:\/\/veritasinfo.org\/\",\"name\":\"\",\"description\":\"\",\"potentialAction\":[{\"@type\":\"SearchAction\",\"target\":{\"@type\":\"EntryPoint\",\"urlTemplate\":\"https:\/\/veritasinfo.org\/?s={search_term_string}\"},\"query-input\":{\"@type\":\"PropertyValueSpecification\",\"valueRequired\":true,\"valueName\":\"search_term_string\"}}],\"inLanguage\":\"en-US\"},{\"@type\":\"Person\",\"@id\":\"https:\/\/veritasinfo.org\/#\/schema\/person\/7701f8c088bece422266b100a712374f\",\"name\":\"admin\",\"image\":{\"@type\":\"ImageObject\",\"inLanguage\":\"en-US\",\"@id\":\"https:\/\/veritasinfo.org\/#\/schema\/person\/image\/\",\"url\":\"https:\/\/secure.gravatar.com\/avatar\/ea53aa3bf6c9a12d5fde8ce4deff43fef3885ae33cf60184161a50d6987cfd2f?s=96&d=mm&r=g\",\"contentUrl\":\"https:\/\/secure.gravatar.com\/avatar\/ea53aa3bf6c9a12d5fde8ce4deff43fef3885ae33cf60184161a50d6987cfd2f?s=96&d=mm&r=g\",\"caption\":\"admin\"},\"sameAs\":[\"https:\/\/veritasinfo.org\"],\"url\":\"https:\/\/veritasinfo.org\/?author=1\"}]}<\/script>\n<!-- \/ Yoast SEO plugin. -->","yoast_head_json":{"title":"Kosov\u00eb \u2013 Formohet nj\u00eb subjekt i ri politik konservator, i udh\u00ebhequr nga Ferid Agani -","robots":{"index":"index","follow":"follow","max-snippet":"max-snippet:-1","max-image-preview":"max-image-preview:large","max-video-preview":"max-video-preview:-1"},"canonical":"https:\/\/veritasinfo.org\/?p=4274","og_locale":"en_US","og_type":"article","og_title":"Kosov\u00eb \u2013 Formohet nj\u00eb subjekt i ri politik konservator, i udh\u00ebhequr nga Ferid Agani -","og_description":"Prishtin\u00eb, 18 korrik 2025 Sken\u00ebs politike n\u00eb Kosov\u00eb i \u00ebsht\u00eb shtuar nj\u00eb subjekt i ri me orientim konservator: \u201cForca e Re Komb\u00ebtare\u201d. Iniciativa \u00ebsht\u00eb nd\u00ebrmarr\u00eb","og_url":"https:\/\/veritasinfo.org\/?p=4274","article_published_time":"2025-07-18T07:16:32+00:00","og_image":[{"width":600,"height":360,"url":"https:\/\/veritasinfo.org\/wp-content\/uploads\/2025\/07\/1-9-600x360-1.png","type":"image\/png"}],"author":"admin","twitter_card":"summary_large_image","twitter_misc":{"Written by":"admin","Est. reading time":"2 minutes"},"schema":{"@context":"https:\/\/schema.org","@graph":[{"@type":"WebPage","@id":"https:\/\/veritasinfo.org\/?p=4274","url":"https:\/\/veritasinfo.org\/?p=4274","name":"Kosov\u00eb \u2013 Formohet nj\u00eb subjekt i ri politik konservator, i udh\u00ebhequr nga Ferid Agani -","isPartOf":{"@id":"https:\/\/veritasinfo.org\/#website"},"primaryImageOfPage":{"@id":"https:\/\/veritasinfo.org\/?p=4274#primaryimage"},"image":{"@id":"https:\/\/veritasinfo.org\/?p=4274#primaryimage"},"thumbnailUrl":"https:\/\/veritasinfo.org\/wp-content\/uploads\/2025\/07\/1-9-600x360-1.png","datePublished":"2025-07-18T07:16:32+00:00","author":{"@id":"https:\/\/veritasinfo.org\/#\/schema\/person\/7701f8c088bece422266b100a712374f"},"breadcrumb":{"@id":"https:\/\/veritasinfo.org\/?p=4274#breadcrumb"},"inLanguage":"en-US","potentialAction":[{"@type":"ReadAction","target":["https:\/\/veritasinfo.org\/?p=4274"]}]},{"@type":"ImageObject","inLanguage":"en-US","@id":"https:\/\/veritasinfo.org\/?p=4274#primaryimage","url":"https:\/\/veritasinfo.org\/wp-content\/uploads\/2025\/07\/1-9-600x360-1.png","contentUrl":"https:\/\/veritasinfo.org\/wp-content\/uploads\/2025\/07\/1-9-600x360-1.png","width":600,"height":360},{"@type":"BreadcrumbList","@id":"https:\/\/veritasinfo.org\/?p=4274#breadcrumb","itemListElement":[{"@type":"ListItem","position":1,"name":"Home","item":"https:\/\/veritasinfo.org\/"},{"@type":"ListItem","position":2,"name":"Kosov\u00eb \u2013 Formohet nj\u00eb subjekt i ri politik konservator, i udh\u00ebhequr nga Ferid Agani"}]},{"@type":"WebSite","@id":"https:\/\/veritasinfo.org\/#website","url":"https:\/\/veritasinfo.org\/","name":"","description":"","potentialAction":[{"@type":"SearchAction","target":{"@type":"EntryPoint","urlTemplate":"https:\/\/veritasinfo.org\/?s={search_term_string}"},"query-input":{"@type":"PropertyValueSpecification","valueRequired":true,"valueName":"search_term_string"}}],"inLanguage":"en-US"},{"@type":"Person","@id":"https:\/\/veritasinfo.org\/#\/schema\/person\/7701f8c088bece422266b100a712374f","name":"admin","image":{"@type":"ImageObject","inLanguage":"en-US","@id":"https:\/\/veritasinfo.org\/#\/schema\/person\/image\/","url":"https:\/\/secure.gravatar.com\/avatar\/ea53aa3bf6c9a12d5fde8ce4deff43fef3885ae33cf60184161a50d6987cfd2f?s=96&d=mm&r=g","contentUrl":"https:\/\/secure.gravatar.com\/avatar\/ea53aa3bf6c9a12d5fde8ce4deff43fef3885ae33cf60184161a50d6987cfd2f?s=96&d=mm&r=g","caption":"admin"},"sameAs":["https:\/\/veritasinfo.org"],"url":"https:\/\/veritasinfo.org\/?author=1"}]}},"featured_image_urls":{"full":["https:\/\/veritasinfo.org\/wp-content\/uploads\/2025\/07\/1-9-600x360-1.png",600,360,false],"thumbnail":["https:\/\/veritasinfo.org\/wp-content\/uploads\/2025\/07\/1-9-600x360-1-150x150.png",150,150,true],"medium":["https:\/\/veritasinfo.org\/wp-content\/uploads\/2025\/07\/1-9-600x360-1-300x180.png",300,180,true],"medium_large":["https:\/\/veritasinfo.org\/wp-content\/uploads\/2025\/07\/1-9-600x360-1.png",600,360,false],"large":["https:\/\/veritasinfo.org\/wp-content\/uploads\/2025\/07\/1-9-600x360-1.png",600,360,false],"1536x1536":["https:\/\/veritasinfo.org\/wp-content\/uploads\/2025\/07\/1-9-600x360-1.png",600,360,false],"2048x2048":["https:\/\/veritasinfo.org\/wp-content\/uploads\/2025\/07\/1-9-600x360-1.png",600,360,false],"kreeti-slider-full":["https:\/\/veritasinfo.org\/wp-content\/uploads\/2025\/07\/1-9-600x360-1.png",600,360,false],"kreeti-featured":["https:\/\/veritasinfo.org\/wp-content\/uploads\/2025\/07\/1-9-600x360-1.png",600,360,false],"kreeti-medium":["https:\/\/veritasinfo.org\/wp-content\/uploads\/2025\/07\/1-9-600x360-1.png",600,360,false],"kreeti-medium-square":["https:\/\/veritasinfo.org\/wp-content\/uploads\/2025\/07\/1-9-600x360-1.png",350,210,false]},"author_info":{"info":["admin"]},"category_info":"<a href=\"https:\/\/veritasinfo.org\/?cat=58\" rel=\"category\">Politik\u00eb<\/a>","tag_info":"Politik\u00eb","comment_count":"0","_links":{"self":[{"href":"https:\/\/veritasinfo.org\/index.php?rest_route=\/wp\/v2\/posts\/4274","targetHints":{"allow":["GET"]}}],"collection":[{"href":"https:\/\/veritasinfo.org\/index.php?rest_route=\/wp\/v2\/posts"}],"about":[{"href":"https:\/\/veritasinfo.org\/index.php?rest_route=\/wp\/v2\/types\/post"}],"author":[{"embeddable":true,"href":"https:\/\/veritasinfo.org\/index.php?rest_route=\/wp\/v2\/users\/1"}],"replies":[{"embeddable":true,"href":"https:\/\/veritasinfo.org\/index.php?rest_route=%2Fwp%2Fv2%2Fcomments&post=4274"}],"version-history":[{"count":1,"href":"https:\/\/veritasinfo.org\/index.php?rest_route=\/wp\/v2\/posts\/4274\/revisions"}],"predecessor-version":[{"id":4276,"href":"https:\/\/veritasinfo.org\/index.php?rest_route=\/wp\/v2\/posts\/4274\/revisions\/4276"}],"wp:featuredmedia":[{"embeddable":true,"href":"https:\/\/veritasinfo.org\/index.php?rest_route=\/wp\/v2\/media\/4275"}],"wp:attachment":[{"href":"https:\/\/veritasinfo.org\/index.php?rest_route=%2Fwp%2Fv2%2Fmedia&parent=4274"}],"wp:term":[{"taxonomy":"category","embeddable":true,"href":"https:\/\/veritasinfo.org\/index.php?rest_route=%2Fwp%2Fv2%2Fcategories&post=4274"},{"taxonomy":"post_tag","embeddable":true,"href":"https:\/\/veritasinfo.org\/index.php?rest_route=%2Fwp%2Fv2%2Ftags&post=4274"}],"curies":[{"name":"wp","href":"https:\/\/api.w.org\/{rel}","templated":true}]}}