{"id":42738,"date":"2026-04-11T20:01:17","date_gmt":"2026-04-11T18:01:17","guid":{"rendered":"https:\/\/veritasinfo.org\/?p=42738"},"modified":"2026-04-11T20:01:17","modified_gmt":"2026-04-11T18:01:17","slug":"austrijski-poslanik-evropskog-parlamenta-kosovo-je-postiglo-znacajan-napredak-u-izgradnji-demokratskih-institucija","status":"publish","type":"post","link":"https:\/\/veritasinfo.org\/?p=42738&lang=sr","title":{"rendered":"Austrijski poslanik Evropskog parlamenta: Kosovo je postiglo zna\u010dajan napredak u izgradnji demokratskih institucija"},"content":{"rendered":"<p>Pri\u0161tina, 11. april 2026. 19:59<\/p>\n<p>Austrijski poslanik Evropskog parlamenta Tomas Vajc ocenio je da je Kosovo postiglo zna\u010dajan napredak u izgradnji demokratskih institucija i izbornih procesa, isti\u010duc\u0301i da bi se zemlja mogla smatrati jednim od glavnih kandidata za \u010dlanstvo u Evropskoj uniji.<\/p>\n<p>On je izjavio da je Ustav Kosova u visokoj uskla\u0111enosti sa evropskim standardima.<\/p>\n<p>\u201eKosovo je zemlja koja ima ustav koji je veoma blizak evropskim ustavima. To je zemlja koja je postavila primer kako se organizuju izbori u regionu, i \u010dak i tamo gde je bilo sumnji, redovno se vr\u0161i ponovno prebrojavanje glasova. Neke zemlje u regionu mogu da u\u010de iz ovog primera\u201c, rekao je Vajc.<\/p>\n<p>Prema re\u010dima poslanika Evropskog parlamenta, ako bi se Kosovo tretiralo kao obi\u010dan kandidat za \u010dlanstvo u EU, bilo bi rangirano me\u0111u najnaprednijim zemljama.<\/p>\n<p>\u201eKada bi Kosovo bilo redovan kandidat za Evropsku uniju, bilo bi me\u0111u vodec\u0301im zemljama. Jo\u0161 uvek ima reformi koje treba sprovesti i pobolj\u0161anja koja treba videti, ali bi zemlja bila u dobroj poziciji\u201c, izjavio je Vajc.<\/p>\n<p>Me\u0111utim, naglasio je da proces integracije ote\u017eavaju politi\u010dki faktori i nedostatak priznanja od strane Srbije.<\/p>\n<p>\u201eRazlog za\u0161to to nije slu\u010daj povezan je sa \u010dinjenicom da Kosovo jo\u0161 uvek nije priznato od strane Srbije i da je i dalje blokirano na tom putu. Ovo je pitanje gde se sla\u017eem sa svojim kolegama, jer politi\u010dka elita nije spremna na kompromis\u201c, rekao je.<\/p>\n<p>Na kraju, Vajc je dodao da rezultate izbora na Kosovu treba po\u0161tovati.<\/p>\n<p>\u201eBila su dva izbora koja su pokazala jasnog pobednika i to treba prihvatiti\u201c, zaklju\u010dio je.<\/p>\n","protected":false},"excerpt":{"rendered":"<p>Pri\u0161tina, 11. april 2026. 19:59 Austrijski poslanik Evropskog parlamenta Tomas Vajc ocenio je da je Kosovo postiglo zna\u010dajan napredak u izgradnji demokratskih institucija i izbornih<\/p>\n","protected":false},"author":7,"featured_media":42739,"comment_status":"open","ping_status":"open","sticky":false,"template":"","format":"standard","meta":{"footnotes":""},"categories":[28],"tags":[],"class_list":["post-42738","post","type-post","status-publish","format-standard","has-post-thumbnail","hentry","category-politika"],"yoast_head":"<!-- This site is optimized with the Yoast SEO plugin v25.3.1 - https:\/\/yoast.com\/wordpress\/plugins\/seo\/ -->\n<title>Austrijski poslanik Evropskog parlamenta: Kosovo je postiglo zna\u010dajan napredak u izgradnji demokratskih institucija -<\/title>\n<meta name=\"robots\" content=\"index, follow, max-snippet:-1, max-image-preview:large, max-video-preview:-1\" \/>\n<link rel=\"canonical\" href=\"https:\/\/veritasinfo.org\/?p=42738&lang=sr\" \/>\n<meta property=\"og:locale\" content=\"en_US\" \/>\n<meta property=\"og:type\" content=\"article\" \/>\n<meta property=\"og:title\" content=\"Austrijski poslanik Evropskog parlamenta: Kosovo je postiglo zna\u010dajan napredak u izgradnji demokratskih institucija -\" \/>\n<meta property=\"og:description\" content=\"Pri\u0161tina, 11. april 2026. 19:59 Austrijski poslanik Evropskog parlamenta Tomas Vajc ocenio je da je Kosovo postiglo zna\u010dajan napredak u izgradnji demokratskih institucija i izbornih\" \/>\n<meta property=\"og:url\" content=\"https:\/\/veritasinfo.org\/?p=42738&amp;lang=sr\" \/>\n<meta property=\"article:published_time\" content=\"2026-04-11T18:01:17+00:00\" \/>\n<meta property=\"og:image\" content=\"https:\/\/veritasinfo.org\/wp-content\/uploads\/2026\/04\/1-30.jpg\" \/>\n\t<meta property=\"og:image:width\" content=\"664\" \/>\n\t<meta property=\"og:image:height\" content=\"406\" \/>\n\t<meta property=\"og:image:type\" content=\"image\/jpeg\" \/>\n<meta name=\"author\" content=\"US6\" \/>\n<meta name=\"twitter:card\" content=\"summary_large_image\" \/>\n<meta name=\"twitter:label1\" content=\"Written by\" \/>\n\t<meta name=\"twitter:data1\" content=\"US6\" \/>\n\t<meta name=\"twitter:label2\" content=\"Est. reading time\" \/>\n\t<meta name=\"twitter:data2\" content=\"2 minutes\" \/>\n<script type=\"application\/ld+json\" class=\"yoast-schema-graph\">{\"@context\":\"https:\/\/schema.org\",\"@graph\":[{\"@type\":\"WebPage\",\"@id\":\"https:\/\/veritasinfo.org\/?p=42738&lang=sr\",\"url\":\"https:\/\/veritasinfo.org\/?p=42738&lang=sr\",\"name\":\"Austrijski poslanik Evropskog parlamenta: Kosovo je postiglo zna\u010dajan napredak u izgradnji demokratskih institucija -\",\"isPartOf\":{\"@id\":\"https:\/\/veritasinfo.org\/#website\"},\"primaryImageOfPage\":{\"@id\":\"https:\/\/veritasinfo.org\/?p=42738&lang=sr#primaryimage\"},\"image\":{\"@id\":\"https:\/\/veritasinfo.org\/?p=42738&lang=sr#primaryimage\"},\"thumbnailUrl\":\"https:\/\/veritasinfo.org\/wp-content\/uploads\/2026\/04\/1-30.jpg\",\"datePublished\":\"2026-04-11T18:01:17+00:00\",\"author\":{\"@id\":\"https:\/\/veritasinfo.org\/#\/schema\/person\/fe199eede04c3937362892b7444747cc\"},\"breadcrumb\":{\"@id\":\"https:\/\/veritasinfo.org\/?p=42738&lang=sr#breadcrumb\"},\"inLanguage\":\"en-US\",\"potentialAction\":[{\"@type\":\"ReadAction\",\"target\":[\"https:\/\/veritasinfo.org\/?p=42738&lang=sr\"]}]},{\"@type\":\"ImageObject\",\"inLanguage\":\"en-US\",\"@id\":\"https:\/\/veritasinfo.org\/?p=42738&lang=sr#primaryimage\",\"url\":\"https:\/\/veritasinfo.org\/wp-content\/uploads\/2026\/04\/1-30.jpg\",\"contentUrl\":\"https:\/\/veritasinfo.org\/wp-content\/uploads\/2026\/04\/1-30.jpg\",\"width\":664,\"height\":406},{\"@type\":\"BreadcrumbList\",\"@id\":\"https:\/\/veritasinfo.org\/?p=42738&lang=sr#breadcrumb\",\"itemListElement\":[{\"@type\":\"ListItem\",\"position\":1,\"name\":\"Home\",\"item\":\"https:\/\/veritasinfo.org\/\"},{\"@type\":\"ListItem\",\"position\":2,\"name\":\"Austrijski poslanik Evropskog parlamenta: Kosovo je postiglo zna\u010dajan napredak u izgradnji demokratskih institucija\"}]},{\"@type\":\"WebSite\",\"@id\":\"https:\/\/veritasinfo.org\/#website\",\"url\":\"https:\/\/veritasinfo.org\/\",\"name\":\"\",\"description\":\"\",\"potentialAction\":[{\"@type\":\"SearchAction\",\"target\":{\"@type\":\"EntryPoint\",\"urlTemplate\":\"https:\/\/veritasinfo.org\/?s={search_term_string}\"},\"query-input\":{\"@type\":\"PropertyValueSpecification\",\"valueRequired\":true,\"valueName\":\"search_term_string\"}}],\"inLanguage\":\"en-US\"},{\"@type\":\"Person\",\"@id\":\"https:\/\/veritasinfo.org\/#\/schema\/person\/fe199eede04c3937362892b7444747cc\",\"name\":\"US6\",\"image\":{\"@type\":\"ImageObject\",\"inLanguage\":\"en-US\",\"@id\":\"https:\/\/veritasinfo.org\/#\/schema\/person\/image\/\",\"url\":\"https:\/\/secure.gravatar.com\/avatar\/cb16c3c31c9d23b9b8c705964598220b3014e42ff51eb540ff23cefa3ae8c15f?s=96&d=mm&r=g\",\"contentUrl\":\"https:\/\/secure.gravatar.com\/avatar\/cb16c3c31c9d23b9b8c705964598220b3014e42ff51eb540ff23cefa3ae8c15f?s=96&d=mm&r=g\",\"caption\":\"US6\"},\"url\":\"https:\/\/veritasinfo.org\/?author=7\"}]}<\/script>\n<!-- \/ Yoast SEO plugin. -->","yoast_head_json":{"title":"Austrijski poslanik Evropskog parlamenta: Kosovo je postiglo zna\u010dajan napredak u izgradnji demokratskih institucija -","robots":{"index":"index","follow":"follow","max-snippet":"max-snippet:-1","max-image-preview":"max-image-preview:large","max-video-preview":"max-video-preview:-1"},"canonical":"https:\/\/veritasinfo.org\/?p=42738&lang=sr","og_locale":"en_US","og_type":"article","og_title":"Austrijski poslanik Evropskog parlamenta: Kosovo je postiglo zna\u010dajan napredak u izgradnji demokratskih institucija -","og_description":"Pri\u0161tina, 11. april 2026. 19:59 Austrijski poslanik Evropskog parlamenta Tomas Vajc ocenio je da je Kosovo postiglo zna\u010dajan napredak u izgradnji demokratskih institucija i izbornih","og_url":"https:\/\/veritasinfo.org\/?p=42738&lang=sr","article_published_time":"2026-04-11T18:01:17+00:00","og_image":[{"width":664,"height":406,"url":"https:\/\/veritasinfo.org\/wp-content\/uploads\/2026\/04\/1-30.jpg","type":"image\/jpeg"}],"author":"US6","twitter_card":"summary_large_image","twitter_misc":{"Written by":"US6","Est. reading time":"2 minutes"},"schema":{"@context":"https:\/\/schema.org","@graph":[{"@type":"WebPage","@id":"https:\/\/veritasinfo.org\/?p=42738&lang=sr","url":"https:\/\/veritasinfo.org\/?p=42738&lang=sr","name":"Austrijski poslanik Evropskog parlamenta: Kosovo je postiglo zna\u010dajan napredak u izgradnji demokratskih institucija -","isPartOf":{"@id":"https:\/\/veritasinfo.org\/#website"},"primaryImageOfPage":{"@id":"https:\/\/veritasinfo.org\/?p=42738&lang=sr#primaryimage"},"image":{"@id":"https:\/\/veritasinfo.org\/?p=42738&lang=sr#primaryimage"},"thumbnailUrl":"https:\/\/veritasinfo.org\/wp-content\/uploads\/2026\/04\/1-30.jpg","datePublished":"2026-04-11T18:01:17+00:00","author":{"@id":"https:\/\/veritasinfo.org\/#\/schema\/person\/fe199eede04c3937362892b7444747cc"},"breadcrumb":{"@id":"https:\/\/veritasinfo.org\/?p=42738&lang=sr#breadcrumb"},"inLanguage":"en-US","potentialAction":[{"@type":"ReadAction","target":["https:\/\/veritasinfo.org\/?p=42738&lang=sr"]}]},{"@type":"ImageObject","inLanguage":"en-US","@id":"https:\/\/veritasinfo.org\/?p=42738&lang=sr#primaryimage","url":"https:\/\/veritasinfo.org\/wp-content\/uploads\/2026\/04\/1-30.jpg","contentUrl":"https:\/\/veritasinfo.org\/wp-content\/uploads\/2026\/04\/1-30.jpg","width":664,"height":406},{"@type":"BreadcrumbList","@id":"https:\/\/veritasinfo.org\/?p=42738&lang=sr#breadcrumb","itemListElement":[{"@type":"ListItem","position":1,"name":"Home","item":"https:\/\/veritasinfo.org\/"},{"@type":"ListItem","position":2,"name":"Austrijski poslanik Evropskog parlamenta: Kosovo je postiglo zna\u010dajan napredak u izgradnji demokratskih institucija"}]},{"@type":"WebSite","@id":"https:\/\/veritasinfo.org\/#website","url":"https:\/\/veritasinfo.org\/","name":"","description":"","potentialAction":[{"@type":"SearchAction","target":{"@type":"EntryPoint","urlTemplate":"https:\/\/veritasinfo.org\/?s={search_term_string}"},"query-input":{"@type":"PropertyValueSpecification","valueRequired":true,"valueName":"search_term_string"}}],"inLanguage":"en-US"},{"@type":"Person","@id":"https:\/\/veritasinfo.org\/#\/schema\/person\/fe199eede04c3937362892b7444747cc","name":"US6","image":{"@type":"ImageObject","inLanguage":"en-US","@id":"https:\/\/veritasinfo.org\/#\/schema\/person\/image\/","url":"https:\/\/secure.gravatar.com\/avatar\/cb16c3c31c9d23b9b8c705964598220b3014e42ff51eb540ff23cefa3ae8c15f?s=96&d=mm&r=g","contentUrl":"https:\/\/secure.gravatar.com\/avatar\/cb16c3c31c9d23b9b8c705964598220b3014e42ff51eb540ff23cefa3ae8c15f?s=96&d=mm&r=g","caption":"US6"},"url":"https:\/\/veritasinfo.org\/?author=7"}]}},"featured_image_urls":{"full":["https:\/\/veritasinfo.org\/wp-content\/uploads\/2026\/04\/1-30.jpg",664,406,false],"thumbnail":["https:\/\/veritasinfo.org\/wp-content\/uploads\/2026\/04\/1-30-150x150.jpg",150,150,true],"medium":["https:\/\/veritasinfo.org\/wp-content\/uploads\/2026\/04\/1-30-300x183.jpg",300,183,true],"medium_large":["https:\/\/veritasinfo.org\/wp-content\/uploads\/2026\/04\/1-30.jpg",640,391,false],"large":["https:\/\/veritasinfo.org\/wp-content\/uploads\/2026\/04\/1-30.jpg",640,391,false],"1536x1536":["https:\/\/veritasinfo.org\/wp-content\/uploads\/2026\/04\/1-30.jpg",664,406,false],"2048x2048":["https:\/\/veritasinfo.org\/wp-content\/uploads\/2026\/04\/1-30.jpg",664,406,false],"kreeti-slider-full":["https:\/\/veritasinfo.org\/wp-content\/uploads\/2026\/04\/1-30.jpg",664,406,false],"kreeti-featured":["https:\/\/veritasinfo.org\/wp-content\/uploads\/2026\/04\/1-30.jpg",664,406,false],"kreeti-medium":["https:\/\/veritasinfo.org\/wp-content\/uploads\/2026\/04\/1-30.jpg",664,406,false],"kreeti-medium-square":["https:\/\/veritasinfo.org\/wp-content\/uploads\/2026\/04\/1-30-350x350.jpg",350,350,true]},"author_info":{"info":["US6"]},"category_info":"<a href=\"https:\/\/veritasinfo.org\/?cat=28&#038;lang=sr\" rel=\"category\">Politika<\/a>","tag_info":"Politika","comment_count":"0","_links":{"self":[{"href":"https:\/\/veritasinfo.org\/index.php?rest_route=\/wp\/v2\/posts\/42738","targetHints":{"allow":["GET"]}}],"collection":[{"href":"https:\/\/veritasinfo.org\/index.php?rest_route=\/wp\/v2\/posts"}],"about":[{"href":"https:\/\/veritasinfo.org\/index.php?rest_route=\/wp\/v2\/types\/post"}],"author":[{"embeddable":true,"href":"https:\/\/veritasinfo.org\/index.php?rest_route=\/wp\/v2\/users\/7"}],"replies":[{"embeddable":true,"href":"https:\/\/veritasinfo.org\/index.php?rest_route=%2Fwp%2Fv2%2Fcomments&post=42738"}],"version-history":[{"count":1,"href":"https:\/\/veritasinfo.org\/index.php?rest_route=\/wp\/v2\/posts\/42738\/revisions"}],"predecessor-version":[{"id":42740,"href":"https:\/\/veritasinfo.org\/index.php?rest_route=\/wp\/v2\/posts\/42738\/revisions\/42740"}],"wp:featuredmedia":[{"embeddable":true,"href":"https:\/\/veritasinfo.org\/index.php?rest_route=\/wp\/v2\/media\/42739"}],"wp:attachment":[{"href":"https:\/\/veritasinfo.org\/index.php?rest_route=%2Fwp%2Fv2%2Fmedia&parent=42738"}],"wp:term":[{"taxonomy":"category","embeddable":true,"href":"https:\/\/veritasinfo.org\/index.php?rest_route=%2Fwp%2Fv2%2Fcategories&post=42738"},{"taxonomy":"post_tag","embeddable":true,"href":"https:\/\/veritasinfo.org\/index.php?rest_route=%2Fwp%2Fv2%2Ftags&post=42738"}],"curies":[{"name":"wp","href":"https:\/\/api.w.org\/{rel}","templated":true}]}}