{"id":42722,"date":"2026-04-11T18:13:33","date_gmt":"2026-04-11T16:13:33","guid":{"rendered":"https:\/\/veritasinfo.org\/?p=42722"},"modified":"2026-04-11T18:13:33","modified_gmt":"2026-04-11T16:13:33","slug":"gola-heqja-e-kufirit-shqiptaro-shqiptar-arritja-me-e-madhe-e-betejes-se-koshares","status":"publish","type":"post","link":"https:\/\/veritasinfo.org\/?p=42722","title":{"rendered":"Gola: Heqja e kufirit shqiptaro-shqiptar, arritja m\u00eb e madhe e Betej\u00ebs s\u00eb Koshares"},"content":{"rendered":"<p>Prishtin\u00eb, 11 prill 2026 18:11<\/p>\n<p>N\u00ebnkryetari i Kuvendit t\u00eb Kosov\u00ebs, Ardian Gola, mori pjes\u00eb n\u00eb ceremonin\u00eb p\u00ebrkujtimore me rastin e Dit\u00ebs s\u00eb D\u00ebshmor\u00ebve dhe p\u00ebrvjetorit t\u00eb r\u00ebnies s\u00eb heroit Agim Ramadani, ku mbajti nj\u00eb fjal\u00eb rasti para familjar\u00ebve t\u00eb d\u00ebshmor\u00ebve, ish-luft\u00ebtar\u00ebve t\u00eb U\u00c7K-s\u00eb dhe qytetar\u00ebve t\u00eb pranish\u00ebm.<\/p>\n<p>Gola e nisi fjalimin e tij me nj\u00eb fal\u00ebnderim t\u00eb ve\u00e7ant\u00eb p\u00ebr familjet e d\u00ebshmor\u00ebve, veteran\u00ebt, invalid\u00ebt dhe t\u00eb gjith\u00eb ata q\u00eb kontribuuan n\u00eb luft\u00ebn \u00e7lirimtare, duke theksuar rolin e tyre n\u00eb ruajtjen e kujtes\u00ebs kolektive.<\/p>\n<div class=\"jeg_ad jeg_ad_article jnews_content_inline_ads  \">\n<div class=\"ads-wrapper align-center \"><\/div>\n<\/div>\n<p>Ai vler\u00ebsoi se p\u00ebrmes rr\u00ebfimeve dhe p\u00ebrkushtimit nd\u00ebr vite, ata kan\u00eb mbajtur gjall\u00eb historin\u00eb e luft\u00ebs dhe sakrific\u00ebs p\u00ebr liri.<\/p>\n<p>Duke u ndalur te r\u00ebnd\u00ebsia historike e Betej\u00ebs s\u00eb Koshares, Gola theksoi se kjo betej\u00eb p\u00ebrfaq\u00ebson nj\u00eb nga momentet m\u00eb t\u00eb lavdishme t\u00eb historis\u00eb moderne t\u00eb Kosov\u00ebs, jo vet\u00ebm si operacion ushtarak, por edhe si akt q\u00eb ndryshoi vet\u00eb kuptimin e kufirit.<\/p>\n<p>\u201cHeqja e kufirit shqiptaro-shqiptar ishte arritja m\u00eb e madhe e Betej\u00ebs s\u00eb Koshares. Ajo, si beteja m\u00eb e lavdishme e historis\u00eb son\u00eb moderne, p\u00ebrtej t\u00eb qenit operacion ushtarak, ishte edhe nd\u00ebrhyrje n\u00eb vet\u00eb kuptimin e kufirit. Kur u thye ai kufi, u \u00e7montua edhe nj\u00eb kufi tjet\u00ebr. Ai q\u00eb kishim brenda vetes. Ai q\u00eb na kufizonte edhe \u00ebndrrat\u201d, theksoi Gola.<\/p>\n<p>N\u00eb fjal\u00ebn e tij, Gola i kushtoi nj\u00eb v\u00ebmendje t\u00eb ve\u00e7ant\u00eb figur\u00ebs s\u00eb komandantit Agim Ramadani, p\u00ebr t\u00eb cilin tha se p\u00ebrfaq\u00ebsonte nj\u00eb nd\u00ebrthurje t\u00eb rrall\u00eb t\u00eb shpirtit krijues dhe vendosm\u00ebris\u00eb luftarake.<\/p>\n<p>Ai theksoi se Katana nuk iu bashkua luft\u00ebs nga mungesa e alternativave, por si zgjedhje e vet\u00ebdijshme p\u00ebr t\u2019i sh\u00ebrbyer atdheut, duke braktisur jet\u00ebn e nd\u00ebrtuar n\u00eb m\u00ebrgim.<\/p>\n<p>\u201cAgim Ramadani, kishte shpirt t\u00eb madh krijuesi. Pikturonte, shkruante, mendonte ndryshe. Ishte i shkolluar n\u00eb Akademin\u00eb Ushtarake t\u00eb Zagrebit, i rritur n\u00eb Kosov\u00eb dhe m\u00eb von\u00eb, si i p\u00ebrndjekur, u detyrua t\u00eb migronte n\u00eb Zvic\u00ebr. Atje bashk\u00eb me dashurin\u00eb e jet\u00ebs s\u00eb tij, rivalen e bankave shkollore dhe bashk\u00ebaktivisten n\u00eb ilegale, zonj\u00ebn e nderuar Shukrije Ramadanin, dhe me f\u00ebmij\u00ebt Jetonin, Edonin dhe Lorin\u00ebn nd\u00ebrtoi jet\u00ebn e tij\u201d, theksoi Gola.<\/p>\n<p>Gola p\u00ebrmendi edhe vargjet e Agim Ramadanit, duke n\u00ebnvizuar mesazhin se pritja nuk mjafton p\u00ebr t\u00eb arritur lirin\u00eb.<\/p>\n<p>Duke folur p\u00ebr rolin e heroit Ramadani n\u00eb Koshare, n\u00ebnkryetari i Kuvendit shtoi se ai ishte jo vet\u00ebm komandant, por edhe udh\u00ebheq\u00ebs me p\u00ebrgjegj\u00ebsi t\u00eb lart\u00eb ndaj bashk\u00ebluft\u00ebtar\u00ebve, i dalluar p\u00ebr qet\u00ebsin\u00eb, disiplin\u00ebn dhe vizionin n\u00eb momentet m\u00eb t\u00eb v\u00ebshtira.<\/p>\n<p>Gola n\u00ebnvizoi se r\u00ebnia e Agim Ramadanit m\u00eb 11 prill 1999 la pas jo vet\u00ebm nj\u00eb boshll\u00ebk t\u00eb madh, por edhe nj\u00eb standard t\u00eb lart\u00eb p\u00ebr p\u00ebrkushtimin ndaj atdheut. Ai shtoi se ky standard vazhdon t\u00eb sh\u00ebrbej\u00eb si udh\u00ebrr\u00ebfyes p\u00ebr institucionet dhe qytetar\u00ebt e Kosov\u00ebs sot.<\/p>\n<p>\u201cGatishm\u00ebria e komandant Katan\u00ebs me bashk\u00ebluft\u00ebtar\u00eb i bindi edhe t\u00eb tjer\u00ebt se ajo q\u00eb dukej e pamundur mund t\u00eb b\u00ebhej dhe po b\u00ebhej. Frym\u00ebzoi nj\u00eb brez t\u00eb t\u00ebr\u00eb ta sheh lirin\u00eb si ideal q\u00eb k\u00ebrkon veprim konkret, rrezik dhe sakrific\u00eb. Nga ky brez p\u00ebrb\u00ebhej Ushtria \u00c7lirimtare e Kosov\u00ebs, ushtri q\u00eb u nd\u00ebrtua n\u00eb kushte t\u00eb pamundura, por me nj\u00eb qart\u00ebsi t\u00eb plot\u00eb p\u00ebr at\u00eb q\u00eb duhej arritur\u201d, theksoi n\u00ebnkryetari.<\/p>\n<p>N\u00eb p\u00ebrmbyllje, Gola tha se p\u00ebrkujtimi i d\u00ebshmor\u00ebve \u00ebsht\u00eb nj\u00eb thirrje p\u00ebr p\u00ebrgjegj\u00ebsi dhe angazhim t\u00eb vazhduesh\u00ebm p\u00ebr ruajtjen e vlerave p\u00ebr t\u00eb cilat ata sakrifikuan.<\/p>\n","protected":false},"excerpt":{"rendered":"<p>Prishtin\u00eb, 11 prill 2026 18:11 N\u00ebnkryetari i Kuvendit t\u00eb Kosov\u00ebs, Ardian Gola, mori pjes\u00eb n\u00eb ceremonin\u00eb p\u00ebrkujtimore me rastin e Dit\u00ebs s\u00eb D\u00ebshmor\u00ebve dhe p\u00ebrvjetorit<\/p>\n","protected":false},"author":7,"featured_media":42723,"comment_status":"open","ping_status":"open","sticky":false,"template":"","format":"standard","meta":{"footnotes":""},"categories":[60],"tags":[],"class_list":["post-42722","post","type-post","status-publish","format-standard","has-post-thumbnail","hentry","category-shoqerore-sq"],"yoast_head":"<!-- This site is optimized with the Yoast SEO plugin v25.3.1 - https:\/\/yoast.com\/wordpress\/plugins\/seo\/ -->\n<title>Gola: Heqja e kufirit shqiptaro-shqiptar, arritja m\u00eb e madhe e Betej\u00ebs s\u00eb Koshares -<\/title>\n<meta name=\"robots\" content=\"index, follow, max-snippet:-1, max-image-preview:large, max-video-preview:-1\" \/>\n<link rel=\"canonical\" href=\"https:\/\/veritasinfo.org\/?p=42722\" \/>\n<meta property=\"og:locale\" content=\"en_US\" \/>\n<meta property=\"og:type\" content=\"article\" \/>\n<meta property=\"og:title\" content=\"Gola: Heqja e kufirit shqiptaro-shqiptar, arritja m\u00eb e madhe e Betej\u00ebs s\u00eb Koshares -\" \/>\n<meta property=\"og:description\" content=\"Prishtin\u00eb, 11 prill 2026 18:11 N\u00ebnkryetari i Kuvendit t\u00eb Kosov\u00ebs, Ardian Gola, mori pjes\u00eb n\u00eb ceremonin\u00eb p\u00ebrkujtimore me rastin e Dit\u00ebs s\u00eb D\u00ebshmor\u00ebve dhe p\u00ebrvjetorit\" \/>\n<meta property=\"og:url\" content=\"https:\/\/veritasinfo.org\/?p=42722\" \/>\n<meta property=\"article:published_time\" content=\"2026-04-11T16:13:33+00:00\" \/>\n<meta property=\"og:image\" content=\"https:\/\/veritasinfo.org\/wp-content\/uploads\/2026\/04\/Screenshot_20260411_181232_Chrome.jpg\" \/>\n\t<meta property=\"og:image:width\" content=\"967\" \/>\n\t<meta property=\"og:image:height\" content=\"679\" \/>\n\t<meta property=\"og:image:type\" content=\"image\/jpeg\" \/>\n<meta name=\"author\" content=\"US6\" \/>\n<meta name=\"twitter:card\" content=\"summary_large_image\" \/>\n<meta name=\"twitter:label1\" content=\"Written by\" \/>\n\t<meta name=\"twitter:data1\" content=\"US6\" \/>\n\t<meta name=\"twitter:label2\" content=\"Est. reading time\" \/>\n\t<meta name=\"twitter:data2\" content=\"3 minutes\" \/>\n<script type=\"application\/ld+json\" class=\"yoast-schema-graph\">{\"@context\":\"https:\/\/schema.org\",\"@graph\":[{\"@type\":\"WebPage\",\"@id\":\"https:\/\/veritasinfo.org\/?p=42722\",\"url\":\"https:\/\/veritasinfo.org\/?p=42722\",\"name\":\"Gola: Heqja e kufirit shqiptaro-shqiptar, arritja m\u00eb e madhe e Betej\u00ebs s\u00eb Koshares -\",\"isPartOf\":{\"@id\":\"https:\/\/veritasinfo.org\/#website\"},\"primaryImageOfPage\":{\"@id\":\"https:\/\/veritasinfo.org\/?p=42722#primaryimage\"},\"image\":{\"@id\":\"https:\/\/veritasinfo.org\/?p=42722#primaryimage\"},\"thumbnailUrl\":\"https:\/\/veritasinfo.org\/wp-content\/uploads\/2026\/04\/Screenshot_20260411_181232_Chrome.jpg\",\"datePublished\":\"2026-04-11T16:13:33+00:00\",\"author\":{\"@id\":\"https:\/\/veritasinfo.org\/#\/schema\/person\/fe199eede04c3937362892b7444747cc\"},\"breadcrumb\":{\"@id\":\"https:\/\/veritasinfo.org\/?p=42722#breadcrumb\"},\"inLanguage\":\"en-US\",\"potentialAction\":[{\"@type\":\"ReadAction\",\"target\":[\"https:\/\/veritasinfo.org\/?p=42722\"]}]},{\"@type\":\"ImageObject\",\"inLanguage\":\"en-US\",\"@id\":\"https:\/\/veritasinfo.org\/?p=42722#primaryimage\",\"url\":\"https:\/\/veritasinfo.org\/wp-content\/uploads\/2026\/04\/Screenshot_20260411_181232_Chrome.jpg\",\"contentUrl\":\"https:\/\/veritasinfo.org\/wp-content\/uploads\/2026\/04\/Screenshot_20260411_181232_Chrome.jpg\",\"width\":967,\"height\":679},{\"@type\":\"BreadcrumbList\",\"@id\":\"https:\/\/veritasinfo.org\/?p=42722#breadcrumb\",\"itemListElement\":[{\"@type\":\"ListItem\",\"position\":1,\"name\":\"Home\",\"item\":\"https:\/\/veritasinfo.org\/\"},{\"@type\":\"ListItem\",\"position\":2,\"name\":\"Gola: Heqja e kufirit shqiptaro-shqiptar, arritja m\u00eb e madhe e Betej\u00ebs s\u00eb Koshares\"}]},{\"@type\":\"WebSite\",\"@id\":\"https:\/\/veritasinfo.org\/#website\",\"url\":\"https:\/\/veritasinfo.org\/\",\"name\":\"\",\"description\":\"\",\"potentialAction\":[{\"@type\":\"SearchAction\",\"target\":{\"@type\":\"EntryPoint\",\"urlTemplate\":\"https:\/\/veritasinfo.org\/?s={search_term_string}\"},\"query-input\":{\"@type\":\"PropertyValueSpecification\",\"valueRequired\":true,\"valueName\":\"search_term_string\"}}],\"inLanguage\":\"en-US\"},{\"@type\":\"Person\",\"@id\":\"https:\/\/veritasinfo.org\/#\/schema\/person\/fe199eede04c3937362892b7444747cc\",\"name\":\"US6\",\"image\":{\"@type\":\"ImageObject\",\"inLanguage\":\"en-US\",\"@id\":\"https:\/\/veritasinfo.org\/#\/schema\/person\/image\/\",\"url\":\"https:\/\/secure.gravatar.com\/avatar\/cb16c3c31c9d23b9b8c705964598220b3014e42ff51eb540ff23cefa3ae8c15f?s=96&d=mm&r=g\",\"contentUrl\":\"https:\/\/secure.gravatar.com\/avatar\/cb16c3c31c9d23b9b8c705964598220b3014e42ff51eb540ff23cefa3ae8c15f?s=96&d=mm&r=g\",\"caption\":\"US6\"},\"url\":\"https:\/\/veritasinfo.org\/?author=7\"}]}<\/script>\n<!-- \/ Yoast SEO plugin. -->","yoast_head_json":{"title":"Gola: Heqja e kufirit shqiptaro-shqiptar, arritja m\u00eb e madhe e Betej\u00ebs s\u00eb Koshares -","robots":{"index":"index","follow":"follow","max-snippet":"max-snippet:-1","max-image-preview":"max-image-preview:large","max-video-preview":"max-video-preview:-1"},"canonical":"https:\/\/veritasinfo.org\/?p=42722","og_locale":"en_US","og_type":"article","og_title":"Gola: Heqja e kufirit shqiptaro-shqiptar, arritja m\u00eb e madhe e Betej\u00ebs s\u00eb Koshares -","og_description":"Prishtin\u00eb, 11 prill 2026 18:11 N\u00ebnkryetari i Kuvendit t\u00eb Kosov\u00ebs, Ardian Gola, mori pjes\u00eb n\u00eb ceremonin\u00eb p\u00ebrkujtimore me rastin e Dit\u00ebs s\u00eb D\u00ebshmor\u00ebve dhe p\u00ebrvjetorit","og_url":"https:\/\/veritasinfo.org\/?p=42722","article_published_time":"2026-04-11T16:13:33+00:00","og_image":[{"width":967,"height":679,"url":"https:\/\/veritasinfo.org\/wp-content\/uploads\/2026\/04\/Screenshot_20260411_181232_Chrome.jpg","type":"image\/jpeg"}],"author":"US6","twitter_card":"summary_large_image","twitter_misc":{"Written by":"US6","Est. reading time":"3 minutes"},"schema":{"@context":"https:\/\/schema.org","@graph":[{"@type":"WebPage","@id":"https:\/\/veritasinfo.org\/?p=42722","url":"https:\/\/veritasinfo.org\/?p=42722","name":"Gola: Heqja e kufirit shqiptaro-shqiptar, arritja m\u00eb e madhe e Betej\u00ebs s\u00eb Koshares -","isPartOf":{"@id":"https:\/\/veritasinfo.org\/#website"},"primaryImageOfPage":{"@id":"https:\/\/veritasinfo.org\/?p=42722#primaryimage"},"image":{"@id":"https:\/\/veritasinfo.org\/?p=42722#primaryimage"},"thumbnailUrl":"https:\/\/veritasinfo.org\/wp-content\/uploads\/2026\/04\/Screenshot_20260411_181232_Chrome.jpg","datePublished":"2026-04-11T16:13:33+00:00","author":{"@id":"https:\/\/veritasinfo.org\/#\/schema\/person\/fe199eede04c3937362892b7444747cc"},"breadcrumb":{"@id":"https:\/\/veritasinfo.org\/?p=42722#breadcrumb"},"inLanguage":"en-US","potentialAction":[{"@type":"ReadAction","target":["https:\/\/veritasinfo.org\/?p=42722"]}]},{"@type":"ImageObject","inLanguage":"en-US","@id":"https:\/\/veritasinfo.org\/?p=42722#primaryimage","url":"https:\/\/veritasinfo.org\/wp-content\/uploads\/2026\/04\/Screenshot_20260411_181232_Chrome.jpg","contentUrl":"https:\/\/veritasinfo.org\/wp-content\/uploads\/2026\/04\/Screenshot_20260411_181232_Chrome.jpg","width":967,"height":679},{"@type":"BreadcrumbList","@id":"https:\/\/veritasinfo.org\/?p=42722#breadcrumb","itemListElement":[{"@type":"ListItem","position":1,"name":"Home","item":"https:\/\/veritasinfo.org\/"},{"@type":"ListItem","position":2,"name":"Gola: Heqja e kufirit shqiptaro-shqiptar, arritja m\u00eb e madhe e Betej\u00ebs s\u00eb Koshares"}]},{"@type":"WebSite","@id":"https:\/\/veritasinfo.org\/#website","url":"https:\/\/veritasinfo.org\/","name":"","description":"","potentialAction":[{"@type":"SearchAction","target":{"@type":"EntryPoint","urlTemplate":"https:\/\/veritasinfo.org\/?s={search_term_string}"},"query-input":{"@type":"PropertyValueSpecification","valueRequired":true,"valueName":"search_term_string"}}],"inLanguage":"en-US"},{"@type":"Person","@id":"https:\/\/veritasinfo.org\/#\/schema\/person\/fe199eede04c3937362892b7444747cc","name":"US6","image":{"@type":"ImageObject","inLanguage":"en-US","@id":"https:\/\/veritasinfo.org\/#\/schema\/person\/image\/","url":"https:\/\/secure.gravatar.com\/avatar\/cb16c3c31c9d23b9b8c705964598220b3014e42ff51eb540ff23cefa3ae8c15f?s=96&d=mm&r=g","contentUrl":"https:\/\/secure.gravatar.com\/avatar\/cb16c3c31c9d23b9b8c705964598220b3014e42ff51eb540ff23cefa3ae8c15f?s=96&d=mm&r=g","caption":"US6"},"url":"https:\/\/veritasinfo.org\/?author=7"}]}},"featured_image_urls":{"full":["https:\/\/veritasinfo.org\/wp-content\/uploads\/2026\/04\/Screenshot_20260411_181232_Chrome.jpg",967,679,false],"thumbnail":["https:\/\/veritasinfo.org\/wp-content\/uploads\/2026\/04\/Screenshot_20260411_181232_Chrome-150x150.jpg",150,150,true],"medium":["https:\/\/veritasinfo.org\/wp-content\/uploads\/2026\/04\/Screenshot_20260411_181232_Chrome-300x211.jpg",300,211,true],"medium_large":["https:\/\/veritasinfo.org\/wp-content\/uploads\/2026\/04\/Screenshot_20260411_181232_Chrome-768x539.jpg",640,449,true],"large":["https:\/\/veritasinfo.org\/wp-content\/uploads\/2026\/04\/Screenshot_20260411_181232_Chrome.jpg",640,449,false],"1536x1536":["https:\/\/veritasinfo.org\/wp-content\/uploads\/2026\/04\/Screenshot_20260411_181232_Chrome.jpg",967,679,false],"2048x2048":["https:\/\/veritasinfo.org\/wp-content\/uploads\/2026\/04\/Screenshot_20260411_181232_Chrome.jpg",967,679,false],"kreeti-slider-full":["https:\/\/veritasinfo.org\/wp-content\/uploads\/2026\/04\/Screenshot_20260411_181232_Chrome.jpg",967,679,false],"kreeti-featured":["https:\/\/veritasinfo.org\/wp-content\/uploads\/2026\/04\/Screenshot_20260411_181232_Chrome.jpg",967,679,false],"kreeti-medium":["https:\/\/veritasinfo.org\/wp-content\/uploads\/2026\/04\/Screenshot_20260411_181232_Chrome-720x530.jpg",720,530,true],"kreeti-medium-square":["https:\/\/veritasinfo.org\/wp-content\/uploads\/2026\/04\/Screenshot_20260411_181232_Chrome-350x350.jpg",350,350,true]},"author_info":{"info":["US6"]},"category_info":"<a href=\"https:\/\/veritasinfo.org\/?cat=60\" rel=\"category\">Shoq\u00ebrore<\/a>","tag_info":"Shoq\u00ebrore","comment_count":"0","_links":{"self":[{"href":"https:\/\/veritasinfo.org\/index.php?rest_route=\/wp\/v2\/posts\/42722","targetHints":{"allow":["GET"]}}],"collection":[{"href":"https:\/\/veritasinfo.org\/index.php?rest_route=\/wp\/v2\/posts"}],"about":[{"href":"https:\/\/veritasinfo.org\/index.php?rest_route=\/wp\/v2\/types\/post"}],"author":[{"embeddable":true,"href":"https:\/\/veritasinfo.org\/index.php?rest_route=\/wp\/v2\/users\/7"}],"replies":[{"embeddable":true,"href":"https:\/\/veritasinfo.org\/index.php?rest_route=%2Fwp%2Fv2%2Fcomments&post=42722"}],"version-history":[{"count":1,"href":"https:\/\/veritasinfo.org\/index.php?rest_route=\/wp\/v2\/posts\/42722\/revisions"}],"predecessor-version":[{"id":42724,"href":"https:\/\/veritasinfo.org\/index.php?rest_route=\/wp\/v2\/posts\/42722\/revisions\/42724"}],"wp:featuredmedia":[{"embeddable":true,"href":"https:\/\/veritasinfo.org\/index.php?rest_route=\/wp\/v2\/media\/42723"}],"wp:attachment":[{"href":"https:\/\/veritasinfo.org\/index.php?rest_route=%2Fwp%2Fv2%2Fmedia&parent=42722"}],"wp:term":[{"taxonomy":"category","embeddable":true,"href":"https:\/\/veritasinfo.org\/index.php?rest_route=%2Fwp%2Fv2%2Fcategories&post=42722"},{"taxonomy":"post_tag","embeddable":true,"href":"https:\/\/veritasinfo.org\/index.php?rest_route=%2Fwp%2Fv2%2Ftags&post=42722"}],"curies":[{"name":"wp","href":"https:\/\/api.w.org\/{rel}","templated":true}]}}