{"id":4272,"date":"2025-07-18T08:00:49","date_gmt":"2025-07-18T06:00:49","guid":{"rendered":"https:\/\/veritasinfo.org\/?p=4272"},"modified":"2025-07-18T08:00:49","modified_gmt":"2025-07-18T06:00:49","slug":"danas-se-odrzava-sudsko-rociste-u-slucaju-banjska","status":"publish","type":"post","link":"https:\/\/veritasinfo.org\/?p=4272&lang=sr","title":{"rendered":"&#8220;Danas se odr\u017eava sudsko ro\u010di\u0161te u slu\u010daju &#8216;Banjska'&#8221;"},"content":{"rendered":"<p><strong>Pri\u0161tina, 18 jul 2025<\/strong><\/p>\n<p>Sledec\u0301e ro\u010di\u0161te u slu\u010daju \u201eBanjska\u201c odr\u017eac\u0301e se u Osnovnom sudu u Pri\u0161tini. Sednica c\u0301e se odr\u017eati protiv okrivljenih Blagoja Spasojevic\u0301a, Vladimira Tolic\u0301a i Du\u0161ana Maksimovic\u0301a.<\/p>\n<p>Ina\u010de, Blagoje Spasojevic\u0301, Vladimir Tolic\u0301 i Du\u0161an Maksimovic\u0301, od ukupno 45 okrivljenih za ovaj teroristi\u010dki napad koji je predvodio kriminalac Milan Radoji\u010dic\u0301, optu\u017eeni su za izvr\u0161enje teroristi\u010dkih dela, napada u kojem je ubijen narednik Afrim Bunjaku.<\/p>\n<p>ored trojice okrivljenih kojima se sudi pred kosovskim pravosudnim sistemom, 42 okrivljena, uklju\u010dujuc\u0301i Milana Radoji\u010dic\u0301a, koji je javno priznao da je predvodio napad u Banjskoj, nalaze se u bekstvu.<\/p>\n<p>Dana 11. septembra 2024. godine, Specijalno tu\u017eila\u0161tvo Kosova podiglo je optu\u017enicu protiv 45 osoba, predvo\u0111enih kriminalcem Milanom Radoji\u010dic\u0301em, koji su optu\u017eeni za terorizam, finansiranje terorizma i druga te\u0161ka krivi\u010dna dela.<\/p>\n<p>Kosovske vlasti su zatra\u017eile ekstradiciju vo\u0111e teroristi\u010dke grupe, Milana Radoji\u010dic\u0301a, i ostalih optu\u017eenih za teroristi\u010dki napad u Banjskoj i Zve\u010danu, ali se to jo\u0161 nije dogodilo.<\/p>\n<p>Sednice za nastavak su\u0111enja u ovom slu\u010daju zakazana su za 18, 21, 22. i 24. jul.<\/p>\n","protected":false},"excerpt":{"rendered":"<p>Pri\u0161tina, 18 jul 2025 Sledec\u0301e ro\u010di\u0161te u slu\u010daju \u201eBanjska\u201c odr\u017eac\u0301e se u Osnovnom sudu u Pri\u0161tini. Sednica c\u0301e se odr\u017eati protiv okrivljenih Blagoja Spasojevic\u0301a, Vladimira<\/p>\n","protected":false},"author":2,"featured_media":4270,"comment_status":"open","ping_status":"open","sticky":false,"template":"","format":"standard","meta":{"footnotes":""},"categories":[30],"tags":[],"class_list":["post-4272","post","type-post","status-publish","format-standard","has-post-thumbnail","hentry","category-drustvo"],"yoast_head":"<!-- This site is optimized with the Yoast SEO plugin v25.3.1 - https:\/\/yoast.com\/wordpress\/plugins\/seo\/ -->\n<title>&quot;Danas se odr\u017eava sudsko ro\u010di\u0161te u slu\u010daju &#039;Banjska&#039;&quot; -<\/title>\n<meta name=\"robots\" content=\"index, follow, max-snippet:-1, max-image-preview:large, max-video-preview:-1\" \/>\n<link rel=\"canonical\" href=\"https:\/\/veritasinfo.org\/?p=4272&lang=sr\" \/>\n<meta property=\"og:locale\" content=\"en_US\" \/>\n<meta property=\"og:type\" content=\"article\" \/>\n<meta property=\"og:title\" content=\"&quot;Danas se odr\u017eava sudsko ro\u010di\u0161te u slu\u010daju &#039;Banjska&#039;&quot; -\" \/>\n<meta property=\"og:description\" content=\"Pri\u0161tina, 18 jul 2025 Sledec\u0301e ro\u010di\u0161te u slu\u010daju \u201eBanjska\u201c odr\u017eac\u0301e se u Osnovnom sudu u Pri\u0161tini. Sednica c\u0301e se odr\u017eati protiv okrivljenih Blagoja Spasojevic\u0301a, Vladimira\" \/>\n<meta property=\"og:url\" content=\"https:\/\/veritasinfo.org\/?p=4272&amp;lang=sr\" \/>\n<meta property=\"article:published_time\" content=\"2025-07-18T06:00:49+00:00\" \/>\n<meta property=\"og:image\" content=\"https:\/\/veritasinfo.org\/wp-content\/uploads\/2025\/07\/ba.jpg\" \/>\n\t<meta property=\"og:image:width\" content=\"1076\" \/>\n\t<meta property=\"og:image:height\" content=\"479\" \/>\n\t<meta property=\"og:image:type\" content=\"image\/jpeg\" \/>\n<meta name=\"author\" content=\"US1\" \/>\n<meta name=\"twitter:card\" content=\"summary_large_image\" \/>\n<meta name=\"twitter:label1\" content=\"Written by\" \/>\n\t<meta name=\"twitter:data1\" content=\"US1\" \/>\n\t<meta name=\"twitter:label2\" content=\"Est. reading time\" \/>\n\t<meta name=\"twitter:data2\" content=\"1 minute\" \/>\n<script type=\"application\/ld+json\" class=\"yoast-schema-graph\">{\"@context\":\"https:\/\/schema.org\",\"@graph\":[{\"@type\":\"WebPage\",\"@id\":\"https:\/\/veritasinfo.org\/?p=4272&lang=sr\",\"url\":\"https:\/\/veritasinfo.org\/?p=4272&lang=sr\",\"name\":\"\\\"Danas se odr\u017eava sudsko ro\u010di\u0161te u slu\u010daju 'Banjska'\\\" -\",\"isPartOf\":{\"@id\":\"https:\/\/veritasinfo.org\/#website\"},\"primaryImageOfPage\":{\"@id\":\"https:\/\/veritasinfo.org\/?p=4272&lang=sr#primaryimage\"},\"image\":{\"@id\":\"https:\/\/veritasinfo.org\/?p=4272&lang=sr#primaryimage\"},\"thumbnailUrl\":\"https:\/\/veritasinfo.org\/wp-content\/uploads\/2025\/07\/ba.jpg\",\"datePublished\":\"2025-07-18T06:00:49+00:00\",\"author\":{\"@id\":\"https:\/\/veritasinfo.org\/#\/schema\/person\/c2b8be262ea994d0995addca692c5e98\"},\"breadcrumb\":{\"@id\":\"https:\/\/veritasinfo.org\/?p=4272&lang=sr#breadcrumb\"},\"inLanguage\":\"en-US\",\"potentialAction\":[{\"@type\":\"ReadAction\",\"target\":[\"https:\/\/veritasinfo.org\/?p=4272&lang=sr\"]}]},{\"@type\":\"ImageObject\",\"inLanguage\":\"en-US\",\"@id\":\"https:\/\/veritasinfo.org\/?p=4272&lang=sr#primaryimage\",\"url\":\"https:\/\/veritasinfo.org\/wp-content\/uploads\/2025\/07\/ba.jpg\",\"contentUrl\":\"https:\/\/veritasinfo.org\/wp-content\/uploads\/2025\/07\/ba.jpg\",\"width\":1076,\"height\":479},{\"@type\":\"BreadcrumbList\",\"@id\":\"https:\/\/veritasinfo.org\/?p=4272&lang=sr#breadcrumb\",\"itemListElement\":[{\"@type\":\"ListItem\",\"position\":1,\"name\":\"Home\",\"item\":\"https:\/\/veritasinfo.org\/\"},{\"@type\":\"ListItem\",\"position\":2,\"name\":\"&#8220;Danas se odr\u017eava sudsko ro\u010di\u0161te u slu\u010daju &#8216;Banjska'&#8221;\"}]},{\"@type\":\"WebSite\",\"@id\":\"https:\/\/veritasinfo.org\/#website\",\"url\":\"https:\/\/veritasinfo.org\/\",\"name\":\"\",\"description\":\"\",\"potentialAction\":[{\"@type\":\"SearchAction\",\"target\":{\"@type\":\"EntryPoint\",\"urlTemplate\":\"https:\/\/veritasinfo.org\/?s={search_term_string}\"},\"query-input\":{\"@type\":\"PropertyValueSpecification\",\"valueRequired\":true,\"valueName\":\"search_term_string\"}}],\"inLanguage\":\"en-US\"},{\"@type\":\"Person\",\"@id\":\"https:\/\/veritasinfo.org\/#\/schema\/person\/c2b8be262ea994d0995addca692c5e98\",\"name\":\"US1\",\"image\":{\"@type\":\"ImageObject\",\"inLanguage\":\"en-US\",\"@id\":\"https:\/\/veritasinfo.org\/#\/schema\/person\/image\/\",\"url\":\"https:\/\/secure.gravatar.com\/avatar\/4e96a59bd256abf9956eb9963ac891a47461ffb364d47b0e9aab113328fdb75b?s=96&d=mm&r=g\",\"contentUrl\":\"https:\/\/secure.gravatar.com\/avatar\/4e96a59bd256abf9956eb9963ac891a47461ffb364d47b0e9aab113328fdb75b?s=96&d=mm&r=g\",\"caption\":\"US1\"},\"url\":\"https:\/\/veritasinfo.org\/?author=2\"}]}<\/script>\n<!-- \/ Yoast SEO plugin. -->","yoast_head_json":{"title":"\"Danas se odr\u017eava sudsko ro\u010di\u0161te u slu\u010daju 'Banjska'\" -","robots":{"index":"index","follow":"follow","max-snippet":"max-snippet:-1","max-image-preview":"max-image-preview:large","max-video-preview":"max-video-preview:-1"},"canonical":"https:\/\/veritasinfo.org\/?p=4272&lang=sr","og_locale":"en_US","og_type":"article","og_title":"\"Danas se odr\u017eava sudsko ro\u010di\u0161te u slu\u010daju 'Banjska'\" -","og_description":"Pri\u0161tina, 18 jul 2025 Sledec\u0301e ro\u010di\u0161te u slu\u010daju \u201eBanjska\u201c odr\u017eac\u0301e se u Osnovnom sudu u Pri\u0161tini. Sednica c\u0301e se odr\u017eati protiv okrivljenih Blagoja Spasojevic\u0301a, Vladimira","og_url":"https:\/\/veritasinfo.org\/?p=4272&lang=sr","article_published_time":"2025-07-18T06:00:49+00:00","og_image":[{"width":1076,"height":479,"url":"https:\/\/veritasinfo.org\/wp-content\/uploads\/2025\/07\/ba.jpg","type":"image\/jpeg"}],"author":"US1","twitter_card":"summary_large_image","twitter_misc":{"Written by":"US1","Est. reading time":"1 minute"},"schema":{"@context":"https:\/\/schema.org","@graph":[{"@type":"WebPage","@id":"https:\/\/veritasinfo.org\/?p=4272&lang=sr","url":"https:\/\/veritasinfo.org\/?p=4272&lang=sr","name":"\"Danas se odr\u017eava sudsko ro\u010di\u0161te u slu\u010daju 'Banjska'\" -","isPartOf":{"@id":"https:\/\/veritasinfo.org\/#website"},"primaryImageOfPage":{"@id":"https:\/\/veritasinfo.org\/?p=4272&lang=sr#primaryimage"},"image":{"@id":"https:\/\/veritasinfo.org\/?p=4272&lang=sr#primaryimage"},"thumbnailUrl":"https:\/\/veritasinfo.org\/wp-content\/uploads\/2025\/07\/ba.jpg","datePublished":"2025-07-18T06:00:49+00:00","author":{"@id":"https:\/\/veritasinfo.org\/#\/schema\/person\/c2b8be262ea994d0995addca692c5e98"},"breadcrumb":{"@id":"https:\/\/veritasinfo.org\/?p=4272&lang=sr#breadcrumb"},"inLanguage":"en-US","potentialAction":[{"@type":"ReadAction","target":["https:\/\/veritasinfo.org\/?p=4272&lang=sr"]}]},{"@type":"ImageObject","inLanguage":"en-US","@id":"https:\/\/veritasinfo.org\/?p=4272&lang=sr#primaryimage","url":"https:\/\/veritasinfo.org\/wp-content\/uploads\/2025\/07\/ba.jpg","contentUrl":"https:\/\/veritasinfo.org\/wp-content\/uploads\/2025\/07\/ba.jpg","width":1076,"height":479},{"@type":"BreadcrumbList","@id":"https:\/\/veritasinfo.org\/?p=4272&lang=sr#breadcrumb","itemListElement":[{"@type":"ListItem","position":1,"name":"Home","item":"https:\/\/veritasinfo.org\/"},{"@type":"ListItem","position":2,"name":"&#8220;Danas se odr\u017eava sudsko ro\u010di\u0161te u slu\u010daju &#8216;Banjska'&#8221;"}]},{"@type":"WebSite","@id":"https:\/\/veritasinfo.org\/#website","url":"https:\/\/veritasinfo.org\/","name":"","description":"","potentialAction":[{"@type":"SearchAction","target":{"@type":"EntryPoint","urlTemplate":"https:\/\/veritasinfo.org\/?s={search_term_string}"},"query-input":{"@type":"PropertyValueSpecification","valueRequired":true,"valueName":"search_term_string"}}],"inLanguage":"en-US"},{"@type":"Person","@id":"https:\/\/veritasinfo.org\/#\/schema\/person\/c2b8be262ea994d0995addca692c5e98","name":"US1","image":{"@type":"ImageObject","inLanguage":"en-US","@id":"https:\/\/veritasinfo.org\/#\/schema\/person\/image\/","url":"https:\/\/secure.gravatar.com\/avatar\/4e96a59bd256abf9956eb9963ac891a47461ffb364d47b0e9aab113328fdb75b?s=96&d=mm&r=g","contentUrl":"https:\/\/secure.gravatar.com\/avatar\/4e96a59bd256abf9956eb9963ac891a47461ffb364d47b0e9aab113328fdb75b?s=96&d=mm&r=g","caption":"US1"},"url":"https:\/\/veritasinfo.org\/?author=2"}]}},"featured_image_urls":{"full":["https:\/\/veritasinfo.org\/wp-content\/uploads\/2025\/07\/ba.jpg",1076,479,false],"thumbnail":["https:\/\/veritasinfo.org\/wp-content\/uploads\/2025\/07\/ba-150x150.jpg",150,150,true],"medium":["https:\/\/veritasinfo.org\/wp-content\/uploads\/2025\/07\/ba-300x134.jpg",300,134,true],"medium_large":["https:\/\/veritasinfo.org\/wp-content\/uploads\/2025\/07\/ba-768x342.jpg",640,285,true],"large":["https:\/\/veritasinfo.org\/wp-content\/uploads\/2025\/07\/ba-1024x456.jpg",640,285,true],"1536x1536":["https:\/\/veritasinfo.org\/wp-content\/uploads\/2025\/07\/ba.jpg",1076,479,false],"2048x2048":["https:\/\/veritasinfo.org\/wp-content\/uploads\/2025\/07\/ba.jpg",1076,479,false],"kreeti-slider-full":["https:\/\/veritasinfo.org\/wp-content\/uploads\/2025\/07\/ba.jpg",1076,479,false],"kreeti-featured":["https:\/\/veritasinfo.org\/wp-content\/uploads\/2025\/07\/ba.jpg",1024,456,false],"kreeti-medium":["https:\/\/veritasinfo.org\/wp-content\/uploads\/2025\/07\/ba.jpg",720,321,false],"kreeti-medium-square":["https:\/\/veritasinfo.org\/wp-content\/uploads\/2025\/07\/ba.jpg",350,156,false]},"author_info":{"info":["US1"]},"category_info":"<a href=\"https:\/\/veritasinfo.org\/?cat=30&#038;lang=sr\" rel=\"category\">Dru\u0161tvo<\/a>","tag_info":"Dru\u0161tvo","comment_count":"0","_links":{"self":[{"href":"https:\/\/veritasinfo.org\/index.php?rest_route=\/wp\/v2\/posts\/4272","targetHints":{"allow":["GET"]}}],"collection":[{"href":"https:\/\/veritasinfo.org\/index.php?rest_route=\/wp\/v2\/posts"}],"about":[{"href":"https:\/\/veritasinfo.org\/index.php?rest_route=\/wp\/v2\/types\/post"}],"author":[{"embeddable":true,"href":"https:\/\/veritasinfo.org\/index.php?rest_route=\/wp\/v2\/users\/2"}],"replies":[{"embeddable":true,"href":"https:\/\/veritasinfo.org\/index.php?rest_route=%2Fwp%2Fv2%2Fcomments&post=4272"}],"version-history":[{"count":1,"href":"https:\/\/veritasinfo.org\/index.php?rest_route=\/wp\/v2\/posts\/4272\/revisions"}],"predecessor-version":[{"id":4273,"href":"https:\/\/veritasinfo.org\/index.php?rest_route=\/wp\/v2\/posts\/4272\/revisions\/4273"}],"wp:featuredmedia":[{"embeddable":true,"href":"https:\/\/veritasinfo.org\/index.php?rest_route=\/wp\/v2\/media\/4270"}],"wp:attachment":[{"href":"https:\/\/veritasinfo.org\/index.php?rest_route=%2Fwp%2Fv2%2Fmedia&parent=4272"}],"wp:term":[{"taxonomy":"category","embeddable":true,"href":"https:\/\/veritasinfo.org\/index.php?rest_route=%2Fwp%2Fv2%2Fcategories&post=4272"},{"taxonomy":"post_tag","embeddable":true,"href":"https:\/\/veritasinfo.org\/index.php?rest_route=%2Fwp%2Fv2%2Ftags&post=4272"}],"curies":[{"name":"wp","href":"https:\/\/api.w.org\/{rel}","templated":true}]}}