{"id":42692,"date":"2026-04-11T14:41:15","date_gmt":"2026-04-11T12:41:15","guid":{"rendered":"https:\/\/veritasinfo.org\/?p=42692"},"modified":"2026-04-11T14:41:15","modified_gmt":"2026-04-11T12:41:15","slug":"instituti-i-krimeve-te-kryera-gjate-luftes-mbledh-arkiva-ne-tetove","status":"publish","type":"post","link":"https:\/\/veritasinfo.org\/?p=42692","title":{"rendered":"Instituti i Krimeve t\u00eb Kryera Gjat\u00eb Luft\u00ebs mbledh arkiva n\u00eb Tetov\u00eb"},"content":{"rendered":"<p>Prishtin\u00eb 11 Prill 2026. 14:40<\/p>\n<p>Instituti i Krimeve t\u00eb Kryera Gjat\u00eb Luft\u00ebs n\u00eb Kosov\u00eb ka zhvilluar nj\u00eb vizit\u00eb zyrtare n\u00eb Tetov\u00eb, me q\u00ebllim mbledhjen e materialeve arkivore q\u00eb dokumentojn\u00eb krimet e kryera gjat\u00eb luft\u00ebs n\u00eb Kosov\u00eb.<\/p>\n<p>Sipas njoftimit, aktivitetet kan\u00eb nisur n\u00eb Bibliotek\u00ebn e Tetov\u00ebs, ku jan\u00eb skanuar materiale me r\u00ebnd\u00ebsi t\u00eb ve\u00e7ant\u00eb q\u00eb lidhen me d\u00ebbimin e popullsis\u00eb shqiptare gjat\u00eb viteve 1998\u20131999.<\/p>\n<p>Gjat\u00eb k\u00ebsaj vizite, p\u00ebrfaq\u00ebsuesit e institutit kan\u00eb zhvilluar takime me personalitete dhe kontribuues t\u00eb ndrysh\u00ebm, t\u00eb cil\u00ebt kan\u00eb ofruar materiale dhe d\u00ebshmi t\u00eb vlefshme p\u00ebr dokumentimin e ngjarjeve t\u00eb asaj periudhe.<\/p>\n<p>\u201cGjat\u00eb q\u00ebndrimit n\u00eb Tetov\u00eb, prof. Izmet Jonuzi i dor\u00ebzoi institutit materiale t\u00eb vlefshme arkivore. Po ashtu, u zhvillua nj\u00eb takim me dr. Alajdin Avziu, i cili gjat\u00eb luft\u00ebs kontribuoi n\u00eb ndihm\u00ebn ndaj t\u00eb d\u00ebbuarve n\u00eb bashk\u00ebpunim me organizat\u00ebn Mjek\u00ebt pa Kufij. N\u00eb kuad\u00ebr t\u00eb vizit\u00ebs, u q\u00ebndrua edhe n\u00eb fshatin Bozovc\u00eb, ku u takuam me m\u00ebsuesin Neshad Mehmeti, autor i monografis\u00eb \u201cD\u00ebbimi i shqiptar\u00ebve \u2013 nga Kosova n\u00eb Mal\u00ebsin\u00eb e Tetov\u00ebs dhe nga Mal\u00ebsia e Tetov\u00ebs n\u00eb Kosov\u00eb (1999\u20132001)\u201d, t\u00eb cil\u00ebn ai ia dhuroi Institutit\u201d, njofton Instituti.<\/p>\n<p>M\u00eb tej, takimet kan\u00eb vijuar edhe me aktivist\u00eb dhe individ\u00eb q\u00eb kan\u00eb kontribuar gjat\u00eb luft\u00ebs, duke p\u00ebrfshir\u00eb ndihm\u00ebn p\u00ebr t\u00eb d\u00ebbuarit dhe dokumentimin e ngjarjeve p\u00ebrmes materialeve fotografike dhe d\u00ebshmive t\u00eb ndryshme.<\/p>\n<p>\u201cNj\u00eb kontribut t\u00eb r\u00ebnd\u00ebsish\u00ebm ka dh\u00ebn\u00eb edhe Blerim Emini nga Neproshteni, nd\u00ebrsa gazetari Harun Ibrahimi u shpreh i gatsh\u00ebm t\u00eb mb\u00ebshtes\u00eb institutin me materiale dhe d\u00ebshmi t\u00eb tjera\u201d, vazhdon njoftimi.<\/p>\n","protected":false},"excerpt":{"rendered":"<p>Prishtin\u00eb 11 Prill 2026. 14:40 Instituti i Krimeve t\u00eb Kryera Gjat\u00eb Luft\u00ebs n\u00eb Kosov\u00eb ka zhvilluar nj\u00eb vizit\u00eb zyrtare n\u00eb Tetov\u00eb, me q\u00ebllim mbledhjen e<\/p>\n","protected":false},"author":6,"featured_media":42693,"comment_status":"open","ping_status":"open","sticky":false,"template":"","format":"standard","meta":{"footnotes":""},"categories":[60],"tags":[],"class_list":["post-42692","post","type-post","status-publish","format-standard","has-post-thumbnail","hentry","category-shoqerore-sq"],"yoast_head":"<!-- This site is optimized with the Yoast SEO plugin v25.3.1 - https:\/\/yoast.com\/wordpress\/plugins\/seo\/ -->\n<title>Instituti i Krimeve t\u00eb Kryera Gjat\u00eb Luft\u00ebs mbledh arkiva n\u00eb Tetov\u00eb -<\/title>\n<meta name=\"robots\" content=\"index, follow, max-snippet:-1, max-image-preview:large, max-video-preview:-1\" \/>\n<link rel=\"canonical\" href=\"https:\/\/veritasinfo.org\/?p=42692\" \/>\n<meta property=\"og:locale\" content=\"en_US\" \/>\n<meta property=\"og:type\" content=\"article\" \/>\n<meta property=\"og:title\" content=\"Instituti i Krimeve t\u00eb Kryera Gjat\u00eb Luft\u00ebs mbledh arkiva n\u00eb Tetov\u00eb -\" \/>\n<meta property=\"og:description\" content=\"Prishtin\u00eb 11 Prill 2026. 14:40 Instituti i Krimeve t\u00eb Kryera Gjat\u00eb Luft\u00ebs n\u00eb Kosov\u00eb ka zhvilluar nj\u00eb vizit\u00eb zyrtare n\u00eb Tetov\u00eb, me q\u00ebllim mbledhjen e\" \/>\n<meta property=\"og:url\" content=\"https:\/\/veritasinfo.org\/?p=42692\" \/>\n<meta property=\"article:published_time\" content=\"2026-04-11T12:41:15+00:00\" \/>\n<meta property=\"og:image\" content=\"https:\/\/veritasinfo.org\/wp-content\/uploads\/2026\/04\/IMG-20260411-WA0003.jpg\" \/>\n\t<meta property=\"og:image:width\" content=\"1140\" \/>\n\t<meta property=\"og:image:height\" content=\"570\" \/>\n\t<meta property=\"og:image:type\" content=\"image\/jpeg\" \/>\n<meta name=\"author\" content=\"US5\" \/>\n<meta name=\"twitter:card\" content=\"summary_large_image\" \/>\n<meta name=\"twitter:label1\" content=\"Written by\" \/>\n\t<meta name=\"twitter:data1\" content=\"US5\" \/>\n\t<meta name=\"twitter:label2\" content=\"Est. reading time\" \/>\n\t<meta name=\"twitter:data2\" content=\"1 minute\" \/>\n<script type=\"application\/ld+json\" class=\"yoast-schema-graph\">{\"@context\":\"https:\/\/schema.org\",\"@graph\":[{\"@type\":\"WebPage\",\"@id\":\"https:\/\/veritasinfo.org\/?p=42692\",\"url\":\"https:\/\/veritasinfo.org\/?p=42692\",\"name\":\"Instituti i Krimeve t\u00eb Kryera Gjat\u00eb Luft\u00ebs mbledh arkiva n\u00eb Tetov\u00eb -\",\"isPartOf\":{\"@id\":\"https:\/\/veritasinfo.org\/#website\"},\"primaryImageOfPage\":{\"@id\":\"https:\/\/veritasinfo.org\/?p=42692#primaryimage\"},\"image\":{\"@id\":\"https:\/\/veritasinfo.org\/?p=42692#primaryimage\"},\"thumbnailUrl\":\"https:\/\/veritasinfo.org\/wp-content\/uploads\/2026\/04\/IMG-20260411-WA0003.jpg\",\"datePublished\":\"2026-04-11T12:41:15+00:00\",\"author\":{\"@id\":\"https:\/\/veritasinfo.org\/#\/schema\/person\/bc442336e35414d04494ab8fb45db4c6\"},\"breadcrumb\":{\"@id\":\"https:\/\/veritasinfo.org\/?p=42692#breadcrumb\"},\"inLanguage\":\"en-US\",\"potentialAction\":[{\"@type\":\"ReadAction\",\"target\":[\"https:\/\/veritasinfo.org\/?p=42692\"]}]},{\"@type\":\"ImageObject\",\"inLanguage\":\"en-US\",\"@id\":\"https:\/\/veritasinfo.org\/?p=42692#primaryimage\",\"url\":\"https:\/\/veritasinfo.org\/wp-content\/uploads\/2026\/04\/IMG-20260411-WA0003.jpg\",\"contentUrl\":\"https:\/\/veritasinfo.org\/wp-content\/uploads\/2026\/04\/IMG-20260411-WA0003.jpg\",\"width\":1140,\"height\":570},{\"@type\":\"BreadcrumbList\",\"@id\":\"https:\/\/veritasinfo.org\/?p=42692#breadcrumb\",\"itemListElement\":[{\"@type\":\"ListItem\",\"position\":1,\"name\":\"Home\",\"item\":\"https:\/\/veritasinfo.org\/\"},{\"@type\":\"ListItem\",\"position\":2,\"name\":\"Instituti i Krimeve t\u00eb Kryera Gjat\u00eb Luft\u00ebs mbledh arkiva n\u00eb Tetov\u00eb\"}]},{\"@type\":\"WebSite\",\"@id\":\"https:\/\/veritasinfo.org\/#website\",\"url\":\"https:\/\/veritasinfo.org\/\",\"name\":\"\",\"description\":\"\",\"potentialAction\":[{\"@type\":\"SearchAction\",\"target\":{\"@type\":\"EntryPoint\",\"urlTemplate\":\"https:\/\/veritasinfo.org\/?s={search_term_string}\"},\"query-input\":{\"@type\":\"PropertyValueSpecification\",\"valueRequired\":true,\"valueName\":\"search_term_string\"}}],\"inLanguage\":\"en-US\"},{\"@type\":\"Person\",\"@id\":\"https:\/\/veritasinfo.org\/#\/schema\/person\/bc442336e35414d04494ab8fb45db4c6\",\"name\":\"US5\",\"image\":{\"@type\":\"ImageObject\",\"inLanguage\":\"en-US\",\"@id\":\"https:\/\/veritasinfo.org\/#\/schema\/person\/image\/\",\"url\":\"https:\/\/secure.gravatar.com\/avatar\/16a61e7272a0c5d001121ebb9e60e925d5816e4ac1e443ed3e640d9a6ae55d0c?s=96&d=mm&r=g\",\"contentUrl\":\"https:\/\/secure.gravatar.com\/avatar\/16a61e7272a0c5d001121ebb9e60e925d5816e4ac1e443ed3e640d9a6ae55d0c?s=96&d=mm&r=g\",\"caption\":\"US5\"},\"url\":\"https:\/\/veritasinfo.org\/?author=6\"}]}<\/script>\n<!-- \/ Yoast SEO plugin. -->","yoast_head_json":{"title":"Instituti i Krimeve t\u00eb Kryera Gjat\u00eb Luft\u00ebs mbledh arkiva n\u00eb Tetov\u00eb -","robots":{"index":"index","follow":"follow","max-snippet":"max-snippet:-1","max-image-preview":"max-image-preview:large","max-video-preview":"max-video-preview:-1"},"canonical":"https:\/\/veritasinfo.org\/?p=42692","og_locale":"en_US","og_type":"article","og_title":"Instituti i Krimeve t\u00eb Kryera Gjat\u00eb Luft\u00ebs mbledh arkiva n\u00eb Tetov\u00eb -","og_description":"Prishtin\u00eb 11 Prill 2026. 14:40 Instituti i Krimeve t\u00eb Kryera Gjat\u00eb Luft\u00ebs n\u00eb Kosov\u00eb ka zhvilluar nj\u00eb vizit\u00eb zyrtare n\u00eb Tetov\u00eb, me q\u00ebllim mbledhjen e","og_url":"https:\/\/veritasinfo.org\/?p=42692","article_published_time":"2026-04-11T12:41:15+00:00","og_image":[{"width":1140,"height":570,"url":"https:\/\/veritasinfo.org\/wp-content\/uploads\/2026\/04\/IMG-20260411-WA0003.jpg","type":"image\/jpeg"}],"author":"US5","twitter_card":"summary_large_image","twitter_misc":{"Written by":"US5","Est. reading time":"1 minute"},"schema":{"@context":"https:\/\/schema.org","@graph":[{"@type":"WebPage","@id":"https:\/\/veritasinfo.org\/?p=42692","url":"https:\/\/veritasinfo.org\/?p=42692","name":"Instituti i Krimeve t\u00eb Kryera Gjat\u00eb Luft\u00ebs mbledh arkiva n\u00eb Tetov\u00eb -","isPartOf":{"@id":"https:\/\/veritasinfo.org\/#website"},"primaryImageOfPage":{"@id":"https:\/\/veritasinfo.org\/?p=42692#primaryimage"},"image":{"@id":"https:\/\/veritasinfo.org\/?p=42692#primaryimage"},"thumbnailUrl":"https:\/\/veritasinfo.org\/wp-content\/uploads\/2026\/04\/IMG-20260411-WA0003.jpg","datePublished":"2026-04-11T12:41:15+00:00","author":{"@id":"https:\/\/veritasinfo.org\/#\/schema\/person\/bc442336e35414d04494ab8fb45db4c6"},"breadcrumb":{"@id":"https:\/\/veritasinfo.org\/?p=42692#breadcrumb"},"inLanguage":"en-US","potentialAction":[{"@type":"ReadAction","target":["https:\/\/veritasinfo.org\/?p=42692"]}]},{"@type":"ImageObject","inLanguage":"en-US","@id":"https:\/\/veritasinfo.org\/?p=42692#primaryimage","url":"https:\/\/veritasinfo.org\/wp-content\/uploads\/2026\/04\/IMG-20260411-WA0003.jpg","contentUrl":"https:\/\/veritasinfo.org\/wp-content\/uploads\/2026\/04\/IMG-20260411-WA0003.jpg","width":1140,"height":570},{"@type":"BreadcrumbList","@id":"https:\/\/veritasinfo.org\/?p=42692#breadcrumb","itemListElement":[{"@type":"ListItem","position":1,"name":"Home","item":"https:\/\/veritasinfo.org\/"},{"@type":"ListItem","position":2,"name":"Instituti i Krimeve t\u00eb Kryera Gjat\u00eb Luft\u00ebs mbledh arkiva n\u00eb Tetov\u00eb"}]},{"@type":"WebSite","@id":"https:\/\/veritasinfo.org\/#website","url":"https:\/\/veritasinfo.org\/","name":"","description":"","potentialAction":[{"@type":"SearchAction","target":{"@type":"EntryPoint","urlTemplate":"https:\/\/veritasinfo.org\/?s={search_term_string}"},"query-input":{"@type":"PropertyValueSpecification","valueRequired":true,"valueName":"search_term_string"}}],"inLanguage":"en-US"},{"@type":"Person","@id":"https:\/\/veritasinfo.org\/#\/schema\/person\/bc442336e35414d04494ab8fb45db4c6","name":"US5","image":{"@type":"ImageObject","inLanguage":"en-US","@id":"https:\/\/veritasinfo.org\/#\/schema\/person\/image\/","url":"https:\/\/secure.gravatar.com\/avatar\/16a61e7272a0c5d001121ebb9e60e925d5816e4ac1e443ed3e640d9a6ae55d0c?s=96&d=mm&r=g","contentUrl":"https:\/\/secure.gravatar.com\/avatar\/16a61e7272a0c5d001121ebb9e60e925d5816e4ac1e443ed3e640d9a6ae55d0c?s=96&d=mm&r=g","caption":"US5"},"url":"https:\/\/veritasinfo.org\/?author=6"}]}},"featured_image_urls":{"full":["https:\/\/veritasinfo.org\/wp-content\/uploads\/2026\/04\/IMG-20260411-WA0003.jpg",1140,570,false],"thumbnail":["https:\/\/veritasinfo.org\/wp-content\/uploads\/2026\/04\/IMG-20260411-WA0003-150x150.jpg",150,150,true],"medium":["https:\/\/veritasinfo.org\/wp-content\/uploads\/2026\/04\/IMG-20260411-WA0003-300x150.jpg",300,150,true],"medium_large":["https:\/\/veritasinfo.org\/wp-content\/uploads\/2026\/04\/IMG-20260411-WA0003-768x384.jpg",640,320,true],"large":["https:\/\/veritasinfo.org\/wp-content\/uploads\/2026\/04\/IMG-20260411-WA0003-1024x512.jpg",640,320,true],"1536x1536":["https:\/\/veritasinfo.org\/wp-content\/uploads\/2026\/04\/IMG-20260411-WA0003.jpg",1140,570,false],"2048x2048":["https:\/\/veritasinfo.org\/wp-content\/uploads\/2026\/04\/IMG-20260411-WA0003.jpg",1140,570,false],"kreeti-slider-full":["https:\/\/veritasinfo.org\/wp-content\/uploads\/2026\/04\/IMG-20260411-WA0003.jpg",1140,570,false],"kreeti-featured":["https:\/\/veritasinfo.org\/wp-content\/uploads\/2026\/04\/IMG-20260411-WA0003-1024x512.jpg",1024,512,true],"kreeti-medium":["https:\/\/veritasinfo.org\/wp-content\/uploads\/2026\/04\/IMG-20260411-WA0003-720x530.jpg",720,530,true],"kreeti-medium-square":["https:\/\/veritasinfo.org\/wp-content\/uploads\/2026\/04\/IMG-20260411-WA0003-350x350.jpg",350,350,true]},"author_info":{"info":["US5"]},"category_info":"<a href=\"https:\/\/veritasinfo.org\/?cat=60\" rel=\"category\">Shoq\u00ebrore<\/a>","tag_info":"Shoq\u00ebrore","comment_count":"0","_links":{"self":[{"href":"https:\/\/veritasinfo.org\/index.php?rest_route=\/wp\/v2\/posts\/42692","targetHints":{"allow":["GET"]}}],"collection":[{"href":"https:\/\/veritasinfo.org\/index.php?rest_route=\/wp\/v2\/posts"}],"about":[{"href":"https:\/\/veritasinfo.org\/index.php?rest_route=\/wp\/v2\/types\/post"}],"author":[{"embeddable":true,"href":"https:\/\/veritasinfo.org\/index.php?rest_route=\/wp\/v2\/users\/6"}],"replies":[{"embeddable":true,"href":"https:\/\/veritasinfo.org\/index.php?rest_route=%2Fwp%2Fv2%2Fcomments&post=42692"}],"version-history":[{"count":1,"href":"https:\/\/veritasinfo.org\/index.php?rest_route=\/wp\/v2\/posts\/42692\/revisions"}],"predecessor-version":[{"id":42694,"href":"https:\/\/veritasinfo.org\/index.php?rest_route=\/wp\/v2\/posts\/42692\/revisions\/42694"}],"wp:featuredmedia":[{"embeddable":true,"href":"https:\/\/veritasinfo.org\/index.php?rest_route=\/wp\/v2\/media\/42693"}],"wp:attachment":[{"href":"https:\/\/veritasinfo.org\/index.php?rest_route=%2Fwp%2Fv2%2Fmedia&parent=42692"}],"wp:term":[{"taxonomy":"category","embeddable":true,"href":"https:\/\/veritasinfo.org\/index.php?rest_route=%2Fwp%2Fv2%2Fcategories&post=42692"},{"taxonomy":"post_tag","embeddable":true,"href":"https:\/\/veritasinfo.org\/index.php?rest_route=%2Fwp%2Fv2%2Ftags&post=42692"}],"curies":[{"name":"wp","href":"https:\/\/api.w.org\/{rel}","templated":true}]}}