{"id":42683,"date":"2026-04-11T14:31:08","date_gmt":"2026-04-11T12:31:08","guid":{"rendered":"https:\/\/veritasinfo.org\/?p=42683"},"modified":"2026-04-11T14:37:22","modified_gmt":"2026-04-11T12:37:22","slug":"kurti-nakon-sastanka-sa-noelom-malkolmom-kosovu-su-potrebni-glasovi-koji-brane-istinu","status":"publish","type":"post","link":"https:\/\/veritasinfo.org\/?p=42683&lang=sr","title":{"rendered":"Kurti: Kosovu su potrebni glasovi koji brane istinu"},"content":{"rendered":"<p>Pri\u0161tina 11. april 2026. 14:28<\/p>\n<p>Premijer Kosova, Albin Kurti, zavr\u0161io je posetu Londonu dugim sastankom sa britanskim istori\u010darem Noelom Malkolmom.<\/p>\n<p>On je objavio da su tokom ovog vi\u0161e\u010dasovnog sastanka razmatrane razne teme, od globalnih de\u0161avanja do istorijskih i kulturnih pitanja vezanih za Kosovo i region.<\/p>\n<p>Kurti je naglasio zna\u010daj li\u010dnosti poput Malkolma, opisujuc\u0301i ga kao va\u017ean glas koji je doprineo predstavljanju istine o Kosovu na me\u0111unarodnoj sceni.<\/p>\n<p>\u201eU vreme kada svet stalno izazivaju la\u017ene vesti o sada\u0161njosti i istorijski revizionizam o pro\u0161losti, Kosovu su sve vi\u0161e potrebni ljudi poput ser Noela, koji imaju i znanje i hrabrost da govore istinu. Upravo to je on i u\u010dinio u svom klasi\u010dnom delu \u201eKosovo: Kratka istorija\u201c. Objavljena 1998. godine, na po\u010detku na\u0161eg oslobodila\u010dkog rata, ova knjiga je razotkrila i razbila mitove koji su slu\u017eili kao propagandna osnova za genocidnu kampanju Srbije protiv na\u0161eg naroda\u201c, naglasio je Kurti.<\/p>\n","protected":false},"excerpt":{"rendered":"<p>Pri\u0161tina 11. april 2026. 14:28 Premijer Kosova, Albin Kurti, zavr\u0161io je posetu Londonu dugim sastankom sa britanskim istori\u010darem Noelom Malkolmom. On je objavio da su<\/p>\n","protected":false},"author":6,"featured_media":42684,"comment_status":"open","ping_status":"open","sticky":false,"template":"","format":"standard","meta":{"footnotes":""},"categories":[28],"tags":[],"class_list":["post-42683","post","type-post","status-publish","format-standard","has-post-thumbnail","hentry","category-politika"],"yoast_head":"<!-- This site is optimized with the Yoast SEO plugin v25.3.1 - https:\/\/yoast.com\/wordpress\/plugins\/seo\/ -->\n<title>Kurti: Kosovu su potrebni glasovi koji brane istinu -<\/title>\n<meta name=\"robots\" content=\"index, follow, max-snippet:-1, max-image-preview:large, max-video-preview:-1\" \/>\n<link rel=\"canonical\" href=\"https:\/\/veritasinfo.org\/?p=42683&lang=sr\" \/>\n<meta property=\"og:locale\" content=\"en_US\" \/>\n<meta property=\"og:type\" content=\"article\" \/>\n<meta property=\"og:title\" content=\"Kurti: Kosovu su potrebni glasovi koji brane istinu -\" \/>\n<meta property=\"og:description\" content=\"Pri\u0161tina 11. april 2026. 14:28 Premijer Kosova, Albin Kurti, zavr\u0161io je posetu Londonu dugim sastankom sa britanskim istori\u010darem Noelom Malkolmom. On je objavio da su\" \/>\n<meta property=\"og:url\" content=\"https:\/\/veritasinfo.org\/?p=42683&amp;lang=sr\" \/>\n<meta property=\"article:published_time\" content=\"2026-04-11T12:31:08+00:00\" \/>\n<meta property=\"article:modified_time\" content=\"2026-04-11T12:37:22+00:00\" \/>\n<meta property=\"og:image\" content=\"https:\/\/veritasinfo.org\/wp-content\/uploads\/2026\/04\/IMG-20260411-WA0002-1.jpg\" \/>\n\t<meta property=\"og:image:width\" content=\"554\" \/>\n\t<meta property=\"og:image:height\" content=\"327\" \/>\n\t<meta property=\"og:image:type\" content=\"image\/jpeg\" \/>\n<meta name=\"author\" content=\"US5\" \/>\n<meta name=\"twitter:card\" content=\"summary_large_image\" \/>\n<meta name=\"twitter:label1\" content=\"Written by\" \/>\n\t<meta name=\"twitter:data1\" content=\"US5\" \/>\n\t<meta name=\"twitter:label2\" content=\"Est. reading time\" \/>\n\t<meta name=\"twitter:data2\" content=\"1 minute\" \/>\n<script type=\"application\/ld+json\" class=\"yoast-schema-graph\">{\"@context\":\"https:\/\/schema.org\",\"@graph\":[{\"@type\":\"WebPage\",\"@id\":\"https:\/\/veritasinfo.org\/?p=42683&lang=sr\",\"url\":\"https:\/\/veritasinfo.org\/?p=42683&lang=sr\",\"name\":\"Kurti: Kosovu su potrebni glasovi koji brane istinu -\",\"isPartOf\":{\"@id\":\"https:\/\/veritasinfo.org\/#website\"},\"primaryImageOfPage\":{\"@id\":\"https:\/\/veritasinfo.org\/?p=42683&lang=sr#primaryimage\"},\"image\":{\"@id\":\"https:\/\/veritasinfo.org\/?p=42683&lang=sr#primaryimage\"},\"thumbnailUrl\":\"https:\/\/veritasinfo.org\/wp-content\/uploads\/2026\/04\/IMG-20260411-WA0002-1.jpg\",\"datePublished\":\"2026-04-11T12:31:08+00:00\",\"dateModified\":\"2026-04-11T12:37:22+00:00\",\"author\":{\"@id\":\"https:\/\/veritasinfo.org\/#\/schema\/person\/bc442336e35414d04494ab8fb45db4c6\"},\"breadcrumb\":{\"@id\":\"https:\/\/veritasinfo.org\/?p=42683&lang=sr#breadcrumb\"},\"inLanguage\":\"en-US\",\"potentialAction\":[{\"@type\":\"ReadAction\",\"target\":[\"https:\/\/veritasinfo.org\/?p=42683&lang=sr\"]}]},{\"@type\":\"ImageObject\",\"inLanguage\":\"en-US\",\"@id\":\"https:\/\/veritasinfo.org\/?p=42683&lang=sr#primaryimage\",\"url\":\"https:\/\/veritasinfo.org\/wp-content\/uploads\/2026\/04\/IMG-20260411-WA0002-1.jpg\",\"contentUrl\":\"https:\/\/veritasinfo.org\/wp-content\/uploads\/2026\/04\/IMG-20260411-WA0002-1.jpg\",\"width\":554,\"height\":327},{\"@type\":\"BreadcrumbList\",\"@id\":\"https:\/\/veritasinfo.org\/?p=42683&lang=sr#breadcrumb\",\"itemListElement\":[{\"@type\":\"ListItem\",\"position\":1,\"name\":\"Home\",\"item\":\"https:\/\/veritasinfo.org\/\"},{\"@type\":\"ListItem\",\"position\":2,\"name\":\"Kurti: Kosovu su potrebni glasovi koji brane istinu\"}]},{\"@type\":\"WebSite\",\"@id\":\"https:\/\/veritasinfo.org\/#website\",\"url\":\"https:\/\/veritasinfo.org\/\",\"name\":\"\",\"description\":\"\",\"potentialAction\":[{\"@type\":\"SearchAction\",\"target\":{\"@type\":\"EntryPoint\",\"urlTemplate\":\"https:\/\/veritasinfo.org\/?s={search_term_string}\"},\"query-input\":{\"@type\":\"PropertyValueSpecification\",\"valueRequired\":true,\"valueName\":\"search_term_string\"}}],\"inLanguage\":\"en-US\"},{\"@type\":\"Person\",\"@id\":\"https:\/\/veritasinfo.org\/#\/schema\/person\/bc442336e35414d04494ab8fb45db4c6\",\"name\":\"US5\",\"image\":{\"@type\":\"ImageObject\",\"inLanguage\":\"en-US\",\"@id\":\"https:\/\/veritasinfo.org\/#\/schema\/person\/image\/\",\"url\":\"https:\/\/secure.gravatar.com\/avatar\/16a61e7272a0c5d001121ebb9e60e925d5816e4ac1e443ed3e640d9a6ae55d0c?s=96&d=mm&r=g\",\"contentUrl\":\"https:\/\/secure.gravatar.com\/avatar\/16a61e7272a0c5d001121ebb9e60e925d5816e4ac1e443ed3e640d9a6ae55d0c?s=96&d=mm&r=g\",\"caption\":\"US5\"},\"url\":\"https:\/\/veritasinfo.org\/?author=6\"}]}<\/script>\n<!-- \/ Yoast SEO plugin. -->","yoast_head_json":{"title":"Kurti: Kosovu su potrebni glasovi koji brane istinu -","robots":{"index":"index","follow":"follow","max-snippet":"max-snippet:-1","max-image-preview":"max-image-preview:large","max-video-preview":"max-video-preview:-1"},"canonical":"https:\/\/veritasinfo.org\/?p=42683&lang=sr","og_locale":"en_US","og_type":"article","og_title":"Kurti: Kosovu su potrebni glasovi koji brane istinu -","og_description":"Pri\u0161tina 11. april 2026. 14:28 Premijer Kosova, Albin Kurti, zavr\u0161io je posetu Londonu dugim sastankom sa britanskim istori\u010darem Noelom Malkolmom. On je objavio da su","og_url":"https:\/\/veritasinfo.org\/?p=42683&lang=sr","article_published_time":"2026-04-11T12:31:08+00:00","article_modified_time":"2026-04-11T12:37:22+00:00","og_image":[{"width":554,"height":327,"url":"https:\/\/veritasinfo.org\/wp-content\/uploads\/2026\/04\/IMG-20260411-WA0002-1.jpg","type":"image\/jpeg"}],"author":"US5","twitter_card":"summary_large_image","twitter_misc":{"Written by":"US5","Est. reading time":"1 minute"},"schema":{"@context":"https:\/\/schema.org","@graph":[{"@type":"WebPage","@id":"https:\/\/veritasinfo.org\/?p=42683&lang=sr","url":"https:\/\/veritasinfo.org\/?p=42683&lang=sr","name":"Kurti: Kosovu su potrebni glasovi koji brane istinu -","isPartOf":{"@id":"https:\/\/veritasinfo.org\/#website"},"primaryImageOfPage":{"@id":"https:\/\/veritasinfo.org\/?p=42683&lang=sr#primaryimage"},"image":{"@id":"https:\/\/veritasinfo.org\/?p=42683&lang=sr#primaryimage"},"thumbnailUrl":"https:\/\/veritasinfo.org\/wp-content\/uploads\/2026\/04\/IMG-20260411-WA0002-1.jpg","datePublished":"2026-04-11T12:31:08+00:00","dateModified":"2026-04-11T12:37:22+00:00","author":{"@id":"https:\/\/veritasinfo.org\/#\/schema\/person\/bc442336e35414d04494ab8fb45db4c6"},"breadcrumb":{"@id":"https:\/\/veritasinfo.org\/?p=42683&lang=sr#breadcrumb"},"inLanguage":"en-US","potentialAction":[{"@type":"ReadAction","target":["https:\/\/veritasinfo.org\/?p=42683&lang=sr"]}]},{"@type":"ImageObject","inLanguage":"en-US","@id":"https:\/\/veritasinfo.org\/?p=42683&lang=sr#primaryimage","url":"https:\/\/veritasinfo.org\/wp-content\/uploads\/2026\/04\/IMG-20260411-WA0002-1.jpg","contentUrl":"https:\/\/veritasinfo.org\/wp-content\/uploads\/2026\/04\/IMG-20260411-WA0002-1.jpg","width":554,"height":327},{"@type":"BreadcrumbList","@id":"https:\/\/veritasinfo.org\/?p=42683&lang=sr#breadcrumb","itemListElement":[{"@type":"ListItem","position":1,"name":"Home","item":"https:\/\/veritasinfo.org\/"},{"@type":"ListItem","position":2,"name":"Kurti: Kosovu su potrebni glasovi koji brane istinu"}]},{"@type":"WebSite","@id":"https:\/\/veritasinfo.org\/#website","url":"https:\/\/veritasinfo.org\/","name":"","description":"","potentialAction":[{"@type":"SearchAction","target":{"@type":"EntryPoint","urlTemplate":"https:\/\/veritasinfo.org\/?s={search_term_string}"},"query-input":{"@type":"PropertyValueSpecification","valueRequired":true,"valueName":"search_term_string"}}],"inLanguage":"en-US"},{"@type":"Person","@id":"https:\/\/veritasinfo.org\/#\/schema\/person\/bc442336e35414d04494ab8fb45db4c6","name":"US5","image":{"@type":"ImageObject","inLanguage":"en-US","@id":"https:\/\/veritasinfo.org\/#\/schema\/person\/image\/","url":"https:\/\/secure.gravatar.com\/avatar\/16a61e7272a0c5d001121ebb9e60e925d5816e4ac1e443ed3e640d9a6ae55d0c?s=96&d=mm&r=g","contentUrl":"https:\/\/secure.gravatar.com\/avatar\/16a61e7272a0c5d001121ebb9e60e925d5816e4ac1e443ed3e640d9a6ae55d0c?s=96&d=mm&r=g","caption":"US5"},"url":"https:\/\/veritasinfo.org\/?author=6"}]}},"featured_image_urls":{"full":["https:\/\/veritasinfo.org\/wp-content\/uploads\/2026\/04\/IMG-20260411-WA0002-1.jpg",554,327,false],"thumbnail":["https:\/\/veritasinfo.org\/wp-content\/uploads\/2026\/04\/IMG-20260411-WA0002-1-150x150.jpg",150,150,true],"medium":["https:\/\/veritasinfo.org\/wp-content\/uploads\/2026\/04\/IMG-20260411-WA0002-1-300x177.jpg",300,177,true],"medium_large":["https:\/\/veritasinfo.org\/wp-content\/uploads\/2026\/04\/IMG-20260411-WA0002-1.jpg",554,327,false],"large":["https:\/\/veritasinfo.org\/wp-content\/uploads\/2026\/04\/IMG-20260411-WA0002-1.jpg",554,327,false],"1536x1536":["https:\/\/veritasinfo.org\/wp-content\/uploads\/2026\/04\/IMG-20260411-WA0002-1.jpg",554,327,false],"2048x2048":["https:\/\/veritasinfo.org\/wp-content\/uploads\/2026\/04\/IMG-20260411-WA0002-1.jpg",554,327,false],"kreeti-slider-full":["https:\/\/veritasinfo.org\/wp-content\/uploads\/2026\/04\/IMG-20260411-WA0002-1.jpg",554,327,false],"kreeti-featured":["https:\/\/veritasinfo.org\/wp-content\/uploads\/2026\/04\/IMG-20260411-WA0002-1.jpg",554,327,false],"kreeti-medium":["https:\/\/veritasinfo.org\/wp-content\/uploads\/2026\/04\/IMG-20260411-WA0002-1.jpg",554,327,false],"kreeti-medium-square":["https:\/\/veritasinfo.org\/wp-content\/uploads\/2026\/04\/IMG-20260411-WA0002-1-350x327.jpg",350,327,true]},"author_info":{"info":["US5"]},"category_info":"<a href=\"https:\/\/veritasinfo.org\/?cat=28&#038;lang=sr\" rel=\"category\">Politika<\/a>","tag_info":"Politika","comment_count":"0","_links":{"self":[{"href":"https:\/\/veritasinfo.org\/index.php?rest_route=\/wp\/v2\/posts\/42683","targetHints":{"allow":["GET"]}}],"collection":[{"href":"https:\/\/veritasinfo.org\/index.php?rest_route=\/wp\/v2\/posts"}],"about":[{"href":"https:\/\/veritasinfo.org\/index.php?rest_route=\/wp\/v2\/types\/post"}],"author":[{"embeddable":true,"href":"https:\/\/veritasinfo.org\/index.php?rest_route=\/wp\/v2\/users\/6"}],"replies":[{"embeddable":true,"href":"https:\/\/veritasinfo.org\/index.php?rest_route=%2Fwp%2Fv2%2Fcomments&post=42683"}],"version-history":[{"count":2,"href":"https:\/\/veritasinfo.org\/index.php?rest_route=\/wp\/v2\/posts\/42683\/revisions"}],"predecessor-version":[{"id":42688,"href":"https:\/\/veritasinfo.org\/index.php?rest_route=\/wp\/v2\/posts\/42683\/revisions\/42688"}],"wp:featuredmedia":[{"embeddable":true,"href":"https:\/\/veritasinfo.org\/index.php?rest_route=\/wp\/v2\/media\/42684"}],"wp:attachment":[{"href":"https:\/\/veritasinfo.org\/index.php?rest_route=%2Fwp%2Fv2%2Fmedia&parent=42683"}],"wp:term":[{"taxonomy":"category","embeddable":true,"href":"https:\/\/veritasinfo.org\/index.php?rest_route=%2Fwp%2Fv2%2Fcategories&post=42683"},{"taxonomy":"post_tag","embeddable":true,"href":"https:\/\/veritasinfo.org\/index.php?rest_route=%2Fwp%2Fv2%2Ftags&post=42683"}],"curies":[{"name":"wp","href":"https:\/\/api.w.org\/{rel}","templated":true}]}}