{"id":42680,"date":"2026-04-11T14:30:01","date_gmt":"2026-04-11T12:30:01","guid":{"rendered":"https:\/\/veritasinfo.org\/?p=42680"},"modified":"2026-04-11T14:36:30","modified_gmt":"2026-04-11T12:36:30","slug":"kurti-pas-takimit-me-noel-malcolm-kosova-ka-nevoje-per-zera-qe-mbrojne-te-verteten","status":"publish","type":"post","link":"https:\/\/veritasinfo.org\/?p=42680","title":{"rendered":"Kurti: Kosova ka nevoj\u00eb p\u00ebr z\u00ebra q\u00eb mbrojn\u00eb t\u00eb v\u00ebrtet\u00ebn"},"content":{"rendered":"<p>Prishtin\u00eb 11 Prill 2026 14:28<\/p>\n<p>Kryeministri i Kosov\u00ebs, Albin Kurti, ka p\u00ebrmbyllur vizit\u00ebn e tij n\u00eb Lond\u00ebr me nj\u00eb takim t\u00eb gjat\u00eb me historianin britanik Noel Malcolm.<\/p>\n<p>Ai b\u00ebri t\u00eb ditur se gjat\u00eb k\u00ebtij takimi disaor\u00ebsh jan\u00eb diskutuar tema t\u00eb ndryshme, q\u00eb nga zhvillimet globale deri te \u00e7\u00ebshtjet historike dhe kulturore q\u00eb lidhen me Kosov\u00ebn dhe rajonin.<\/p>\n<p>Kurti theksoi r\u00ebnd\u00ebsin\u00eb e figurave si Malcolm, duke e cil\u00ebsuar at\u00eb si nj\u00eb z\u00eb t\u00eb r\u00ebnd\u00ebsish\u00ebm q\u00eb ka kontribuar n\u00eb paraqitjen e s\u00eb v\u00ebrtet\u00ebs p\u00ebr Kosov\u00ebn n\u00eb aren\u00ebn nd\u00ebrkomb\u00ebtare.<\/p>\n<p>\u201cN\u00eb nj\u00eb koh\u00eb kur bota po sfidohet vazhdimisht nga lajme t\u00eb rreme p\u00ebr t\u00eb tashmen dhe revizionizmi historik p\u00ebr t\u00eb kaluar\u00ebn, Kosova ka gjithnj\u00eb e m\u00eb shum\u00eb nevoj\u00eb p\u00ebr njer\u00ebz si Sir Noel, t\u00eb cil\u00ebt kan\u00eb edhe dijen, edhe guximin p\u00ebr t\u00eb folur t\u00eb v\u00ebrtet\u00ebn. Pik\u00ebrisht k\u00ebt\u00eb e ka b\u00ebr\u00eb ai n\u00eb vepr\u00ebn e tij klasike \u201cKosova: nj\u00eb histori e shkurt\u00ebr\u201d. I botuar n\u00eb vitin 1998, n\u00eb fillim t\u00eb luft\u00ebs son\u00eb \u00e7lirimtare, ky lib\u00ebr i ekspozoi dhe shpartalloi mitet q\u00eb sh\u00ebrbenin si baza propagandistike p\u00ebr fushat\u00ebn gjenocidale t\u00eb Serbis\u00eb q\u00eb kryhej ndaj popullit ton\u00eb\u201d, ka theksuar Kurti.<\/p>\n","protected":false},"excerpt":{"rendered":"<p>Prishtin\u00eb 11 Prill 2026 14:28 Kryeministri i Kosov\u00ebs, Albin Kurti, ka p\u00ebrmbyllur vizit\u00ebn e tij n\u00eb Lond\u00ebr me nj\u00eb takim t\u00eb gjat\u00eb me historianin britanik<\/p>\n","protected":false},"author":6,"featured_media":42681,"comment_status":"open","ping_status":"open","sticky":false,"template":"","format":"standard","meta":{"footnotes":""},"categories":[58],"tags":[],"class_list":["post-42680","post","type-post","status-publish","format-standard","has-post-thumbnail","hentry","category-politike-sq"],"yoast_head":"<!-- This site is optimized with the Yoast SEO plugin v25.3.1 - https:\/\/yoast.com\/wordpress\/plugins\/seo\/ -->\n<title>Kurti: Kosova ka nevoj\u00eb p\u00ebr z\u00ebra q\u00eb mbrojn\u00eb t\u00eb v\u00ebrtet\u00ebn -<\/title>\n<meta name=\"robots\" content=\"index, follow, max-snippet:-1, max-image-preview:large, max-video-preview:-1\" \/>\n<link rel=\"canonical\" href=\"https:\/\/veritasinfo.org\/?p=42680\" \/>\n<meta property=\"og:locale\" content=\"en_US\" \/>\n<meta property=\"og:type\" content=\"article\" \/>\n<meta property=\"og:title\" content=\"Kurti: Kosova ka nevoj\u00eb p\u00ebr z\u00ebra q\u00eb mbrojn\u00eb t\u00eb v\u00ebrtet\u00ebn -\" \/>\n<meta property=\"og:description\" content=\"Prishtin\u00eb 11 Prill 2026 14:28 Kryeministri i Kosov\u00ebs, Albin Kurti, ka p\u00ebrmbyllur vizit\u00ebn e tij n\u00eb Lond\u00ebr me nj\u00eb takim t\u00eb gjat\u00eb me historianin britanik\" \/>\n<meta property=\"og:url\" content=\"https:\/\/veritasinfo.org\/?p=42680\" \/>\n<meta property=\"article:published_time\" content=\"2026-04-11T12:30:01+00:00\" \/>\n<meta property=\"article:modified_time\" content=\"2026-04-11T12:36:30+00:00\" \/>\n<meta property=\"og:image\" content=\"https:\/\/veritasinfo.org\/wp-content\/uploads\/2026\/04\/IMG-20260411-WA0002.jpg\" \/>\n\t<meta property=\"og:image:width\" content=\"554\" \/>\n\t<meta property=\"og:image:height\" content=\"327\" \/>\n\t<meta property=\"og:image:type\" content=\"image\/jpeg\" \/>\n<meta name=\"author\" content=\"US5\" \/>\n<meta name=\"twitter:card\" content=\"summary_large_image\" \/>\n<meta name=\"twitter:label1\" content=\"Written by\" \/>\n\t<meta name=\"twitter:data1\" content=\"US5\" \/>\n\t<meta name=\"twitter:label2\" content=\"Est. reading time\" \/>\n\t<meta name=\"twitter:data2\" content=\"2 minutes\" \/>\n<script type=\"application\/ld+json\" class=\"yoast-schema-graph\">{\"@context\":\"https:\/\/schema.org\",\"@graph\":[{\"@type\":\"WebPage\",\"@id\":\"https:\/\/veritasinfo.org\/?p=42680\",\"url\":\"https:\/\/veritasinfo.org\/?p=42680\",\"name\":\"Kurti: Kosova ka nevoj\u00eb p\u00ebr z\u00ebra q\u00eb mbrojn\u00eb t\u00eb v\u00ebrtet\u00ebn -\",\"isPartOf\":{\"@id\":\"https:\/\/veritasinfo.org\/#website\"},\"primaryImageOfPage\":{\"@id\":\"https:\/\/veritasinfo.org\/?p=42680#primaryimage\"},\"image\":{\"@id\":\"https:\/\/veritasinfo.org\/?p=42680#primaryimage\"},\"thumbnailUrl\":\"https:\/\/veritasinfo.org\/wp-content\/uploads\/2026\/04\/IMG-20260411-WA0002.jpg\",\"datePublished\":\"2026-04-11T12:30:01+00:00\",\"dateModified\":\"2026-04-11T12:36:30+00:00\",\"author\":{\"@id\":\"https:\/\/veritasinfo.org\/#\/schema\/person\/bc442336e35414d04494ab8fb45db4c6\"},\"breadcrumb\":{\"@id\":\"https:\/\/veritasinfo.org\/?p=42680#breadcrumb\"},\"inLanguage\":\"en-US\",\"potentialAction\":[{\"@type\":\"ReadAction\",\"target\":[\"https:\/\/veritasinfo.org\/?p=42680\"]}]},{\"@type\":\"ImageObject\",\"inLanguage\":\"en-US\",\"@id\":\"https:\/\/veritasinfo.org\/?p=42680#primaryimage\",\"url\":\"https:\/\/veritasinfo.org\/wp-content\/uploads\/2026\/04\/IMG-20260411-WA0002.jpg\",\"contentUrl\":\"https:\/\/veritasinfo.org\/wp-content\/uploads\/2026\/04\/IMG-20260411-WA0002.jpg\",\"width\":554,\"height\":327},{\"@type\":\"BreadcrumbList\",\"@id\":\"https:\/\/veritasinfo.org\/?p=42680#breadcrumb\",\"itemListElement\":[{\"@type\":\"ListItem\",\"position\":1,\"name\":\"Home\",\"item\":\"https:\/\/veritasinfo.org\/\"},{\"@type\":\"ListItem\",\"position\":2,\"name\":\"Kurti: Kosova ka nevoj\u00eb p\u00ebr z\u00ebra q\u00eb mbrojn\u00eb t\u00eb v\u00ebrtet\u00ebn\"}]},{\"@type\":\"WebSite\",\"@id\":\"https:\/\/veritasinfo.org\/#website\",\"url\":\"https:\/\/veritasinfo.org\/\",\"name\":\"\",\"description\":\"\",\"potentialAction\":[{\"@type\":\"SearchAction\",\"target\":{\"@type\":\"EntryPoint\",\"urlTemplate\":\"https:\/\/veritasinfo.org\/?s={search_term_string}\"},\"query-input\":{\"@type\":\"PropertyValueSpecification\",\"valueRequired\":true,\"valueName\":\"search_term_string\"}}],\"inLanguage\":\"en-US\"},{\"@type\":\"Person\",\"@id\":\"https:\/\/veritasinfo.org\/#\/schema\/person\/bc442336e35414d04494ab8fb45db4c6\",\"name\":\"US5\",\"image\":{\"@type\":\"ImageObject\",\"inLanguage\":\"en-US\",\"@id\":\"https:\/\/veritasinfo.org\/#\/schema\/person\/image\/\",\"url\":\"https:\/\/secure.gravatar.com\/avatar\/16a61e7272a0c5d001121ebb9e60e925d5816e4ac1e443ed3e640d9a6ae55d0c?s=96&d=mm&r=g\",\"contentUrl\":\"https:\/\/secure.gravatar.com\/avatar\/16a61e7272a0c5d001121ebb9e60e925d5816e4ac1e443ed3e640d9a6ae55d0c?s=96&d=mm&r=g\",\"caption\":\"US5\"},\"url\":\"https:\/\/veritasinfo.org\/?author=6\"}]}<\/script>\n<!-- \/ Yoast SEO plugin. -->","yoast_head_json":{"title":"Kurti: Kosova ka nevoj\u00eb p\u00ebr z\u00ebra q\u00eb mbrojn\u00eb t\u00eb v\u00ebrtet\u00ebn -","robots":{"index":"index","follow":"follow","max-snippet":"max-snippet:-1","max-image-preview":"max-image-preview:large","max-video-preview":"max-video-preview:-1"},"canonical":"https:\/\/veritasinfo.org\/?p=42680","og_locale":"en_US","og_type":"article","og_title":"Kurti: Kosova ka nevoj\u00eb p\u00ebr z\u00ebra q\u00eb mbrojn\u00eb t\u00eb v\u00ebrtet\u00ebn -","og_description":"Prishtin\u00eb 11 Prill 2026 14:28 Kryeministri i Kosov\u00ebs, Albin Kurti, ka p\u00ebrmbyllur vizit\u00ebn e tij n\u00eb Lond\u00ebr me nj\u00eb takim t\u00eb gjat\u00eb me historianin britanik","og_url":"https:\/\/veritasinfo.org\/?p=42680","article_published_time":"2026-04-11T12:30:01+00:00","article_modified_time":"2026-04-11T12:36:30+00:00","og_image":[{"width":554,"height":327,"url":"https:\/\/veritasinfo.org\/wp-content\/uploads\/2026\/04\/IMG-20260411-WA0002.jpg","type":"image\/jpeg"}],"author":"US5","twitter_card":"summary_large_image","twitter_misc":{"Written by":"US5","Est. reading time":"2 minutes"},"schema":{"@context":"https:\/\/schema.org","@graph":[{"@type":"WebPage","@id":"https:\/\/veritasinfo.org\/?p=42680","url":"https:\/\/veritasinfo.org\/?p=42680","name":"Kurti: Kosova ka nevoj\u00eb p\u00ebr z\u00ebra q\u00eb mbrojn\u00eb t\u00eb v\u00ebrtet\u00ebn -","isPartOf":{"@id":"https:\/\/veritasinfo.org\/#website"},"primaryImageOfPage":{"@id":"https:\/\/veritasinfo.org\/?p=42680#primaryimage"},"image":{"@id":"https:\/\/veritasinfo.org\/?p=42680#primaryimage"},"thumbnailUrl":"https:\/\/veritasinfo.org\/wp-content\/uploads\/2026\/04\/IMG-20260411-WA0002.jpg","datePublished":"2026-04-11T12:30:01+00:00","dateModified":"2026-04-11T12:36:30+00:00","author":{"@id":"https:\/\/veritasinfo.org\/#\/schema\/person\/bc442336e35414d04494ab8fb45db4c6"},"breadcrumb":{"@id":"https:\/\/veritasinfo.org\/?p=42680#breadcrumb"},"inLanguage":"en-US","potentialAction":[{"@type":"ReadAction","target":["https:\/\/veritasinfo.org\/?p=42680"]}]},{"@type":"ImageObject","inLanguage":"en-US","@id":"https:\/\/veritasinfo.org\/?p=42680#primaryimage","url":"https:\/\/veritasinfo.org\/wp-content\/uploads\/2026\/04\/IMG-20260411-WA0002.jpg","contentUrl":"https:\/\/veritasinfo.org\/wp-content\/uploads\/2026\/04\/IMG-20260411-WA0002.jpg","width":554,"height":327},{"@type":"BreadcrumbList","@id":"https:\/\/veritasinfo.org\/?p=42680#breadcrumb","itemListElement":[{"@type":"ListItem","position":1,"name":"Home","item":"https:\/\/veritasinfo.org\/"},{"@type":"ListItem","position":2,"name":"Kurti: Kosova ka nevoj\u00eb p\u00ebr z\u00ebra q\u00eb mbrojn\u00eb t\u00eb v\u00ebrtet\u00ebn"}]},{"@type":"WebSite","@id":"https:\/\/veritasinfo.org\/#website","url":"https:\/\/veritasinfo.org\/","name":"","description":"","potentialAction":[{"@type":"SearchAction","target":{"@type":"EntryPoint","urlTemplate":"https:\/\/veritasinfo.org\/?s={search_term_string}"},"query-input":{"@type":"PropertyValueSpecification","valueRequired":true,"valueName":"search_term_string"}}],"inLanguage":"en-US"},{"@type":"Person","@id":"https:\/\/veritasinfo.org\/#\/schema\/person\/bc442336e35414d04494ab8fb45db4c6","name":"US5","image":{"@type":"ImageObject","inLanguage":"en-US","@id":"https:\/\/veritasinfo.org\/#\/schema\/person\/image\/","url":"https:\/\/secure.gravatar.com\/avatar\/16a61e7272a0c5d001121ebb9e60e925d5816e4ac1e443ed3e640d9a6ae55d0c?s=96&d=mm&r=g","contentUrl":"https:\/\/secure.gravatar.com\/avatar\/16a61e7272a0c5d001121ebb9e60e925d5816e4ac1e443ed3e640d9a6ae55d0c?s=96&d=mm&r=g","caption":"US5"},"url":"https:\/\/veritasinfo.org\/?author=6"}]}},"featured_image_urls":{"full":["https:\/\/veritasinfo.org\/wp-content\/uploads\/2026\/04\/IMG-20260411-WA0002.jpg",554,327,false],"thumbnail":["https:\/\/veritasinfo.org\/wp-content\/uploads\/2026\/04\/IMG-20260411-WA0002-150x150.jpg",150,150,true],"medium":["https:\/\/veritasinfo.org\/wp-content\/uploads\/2026\/04\/IMG-20260411-WA0002-300x177.jpg",300,177,true],"medium_large":["https:\/\/veritasinfo.org\/wp-content\/uploads\/2026\/04\/IMG-20260411-WA0002.jpg",554,327,false],"large":["https:\/\/veritasinfo.org\/wp-content\/uploads\/2026\/04\/IMG-20260411-WA0002.jpg",554,327,false],"1536x1536":["https:\/\/veritasinfo.org\/wp-content\/uploads\/2026\/04\/IMG-20260411-WA0002.jpg",554,327,false],"2048x2048":["https:\/\/veritasinfo.org\/wp-content\/uploads\/2026\/04\/IMG-20260411-WA0002.jpg",554,327,false],"kreeti-slider-full":["https:\/\/veritasinfo.org\/wp-content\/uploads\/2026\/04\/IMG-20260411-WA0002.jpg",554,327,false],"kreeti-featured":["https:\/\/veritasinfo.org\/wp-content\/uploads\/2026\/04\/IMG-20260411-WA0002.jpg",554,327,false],"kreeti-medium":["https:\/\/veritasinfo.org\/wp-content\/uploads\/2026\/04\/IMG-20260411-WA0002.jpg",554,327,false],"kreeti-medium-square":["https:\/\/veritasinfo.org\/wp-content\/uploads\/2026\/04\/IMG-20260411-WA0002-350x327.jpg",350,327,true]},"author_info":{"info":["US5"]},"category_info":"<a href=\"https:\/\/veritasinfo.org\/?cat=58\" rel=\"category\">Politik\u00eb<\/a>","tag_info":"Politik\u00eb","comment_count":"0","_links":{"self":[{"href":"https:\/\/veritasinfo.org\/index.php?rest_route=\/wp\/v2\/posts\/42680","targetHints":{"allow":["GET"]}}],"collection":[{"href":"https:\/\/veritasinfo.org\/index.php?rest_route=\/wp\/v2\/posts"}],"about":[{"href":"https:\/\/veritasinfo.org\/index.php?rest_route=\/wp\/v2\/types\/post"}],"author":[{"embeddable":true,"href":"https:\/\/veritasinfo.org\/index.php?rest_route=\/wp\/v2\/users\/6"}],"replies":[{"embeddable":true,"href":"https:\/\/veritasinfo.org\/index.php?rest_route=%2Fwp%2Fv2%2Fcomments&post=42680"}],"version-history":[{"count":2,"href":"https:\/\/veritasinfo.org\/index.php?rest_route=\/wp\/v2\/posts\/42680\/revisions"}],"predecessor-version":[{"id":42687,"href":"https:\/\/veritasinfo.org\/index.php?rest_route=\/wp\/v2\/posts\/42680\/revisions\/42687"}],"wp:featuredmedia":[{"embeddable":true,"href":"https:\/\/veritasinfo.org\/index.php?rest_route=\/wp\/v2\/media\/42681"}],"wp:attachment":[{"href":"https:\/\/veritasinfo.org\/index.php?rest_route=%2Fwp%2Fv2%2Fmedia&parent=42680"}],"wp:term":[{"taxonomy":"category","embeddable":true,"href":"https:\/\/veritasinfo.org\/index.php?rest_route=%2Fwp%2Fv2%2Fcategories&post=42680"},{"taxonomy":"post_tag","embeddable":true,"href":"https:\/\/veritasinfo.org\/index.php?rest_route=%2Fwp%2Fv2%2Ftags&post=42680"}],"curies":[{"name":"wp","href":"https:\/\/api.w.org\/{rel}","templated":true}]}}