{"id":42651,"date":"2026-04-11T13:07:27","date_gmt":"2026-04-11T11:07:27","guid":{"rendered":"https:\/\/veritasinfo.org\/?p=42651"},"modified":"2026-04-11T13:07:27","modified_gmt":"2026-04-11T11:07:27","slug":"largohen-nga-puna-pese-shqiptare-ne-palestren-sportive-ne-mitrovicen-e-veriut-pretendojne-diskriminim-etnik","status":"publish","type":"post","link":"https:\/\/veritasinfo.org\/?p=42651","title":{"rendered":"Largohen nga puna pes\u00eb shqiptar\u00eb n\u00eb palestr\u00ebn sportive n\u00eb Mitrovic\u00ebn e Veriut, pretendojn\u00eb diskriminim etnik"},"content":{"rendered":"<p>Prishtin\u00eb 11 Prill 2026 13:06<\/p>\n<p>Pes\u00eb pun\u00ebtor\u00eb shqiptar\u00eb jan\u00eb larguar nga puna n\u00eb palestr\u00ebn sportive n\u00eb Mitrovic\u00ebn e Veriut. Nj\u00ebri prej tyre, Festim Beqiri, i cili ka rr\u00ebfyer p\u00ebr KosovaPress lidhur me k\u00ebt\u00eb vendim, duke e cil\u00ebsuar si t\u00eb padrejt\u00eb dhe t\u00eb motivuar n\u00eb baza etnike.<\/p>\n<p>\u201cShkarkimi ka ndodhur p\u00ebr 15 minuta n\u00eb nj\u00eb mbledhje dhe p\u00ebr 15 minuta jemi shkarkuar 5 shqiptar\u00eb. Mbledhja \u00ebsht\u00eb mbajtur n\u00eb komun\u00eb ku ka qen\u00eb e ftuar prej n\u00ebnkryetares Adriana Haxhiq bashk\u00eb me Drejtorin e DKRS-s\u00eb, Vladimir Simiq, ku prezent ka qen\u00eb edhe nj\u00eb p\u00ebrkthyese p\u00ebr bised\u00ebn, ne kemi menduar q\u00eb \u00ebsht\u00eb p\u00ebr bisedim t\u00eb pun\u00ebs por na kan\u00eb thirr secilin vetmas n\u00eb zyre dhe secili ve\u00e7mas na kan\u00eb larguar me pretendimin q\u00eb palestra nuk po mbahet mir\u00eb, nuk po mir\u00ebmbahen zhveshtoret, kati i dyt\u00eb nuk po mir\u00ebmbahet mir\u00eb e k\u00ebshtu me radh\u00eb, kinse edhe mos respektimi i prind\u00ebrve t\u00eb f\u00ebmij\u00ebve q\u00eb po vijn\u00eb k\u00ebtu me lu n\u00eb palest\u00ebr, ku secili prej nesh e din\u00eb edhe gjuh\u00ebn serbe edhe aq sa dim\u00eb i p\u00ebrsh\u00ebndesim edhe n\u00eb gjuh\u00ebn e tyre q\u00eb \u00ebsht\u00eb dyt\u00ebsore\u201d \u2013 tha Beqiri.<\/p>\n<p>Ai shtoi se vendimi p\u00ebr largim \u00ebsht\u00eb marr\u00eb para p\u00ebrfundimit t\u00eb periudh\u00ebs provuese, duke e konsideruar si shkelje t\u00eb kontrat\u00ebs s\u00eb pun\u00ebs.<br \/>\n\u201cMe 16 ka pas me p\u00ebrfunduar ajo prova provuese p\u00ebr pun\u00ebn q\u00eb e kemi b\u00ebr\u00eb k\u00ebtu, n\u00eb dokumente ka sh\u00ebnuar kontrat\u00eb e p\u00ebrhershme n\u00eb kllapa prov\u00eb provuese p\u00ebr gjasht\u00eb muaj q\u00eb \u00ebsht\u00eb dashur me qen\u00eb 16 e jo sot, k\u00ebshtu q\u00eb sot jemi dal\u00eb dhe nuk \u00ebsht\u00eb aspak e drejt\u00eb se as nuk \u00ebsht\u00eb koha e saj p\u00ebr me u testu p\u00ebr me u vler\u00ebsuar si pun\u00ebtor\u00eb q\u00eb jena kan\u00eb\u201d \u2013 ka th\u00ebn\u00eb ai.<\/p>\n<p>Lexo po ashtu<br \/>\nBeqiri gjithashtu ka ngritur shqet\u00ebsime p\u00ebr trajtimin e komunitetit shqiptar n\u00eb k\u00ebt\u00eb hap\u00ebsir\u00eb sportive, duke pretenduar se qasja ka qen\u00eb e pabarabart\u00eb.<br \/>\nKosovaPress ka d\u00ebrguar pyetje n\u00eb Komun\u00ebn e Mitrovic\u00ebs s\u00eb Veriut p\u00ebr sqarime lidhur me k\u00ebt\u00eb vendim, por deri n\u00eb momentin e publikimit nuk ka marr\u00eb asnj\u00eb p\u00ebrgjigje.<br \/>\nPas marrjes s\u00eb detyr\u00ebs nga kryetar\u00eb serb\u00eb n\u00eb kat\u00ebr komunat veriore, largimi dhe shkarkimi nga pozitat e pun\u00ebs p\u00ebr shqiptar\u00eb ka ndodhur edhe n\u00eb Komun\u00ebn e Zve\u00e7anit.<\/p>\n","protected":false},"excerpt":{"rendered":"<p>Prishtin\u00eb 11 Prill 2026 13:06 Pes\u00eb pun\u00ebtor\u00eb shqiptar\u00eb jan\u00eb larguar nga puna n\u00eb palestr\u00ebn sportive n\u00eb Mitrovic\u00ebn e Veriut. Nj\u00ebri prej tyre, Festim Beqiri, i<\/p>\n","protected":false},"author":6,"featured_media":42652,"comment_status":"open","ping_status":"open","sticky":false,"template":"","format":"standard","meta":{"footnotes":""},"categories":[60],"tags":[],"class_list":["post-42651","post","type-post","status-publish","format-standard","has-post-thumbnail","hentry","category-shoqerore-sq"],"yoast_head":"<!-- This site is optimized with the Yoast SEO plugin v25.3.1 - https:\/\/yoast.com\/wordpress\/plugins\/seo\/ -->\n<title>Largohen nga puna pes\u00eb shqiptar\u00eb n\u00eb palestr\u00ebn sportive n\u00eb Mitrovic\u00ebn e Veriut, pretendojn\u00eb diskriminim etnik -<\/title>\n<meta name=\"robots\" content=\"index, follow, max-snippet:-1, max-image-preview:large, max-video-preview:-1\" \/>\n<link rel=\"canonical\" href=\"https:\/\/veritasinfo.org\/?p=42651\" \/>\n<meta property=\"og:locale\" content=\"en_US\" \/>\n<meta property=\"og:type\" content=\"article\" \/>\n<meta property=\"og:title\" content=\"Largohen nga puna pes\u00eb shqiptar\u00eb n\u00eb palestr\u00ebn sportive n\u00eb Mitrovic\u00ebn e Veriut, pretendojn\u00eb diskriminim etnik -\" \/>\n<meta property=\"og:description\" content=\"Prishtin\u00eb 11 Prill 2026 13:06 Pes\u00eb pun\u00ebtor\u00eb shqiptar\u00eb jan\u00eb larguar nga puna n\u00eb palestr\u00ebn sportive n\u00eb Mitrovic\u00ebn e Veriut. Nj\u00ebri prej tyre, Festim Beqiri, i\" \/>\n<meta property=\"og:url\" content=\"https:\/\/veritasinfo.org\/?p=42651\" \/>\n<meta property=\"article:published_time\" content=\"2026-04-11T11:07:27+00:00\" \/>\n<meta property=\"og:image\" content=\"https:\/\/veritasinfo.org\/wp-content\/uploads\/2026\/04\/717390_beqiri.webp\" \/>\n\t<meta property=\"og:image:width\" content=\"900\" \/>\n\t<meta property=\"og:image:height\" content=\"600\" \/>\n\t<meta property=\"og:image:type\" content=\"image\/webp\" \/>\n<meta name=\"author\" content=\"US5\" \/>\n<meta name=\"twitter:card\" content=\"summary_large_image\" \/>\n<meta name=\"twitter:label1\" content=\"Written by\" \/>\n\t<meta name=\"twitter:data1\" content=\"US5\" \/>\n\t<meta name=\"twitter:label2\" content=\"Est. reading time\" \/>\n\t<meta name=\"twitter:data2\" content=\"1 minute\" \/>\n<script type=\"application\/ld+json\" class=\"yoast-schema-graph\">{\"@context\":\"https:\/\/schema.org\",\"@graph\":[{\"@type\":\"WebPage\",\"@id\":\"https:\/\/veritasinfo.org\/?p=42651\",\"url\":\"https:\/\/veritasinfo.org\/?p=42651\",\"name\":\"Largohen nga puna pes\u00eb shqiptar\u00eb n\u00eb palestr\u00ebn sportive n\u00eb Mitrovic\u00ebn e Veriut, pretendojn\u00eb diskriminim etnik -\",\"isPartOf\":{\"@id\":\"https:\/\/veritasinfo.org\/#website\"},\"primaryImageOfPage\":{\"@id\":\"https:\/\/veritasinfo.org\/?p=42651#primaryimage\"},\"image\":{\"@id\":\"https:\/\/veritasinfo.org\/?p=42651#primaryimage\"},\"thumbnailUrl\":\"https:\/\/veritasinfo.org\/wp-content\/uploads\/2026\/04\/717390_beqiri.webp\",\"datePublished\":\"2026-04-11T11:07:27+00:00\",\"author\":{\"@id\":\"https:\/\/veritasinfo.org\/#\/schema\/person\/bc442336e35414d04494ab8fb45db4c6\"},\"breadcrumb\":{\"@id\":\"https:\/\/veritasinfo.org\/?p=42651#breadcrumb\"},\"inLanguage\":\"en-US\",\"potentialAction\":[{\"@type\":\"ReadAction\",\"target\":[\"https:\/\/veritasinfo.org\/?p=42651\"]}]},{\"@type\":\"ImageObject\",\"inLanguage\":\"en-US\",\"@id\":\"https:\/\/veritasinfo.org\/?p=42651#primaryimage\",\"url\":\"https:\/\/veritasinfo.org\/wp-content\/uploads\/2026\/04\/717390_beqiri.webp\",\"contentUrl\":\"https:\/\/veritasinfo.org\/wp-content\/uploads\/2026\/04\/717390_beqiri.webp\",\"width\":900,\"height\":600},{\"@type\":\"BreadcrumbList\",\"@id\":\"https:\/\/veritasinfo.org\/?p=42651#breadcrumb\",\"itemListElement\":[{\"@type\":\"ListItem\",\"position\":1,\"name\":\"Home\",\"item\":\"https:\/\/veritasinfo.org\/\"},{\"@type\":\"ListItem\",\"position\":2,\"name\":\"Largohen nga puna pes\u00eb shqiptar\u00eb n\u00eb palestr\u00ebn sportive n\u00eb Mitrovic\u00ebn e Veriut, pretendojn\u00eb diskriminim etnik\"}]},{\"@type\":\"WebSite\",\"@id\":\"https:\/\/veritasinfo.org\/#website\",\"url\":\"https:\/\/veritasinfo.org\/\",\"name\":\"\",\"description\":\"\",\"potentialAction\":[{\"@type\":\"SearchAction\",\"target\":{\"@type\":\"EntryPoint\",\"urlTemplate\":\"https:\/\/veritasinfo.org\/?s={search_term_string}\"},\"query-input\":{\"@type\":\"PropertyValueSpecification\",\"valueRequired\":true,\"valueName\":\"search_term_string\"}}],\"inLanguage\":\"en-US\"},{\"@type\":\"Person\",\"@id\":\"https:\/\/veritasinfo.org\/#\/schema\/person\/bc442336e35414d04494ab8fb45db4c6\",\"name\":\"US5\",\"image\":{\"@type\":\"ImageObject\",\"inLanguage\":\"en-US\",\"@id\":\"https:\/\/veritasinfo.org\/#\/schema\/person\/image\/\",\"url\":\"https:\/\/secure.gravatar.com\/avatar\/16a61e7272a0c5d001121ebb9e60e925d5816e4ac1e443ed3e640d9a6ae55d0c?s=96&d=mm&r=g\",\"contentUrl\":\"https:\/\/secure.gravatar.com\/avatar\/16a61e7272a0c5d001121ebb9e60e925d5816e4ac1e443ed3e640d9a6ae55d0c?s=96&d=mm&r=g\",\"caption\":\"US5\"},\"url\":\"https:\/\/veritasinfo.org\/?author=6\"}]}<\/script>\n<!-- \/ Yoast SEO plugin. -->","yoast_head_json":{"title":"Largohen nga puna pes\u00eb shqiptar\u00eb n\u00eb palestr\u00ebn sportive n\u00eb Mitrovic\u00ebn e Veriut, pretendojn\u00eb diskriminim etnik -","robots":{"index":"index","follow":"follow","max-snippet":"max-snippet:-1","max-image-preview":"max-image-preview:large","max-video-preview":"max-video-preview:-1"},"canonical":"https:\/\/veritasinfo.org\/?p=42651","og_locale":"en_US","og_type":"article","og_title":"Largohen nga puna pes\u00eb shqiptar\u00eb n\u00eb palestr\u00ebn sportive n\u00eb Mitrovic\u00ebn e Veriut, pretendojn\u00eb diskriminim etnik -","og_description":"Prishtin\u00eb 11 Prill 2026 13:06 Pes\u00eb pun\u00ebtor\u00eb shqiptar\u00eb jan\u00eb larguar nga puna n\u00eb palestr\u00ebn sportive n\u00eb Mitrovic\u00ebn e Veriut. Nj\u00ebri prej tyre, Festim Beqiri, i","og_url":"https:\/\/veritasinfo.org\/?p=42651","article_published_time":"2026-04-11T11:07:27+00:00","og_image":[{"width":900,"height":600,"url":"https:\/\/veritasinfo.org\/wp-content\/uploads\/2026\/04\/717390_beqiri.webp","type":"image\/webp"}],"author":"US5","twitter_card":"summary_large_image","twitter_misc":{"Written by":"US5","Est. reading time":"1 minute"},"schema":{"@context":"https:\/\/schema.org","@graph":[{"@type":"WebPage","@id":"https:\/\/veritasinfo.org\/?p=42651","url":"https:\/\/veritasinfo.org\/?p=42651","name":"Largohen nga puna pes\u00eb shqiptar\u00eb n\u00eb palestr\u00ebn sportive n\u00eb Mitrovic\u00ebn e Veriut, pretendojn\u00eb diskriminim etnik -","isPartOf":{"@id":"https:\/\/veritasinfo.org\/#website"},"primaryImageOfPage":{"@id":"https:\/\/veritasinfo.org\/?p=42651#primaryimage"},"image":{"@id":"https:\/\/veritasinfo.org\/?p=42651#primaryimage"},"thumbnailUrl":"https:\/\/veritasinfo.org\/wp-content\/uploads\/2026\/04\/717390_beqiri.webp","datePublished":"2026-04-11T11:07:27+00:00","author":{"@id":"https:\/\/veritasinfo.org\/#\/schema\/person\/bc442336e35414d04494ab8fb45db4c6"},"breadcrumb":{"@id":"https:\/\/veritasinfo.org\/?p=42651#breadcrumb"},"inLanguage":"en-US","potentialAction":[{"@type":"ReadAction","target":["https:\/\/veritasinfo.org\/?p=42651"]}]},{"@type":"ImageObject","inLanguage":"en-US","@id":"https:\/\/veritasinfo.org\/?p=42651#primaryimage","url":"https:\/\/veritasinfo.org\/wp-content\/uploads\/2026\/04\/717390_beqiri.webp","contentUrl":"https:\/\/veritasinfo.org\/wp-content\/uploads\/2026\/04\/717390_beqiri.webp","width":900,"height":600},{"@type":"BreadcrumbList","@id":"https:\/\/veritasinfo.org\/?p=42651#breadcrumb","itemListElement":[{"@type":"ListItem","position":1,"name":"Home","item":"https:\/\/veritasinfo.org\/"},{"@type":"ListItem","position":2,"name":"Largohen nga puna pes\u00eb shqiptar\u00eb n\u00eb palestr\u00ebn sportive n\u00eb Mitrovic\u00ebn e Veriut, pretendojn\u00eb diskriminim etnik"}]},{"@type":"WebSite","@id":"https:\/\/veritasinfo.org\/#website","url":"https:\/\/veritasinfo.org\/","name":"","description":"","potentialAction":[{"@type":"SearchAction","target":{"@type":"EntryPoint","urlTemplate":"https:\/\/veritasinfo.org\/?s={search_term_string}"},"query-input":{"@type":"PropertyValueSpecification","valueRequired":true,"valueName":"search_term_string"}}],"inLanguage":"en-US"},{"@type":"Person","@id":"https:\/\/veritasinfo.org\/#\/schema\/person\/bc442336e35414d04494ab8fb45db4c6","name":"US5","image":{"@type":"ImageObject","inLanguage":"en-US","@id":"https:\/\/veritasinfo.org\/#\/schema\/person\/image\/","url":"https:\/\/secure.gravatar.com\/avatar\/16a61e7272a0c5d001121ebb9e60e925d5816e4ac1e443ed3e640d9a6ae55d0c?s=96&d=mm&r=g","contentUrl":"https:\/\/secure.gravatar.com\/avatar\/16a61e7272a0c5d001121ebb9e60e925d5816e4ac1e443ed3e640d9a6ae55d0c?s=96&d=mm&r=g","caption":"US5"},"url":"https:\/\/veritasinfo.org\/?author=6"}]}},"featured_image_urls":{"full":["https:\/\/veritasinfo.org\/wp-content\/uploads\/2026\/04\/717390_beqiri.webp",900,600,false],"thumbnail":["https:\/\/veritasinfo.org\/wp-content\/uploads\/2026\/04\/717390_beqiri-150x150.webp",150,150,true],"medium":["https:\/\/veritasinfo.org\/wp-content\/uploads\/2026\/04\/717390_beqiri-300x200.webp",300,200,true],"medium_large":["https:\/\/veritasinfo.org\/wp-content\/uploads\/2026\/04\/717390_beqiri-768x512.webp",640,427,true],"large":["https:\/\/veritasinfo.org\/wp-content\/uploads\/2026\/04\/717390_beqiri.webp",640,427,false],"1536x1536":["https:\/\/veritasinfo.org\/wp-content\/uploads\/2026\/04\/717390_beqiri.webp",900,600,false],"2048x2048":["https:\/\/veritasinfo.org\/wp-content\/uploads\/2026\/04\/717390_beqiri.webp",900,600,false],"kreeti-slider-full":["https:\/\/veritasinfo.org\/wp-content\/uploads\/2026\/04\/717390_beqiri.webp",900,600,false],"kreeti-featured":["https:\/\/veritasinfo.org\/wp-content\/uploads\/2026\/04\/717390_beqiri.webp",900,600,false],"kreeti-medium":["https:\/\/veritasinfo.org\/wp-content\/uploads\/2026\/04\/717390_beqiri-720x530.webp",720,530,true],"kreeti-medium-square":["https:\/\/veritasinfo.org\/wp-content\/uploads\/2026\/04\/717390_beqiri-350x350.webp",350,350,true]},"author_info":{"info":["US5"]},"category_info":"<a href=\"https:\/\/veritasinfo.org\/?cat=60\" rel=\"category\">Shoq\u00ebrore<\/a>","tag_info":"Shoq\u00ebrore","comment_count":"0","_links":{"self":[{"href":"https:\/\/veritasinfo.org\/index.php?rest_route=\/wp\/v2\/posts\/42651","targetHints":{"allow":["GET"]}}],"collection":[{"href":"https:\/\/veritasinfo.org\/index.php?rest_route=\/wp\/v2\/posts"}],"about":[{"href":"https:\/\/veritasinfo.org\/index.php?rest_route=\/wp\/v2\/types\/post"}],"author":[{"embeddable":true,"href":"https:\/\/veritasinfo.org\/index.php?rest_route=\/wp\/v2\/users\/6"}],"replies":[{"embeddable":true,"href":"https:\/\/veritasinfo.org\/index.php?rest_route=%2Fwp%2Fv2%2Fcomments&post=42651"}],"version-history":[{"count":1,"href":"https:\/\/veritasinfo.org\/index.php?rest_route=\/wp\/v2\/posts\/42651\/revisions"}],"predecessor-version":[{"id":42653,"href":"https:\/\/veritasinfo.org\/index.php?rest_route=\/wp\/v2\/posts\/42651\/revisions\/42653"}],"wp:featuredmedia":[{"embeddable":true,"href":"https:\/\/veritasinfo.org\/index.php?rest_route=\/wp\/v2\/media\/42652"}],"wp:attachment":[{"href":"https:\/\/veritasinfo.org\/index.php?rest_route=%2Fwp%2Fv2%2Fmedia&parent=42651"}],"wp:term":[{"taxonomy":"category","embeddable":true,"href":"https:\/\/veritasinfo.org\/index.php?rest_route=%2Fwp%2Fv2%2Fcategories&post=42651"},{"taxonomy":"post_tag","embeddable":true,"href":"https:\/\/veritasinfo.org\/index.php?rest_route=%2Fwp%2Fv2%2Ftags&post=42651"}],"curies":[{"name":"wp","href":"https:\/\/api.w.org\/{rel}","templated":true}]}}