{"id":42631,"date":"2026-04-11T10:28:52","date_gmt":"2026-04-11T08:28:52","guid":{"rendered":"https:\/\/veritasinfo.org\/?p=42631"},"modified":"2026-04-11T10:28:52","modified_gmt":"2026-04-11T08:28:52","slug":"komesar-un-gradjanske-slobode-u-srbiji-zabrinjavajuce","status":"publish","type":"post","link":"https:\/\/veritasinfo.org\/?p=42631&lang=sr","title":{"rendered":"Komesar UN: Gra\u0111anske slobode u Srbiji zabrinjavajuc\u0301e"},"content":{"rendered":"<p>Pri\u0161tina, 11. april 2026. 10:25<\/p>\n<p>Srbija je u petak dobila jo\u0161 jedan ozbiljan me\u0111unarodni udarac.<\/p>\n<p>I to se uop\u0161te nije o\u010dekivalo.<\/p>\n<p>Najnoviji \u0161amar Aleksandru Vu\u010dic\u0301u i njegovom re\u017eimu stigao je od Ujedinjenih nacija, organizacije koja godinama zna da bude popustljiva prema Srbiji.<\/p>\n<p>Visoki komesar UN za ljudska prava, Folker Tirk, izrazio je duboku zabrinutost zbog pogor\u0161anja stanja gra\u0111anskih sloboda u Srbiji, isti\u010duc\u0301i sve vec\u0301e ograni\u010davanje demokratskog prostora i pritisak na medije i kriti\u010dke glasove.<\/p>\n<p>Njegova kritika dolazi samo nekoliko dana nakon lokalnih izbora u Srbiji, koje je, kako je objavljeno, pratilo mnogo nepravilnosti na najmanje deset mesta.<\/p>\n<p>\u201eIzve\u0161taji o povec\u0301anom nasilju, zastra\u0161ivanju bira\u010da i proceduralnim nepravilnostima, uklju\u010dujuc\u0301i ulazak policije u kancelarije opozicije tokom nedavnih lokalnih izbora, pokrec\u0301u ozbiljna pitanja o integritetu i atmosferi izbornog procesa\u201c, rekao je Tirk, prenosi Danas, nakon KosovaPresa.<\/p>\n<p>Visoki komesar UN za ljudska prava tako\u0111e je istakao suzbijanje slobode medija.<\/p>\n<p>\u201ePozivam vlasti da garantuju pravo na slobodu izra\u017eavanja i mirnog okupljanja i da podr\u017ee slobodu medija. Moraju se preduzeti konkretni koraci kako bi se povratilo poverenje javnosti u institucije i vladavinu prava, osiguravajuc\u0301i transparentne, blagovremene i nepristrasne istrage o navodnim kr\u0161enjima ljudskih prava i odgovornost za sve nepravilnosti\u201c, rekao je Tirk.<\/p>\n<p>Njegova izjava dolazi samo dan nakon \u0161to je grupa poslanika Evropskog parlamenta zatra\u017eila od Evropske komisije da razmotri prekid finansiranja Srbije, zbog onoga \u0161to oni nazivaju brutalno\u0161c\u0301u re\u017eima predsednika Aleksandra Vu\u010dic\u0301a prema svojim gra\u0111anima.<\/p>\n<p>S druge strane, analiti\u010dari i biv\u0161i diplomate ocenjuju da Srbija sve vi\u0161e postaje \u201eglobalni problem\u201c, jer je pitanje ljudskih prava dospelo na dnevni red UN. Prema njima, me\u0111unarodne reakcije ukazuju na povec\u0301anje pritiska na Beograd i pogor\u0161anje njegovog me\u0111unarodnog imid\u017ea.<\/p>\n<p>Prema re\u010dima Branke Latinovic\u0301, biv\u0161e ambasadorke Srbije pri OEBS-u, reakcija visokog komesara UN i sam ton njegove izjave o stanju ljudskih prava u Srbiji, posebno politi\u010dkih prava i njihovog ograni\u010davanja, ne\u0161to je \u0161to bi trebalo ozbiljno da zabrine vlasti.<\/p>\n<p>\u201ePre svega, zato \u0161to se ti\u010de visokog zvani\u010dnika UN i zato \u0161to su vlasti u Srbiji optu\u017eene za ograni\u010davanje i kr\u0161enje sloboda utvr\u0111enih Paktom UN o gra\u0111anskim i politi\u010dkim pravima iz 1966. godine. To je osnovni dokument u oblasti gra\u0111anskih i politi\u010dkih prava, \u010dije po\u0161tovanje odra\u017eava nivo demokratije u jednom dru\u0161tvu\u201c, rekla je ona za Danas. \u201eNa ovaj na\u010din, komesarka UN podr\u017eava strukture u EU koje su vec\u0301 upozorile na ozbiljnu eroziju demokratije u Srbiji. Nakon izjava Tirka i Marte Kos o moguc\u0301nosti prekida finansijske podr\u0161ke EU, vlasti imaju mnogo razloga za ozbiljnu zabrinutost.\u201c<\/p>\n<p>Jo\u0161 jedan biv\u0161i ambasador Srbije, Srec\u0301ko \u0110ukic\u0301, tako\u0111e je rekao da je Vu\u010dic\u0301ev re\u017eim postao globalni problem.<\/p>\n<p>\u201eSrbija nije nau\u010dila nijednu lekciju iz stalnih upozorenja o kr\u0161enju ljudskih prava koja dolaze od EU, Saveta Evrope i OEBS-a. Vlada nastavlja na isti na\u010din i upada u zamku postajuc\u0301i stalni problem za diplomatskim stolom, poput re\u017eima u Belorusiji, Rusiji, Severnoj Koreji, Iranu&#8230;\u201c, rekao je on. \u201eSvedoci smo kako se gra\u0111anska prava i slobode sve vi\u0161e ograni\u010davaju na izborima, u medijima i opozicionim aktivnostima, uz sve vec\u0301u upotrebu sile i nedostatak tolerancije za bilo kakvo mi\u0161ljenje protiv vlasti. Nije potrebno mnogo vizije da bi se shvatilo da situacija eskalira i da se re\u0161enje pribli\u017eava. \u0160to vi\u0161e frontova vlada otvara za suzbijanje sloboda, to vi\u0161e pokazuje svoju slabost i ograni\u010denost u vremenu.\u201c<\/p>\n<p>Ovi analiti\u010dari upozoravaju da bi kontinuirano ograni\u010davanje demokratskih sloboda i pritisak na opoziciju mogli dovesti do vec\u0301e me\u0111unarodne izolacije Srbije.<\/p>\n","protected":false},"excerpt":{"rendered":"<p>Pri\u0161tina, 11. april 2026. 10:25 Srbija je u petak dobila jo\u0161 jedan ozbiljan me\u0111unarodni udarac. I to se uop\u0161te nije o\u010dekivalo. Najnoviji \u0161amar Aleksandru Vu\u010dic\u0301u<\/p>\n","protected":false},"author":6,"featured_media":42632,"comment_status":"open","ping_status":"open","sticky":false,"template":"","format":"standard","meta":{"footnotes":""},"categories":[28],"tags":[],"class_list":["post-42631","post","type-post","status-publish","format-standard","has-post-thumbnail","hentry","category-politika"],"yoast_head":"<!-- This site is optimized with the Yoast SEO plugin v25.3.1 - https:\/\/yoast.com\/wordpress\/plugins\/seo\/ -->\n<title>Komesar UN: Gra\u0111anske slobode u Srbiji zabrinjavajuc\u0301e -<\/title>\n<meta name=\"robots\" content=\"index, follow, max-snippet:-1, max-image-preview:large, max-video-preview:-1\" \/>\n<link rel=\"canonical\" href=\"https:\/\/veritasinfo.org\/?p=42631&lang=sr\" \/>\n<meta property=\"og:locale\" content=\"en_US\" \/>\n<meta property=\"og:type\" content=\"article\" \/>\n<meta property=\"og:title\" content=\"Komesar UN: Gra\u0111anske slobode u Srbiji zabrinjavajuc\u0301e -\" \/>\n<meta property=\"og:description\" content=\"Pri\u0161tina, 11. april 2026. 10:25 Srbija je u petak dobila jo\u0161 jedan ozbiljan me\u0111unarodni udarac. I to se uop\u0161te nije o\u010dekivalo. Najnoviji \u0161amar Aleksandru Vu\u010dic\u0301u\" \/>\n<meta property=\"og:url\" content=\"https:\/\/veritasinfo.org\/?p=42631&amp;lang=sr\" \/>\n<meta property=\"article:published_time\" content=\"2026-04-11T08:28:52+00:00\" \/>\n<meta property=\"og:image\" content=\"https:\/\/veritasinfo.org\/wp-content\/uploads\/2026\/04\/auto_961217758914231775891845-1.jpg\" \/>\n\t<meta property=\"og:image:width\" content=\"850\" \/>\n\t<meta property=\"og:image:height\" content=\"494\" \/>\n\t<meta property=\"og:image:type\" content=\"image\/jpeg\" \/>\n<meta name=\"author\" content=\"US5\" \/>\n<meta name=\"twitter:card\" content=\"summary_large_image\" \/>\n<meta name=\"twitter:label1\" content=\"Written by\" \/>\n\t<meta name=\"twitter:data1\" content=\"US5\" \/>\n\t<meta name=\"twitter:label2\" content=\"Est. reading time\" \/>\n\t<meta name=\"twitter:data2\" content=\"1 minute\" \/>\n<script type=\"application\/ld+json\" class=\"yoast-schema-graph\">{\"@context\":\"https:\/\/schema.org\",\"@graph\":[{\"@type\":\"WebPage\",\"@id\":\"https:\/\/veritasinfo.org\/?p=42631&lang=sr\",\"url\":\"https:\/\/veritasinfo.org\/?p=42631&lang=sr\",\"name\":\"Komesar UN: Gra\u0111anske slobode u Srbiji zabrinjavajuc\u0301e -\",\"isPartOf\":{\"@id\":\"https:\/\/veritasinfo.org\/#website\"},\"primaryImageOfPage\":{\"@id\":\"https:\/\/veritasinfo.org\/?p=42631&lang=sr#primaryimage\"},\"image\":{\"@id\":\"https:\/\/veritasinfo.org\/?p=42631&lang=sr#primaryimage\"},\"thumbnailUrl\":\"https:\/\/veritasinfo.org\/wp-content\/uploads\/2026\/04\/auto_961217758914231775891845-1.jpg\",\"datePublished\":\"2026-04-11T08:28:52+00:00\",\"author\":{\"@id\":\"https:\/\/veritasinfo.org\/#\/schema\/person\/bc442336e35414d04494ab8fb45db4c6\"},\"breadcrumb\":{\"@id\":\"https:\/\/veritasinfo.org\/?p=42631&lang=sr#breadcrumb\"},\"inLanguage\":\"en-US\",\"potentialAction\":[{\"@type\":\"ReadAction\",\"target\":[\"https:\/\/veritasinfo.org\/?p=42631&lang=sr\"]}]},{\"@type\":\"ImageObject\",\"inLanguage\":\"en-US\",\"@id\":\"https:\/\/veritasinfo.org\/?p=42631&lang=sr#primaryimage\",\"url\":\"https:\/\/veritasinfo.org\/wp-content\/uploads\/2026\/04\/auto_961217758914231775891845-1.jpg\",\"contentUrl\":\"https:\/\/veritasinfo.org\/wp-content\/uploads\/2026\/04\/auto_961217758914231775891845-1.jpg\",\"width\":850,\"height\":494},{\"@type\":\"BreadcrumbList\",\"@id\":\"https:\/\/veritasinfo.org\/?p=42631&lang=sr#breadcrumb\",\"itemListElement\":[{\"@type\":\"ListItem\",\"position\":1,\"name\":\"Home\",\"item\":\"https:\/\/veritasinfo.org\/\"},{\"@type\":\"ListItem\",\"position\":2,\"name\":\"Komesar UN: Gra\u0111anske slobode u Srbiji zabrinjavajuc\u0301e\"}]},{\"@type\":\"WebSite\",\"@id\":\"https:\/\/veritasinfo.org\/#website\",\"url\":\"https:\/\/veritasinfo.org\/\",\"name\":\"\",\"description\":\"\",\"potentialAction\":[{\"@type\":\"SearchAction\",\"target\":{\"@type\":\"EntryPoint\",\"urlTemplate\":\"https:\/\/veritasinfo.org\/?s={search_term_string}\"},\"query-input\":{\"@type\":\"PropertyValueSpecification\",\"valueRequired\":true,\"valueName\":\"search_term_string\"}}],\"inLanguage\":\"en-US\"},{\"@type\":\"Person\",\"@id\":\"https:\/\/veritasinfo.org\/#\/schema\/person\/bc442336e35414d04494ab8fb45db4c6\",\"name\":\"US5\",\"image\":{\"@type\":\"ImageObject\",\"inLanguage\":\"en-US\",\"@id\":\"https:\/\/veritasinfo.org\/#\/schema\/person\/image\/\",\"url\":\"https:\/\/secure.gravatar.com\/avatar\/16a61e7272a0c5d001121ebb9e60e925d5816e4ac1e443ed3e640d9a6ae55d0c?s=96&d=mm&r=g\",\"contentUrl\":\"https:\/\/secure.gravatar.com\/avatar\/16a61e7272a0c5d001121ebb9e60e925d5816e4ac1e443ed3e640d9a6ae55d0c?s=96&d=mm&r=g\",\"caption\":\"US5\"},\"url\":\"https:\/\/veritasinfo.org\/?author=6\"}]}<\/script>\n<!-- \/ Yoast SEO plugin. -->","yoast_head_json":{"title":"Komesar UN: Gra\u0111anske slobode u Srbiji zabrinjavajuc\u0301e -","robots":{"index":"index","follow":"follow","max-snippet":"max-snippet:-1","max-image-preview":"max-image-preview:large","max-video-preview":"max-video-preview:-1"},"canonical":"https:\/\/veritasinfo.org\/?p=42631&lang=sr","og_locale":"en_US","og_type":"article","og_title":"Komesar UN: Gra\u0111anske slobode u Srbiji zabrinjavajuc\u0301e -","og_description":"Pri\u0161tina, 11. april 2026. 10:25 Srbija je u petak dobila jo\u0161 jedan ozbiljan me\u0111unarodni udarac. I to se uop\u0161te nije o\u010dekivalo. Najnoviji \u0161amar Aleksandru Vu\u010dic\u0301u","og_url":"https:\/\/veritasinfo.org\/?p=42631&lang=sr","article_published_time":"2026-04-11T08:28:52+00:00","og_image":[{"width":850,"height":494,"url":"https:\/\/veritasinfo.org\/wp-content\/uploads\/2026\/04\/auto_961217758914231775891845-1.jpg","type":"image\/jpeg"}],"author":"US5","twitter_card":"summary_large_image","twitter_misc":{"Written by":"US5","Est. reading time":"1 minute"},"schema":{"@context":"https:\/\/schema.org","@graph":[{"@type":"WebPage","@id":"https:\/\/veritasinfo.org\/?p=42631&lang=sr","url":"https:\/\/veritasinfo.org\/?p=42631&lang=sr","name":"Komesar UN: Gra\u0111anske slobode u Srbiji zabrinjavajuc\u0301e -","isPartOf":{"@id":"https:\/\/veritasinfo.org\/#website"},"primaryImageOfPage":{"@id":"https:\/\/veritasinfo.org\/?p=42631&lang=sr#primaryimage"},"image":{"@id":"https:\/\/veritasinfo.org\/?p=42631&lang=sr#primaryimage"},"thumbnailUrl":"https:\/\/veritasinfo.org\/wp-content\/uploads\/2026\/04\/auto_961217758914231775891845-1.jpg","datePublished":"2026-04-11T08:28:52+00:00","author":{"@id":"https:\/\/veritasinfo.org\/#\/schema\/person\/bc442336e35414d04494ab8fb45db4c6"},"breadcrumb":{"@id":"https:\/\/veritasinfo.org\/?p=42631&lang=sr#breadcrumb"},"inLanguage":"en-US","potentialAction":[{"@type":"ReadAction","target":["https:\/\/veritasinfo.org\/?p=42631&lang=sr"]}]},{"@type":"ImageObject","inLanguage":"en-US","@id":"https:\/\/veritasinfo.org\/?p=42631&lang=sr#primaryimage","url":"https:\/\/veritasinfo.org\/wp-content\/uploads\/2026\/04\/auto_961217758914231775891845-1.jpg","contentUrl":"https:\/\/veritasinfo.org\/wp-content\/uploads\/2026\/04\/auto_961217758914231775891845-1.jpg","width":850,"height":494},{"@type":"BreadcrumbList","@id":"https:\/\/veritasinfo.org\/?p=42631&lang=sr#breadcrumb","itemListElement":[{"@type":"ListItem","position":1,"name":"Home","item":"https:\/\/veritasinfo.org\/"},{"@type":"ListItem","position":2,"name":"Komesar UN: Gra\u0111anske slobode u Srbiji zabrinjavajuc\u0301e"}]},{"@type":"WebSite","@id":"https:\/\/veritasinfo.org\/#website","url":"https:\/\/veritasinfo.org\/","name":"","description":"","potentialAction":[{"@type":"SearchAction","target":{"@type":"EntryPoint","urlTemplate":"https:\/\/veritasinfo.org\/?s={search_term_string}"},"query-input":{"@type":"PropertyValueSpecification","valueRequired":true,"valueName":"search_term_string"}}],"inLanguage":"en-US"},{"@type":"Person","@id":"https:\/\/veritasinfo.org\/#\/schema\/person\/bc442336e35414d04494ab8fb45db4c6","name":"US5","image":{"@type":"ImageObject","inLanguage":"en-US","@id":"https:\/\/veritasinfo.org\/#\/schema\/person\/image\/","url":"https:\/\/secure.gravatar.com\/avatar\/16a61e7272a0c5d001121ebb9e60e925d5816e4ac1e443ed3e640d9a6ae55d0c?s=96&d=mm&r=g","contentUrl":"https:\/\/secure.gravatar.com\/avatar\/16a61e7272a0c5d001121ebb9e60e925d5816e4ac1e443ed3e640d9a6ae55d0c?s=96&d=mm&r=g","caption":"US5"},"url":"https:\/\/veritasinfo.org\/?author=6"}]}},"featured_image_urls":{"full":["https:\/\/veritasinfo.org\/wp-content\/uploads\/2026\/04\/auto_961217758914231775891845-1.jpg",850,494,false],"thumbnail":["https:\/\/veritasinfo.org\/wp-content\/uploads\/2026\/04\/auto_961217758914231775891845-1-150x150.jpg",150,150,true],"medium":["https:\/\/veritasinfo.org\/wp-content\/uploads\/2026\/04\/auto_961217758914231775891845-1-300x174.jpg",300,174,true],"medium_large":["https:\/\/veritasinfo.org\/wp-content\/uploads\/2026\/04\/auto_961217758914231775891845-1-768x446.jpg",640,372,true],"large":["https:\/\/veritasinfo.org\/wp-content\/uploads\/2026\/04\/auto_961217758914231775891845-1.jpg",640,372,false],"1536x1536":["https:\/\/veritasinfo.org\/wp-content\/uploads\/2026\/04\/auto_961217758914231775891845-1.jpg",850,494,false],"2048x2048":["https:\/\/veritasinfo.org\/wp-content\/uploads\/2026\/04\/auto_961217758914231775891845-1.jpg",850,494,false],"kreeti-slider-full":["https:\/\/veritasinfo.org\/wp-content\/uploads\/2026\/04\/auto_961217758914231775891845-1.jpg",850,494,false],"kreeti-featured":["https:\/\/veritasinfo.org\/wp-content\/uploads\/2026\/04\/auto_961217758914231775891845-1.jpg",850,494,false],"kreeti-medium":["https:\/\/veritasinfo.org\/wp-content\/uploads\/2026\/04\/auto_961217758914231775891845-1-720x494.jpg",720,494,true],"kreeti-medium-square":["https:\/\/veritasinfo.org\/wp-content\/uploads\/2026\/04\/auto_961217758914231775891845-1-350x350.jpg",350,350,true]},"author_info":{"info":["US5"]},"category_info":"<a href=\"https:\/\/veritasinfo.org\/?cat=28&#038;lang=sr\" rel=\"category\">Politika<\/a>","tag_info":"Politika","comment_count":"0","_links":{"self":[{"href":"https:\/\/veritasinfo.org\/index.php?rest_route=\/wp\/v2\/posts\/42631","targetHints":{"allow":["GET"]}}],"collection":[{"href":"https:\/\/veritasinfo.org\/index.php?rest_route=\/wp\/v2\/posts"}],"about":[{"href":"https:\/\/veritasinfo.org\/index.php?rest_route=\/wp\/v2\/types\/post"}],"author":[{"embeddable":true,"href":"https:\/\/veritasinfo.org\/index.php?rest_route=\/wp\/v2\/users\/6"}],"replies":[{"embeddable":true,"href":"https:\/\/veritasinfo.org\/index.php?rest_route=%2Fwp%2Fv2%2Fcomments&post=42631"}],"version-history":[{"count":1,"href":"https:\/\/veritasinfo.org\/index.php?rest_route=\/wp\/v2\/posts\/42631\/revisions"}],"predecessor-version":[{"id":42633,"href":"https:\/\/veritasinfo.org\/index.php?rest_route=\/wp\/v2\/posts\/42631\/revisions\/42633"}],"wp:featuredmedia":[{"embeddable":true,"href":"https:\/\/veritasinfo.org\/index.php?rest_route=\/wp\/v2\/media\/42632"}],"wp:attachment":[{"href":"https:\/\/veritasinfo.org\/index.php?rest_route=%2Fwp%2Fv2%2Fmedia&parent=42631"}],"wp:term":[{"taxonomy":"category","embeddable":true,"href":"https:\/\/veritasinfo.org\/index.php?rest_route=%2Fwp%2Fv2%2Fcategories&post=42631"},{"taxonomy":"post_tag","embeddable":true,"href":"https:\/\/veritasinfo.org\/index.php?rest_route=%2Fwp%2Fv2%2Ftags&post=42631"}],"curies":[{"name":"wp","href":"https:\/\/api.w.org\/{rel}","templated":true}]}}