{"id":42627,"date":"2026-04-11T10:27:07","date_gmt":"2026-04-11T08:27:07","guid":{"rendered":"https:\/\/veritasinfo.org\/?p=42627"},"modified":"2026-04-11T10:27:07","modified_gmt":"2026-04-11T08:27:07","slug":"komisioneri-i-okb-se-liria-qytetare-ne-serbi-shqetesuese","status":"publish","type":"post","link":"https:\/\/veritasinfo.org\/?p=42627","title":{"rendered":"Komisioneri i OKB-s\u00eb: Liria qytetare n\u00eb Serbi shqet\u00ebsuese"},"content":{"rendered":"<p>Prishtin\u00eb 11 Prill 2026 10:25<\/p>\n<p>Serbia ka marr edhe nj\u00eb goditje t\u00eb r\u00ebnd\u00eb nd\u00ebrkomb\u00ebtare, t\u00eb premten.<\/p>\n<p>Madje, kah nuk e priste hiq.<\/p>\n<p>Shuplaka m\u00eb e fundit p\u00ebr Aleksandar Vu\u00e7iqin dhe regjimin e tij erdhi nga Kombet e Bashkuara, organizat\u00eb kjo q\u00eb ka ditur t\u00eb jet\u00eb e but\u00eb me Serbin\u00eb, q\u00eb goxha shum\u00eb vite.<\/p>\n<p>Komisioneri i Lart\u00eb i OKB-s\u00eb p\u00ebr t\u00eb Drejtat e Njeriut, Volker T\u00fcrk, ka shprehur shqet\u00ebsim t\u00eb thell\u00eb p\u00ebr p\u00ebrkeq\u00ebsimin e gjendjes s\u00eb lirive qytetare n\u00eb Serbi, duke theksuar kufizimin n\u00eb rritje t\u00eb hap\u00ebsir\u00ebs demokratike dhe presionin ndaj mediave dhe z\u00ebrave kritik\u00eb.<\/p>\n<p>Kritikat e tij vijn\u00eb vet\u00ebm pak dit\u00eb pas zgjedhjeve lokale n\u00eb Serbi, ku si\u00e7 raportohet, t\u00eb cilat, t\u00eb pakt\u00ebn n\u00eb dhjet\u00eb vende u shoq\u00ebruan me shum\u00eb parregullsi.<\/p>\n<p>\u201cRaportet p\u00ebr rritjen e dhun\u00ebs, frik\u00ebsimin e votuesve dhe parregullsit\u00eb procedurale, p\u00ebrfshir\u00eb hyrjen e policis\u00eb n\u00eb zyrat e opozit\u00ebs gjat\u00eb zgjedhjeve t\u00eb fundit lokale, ngren\u00eb pyetje serioze p\u00ebr integritetin dhe atmosfer\u00ebn e procesit zgjedhor\u201d, tha T\u00fcrk, transmeton Danas, p\u00ebrcjell\u00eb KosovaPress.<\/p>\n<p>Komisioneri i Lart\u00eb i OKB-s\u00eb p\u00ebr t\u00eb Drejtat e Njeriut ve\u00e7oi gjithashtu shtypjen e liris\u00eb s\u00eb mediave.<\/p>\n<p>\u201cI b\u00ebj thirrje autoriteteve t\u00eb garantojn\u00eb t\u00eb drejt\u00ebn p\u00ebr lirin\u00eb e shprehjes dhe tubimit paq\u00ebsor dhe t\u00eb mb\u00ebshtesin lirin\u00eb e mediave. Duhet t\u00eb nd\u00ebrmerren hapa konkret\u00eb p\u00ebr t\u00eb rikthyer besimin e publikut n\u00eb institucione dhe sundimin e ligjit, duke siguruar hetime transparente, n\u00eb koh\u00eb dhe t\u00eb paanshme p\u00ebr shkeljet e supozuara t\u00eb t\u00eb drejtave t\u00eb njeriut dhe p\u00ebrgjegj\u00ebsi p\u00ebr \u00e7do parregullsi\u201d, tha T\u00fcrk.<\/p>\n<p>Deklarata e tij vjen vet\u00ebm nj\u00eb dit\u00eb pasi nj\u00eb grup eurodeputet\u00ebsh i k\u00ebrkuan Komisionit Evropian t\u00eb shqyrtoj\u00eb nd\u00ebrprerjen e fondeve p\u00ebr Serbin\u00eb, p\u00ebr shkak t\u00eb, si\u00e7 thuhet, brutalitetit t\u00eb regjimit t\u00eb presidentit Aleksandar Vu\u00e7iq ndaj qytetar\u00ebve.<\/p>\n<p>Nga ana tjet\u00ebr, analist\u00eb dhe ish-diplomat\u00eb vler\u00ebsojn\u00eb se Serbia po shnd\u00ebrrohet gjithnj\u00eb e m\u00eb shum\u00eb n\u00eb nj\u00eb \u201cproblem global\u201d, pasi \u00e7\u00ebshtja e t\u00eb drejtave t\u00eb njeriut ka arritur n\u00eb agjend\u00ebn e OKB-s\u00eb. Sipas tyre, reagimet nd\u00ebrkomb\u00ebtare tregojn\u00eb p\u00ebr nj\u00eb rritje t\u00eb presionit ndaj Beogradit dhe nj\u00eb p\u00ebrkeq\u00ebsim t\u00eb imazhit t\u00eb tij nd\u00ebrkomb\u00ebtar.<\/p>\n<p>Sipas Branka Latinoviq, ish-ambasadore e Serbis\u00eb n\u00eb OSBE, reagimi i Komisionerit t\u00eb Lart\u00eb t\u00eb OKB-s\u00eb dhe vet\u00eb toni i deklarat\u00ebs s\u00eb tij p\u00ebr gjendjen e t\u00eb drejtave t\u00eb njeriut n\u00eb Serbi, ve\u00e7an\u00ebrisht p\u00ebr t\u00eb drejtat politike dhe kufizimin e tyre, \u00ebsht\u00eb di\u00e7ka q\u00eb duhet t\u00eb shqet\u00ebsoj\u00eb seriozisht pushtetin.<\/p>\n<p>\u201cPara s\u00eb gjithash sepse b\u00ebhet fjal\u00eb p\u00ebr nj\u00eb zyrtar t\u00eb lart\u00eb t\u00eb OKB-s\u00eb dhe sepse autoritetet n\u00eb Serbi akuzohen p\u00ebr kufizimin dhe cenimin e lirive t\u00eb p\u00ebrcaktuara n\u00eb Paktin e OKB-s\u00eb p\u00ebr t\u00eb Drejtat Civile dhe Politike t\u00eb vitit 1966. Ky \u00ebsht\u00eb dokumenti baz\u00eb n\u00eb fush\u00ebn e t\u00eb drejtave civile dhe politike, respektimi i t\u00eb cilit pasqyron nivelin e demokracis\u00eb s\u00eb nj\u00eb shoq\u00ebrie\u201d, ka th\u00ebn\u00eb ajo p\u00ebr Danas. \u201cN\u00eb k\u00ebt\u00eb m\u00ebnyr\u00eb, Komisioneri i OKB-s\u00eb mb\u00ebshtet strukturat n\u00eb BE q\u00eb tashm\u00eb kan\u00eb paralajm\u00ebruar p\u00ebr erozion serioz t\u00eb demokracis\u00eb n\u00eb Serbi. Pas deklaratave t\u00eb T\u00fcrk dhe t\u00eb Marta Kos p\u00ebr mund\u00ebsin\u00eb e nd\u00ebrprerjes s\u00eb mb\u00ebshtetjes financiare t\u00eb BE-s\u00eb, pushteti ka shum\u00eb arsye p\u00ebr shqet\u00ebsim serioz\u201d.<\/p>\n<p>Edhe nj\u00eb ish ambasador tjet\u00ebr i Serbis\u00eb, Sre\u00e7ko Gjukiq tha se regjimi i Vuciq \u00ebsht\u00eb b\u00ebr\u00eb problem global.<\/p>\n<p>\u201cSerbia nuk ka marr\u00eb asn\u00eb m\u00ebsim nga paralajm\u00ebrimet e vazhdueshme p\u00ebr shkeljet e t\u00eb drejtave t\u00eb njeriut q\u00eb vijn\u00eb edhe nga BE, K\u00ebshilli i Evrop\u00ebs dhe OSBE. Qeveria vazhdon n\u00eb t\u00eb nj\u00ebjt\u00ebn m\u00ebnyr\u00eb dhe bie n\u00eb nj\u00eb kurth duke u b\u00ebr\u00eb problem i p\u00ebrhersh\u00ebm n\u00eb tryez\u00ebn diplomatike, si regjimet n\u00eb Bjellorusi, Rusi, Koren\u00eb e Veriut, Iran\u2026\u201d, tha ai. \u201cJemi d\u00ebshmitar\u00eb se si t\u00eb drejtat dhe lirit\u00eb qytetare kufizohen gjithnj\u00eb e m\u00eb shum\u00eb n\u00eb zgjedhje, media dhe veprimtari opozitare, me p\u00ebrdorim gjithnj\u00eb e m\u00eb t\u00eb madh t\u00eb forc\u00ebs dhe munges\u00eb tolerance ndaj \u00e7do mendimi kund\u00ebr pushtetit. Nuk duhet shum\u00eb largpam\u00ebsi p\u00ebr t\u00eb kuptuar se situata po p\u00ebrshkall\u00ebzohet dhe zgjidhja po afrohet. Sa m\u00eb shum\u00eb fronte hap pushteti p\u00ebr t\u00eb shtypur lirit\u00eb, aq m\u00eb shum\u00eb tregon dob\u00ebsin\u00eb dhe kufizimin e vet n\u00eb koh\u00eb\u201d.<\/p>\n<p>K\u00ebta analist\u00eb paralajm\u00ebrojn\u00eb se vazhdimi i kufizimit t\u00eb lirive demokratike dhe presioni ndaj opozit\u00ebs mund t\u00eb \u00e7oj\u00eb n\u00eb izolim m\u00eb t\u00eb madh nd\u00ebrkomb\u00ebtar t\u00eb Serbis\u00eb.<\/p>\n","protected":false},"excerpt":{"rendered":"<p>Prishtin\u00eb 11 Prill 2026 10:25 Serbia ka marr edhe nj\u00eb goditje t\u00eb r\u00ebnd\u00eb nd\u00ebrkomb\u00ebtare, t\u00eb premten. Madje, kah nuk e priste hiq. Shuplaka m\u00eb e<\/p>\n","protected":false},"author":6,"featured_media":42629,"comment_status":"open","ping_status":"open","sticky":false,"template":"","format":"standard","meta":{"footnotes":""},"categories":[58],"tags":[],"class_list":["post-42627","post","type-post","status-publish","format-standard","has-post-thumbnail","hentry","category-politike-sq"],"yoast_head":"<!-- This site is optimized with the Yoast SEO plugin v25.3.1 - https:\/\/yoast.com\/wordpress\/plugins\/seo\/ -->\n<title>Komisioneri i OKB-s\u00eb: Liria qytetare n\u00eb Serbi shqet\u00ebsuese -<\/title>\n<meta name=\"robots\" content=\"index, follow, max-snippet:-1, max-image-preview:large, max-video-preview:-1\" \/>\n<link rel=\"canonical\" href=\"https:\/\/veritasinfo.org\/?p=42627\" \/>\n<meta property=\"og:locale\" content=\"en_US\" \/>\n<meta property=\"og:type\" content=\"article\" \/>\n<meta property=\"og:title\" content=\"Komisioneri i OKB-s\u00eb: Liria qytetare n\u00eb Serbi shqet\u00ebsuese -\" \/>\n<meta property=\"og:description\" content=\"Prishtin\u00eb 11 Prill 2026 10:25 Serbia ka marr edhe nj\u00eb goditje t\u00eb r\u00ebnd\u00eb nd\u00ebrkomb\u00ebtare, t\u00eb premten. Madje, kah nuk e priste hiq. Shuplaka m\u00eb e\" \/>\n<meta property=\"og:url\" content=\"https:\/\/veritasinfo.org\/?p=42627\" \/>\n<meta property=\"article:published_time\" content=\"2026-04-11T08:27:07+00:00\" \/>\n<meta property=\"og:image\" content=\"https:\/\/veritasinfo.org\/wp-content\/uploads\/2026\/04\/auto_961217758914231775891845.jpg\" \/>\n\t<meta property=\"og:image:width\" content=\"850\" \/>\n\t<meta property=\"og:image:height\" content=\"494\" \/>\n\t<meta property=\"og:image:type\" content=\"image\/jpeg\" \/>\n<meta name=\"author\" content=\"US5\" \/>\n<meta name=\"twitter:card\" content=\"summary_large_image\" \/>\n<meta name=\"twitter:label1\" content=\"Written by\" \/>\n\t<meta name=\"twitter:data1\" content=\"US5\" \/>\n\t<meta name=\"twitter:label2\" content=\"Est. reading time\" \/>\n\t<meta name=\"twitter:data2\" content=\"4 minutes\" \/>\n<script type=\"application\/ld+json\" class=\"yoast-schema-graph\">{\"@context\":\"https:\/\/schema.org\",\"@graph\":[{\"@type\":\"WebPage\",\"@id\":\"https:\/\/veritasinfo.org\/?p=42627\",\"url\":\"https:\/\/veritasinfo.org\/?p=42627\",\"name\":\"Komisioneri i OKB-s\u00eb: Liria qytetare n\u00eb Serbi shqet\u00ebsuese -\",\"isPartOf\":{\"@id\":\"https:\/\/veritasinfo.org\/#website\"},\"primaryImageOfPage\":{\"@id\":\"https:\/\/veritasinfo.org\/?p=42627#primaryimage\"},\"image\":{\"@id\":\"https:\/\/veritasinfo.org\/?p=42627#primaryimage\"},\"thumbnailUrl\":\"https:\/\/veritasinfo.org\/wp-content\/uploads\/2026\/04\/auto_961217758914231775891845.jpg\",\"datePublished\":\"2026-04-11T08:27:07+00:00\",\"author\":{\"@id\":\"https:\/\/veritasinfo.org\/#\/schema\/person\/bc442336e35414d04494ab8fb45db4c6\"},\"breadcrumb\":{\"@id\":\"https:\/\/veritasinfo.org\/?p=42627#breadcrumb\"},\"inLanguage\":\"en-US\",\"potentialAction\":[{\"@type\":\"ReadAction\",\"target\":[\"https:\/\/veritasinfo.org\/?p=42627\"]}]},{\"@type\":\"ImageObject\",\"inLanguage\":\"en-US\",\"@id\":\"https:\/\/veritasinfo.org\/?p=42627#primaryimage\",\"url\":\"https:\/\/veritasinfo.org\/wp-content\/uploads\/2026\/04\/auto_961217758914231775891845.jpg\",\"contentUrl\":\"https:\/\/veritasinfo.org\/wp-content\/uploads\/2026\/04\/auto_961217758914231775891845.jpg\",\"width\":850,\"height\":494},{\"@type\":\"BreadcrumbList\",\"@id\":\"https:\/\/veritasinfo.org\/?p=42627#breadcrumb\",\"itemListElement\":[{\"@type\":\"ListItem\",\"position\":1,\"name\":\"Home\",\"item\":\"https:\/\/veritasinfo.org\/\"},{\"@type\":\"ListItem\",\"position\":2,\"name\":\"Komisioneri i OKB-s\u00eb: Liria qytetare n\u00eb Serbi shqet\u00ebsuese\"}]},{\"@type\":\"WebSite\",\"@id\":\"https:\/\/veritasinfo.org\/#website\",\"url\":\"https:\/\/veritasinfo.org\/\",\"name\":\"\",\"description\":\"\",\"potentialAction\":[{\"@type\":\"SearchAction\",\"target\":{\"@type\":\"EntryPoint\",\"urlTemplate\":\"https:\/\/veritasinfo.org\/?s={search_term_string}\"},\"query-input\":{\"@type\":\"PropertyValueSpecification\",\"valueRequired\":true,\"valueName\":\"search_term_string\"}}],\"inLanguage\":\"en-US\"},{\"@type\":\"Person\",\"@id\":\"https:\/\/veritasinfo.org\/#\/schema\/person\/bc442336e35414d04494ab8fb45db4c6\",\"name\":\"US5\",\"image\":{\"@type\":\"ImageObject\",\"inLanguage\":\"en-US\",\"@id\":\"https:\/\/veritasinfo.org\/#\/schema\/person\/image\/\",\"url\":\"https:\/\/secure.gravatar.com\/avatar\/16a61e7272a0c5d001121ebb9e60e925d5816e4ac1e443ed3e640d9a6ae55d0c?s=96&d=mm&r=g\",\"contentUrl\":\"https:\/\/secure.gravatar.com\/avatar\/16a61e7272a0c5d001121ebb9e60e925d5816e4ac1e443ed3e640d9a6ae55d0c?s=96&d=mm&r=g\",\"caption\":\"US5\"},\"url\":\"https:\/\/veritasinfo.org\/?author=6\"}]}<\/script>\n<!-- \/ Yoast SEO plugin. -->","yoast_head_json":{"title":"Komisioneri i OKB-s\u00eb: Liria qytetare n\u00eb Serbi shqet\u00ebsuese -","robots":{"index":"index","follow":"follow","max-snippet":"max-snippet:-1","max-image-preview":"max-image-preview:large","max-video-preview":"max-video-preview:-1"},"canonical":"https:\/\/veritasinfo.org\/?p=42627","og_locale":"en_US","og_type":"article","og_title":"Komisioneri i OKB-s\u00eb: Liria qytetare n\u00eb Serbi shqet\u00ebsuese -","og_description":"Prishtin\u00eb 11 Prill 2026 10:25 Serbia ka marr edhe nj\u00eb goditje t\u00eb r\u00ebnd\u00eb nd\u00ebrkomb\u00ebtare, t\u00eb premten. Madje, kah nuk e priste hiq. Shuplaka m\u00eb e","og_url":"https:\/\/veritasinfo.org\/?p=42627","article_published_time":"2026-04-11T08:27:07+00:00","og_image":[{"width":850,"height":494,"url":"https:\/\/veritasinfo.org\/wp-content\/uploads\/2026\/04\/auto_961217758914231775891845.jpg","type":"image\/jpeg"}],"author":"US5","twitter_card":"summary_large_image","twitter_misc":{"Written by":"US5","Est. reading time":"4 minutes"},"schema":{"@context":"https:\/\/schema.org","@graph":[{"@type":"WebPage","@id":"https:\/\/veritasinfo.org\/?p=42627","url":"https:\/\/veritasinfo.org\/?p=42627","name":"Komisioneri i OKB-s\u00eb: Liria qytetare n\u00eb Serbi shqet\u00ebsuese -","isPartOf":{"@id":"https:\/\/veritasinfo.org\/#website"},"primaryImageOfPage":{"@id":"https:\/\/veritasinfo.org\/?p=42627#primaryimage"},"image":{"@id":"https:\/\/veritasinfo.org\/?p=42627#primaryimage"},"thumbnailUrl":"https:\/\/veritasinfo.org\/wp-content\/uploads\/2026\/04\/auto_961217758914231775891845.jpg","datePublished":"2026-04-11T08:27:07+00:00","author":{"@id":"https:\/\/veritasinfo.org\/#\/schema\/person\/bc442336e35414d04494ab8fb45db4c6"},"breadcrumb":{"@id":"https:\/\/veritasinfo.org\/?p=42627#breadcrumb"},"inLanguage":"en-US","potentialAction":[{"@type":"ReadAction","target":["https:\/\/veritasinfo.org\/?p=42627"]}]},{"@type":"ImageObject","inLanguage":"en-US","@id":"https:\/\/veritasinfo.org\/?p=42627#primaryimage","url":"https:\/\/veritasinfo.org\/wp-content\/uploads\/2026\/04\/auto_961217758914231775891845.jpg","contentUrl":"https:\/\/veritasinfo.org\/wp-content\/uploads\/2026\/04\/auto_961217758914231775891845.jpg","width":850,"height":494},{"@type":"BreadcrumbList","@id":"https:\/\/veritasinfo.org\/?p=42627#breadcrumb","itemListElement":[{"@type":"ListItem","position":1,"name":"Home","item":"https:\/\/veritasinfo.org\/"},{"@type":"ListItem","position":2,"name":"Komisioneri i OKB-s\u00eb: Liria qytetare n\u00eb Serbi shqet\u00ebsuese"}]},{"@type":"WebSite","@id":"https:\/\/veritasinfo.org\/#website","url":"https:\/\/veritasinfo.org\/","name":"","description":"","potentialAction":[{"@type":"SearchAction","target":{"@type":"EntryPoint","urlTemplate":"https:\/\/veritasinfo.org\/?s={search_term_string}"},"query-input":{"@type":"PropertyValueSpecification","valueRequired":true,"valueName":"search_term_string"}}],"inLanguage":"en-US"},{"@type":"Person","@id":"https:\/\/veritasinfo.org\/#\/schema\/person\/bc442336e35414d04494ab8fb45db4c6","name":"US5","image":{"@type":"ImageObject","inLanguage":"en-US","@id":"https:\/\/veritasinfo.org\/#\/schema\/person\/image\/","url":"https:\/\/secure.gravatar.com\/avatar\/16a61e7272a0c5d001121ebb9e60e925d5816e4ac1e443ed3e640d9a6ae55d0c?s=96&d=mm&r=g","contentUrl":"https:\/\/secure.gravatar.com\/avatar\/16a61e7272a0c5d001121ebb9e60e925d5816e4ac1e443ed3e640d9a6ae55d0c?s=96&d=mm&r=g","caption":"US5"},"url":"https:\/\/veritasinfo.org\/?author=6"}]}},"featured_image_urls":{"full":["https:\/\/veritasinfo.org\/wp-content\/uploads\/2026\/04\/auto_961217758914231775891845.jpg",850,494,false],"thumbnail":["https:\/\/veritasinfo.org\/wp-content\/uploads\/2026\/04\/auto_961217758914231775891845-150x150.jpg",150,150,true],"medium":["https:\/\/veritasinfo.org\/wp-content\/uploads\/2026\/04\/auto_961217758914231775891845-300x174.jpg",300,174,true],"medium_large":["https:\/\/veritasinfo.org\/wp-content\/uploads\/2026\/04\/auto_961217758914231775891845-768x446.jpg",640,372,true],"large":["https:\/\/veritasinfo.org\/wp-content\/uploads\/2026\/04\/auto_961217758914231775891845.jpg",640,372,false],"1536x1536":["https:\/\/veritasinfo.org\/wp-content\/uploads\/2026\/04\/auto_961217758914231775891845.jpg",850,494,false],"2048x2048":["https:\/\/veritasinfo.org\/wp-content\/uploads\/2026\/04\/auto_961217758914231775891845.jpg",850,494,false],"kreeti-slider-full":["https:\/\/veritasinfo.org\/wp-content\/uploads\/2026\/04\/auto_961217758914231775891845.jpg",850,494,false],"kreeti-featured":["https:\/\/veritasinfo.org\/wp-content\/uploads\/2026\/04\/auto_961217758914231775891845.jpg",850,494,false],"kreeti-medium":["https:\/\/veritasinfo.org\/wp-content\/uploads\/2026\/04\/auto_961217758914231775891845-720x494.jpg",720,494,true],"kreeti-medium-square":["https:\/\/veritasinfo.org\/wp-content\/uploads\/2026\/04\/auto_961217758914231775891845-350x350.jpg",350,350,true]},"author_info":{"info":["US5"]},"category_info":"<a href=\"https:\/\/veritasinfo.org\/?cat=58\" rel=\"category\">Politik\u00eb<\/a>","tag_info":"Politik\u00eb","comment_count":"0","_links":{"self":[{"href":"https:\/\/veritasinfo.org\/index.php?rest_route=\/wp\/v2\/posts\/42627","targetHints":{"allow":["GET"]}}],"collection":[{"href":"https:\/\/veritasinfo.org\/index.php?rest_route=\/wp\/v2\/posts"}],"about":[{"href":"https:\/\/veritasinfo.org\/index.php?rest_route=\/wp\/v2\/types\/post"}],"author":[{"embeddable":true,"href":"https:\/\/veritasinfo.org\/index.php?rest_route=\/wp\/v2\/users\/6"}],"replies":[{"embeddable":true,"href":"https:\/\/veritasinfo.org\/index.php?rest_route=%2Fwp%2Fv2%2Fcomments&post=42627"}],"version-history":[{"count":2,"href":"https:\/\/veritasinfo.org\/index.php?rest_route=\/wp\/v2\/posts\/42627\/revisions"}],"predecessor-version":[{"id":42630,"href":"https:\/\/veritasinfo.org\/index.php?rest_route=\/wp\/v2\/posts\/42627\/revisions\/42630"}],"wp:featuredmedia":[{"embeddable":true,"href":"https:\/\/veritasinfo.org\/index.php?rest_route=\/wp\/v2\/media\/42629"}],"wp:attachment":[{"href":"https:\/\/veritasinfo.org\/index.php?rest_route=%2Fwp%2Fv2%2Fmedia&parent=42627"}],"wp:term":[{"taxonomy":"category","embeddable":true,"href":"https:\/\/veritasinfo.org\/index.php?rest_route=%2Fwp%2Fv2%2Fcategories&post=42627"},{"taxonomy":"post_tag","embeddable":true,"href":"https:\/\/veritasinfo.org\/index.php?rest_route=%2Fwp%2Fv2%2Ftags&post=42627"}],"curies":[{"name":"wp","href":"https:\/\/api.w.org\/{rel}","templated":true}]}}