{"id":42620,"date":"2026-04-11T09:42:52","date_gmt":"2026-04-11T07:42:52","guid":{"rendered":"https:\/\/veritasinfo.org\/?p=42620"},"modified":"2026-04-11T09:42:52","modified_gmt":"2026-04-11T07:42:52","slug":"kurti-per-eliot-engel-mirenjohje-e-perhershme-per-sherbimin-e-tij","status":"publish","type":"post","link":"https:\/\/veritasinfo.org\/?p=42620","title":{"rendered":"Kurti p\u00ebr Eliot Engel: Mir\u00ebnjohje e p\u00ebrhershme p\u00ebr sh\u00ebrbimin e tij"},"content":{"rendered":"<p>Prishtin\u00eb 11 Prill 2026 9:42<\/p>\n<p>Kryeministri i Kosov\u00ebs, Albin Kurti, ka shprehur pik\u00ebllim t\u00eb thell\u00eb me rastin e ndarjes nga jeta t\u00eb ish-kongresistit amerikan Eliot Engel, duke theksuar kontributin e tij t\u00eb r\u00ebnd\u00ebsish\u00ebm n\u00eb mb\u00ebshtetjen e Kosov\u00ebs gjat\u00eb periudhave vendimtare t\u00eb historis\u00eb s\u00eb saj.<\/p>\n<p>N\u00eb nj\u00eb mesazh t\u00eb publikuar n\u00eb platform\u00ebn X, Kurti vler\u00ebsoi Engel si nj\u00eb nga z\u00ebrat m\u00eb t\u00eb fuqish\u00ebm n\u00eb Kongresin amerikan kund\u00ebr fushat\u00ebs s\u00eb regjimit t\u00eb Sllobodan Millosheviqit dhe krimeve t\u00eb kryera n\u00eb Kosov\u00eb. Ai theksoi se Engel ishte nd\u00ebr t\u00eb par\u00ebt q\u00eb k\u00ebrkoi nd\u00ebrhyrjen e NATO-s p\u00ebr t\u00eb ndalur spastrimin etnik n\u00eb Kosov\u00eb, si dhe mb\u00ebshteti fuqish\u00ebm pavar\u00ebsin\u00eb e vendit.<\/p>\n<p>\u201cEliot Engel ishte p\u00ebrkujtuar prej koh\u00ebsh n\u00eb Kosov\u00eb, para se bulevardi n\u00eb qytetin e Pej\u00ebs t\u00eb mbante emrin e tij, p\u00ebrmes z\u00ebrit t\u00eb tij t\u00eb fuqish\u00ebm n\u00eb Kongresin amerikan, ku ai ishte nd\u00ebr an\u00ebtar\u00ebt e par\u00eb dhe m\u00eb t\u00eb vendosur q\u00eb d\u00ebnuan fushat\u00ebn gjenocidale t\u00eb Millosheviqit.<\/p>\n<p>Kurti shtoi se Engel kishte paralajm\u00ebruar edhe p\u00ebr ndikimin keqdash\u00ebs t\u00eb Rusis\u00eb n\u00eb Evrop\u00eb dhe kishte qen\u00eb nj\u00eb mb\u00ebshtet\u00ebs i vazhduesh\u00ebm i demokracis\u00eb dhe t\u00eb drejtave t\u00eb njeriut.<\/p>\n<p>\u201cNe e pranojm\u00eb me pik\u00ebllim t\u00eb thell\u00eb lajmin p\u00ebr ndarjen e tij nga jeta, por edhe me mir\u00ebnjohje t\u00eb p\u00ebrhershme p\u00ebr sh\u00ebrbimin e tij,\u201d u shpreh Kurti, duke theksuar se Engel do t\u00eb mbetet i paharruar si shembull i sh\u00ebrbimit publik dhe i ndikimit pozitiv n\u00eb mbrojtje t\u00eb jet\u00ebs dhe demokracis\u00eb.<\/p>\n<p>Albin Kurti e p\u00ebrmbylli mesazhin duke e cil\u00ebsuar Engel si nj\u00eb figur\u00eb q\u00eb do t\u00eb jetoj\u00eb gjat\u00eb n\u00eb kujtes\u00ebn kolektive t\u00eb Kosov\u00ebs p\u00ebr kontributin e tij historik.<\/p>\n<p>Ish-kongresisti amerikan dhe mb\u00ebshtet\u00ebsi i Kosov\u00ebs, Eliot Engell, ka vdekur n\u00eb mosh\u00ebn 79-vje\u00e7are. Ai ka qen\u00eb mbledh\u00ebsi kryesor i mb\u00ebshtetjes s\u00eb Kongresit p\u00ebr njohjen e pavar\u00ebsis\u00eb s\u00eb Kosov\u00ebs nga Serbia, n\u00eb vitin 2008.<\/p>\n","protected":false},"excerpt":{"rendered":"<p>Prishtin\u00eb 11 Prill 2026 9:42 Kryeministri i Kosov\u00ebs, Albin Kurti, ka shprehur pik\u00ebllim t\u00eb thell\u00eb me rastin e ndarjes nga jeta t\u00eb ish-kongresistit amerikan Eliot<\/p>\n","protected":false},"author":6,"featured_media":42621,"comment_status":"open","ping_status":"open","sticky":false,"template":"","format":"standard","meta":{"footnotes":""},"categories":[60],"tags":[],"class_list":["post-42620","post","type-post","status-publish","format-standard","has-post-thumbnail","hentry","category-shoqerore-sq"],"yoast_head":"<!-- This site is optimized with the Yoast SEO plugin v25.3.1 - https:\/\/yoast.com\/wordpress\/plugins\/seo\/ -->\n<title>Kurti p\u00ebr Eliot Engel: Mir\u00ebnjohje e p\u00ebrhershme p\u00ebr sh\u00ebrbimin e tij -<\/title>\n<meta name=\"robots\" content=\"index, follow, max-snippet:-1, max-image-preview:large, max-video-preview:-1\" \/>\n<link rel=\"canonical\" href=\"https:\/\/veritasinfo.org\/?p=42620\" \/>\n<meta property=\"og:locale\" content=\"en_US\" \/>\n<meta property=\"og:type\" content=\"article\" \/>\n<meta property=\"og:title\" content=\"Kurti p\u00ebr Eliot Engel: Mir\u00ebnjohje e p\u00ebrhershme p\u00ebr sh\u00ebrbimin e tij -\" \/>\n<meta property=\"og:description\" content=\"Prishtin\u00eb 11 Prill 2026 9:42 Kryeministri i Kosov\u00ebs, Albin Kurti, ka shprehur pik\u00ebllim t\u00eb thell\u00eb me rastin e ndarjes nga jeta t\u00eb ish-kongresistit amerikan Eliot\" \/>\n<meta property=\"og:url\" content=\"https:\/\/veritasinfo.org\/?p=42620\" \/>\n<meta property=\"article:published_time\" content=\"2026-04-11T07:42:52+00:00\" \/>\n<meta property=\"og:image\" content=\"https:\/\/veritasinfo.org\/wp-content\/uploads\/2026\/04\/images.webp\" \/>\n\t<meta property=\"og:image:width\" content=\"783\" \/>\n\t<meta property=\"og:image:height\" content=\"391\" \/>\n\t<meta property=\"og:image:type\" content=\"image\/webp\" \/>\n<meta name=\"author\" content=\"US5\" \/>\n<meta name=\"twitter:card\" content=\"summary_large_image\" \/>\n<meta name=\"twitter:label1\" content=\"Written by\" \/>\n\t<meta name=\"twitter:data1\" content=\"US5\" \/>\n\t<meta name=\"twitter:label2\" content=\"Est. reading time\" \/>\n\t<meta name=\"twitter:data2\" content=\"1 minute\" \/>\n<script type=\"application\/ld+json\" class=\"yoast-schema-graph\">{\"@context\":\"https:\/\/schema.org\",\"@graph\":[{\"@type\":\"WebPage\",\"@id\":\"https:\/\/veritasinfo.org\/?p=42620\",\"url\":\"https:\/\/veritasinfo.org\/?p=42620\",\"name\":\"Kurti p\u00ebr Eliot Engel: Mir\u00ebnjohje e p\u00ebrhershme p\u00ebr sh\u00ebrbimin e tij -\",\"isPartOf\":{\"@id\":\"https:\/\/veritasinfo.org\/#website\"},\"primaryImageOfPage\":{\"@id\":\"https:\/\/veritasinfo.org\/?p=42620#primaryimage\"},\"image\":{\"@id\":\"https:\/\/veritasinfo.org\/?p=42620#primaryimage\"},\"thumbnailUrl\":\"https:\/\/veritasinfo.org\/wp-content\/uploads\/2026\/04\/images.webp\",\"datePublished\":\"2026-04-11T07:42:52+00:00\",\"author\":{\"@id\":\"https:\/\/veritasinfo.org\/#\/schema\/person\/bc442336e35414d04494ab8fb45db4c6\"},\"breadcrumb\":{\"@id\":\"https:\/\/veritasinfo.org\/?p=42620#breadcrumb\"},\"inLanguage\":\"en-US\",\"potentialAction\":[{\"@type\":\"ReadAction\",\"target\":[\"https:\/\/veritasinfo.org\/?p=42620\"]}]},{\"@type\":\"ImageObject\",\"inLanguage\":\"en-US\",\"@id\":\"https:\/\/veritasinfo.org\/?p=42620#primaryimage\",\"url\":\"https:\/\/veritasinfo.org\/wp-content\/uploads\/2026\/04\/images.webp\",\"contentUrl\":\"https:\/\/veritasinfo.org\/wp-content\/uploads\/2026\/04\/images.webp\",\"width\":783,\"height\":391},{\"@type\":\"BreadcrumbList\",\"@id\":\"https:\/\/veritasinfo.org\/?p=42620#breadcrumb\",\"itemListElement\":[{\"@type\":\"ListItem\",\"position\":1,\"name\":\"Home\",\"item\":\"https:\/\/veritasinfo.org\/\"},{\"@type\":\"ListItem\",\"position\":2,\"name\":\"Kurti p\u00ebr Eliot Engel: Mir\u00ebnjohje e p\u00ebrhershme p\u00ebr sh\u00ebrbimin e tij\"}]},{\"@type\":\"WebSite\",\"@id\":\"https:\/\/veritasinfo.org\/#website\",\"url\":\"https:\/\/veritasinfo.org\/\",\"name\":\"\",\"description\":\"\",\"potentialAction\":[{\"@type\":\"SearchAction\",\"target\":{\"@type\":\"EntryPoint\",\"urlTemplate\":\"https:\/\/veritasinfo.org\/?s={search_term_string}\"},\"query-input\":{\"@type\":\"PropertyValueSpecification\",\"valueRequired\":true,\"valueName\":\"search_term_string\"}}],\"inLanguage\":\"en-US\"},{\"@type\":\"Person\",\"@id\":\"https:\/\/veritasinfo.org\/#\/schema\/person\/bc442336e35414d04494ab8fb45db4c6\",\"name\":\"US5\",\"image\":{\"@type\":\"ImageObject\",\"inLanguage\":\"en-US\",\"@id\":\"https:\/\/veritasinfo.org\/#\/schema\/person\/image\/\",\"url\":\"https:\/\/secure.gravatar.com\/avatar\/16a61e7272a0c5d001121ebb9e60e925d5816e4ac1e443ed3e640d9a6ae55d0c?s=96&d=mm&r=g\",\"contentUrl\":\"https:\/\/secure.gravatar.com\/avatar\/16a61e7272a0c5d001121ebb9e60e925d5816e4ac1e443ed3e640d9a6ae55d0c?s=96&d=mm&r=g\",\"caption\":\"US5\"},\"url\":\"https:\/\/veritasinfo.org\/?author=6\"}]}<\/script>\n<!-- \/ Yoast SEO plugin. -->","yoast_head_json":{"title":"Kurti p\u00ebr Eliot Engel: Mir\u00ebnjohje e p\u00ebrhershme p\u00ebr sh\u00ebrbimin e tij -","robots":{"index":"index","follow":"follow","max-snippet":"max-snippet:-1","max-image-preview":"max-image-preview:large","max-video-preview":"max-video-preview:-1"},"canonical":"https:\/\/veritasinfo.org\/?p=42620","og_locale":"en_US","og_type":"article","og_title":"Kurti p\u00ebr Eliot Engel: Mir\u00ebnjohje e p\u00ebrhershme p\u00ebr sh\u00ebrbimin e tij -","og_description":"Prishtin\u00eb 11 Prill 2026 9:42 Kryeministri i Kosov\u00ebs, Albin Kurti, ka shprehur pik\u00ebllim t\u00eb thell\u00eb me rastin e ndarjes nga jeta t\u00eb ish-kongresistit amerikan Eliot","og_url":"https:\/\/veritasinfo.org\/?p=42620","article_published_time":"2026-04-11T07:42:52+00:00","og_image":[{"width":783,"height":391,"url":"https:\/\/veritasinfo.org\/wp-content\/uploads\/2026\/04\/images.webp","type":"image\/webp"}],"author":"US5","twitter_card":"summary_large_image","twitter_misc":{"Written by":"US5","Est. reading time":"1 minute"},"schema":{"@context":"https:\/\/schema.org","@graph":[{"@type":"WebPage","@id":"https:\/\/veritasinfo.org\/?p=42620","url":"https:\/\/veritasinfo.org\/?p=42620","name":"Kurti p\u00ebr Eliot Engel: Mir\u00ebnjohje e p\u00ebrhershme p\u00ebr sh\u00ebrbimin e tij -","isPartOf":{"@id":"https:\/\/veritasinfo.org\/#website"},"primaryImageOfPage":{"@id":"https:\/\/veritasinfo.org\/?p=42620#primaryimage"},"image":{"@id":"https:\/\/veritasinfo.org\/?p=42620#primaryimage"},"thumbnailUrl":"https:\/\/veritasinfo.org\/wp-content\/uploads\/2026\/04\/images.webp","datePublished":"2026-04-11T07:42:52+00:00","author":{"@id":"https:\/\/veritasinfo.org\/#\/schema\/person\/bc442336e35414d04494ab8fb45db4c6"},"breadcrumb":{"@id":"https:\/\/veritasinfo.org\/?p=42620#breadcrumb"},"inLanguage":"en-US","potentialAction":[{"@type":"ReadAction","target":["https:\/\/veritasinfo.org\/?p=42620"]}]},{"@type":"ImageObject","inLanguage":"en-US","@id":"https:\/\/veritasinfo.org\/?p=42620#primaryimage","url":"https:\/\/veritasinfo.org\/wp-content\/uploads\/2026\/04\/images.webp","contentUrl":"https:\/\/veritasinfo.org\/wp-content\/uploads\/2026\/04\/images.webp","width":783,"height":391},{"@type":"BreadcrumbList","@id":"https:\/\/veritasinfo.org\/?p=42620#breadcrumb","itemListElement":[{"@type":"ListItem","position":1,"name":"Home","item":"https:\/\/veritasinfo.org\/"},{"@type":"ListItem","position":2,"name":"Kurti p\u00ebr Eliot Engel: Mir\u00ebnjohje e p\u00ebrhershme p\u00ebr sh\u00ebrbimin e tij"}]},{"@type":"WebSite","@id":"https:\/\/veritasinfo.org\/#website","url":"https:\/\/veritasinfo.org\/","name":"","description":"","potentialAction":[{"@type":"SearchAction","target":{"@type":"EntryPoint","urlTemplate":"https:\/\/veritasinfo.org\/?s={search_term_string}"},"query-input":{"@type":"PropertyValueSpecification","valueRequired":true,"valueName":"search_term_string"}}],"inLanguage":"en-US"},{"@type":"Person","@id":"https:\/\/veritasinfo.org\/#\/schema\/person\/bc442336e35414d04494ab8fb45db4c6","name":"US5","image":{"@type":"ImageObject","inLanguage":"en-US","@id":"https:\/\/veritasinfo.org\/#\/schema\/person\/image\/","url":"https:\/\/secure.gravatar.com\/avatar\/16a61e7272a0c5d001121ebb9e60e925d5816e4ac1e443ed3e640d9a6ae55d0c?s=96&d=mm&r=g","contentUrl":"https:\/\/secure.gravatar.com\/avatar\/16a61e7272a0c5d001121ebb9e60e925d5816e4ac1e443ed3e640d9a6ae55d0c?s=96&d=mm&r=g","caption":"US5"},"url":"https:\/\/veritasinfo.org\/?author=6"}]}},"featured_image_urls":{"full":["https:\/\/veritasinfo.org\/wp-content\/uploads\/2026\/04\/images.webp",783,391,false],"thumbnail":["https:\/\/veritasinfo.org\/wp-content\/uploads\/2026\/04\/images-150x150.webp",150,150,true],"medium":["https:\/\/veritasinfo.org\/wp-content\/uploads\/2026\/04\/images-300x150.webp",300,150,true],"medium_large":["https:\/\/veritasinfo.org\/wp-content\/uploads\/2026\/04\/images-768x384.webp",640,320,true],"large":["https:\/\/veritasinfo.org\/wp-content\/uploads\/2026\/04\/images.webp",640,320,false],"1536x1536":["https:\/\/veritasinfo.org\/wp-content\/uploads\/2026\/04\/images.webp",783,391,false],"2048x2048":["https:\/\/veritasinfo.org\/wp-content\/uploads\/2026\/04\/images.webp",783,391,false],"kreeti-slider-full":["https:\/\/veritasinfo.org\/wp-content\/uploads\/2026\/04\/images.webp",783,391,false],"kreeti-featured":["https:\/\/veritasinfo.org\/wp-content\/uploads\/2026\/04\/images.webp",783,391,false],"kreeti-medium":["https:\/\/veritasinfo.org\/wp-content\/uploads\/2026\/04\/images-720x391.webp",720,391,true],"kreeti-medium-square":["https:\/\/veritasinfo.org\/wp-content\/uploads\/2026\/04\/images-350x350.webp",350,350,true]},"author_info":{"info":["US5"]},"category_info":"<a href=\"https:\/\/veritasinfo.org\/?cat=60\" rel=\"category\">Shoq\u00ebrore<\/a>","tag_info":"Shoq\u00ebrore","comment_count":"0","_links":{"self":[{"href":"https:\/\/veritasinfo.org\/index.php?rest_route=\/wp\/v2\/posts\/42620","targetHints":{"allow":["GET"]}}],"collection":[{"href":"https:\/\/veritasinfo.org\/index.php?rest_route=\/wp\/v2\/posts"}],"about":[{"href":"https:\/\/veritasinfo.org\/index.php?rest_route=\/wp\/v2\/types\/post"}],"author":[{"embeddable":true,"href":"https:\/\/veritasinfo.org\/index.php?rest_route=\/wp\/v2\/users\/6"}],"replies":[{"embeddable":true,"href":"https:\/\/veritasinfo.org\/index.php?rest_route=%2Fwp%2Fv2%2Fcomments&post=42620"}],"version-history":[{"count":2,"href":"https:\/\/veritasinfo.org\/index.php?rest_route=\/wp\/v2\/posts\/42620\/revisions"}],"predecessor-version":[{"id":42623,"href":"https:\/\/veritasinfo.org\/index.php?rest_route=\/wp\/v2\/posts\/42620\/revisions\/42623"}],"wp:featuredmedia":[{"embeddable":true,"href":"https:\/\/veritasinfo.org\/index.php?rest_route=\/wp\/v2\/media\/42621"}],"wp:attachment":[{"href":"https:\/\/veritasinfo.org\/index.php?rest_route=%2Fwp%2Fv2%2Fmedia&parent=42620"}],"wp:term":[{"taxonomy":"category","embeddable":true,"href":"https:\/\/veritasinfo.org\/index.php?rest_route=%2Fwp%2Fv2%2Fcategories&post=42620"},{"taxonomy":"post_tag","embeddable":true,"href":"https:\/\/veritasinfo.org\/index.php?rest_route=%2Fwp%2Fv2%2Ftags&post=42620"}],"curies":[{"name":"wp","href":"https:\/\/api.w.org\/{rel}","templated":true}]}}