{"id":42607,"date":"2026-04-11T09:12:09","date_gmt":"2026-04-11T07:12:09","guid":{"rendered":"https:\/\/veritasinfo.org\/?p=42607"},"modified":"2026-04-11T09:12:09","modified_gmt":"2026-04-11T07:12:09","slug":"27-vjet-nga-renia-e-agim-ramadanit-hartuesit-te-planit-per-thyerjen-e-kufirit-shqiptaro-shqiptar","status":"publish","type":"post","link":"https:\/\/veritasinfo.org\/?p=42607","title":{"rendered":"27 vjet nga r\u00ebnia e Agim Ramadanit \u2013 hartuesit t\u00eb planit p\u00ebr thyerjen e kufirit shqiptaro-shqiptar"},"content":{"rendered":"<p>Prishtin\u00eb 11 Prill 2026 9:11<\/p>\n<p>Sot b\u00ebhen 27 vjet nga r\u00ebnia e luft\u00ebtarit dhe heroit Agim Ramadani, i cili gjat\u00eb luft\u00ebs u d\u00ebshmua si strateg i lart\u00eb dhe udh\u00ebheq\u00ebs i dashur p\u00ebr ushtar\u00ebt.<\/p>\n<p>Ai ishte nj\u00ebri nd\u00ebr hartuesit e planit p\u00ebr thyerjen e kufirit shqiptaro-shqiptar, gj\u00eb t\u00eb cil\u00ebn e b\u00ebri bashk\u00eb me shok\u00ebt.<\/p>\n<p>Agim Ramadani u lind n\u00eb Zheg\u00ebr t\u00eb Gjilanit m\u00eb 3 maj 1963. Shkollimin fillor e kreu n\u00eb vendlindje, t\u00eb mesmen n\u00eb Gjilan n\u00eb vitin 1980, nd\u00ebrsa Akademin\u00eb ushtarake-drejtimi i komunikacionit n\u00eb Zagreb t\u00eb Kroacis\u00eb.<\/p>\n<p>Me poezi dhe piktur\u00eb \u00ebsht\u00eb marr\u00eb q\u00eb nga shkollimi i mes\u00ebm. P\u00ebrderisa poezit\u00eb e tij, sa ishte gjall\u00eb i mbet\u00ebn t\u00eb shp\u00ebrndara n\u00ebp\u00ebr revista t\u00eb ndryshme e n\u00eb dor\u00ebshkrim, si piktor organizoi ekspozita kolektive e personale n\u00eb Kroaci, ku punoi si ushtarak e n\u00eb Zvic\u00ebr, ku jetoi si emigrant politik, meq\u00eb me fillimin e luft\u00ebs n\u00eb Kroaci, ai braktisi ish-armat\u00ebn jugosllave ku punonte si oficer. N\u00eb vitin 1998 pranohet an\u00ebtar nderi n\u00eb Akademin\u00eb Evropiane t\u00eb Arteve.<\/p>\n<p>Ndon\u00ebse kishte t\u00eb rregulluar statusin e emigrantit, Agim Ramadani n\u00eb vitin 1998 iu p\u00ebrgjigj thirrjes s\u00eb atdheut dhe u inkuadrua n\u00eb radh\u00ebt e Ushtris\u00eb \u00c7lirimtare t\u00eb Kosov\u00ebs, duke l\u00ebn\u00eb n\u00eb Zvic\u00ebr tre f\u00ebmij\u00eb dhe gruan.<\/p>\n<p>Gjat\u00eb luft\u00ebs u d\u00ebshmua si strateg i lart\u00eb dhe udh\u00ebheq\u00ebs i dashur p\u00ebr ushtar\u00ebt. Ishte nj\u00ebri nd\u00ebr hartuesit e planit p\u00ebr thyerjen e kufirit shqiptaro-shqiptar dhe ishte i pari q\u00eb shkuli gurin-piramid\u00ebn-kufitare n\u00eb Koshare.<\/p>\n<p>Pas thyerjes s\u00eb kufirit, n\u00eb pjes\u00ebn e Kosov\u00ebs, te vendi i quajtur Rrasa e Zogut, ai ra heroikisht.<\/p>\n","protected":false},"excerpt":{"rendered":"<p>Prishtin\u00eb 11 Prill 2026 9:11 Sot b\u00ebhen 27 vjet nga r\u00ebnia e luft\u00ebtarit dhe heroit Agim Ramadani, i cili gjat\u00eb luft\u00ebs u d\u00ebshmua si strateg<\/p>\n","protected":false},"author":6,"featured_media":42610,"comment_status":"open","ping_status":"open","sticky":false,"template":"","format":"standard","meta":{"footnotes":""},"categories":[60],"tags":[],"class_list":["post-42607","post","type-post","status-publish","format-standard","has-post-thumbnail","hentry","category-shoqerore-sq"],"yoast_head":"<!-- This site is optimized with the Yoast SEO plugin v25.3.1 - https:\/\/yoast.com\/wordpress\/plugins\/seo\/ -->\n<title>27 vjet nga r\u00ebnia e Agim Ramadanit \u2013 hartuesit t\u00eb planit p\u00ebr thyerjen e kufirit shqiptaro-shqiptar -<\/title>\n<meta name=\"robots\" content=\"index, follow, max-snippet:-1, max-image-preview:large, max-video-preview:-1\" \/>\n<link rel=\"canonical\" href=\"https:\/\/veritasinfo.org\/?p=42607\" \/>\n<meta property=\"og:locale\" content=\"en_US\" \/>\n<meta property=\"og:type\" content=\"article\" \/>\n<meta property=\"og:title\" content=\"27 vjet nga r\u00ebnia e Agim Ramadanit \u2013 hartuesit t\u00eb planit p\u00ebr thyerjen e kufirit shqiptaro-shqiptar -\" \/>\n<meta property=\"og:description\" content=\"Prishtin\u00eb 11 Prill 2026 9:11 Sot b\u00ebhen 27 vjet nga r\u00ebnia e luft\u00ebtarit dhe heroit Agim Ramadani, i cili gjat\u00eb luft\u00ebs u d\u00ebshmua si strateg\" \/>\n<meta property=\"og:url\" content=\"https:\/\/veritasinfo.org\/?p=42607\" \/>\n<meta property=\"article:published_time\" content=\"2026-04-11T07:12:09+00:00\" \/>\n<meta property=\"og:image\" content=\"https:\/\/veritasinfo.org\/wp-content\/uploads\/2026\/04\/2026-04-11-09-09-26-agim_ramadani.webp\" \/>\n\t<meta property=\"og:image:width\" content=\"812\" \/>\n\t<meta property=\"og:image:height\" content=\"621\" \/>\n\t<meta property=\"og:image:type\" content=\"image\/webp\" \/>\n<meta name=\"author\" content=\"US5\" \/>\n<meta name=\"twitter:card\" content=\"summary_large_image\" \/>\n<meta name=\"twitter:label1\" content=\"Written by\" \/>\n\t<meta name=\"twitter:data1\" content=\"US5\" \/>\n\t<meta name=\"twitter:label2\" content=\"Est. reading time\" \/>\n\t<meta name=\"twitter:data2\" content=\"1 minute\" \/>\n<script type=\"application\/ld+json\" class=\"yoast-schema-graph\">{\"@context\":\"https:\/\/schema.org\",\"@graph\":[{\"@type\":\"WebPage\",\"@id\":\"https:\/\/veritasinfo.org\/?p=42607\",\"url\":\"https:\/\/veritasinfo.org\/?p=42607\",\"name\":\"27 vjet nga r\u00ebnia e Agim Ramadanit \u2013 hartuesit t\u00eb planit p\u00ebr thyerjen e kufirit shqiptaro-shqiptar -\",\"isPartOf\":{\"@id\":\"https:\/\/veritasinfo.org\/#website\"},\"primaryImageOfPage\":{\"@id\":\"https:\/\/veritasinfo.org\/?p=42607#primaryimage\"},\"image\":{\"@id\":\"https:\/\/veritasinfo.org\/?p=42607#primaryimage\"},\"thumbnailUrl\":\"https:\/\/veritasinfo.org\/wp-content\/uploads\/2026\/04\/2026-04-11-09-09-26-agim_ramadani.webp\",\"datePublished\":\"2026-04-11T07:12:09+00:00\",\"author\":{\"@id\":\"https:\/\/veritasinfo.org\/#\/schema\/person\/bc442336e35414d04494ab8fb45db4c6\"},\"breadcrumb\":{\"@id\":\"https:\/\/veritasinfo.org\/?p=42607#breadcrumb\"},\"inLanguage\":\"en-US\",\"potentialAction\":[{\"@type\":\"ReadAction\",\"target\":[\"https:\/\/veritasinfo.org\/?p=42607\"]}]},{\"@type\":\"ImageObject\",\"inLanguage\":\"en-US\",\"@id\":\"https:\/\/veritasinfo.org\/?p=42607#primaryimage\",\"url\":\"https:\/\/veritasinfo.org\/wp-content\/uploads\/2026\/04\/2026-04-11-09-09-26-agim_ramadani.webp\",\"contentUrl\":\"https:\/\/veritasinfo.org\/wp-content\/uploads\/2026\/04\/2026-04-11-09-09-26-agim_ramadani.webp\",\"width\":812,\"height\":621},{\"@type\":\"BreadcrumbList\",\"@id\":\"https:\/\/veritasinfo.org\/?p=42607#breadcrumb\",\"itemListElement\":[{\"@type\":\"ListItem\",\"position\":1,\"name\":\"Home\",\"item\":\"https:\/\/veritasinfo.org\/\"},{\"@type\":\"ListItem\",\"position\":2,\"name\":\"27 vjet nga r\u00ebnia e Agim Ramadanit \u2013 hartuesit t\u00eb planit p\u00ebr thyerjen e kufirit shqiptaro-shqiptar\"}]},{\"@type\":\"WebSite\",\"@id\":\"https:\/\/veritasinfo.org\/#website\",\"url\":\"https:\/\/veritasinfo.org\/\",\"name\":\"\",\"description\":\"\",\"potentialAction\":[{\"@type\":\"SearchAction\",\"target\":{\"@type\":\"EntryPoint\",\"urlTemplate\":\"https:\/\/veritasinfo.org\/?s={search_term_string}\"},\"query-input\":{\"@type\":\"PropertyValueSpecification\",\"valueRequired\":true,\"valueName\":\"search_term_string\"}}],\"inLanguage\":\"en-US\"},{\"@type\":\"Person\",\"@id\":\"https:\/\/veritasinfo.org\/#\/schema\/person\/bc442336e35414d04494ab8fb45db4c6\",\"name\":\"US5\",\"image\":{\"@type\":\"ImageObject\",\"inLanguage\":\"en-US\",\"@id\":\"https:\/\/veritasinfo.org\/#\/schema\/person\/image\/\",\"url\":\"https:\/\/secure.gravatar.com\/avatar\/16a61e7272a0c5d001121ebb9e60e925d5816e4ac1e443ed3e640d9a6ae55d0c?s=96&d=mm&r=g\",\"contentUrl\":\"https:\/\/secure.gravatar.com\/avatar\/16a61e7272a0c5d001121ebb9e60e925d5816e4ac1e443ed3e640d9a6ae55d0c?s=96&d=mm&r=g\",\"caption\":\"US5\"},\"url\":\"https:\/\/veritasinfo.org\/?author=6\"}]}<\/script>\n<!-- \/ Yoast SEO plugin. -->","yoast_head_json":{"title":"27 vjet nga r\u00ebnia e Agim Ramadanit \u2013 hartuesit t\u00eb planit p\u00ebr thyerjen e kufirit shqiptaro-shqiptar -","robots":{"index":"index","follow":"follow","max-snippet":"max-snippet:-1","max-image-preview":"max-image-preview:large","max-video-preview":"max-video-preview:-1"},"canonical":"https:\/\/veritasinfo.org\/?p=42607","og_locale":"en_US","og_type":"article","og_title":"27 vjet nga r\u00ebnia e Agim Ramadanit \u2013 hartuesit t\u00eb planit p\u00ebr thyerjen e kufirit shqiptaro-shqiptar -","og_description":"Prishtin\u00eb 11 Prill 2026 9:11 Sot b\u00ebhen 27 vjet nga r\u00ebnia e luft\u00ebtarit dhe heroit Agim Ramadani, i cili gjat\u00eb luft\u00ebs u d\u00ebshmua si strateg","og_url":"https:\/\/veritasinfo.org\/?p=42607","article_published_time":"2026-04-11T07:12:09+00:00","og_image":[{"width":812,"height":621,"url":"https:\/\/veritasinfo.org\/wp-content\/uploads\/2026\/04\/2026-04-11-09-09-26-agim_ramadani.webp","type":"image\/webp"}],"author":"US5","twitter_card":"summary_large_image","twitter_misc":{"Written by":"US5","Est. reading time":"1 minute"},"schema":{"@context":"https:\/\/schema.org","@graph":[{"@type":"WebPage","@id":"https:\/\/veritasinfo.org\/?p=42607","url":"https:\/\/veritasinfo.org\/?p=42607","name":"27 vjet nga r\u00ebnia e Agim Ramadanit \u2013 hartuesit t\u00eb planit p\u00ebr thyerjen e kufirit shqiptaro-shqiptar -","isPartOf":{"@id":"https:\/\/veritasinfo.org\/#website"},"primaryImageOfPage":{"@id":"https:\/\/veritasinfo.org\/?p=42607#primaryimage"},"image":{"@id":"https:\/\/veritasinfo.org\/?p=42607#primaryimage"},"thumbnailUrl":"https:\/\/veritasinfo.org\/wp-content\/uploads\/2026\/04\/2026-04-11-09-09-26-agim_ramadani.webp","datePublished":"2026-04-11T07:12:09+00:00","author":{"@id":"https:\/\/veritasinfo.org\/#\/schema\/person\/bc442336e35414d04494ab8fb45db4c6"},"breadcrumb":{"@id":"https:\/\/veritasinfo.org\/?p=42607#breadcrumb"},"inLanguage":"en-US","potentialAction":[{"@type":"ReadAction","target":["https:\/\/veritasinfo.org\/?p=42607"]}]},{"@type":"ImageObject","inLanguage":"en-US","@id":"https:\/\/veritasinfo.org\/?p=42607#primaryimage","url":"https:\/\/veritasinfo.org\/wp-content\/uploads\/2026\/04\/2026-04-11-09-09-26-agim_ramadani.webp","contentUrl":"https:\/\/veritasinfo.org\/wp-content\/uploads\/2026\/04\/2026-04-11-09-09-26-agim_ramadani.webp","width":812,"height":621},{"@type":"BreadcrumbList","@id":"https:\/\/veritasinfo.org\/?p=42607#breadcrumb","itemListElement":[{"@type":"ListItem","position":1,"name":"Home","item":"https:\/\/veritasinfo.org\/"},{"@type":"ListItem","position":2,"name":"27 vjet nga r\u00ebnia e Agim Ramadanit \u2013 hartuesit t\u00eb planit p\u00ebr thyerjen e kufirit shqiptaro-shqiptar"}]},{"@type":"WebSite","@id":"https:\/\/veritasinfo.org\/#website","url":"https:\/\/veritasinfo.org\/","name":"","description":"","potentialAction":[{"@type":"SearchAction","target":{"@type":"EntryPoint","urlTemplate":"https:\/\/veritasinfo.org\/?s={search_term_string}"},"query-input":{"@type":"PropertyValueSpecification","valueRequired":true,"valueName":"search_term_string"}}],"inLanguage":"en-US"},{"@type":"Person","@id":"https:\/\/veritasinfo.org\/#\/schema\/person\/bc442336e35414d04494ab8fb45db4c6","name":"US5","image":{"@type":"ImageObject","inLanguage":"en-US","@id":"https:\/\/veritasinfo.org\/#\/schema\/person\/image\/","url":"https:\/\/secure.gravatar.com\/avatar\/16a61e7272a0c5d001121ebb9e60e925d5816e4ac1e443ed3e640d9a6ae55d0c?s=96&d=mm&r=g","contentUrl":"https:\/\/secure.gravatar.com\/avatar\/16a61e7272a0c5d001121ebb9e60e925d5816e4ac1e443ed3e640d9a6ae55d0c?s=96&d=mm&r=g","caption":"US5"},"url":"https:\/\/veritasinfo.org\/?author=6"}]}},"featured_image_urls":{"full":["https:\/\/veritasinfo.org\/wp-content\/uploads\/2026\/04\/2026-04-11-09-09-26-agim_ramadani.webp",812,621,false],"thumbnail":["https:\/\/veritasinfo.org\/wp-content\/uploads\/2026\/04\/2026-04-11-09-09-26-agim_ramadani-150x150.webp",150,150,true],"medium":["https:\/\/veritasinfo.org\/wp-content\/uploads\/2026\/04\/2026-04-11-09-09-26-agim_ramadani-300x229.webp",300,229,true],"medium_large":["https:\/\/veritasinfo.org\/wp-content\/uploads\/2026\/04\/2026-04-11-09-09-26-agim_ramadani-768x587.webp",640,489,true],"large":["https:\/\/veritasinfo.org\/wp-content\/uploads\/2026\/04\/2026-04-11-09-09-26-agim_ramadani.webp",640,489,false],"1536x1536":["https:\/\/veritasinfo.org\/wp-content\/uploads\/2026\/04\/2026-04-11-09-09-26-agim_ramadani.webp",812,621,false],"2048x2048":["https:\/\/veritasinfo.org\/wp-content\/uploads\/2026\/04\/2026-04-11-09-09-26-agim_ramadani.webp",812,621,false],"kreeti-slider-full":["https:\/\/veritasinfo.org\/wp-content\/uploads\/2026\/04\/2026-04-11-09-09-26-agim_ramadani.webp",812,621,false],"kreeti-featured":["https:\/\/veritasinfo.org\/wp-content\/uploads\/2026\/04\/2026-04-11-09-09-26-agim_ramadani.webp",812,621,false],"kreeti-medium":["https:\/\/veritasinfo.org\/wp-content\/uploads\/2026\/04\/2026-04-11-09-09-26-agim_ramadani-720x530.webp",720,530,true],"kreeti-medium-square":["https:\/\/veritasinfo.org\/wp-content\/uploads\/2026\/04\/2026-04-11-09-09-26-agim_ramadani-350x350.webp",350,350,true]},"author_info":{"info":["US5"]},"category_info":"<a href=\"https:\/\/veritasinfo.org\/?cat=60\" rel=\"category\">Shoq\u00ebrore<\/a>","tag_info":"Shoq\u00ebrore","comment_count":"0","_links":{"self":[{"href":"https:\/\/veritasinfo.org\/index.php?rest_route=\/wp\/v2\/posts\/42607","targetHints":{"allow":["GET"]}}],"collection":[{"href":"https:\/\/veritasinfo.org\/index.php?rest_route=\/wp\/v2\/posts"}],"about":[{"href":"https:\/\/veritasinfo.org\/index.php?rest_route=\/wp\/v2\/types\/post"}],"author":[{"embeddable":true,"href":"https:\/\/veritasinfo.org\/index.php?rest_route=\/wp\/v2\/users\/6"}],"replies":[{"embeddable":true,"href":"https:\/\/veritasinfo.org\/index.php?rest_route=%2Fwp%2Fv2%2Fcomments&post=42607"}],"version-history":[{"count":2,"href":"https:\/\/veritasinfo.org\/index.php?rest_route=\/wp\/v2\/posts\/42607\/revisions"}],"predecessor-version":[{"id":42612,"href":"https:\/\/veritasinfo.org\/index.php?rest_route=\/wp\/v2\/posts\/42607\/revisions\/42612"}],"wp:featuredmedia":[{"embeddable":true,"href":"https:\/\/veritasinfo.org\/index.php?rest_route=\/wp\/v2\/media\/42610"}],"wp:attachment":[{"href":"https:\/\/veritasinfo.org\/index.php?rest_route=%2Fwp%2Fv2%2Fmedia&parent=42607"}],"wp:term":[{"taxonomy":"category","embeddable":true,"href":"https:\/\/veritasinfo.org\/index.php?rest_route=%2Fwp%2Fv2%2Fcategories&post=42607"},{"taxonomy":"post_tag","embeddable":true,"href":"https:\/\/veritasinfo.org\/index.php?rest_route=%2Fwp%2Fv2%2Ftags&post=42607"}],"curies":[{"name":"wp","href":"https:\/\/api.w.org\/{rel}","templated":true}]}}