{"id":42584,"date":"2026-04-11T07:11:36","date_gmt":"2026-04-11T05:11:36","guid":{"rendered":"https:\/\/veritasinfo.org\/?p=42584"},"modified":"2026-04-11T07:11:36","modified_gmt":"2026-04-11T05:11:36","slug":"nje-i-vdekur-e-dy-te-lenduar-nga-nje-aksident-mes-dy-motocikletave-ne-livoc-te-ulet-te-gjilanit","status":"publish","type":"post","link":"https:\/\/veritasinfo.org\/?p=42584","title":{"rendered":"Nj\u00eb i vdekur e dy t\u00eb l\u00ebnduar nga nj\u00eb aksident mes dy moto\u00e7ikletave n\u00eb Livo\u00e7 t\u00eb Ul\u00ebt t\u00eb Gjilanit"},"content":{"rendered":"<p>Prishtin\u00eb, 11 prill 2026 07:11<\/p>\n<p>Nj\u00eb person ka humbur jet\u00ebn si pasoj\u00eb e nj\u00eb aksidenti q\u00eb ka ndodhur mes dy moto\u00e7ikletave, n\u00eb fshatin Livo\u00e7 i Ul\u00ebt, t\u00eb Gjilanit.<\/p>\n<div class=\"jeg_viewport\">\n<div class=\"post-wrapper\">\n<div class=\"post-wrap post-autoload loaded\" data-url=\"https:\/\/teve1.info\/nje-i-vdekur-e-dy-te-lenduar-nga-nje-aksident-mes-dy-motocikletave-ne-livoc-te-ulet-te-gjilanit\/\" data-title=\"Nj\u00eb i vdekur e dy t\u00eb l\u00ebnduar nga nj\u00eb aksident mes dy moto\u00e7ikletave n\u00eb Livo\u00e7 t\u00eb Ul\u00ebt t\u00eb Gjilanit\" data-id=\"574995\" data-prev=\"https:\/\/teve1.info\/hamza-ngushellon-per-vdekjen-e-eliot-engel-ishte-zeri-i-drejtesise-per-ne-ne-shba\/\">\n<div class=\"jeg_main \">\n<div class=\"jeg_container\">\n<div class=\"jeg_content jeg_singlepage\">\n<div class=\"container\">\n<div class=\"row\">\n<div class=\"jeg_main_content col-md-8\">\n<div class=\"jeg_inner_content\">\n<div class=\"entry-content no-share\">\n<div class=\"content-inner \">\n<p>Nd\u00ebrkoh\u00eb, t\u00eb l\u00ebnduar nga ky aksident kan\u00eb mbetur edhe dy persona.<\/p>\n<p>Lajmin e ka konfirmuar z\u00ebdh\u00ebn\u00ebsi i Policis\u00eb p\u00ebr rajonin e Gjilanit, Ismet Hashani, i cili b\u00ebri t\u00eb ditur se dy t\u00eb l\u00ebnduarit e tjer\u00eb me l\u00ebndime t\u00eb r\u00ebnda trupore, nj\u00ebri \u00ebsht\u00eb transportuar p\u00ebr n\u00eb QKUK-Prishtin\u00eb, nd\u00ebrsa tjetri vazhdon t\u00eb trajtohet n\u00eb spitalin e Gjilanit.<\/p>\n<p>\u201cJu njoftoj se sot me 10.04.2026, rreth or\u00ebs 19:39 policia e Kosov\u00ebs n\u00eb Gjilan ka pranuar nj\u00eb informat\u00eb p\u00ebr nj\u00eb aksident Trafiku me l\u00ebndime n\u00eb fshatin Livo\u00e7 I ul\u00ebt Komuna Gjilan. Ndihma e par\u00eb ,Nj\u00ebsia e Trafikut Rajonal dhe hetuesit e aksidenteve kan\u00eb dal n\u00eb vendngjarje. Nga hetimet e para njoftohemi se n\u00eb aksident jan\u00eb t\u00eb p\u00ebrfshira dy (2) moto\u00e7ikleta , raportohet se tre (3) persona jan\u00eb l\u00ebnduar n\u00eb aksident\u201d, deklaroi ai.<\/p>\n<\/div>\n<\/div>\n<\/div>\n<\/div>\n<\/div>\n<\/div>\n<\/div>\n<\/div>\n<\/div>\n<\/div>\n<\/div>\n<\/div>\n","protected":false},"excerpt":{"rendered":"<p>Prishtin\u00eb, 11 prill 2026 07:11 Nj\u00eb person ka humbur jet\u00ebn si pasoj\u00eb e nj\u00eb aksidenti q\u00eb ka ndodhur mes dy moto\u00e7ikletave, n\u00eb fshatin Livo\u00e7 i<\/p>\n","protected":false},"author":7,"featured_media":41968,"comment_status":"open","ping_status":"open","sticky":false,"template":"","format":"standard","meta":{"footnotes":""},"categories":[101],"tags":[],"class_list":["post-42584","post","type-post","status-publish","format-standard","has-post-thumbnail","hentry","category-kronika"],"yoast_head":"<!-- This site is optimized with the Yoast SEO plugin v25.3.1 - https:\/\/yoast.com\/wordpress\/plugins\/seo\/ -->\n<title>Nj\u00eb i vdekur e dy t\u00eb l\u00ebnduar nga nj\u00eb aksident mes dy moto\u00e7ikletave n\u00eb Livo\u00e7 t\u00eb Ul\u00ebt t\u00eb Gjilanit -<\/title>\n<meta name=\"robots\" content=\"index, follow, max-snippet:-1, max-image-preview:large, max-video-preview:-1\" \/>\n<link rel=\"canonical\" href=\"https:\/\/veritasinfo.org\/?p=42584\" \/>\n<meta property=\"og:locale\" content=\"en_US\" \/>\n<meta property=\"og:type\" content=\"article\" \/>\n<meta property=\"og:title\" content=\"Nj\u00eb i vdekur e dy t\u00eb l\u00ebnduar nga nj\u00eb aksident mes dy moto\u00e7ikletave n\u00eb Livo\u00e7 t\u00eb Ul\u00ebt t\u00eb Gjilanit -\" \/>\n<meta property=\"og:description\" content=\"Prishtin\u00eb, 11 prill 2026 07:11 Nj\u00eb person ka humbur jet\u00ebn si pasoj\u00eb e nj\u00eb aksidenti q\u00eb ka ndodhur mes dy moto\u00e7ikletave, n\u00eb fshatin Livo\u00e7 i\" \/>\n<meta property=\"og:url\" content=\"https:\/\/veritasinfo.org\/?p=42584\" \/>\n<meta property=\"article:published_time\" content=\"2026-04-11T05:11:36+00:00\" \/>\n<meta property=\"og:image\" content=\"https:\/\/veritasinfo.org\/wp-content\/uploads\/2026\/04\/policia-mos-kalo-600x360-1.jpg\" \/>\n\t<meta property=\"og:image:width\" content=\"600\" \/>\n\t<meta property=\"og:image:height\" content=\"360\" \/>\n\t<meta property=\"og:image:type\" content=\"image\/jpeg\" \/>\n<meta name=\"author\" content=\"US6\" \/>\n<meta name=\"twitter:card\" content=\"summary_large_image\" \/>\n<meta name=\"twitter:label1\" content=\"Written by\" \/>\n\t<meta name=\"twitter:data1\" content=\"US6\" \/>\n\t<meta name=\"twitter:label2\" content=\"Est. reading time\" \/>\n\t<meta name=\"twitter:data2\" content=\"1 minute\" \/>\n<script type=\"application\/ld+json\" class=\"yoast-schema-graph\">{\"@context\":\"https:\/\/schema.org\",\"@graph\":[{\"@type\":\"WebPage\",\"@id\":\"https:\/\/veritasinfo.org\/?p=42584\",\"url\":\"https:\/\/veritasinfo.org\/?p=42584\",\"name\":\"Nj\u00eb i vdekur e dy t\u00eb l\u00ebnduar nga nj\u00eb aksident mes dy moto\u00e7ikletave n\u00eb Livo\u00e7 t\u00eb Ul\u00ebt t\u00eb Gjilanit -\",\"isPartOf\":{\"@id\":\"https:\/\/veritasinfo.org\/#website\"},\"primaryImageOfPage\":{\"@id\":\"https:\/\/veritasinfo.org\/?p=42584#primaryimage\"},\"image\":{\"@id\":\"https:\/\/veritasinfo.org\/?p=42584#primaryimage\"},\"thumbnailUrl\":\"https:\/\/veritasinfo.org\/wp-content\/uploads\/2026\/04\/policia-mos-kalo-600x360-1.jpg\",\"datePublished\":\"2026-04-11T05:11:36+00:00\",\"author\":{\"@id\":\"https:\/\/veritasinfo.org\/#\/schema\/person\/fe199eede04c3937362892b7444747cc\"},\"breadcrumb\":{\"@id\":\"https:\/\/veritasinfo.org\/?p=42584#breadcrumb\"},\"inLanguage\":\"en-US\",\"potentialAction\":[{\"@type\":\"ReadAction\",\"target\":[\"https:\/\/veritasinfo.org\/?p=42584\"]}]},{\"@type\":\"ImageObject\",\"inLanguage\":\"en-US\",\"@id\":\"https:\/\/veritasinfo.org\/?p=42584#primaryimage\",\"url\":\"https:\/\/veritasinfo.org\/wp-content\/uploads\/2026\/04\/policia-mos-kalo-600x360-1.jpg\",\"contentUrl\":\"https:\/\/veritasinfo.org\/wp-content\/uploads\/2026\/04\/policia-mos-kalo-600x360-1.jpg\",\"width\":600,\"height\":360},{\"@type\":\"BreadcrumbList\",\"@id\":\"https:\/\/veritasinfo.org\/?p=42584#breadcrumb\",\"itemListElement\":[{\"@type\":\"ListItem\",\"position\":1,\"name\":\"Home\",\"item\":\"https:\/\/veritasinfo.org\/\"},{\"@type\":\"ListItem\",\"position\":2,\"name\":\"Nj\u00eb i vdekur e dy t\u00eb l\u00ebnduar nga nj\u00eb aksident mes dy moto\u00e7ikletave n\u00eb Livo\u00e7 t\u00eb Ul\u00ebt t\u00eb Gjilanit\"}]},{\"@type\":\"WebSite\",\"@id\":\"https:\/\/veritasinfo.org\/#website\",\"url\":\"https:\/\/veritasinfo.org\/\",\"name\":\"\",\"description\":\"\",\"potentialAction\":[{\"@type\":\"SearchAction\",\"target\":{\"@type\":\"EntryPoint\",\"urlTemplate\":\"https:\/\/veritasinfo.org\/?s={search_term_string}\"},\"query-input\":{\"@type\":\"PropertyValueSpecification\",\"valueRequired\":true,\"valueName\":\"search_term_string\"}}],\"inLanguage\":\"en-US\"},{\"@type\":\"Person\",\"@id\":\"https:\/\/veritasinfo.org\/#\/schema\/person\/fe199eede04c3937362892b7444747cc\",\"name\":\"US6\",\"image\":{\"@type\":\"ImageObject\",\"inLanguage\":\"en-US\",\"@id\":\"https:\/\/veritasinfo.org\/#\/schema\/person\/image\/\",\"url\":\"https:\/\/secure.gravatar.com\/avatar\/cb16c3c31c9d23b9b8c705964598220b3014e42ff51eb540ff23cefa3ae8c15f?s=96&d=mm&r=g\",\"contentUrl\":\"https:\/\/secure.gravatar.com\/avatar\/cb16c3c31c9d23b9b8c705964598220b3014e42ff51eb540ff23cefa3ae8c15f?s=96&d=mm&r=g\",\"caption\":\"US6\"},\"url\":\"https:\/\/veritasinfo.org\/?author=7\"}]}<\/script>\n<!-- \/ Yoast SEO plugin. -->","yoast_head_json":{"title":"Nj\u00eb i vdekur e dy t\u00eb l\u00ebnduar nga nj\u00eb aksident mes dy moto\u00e7ikletave n\u00eb Livo\u00e7 t\u00eb Ul\u00ebt t\u00eb Gjilanit -","robots":{"index":"index","follow":"follow","max-snippet":"max-snippet:-1","max-image-preview":"max-image-preview:large","max-video-preview":"max-video-preview:-1"},"canonical":"https:\/\/veritasinfo.org\/?p=42584","og_locale":"en_US","og_type":"article","og_title":"Nj\u00eb i vdekur e dy t\u00eb l\u00ebnduar nga nj\u00eb aksident mes dy moto\u00e7ikletave n\u00eb Livo\u00e7 t\u00eb Ul\u00ebt t\u00eb Gjilanit -","og_description":"Prishtin\u00eb, 11 prill 2026 07:11 Nj\u00eb person ka humbur jet\u00ebn si pasoj\u00eb e nj\u00eb aksidenti q\u00eb ka ndodhur mes dy moto\u00e7ikletave, n\u00eb fshatin Livo\u00e7 i","og_url":"https:\/\/veritasinfo.org\/?p=42584","article_published_time":"2026-04-11T05:11:36+00:00","og_image":[{"width":600,"height":360,"url":"https:\/\/veritasinfo.org\/wp-content\/uploads\/2026\/04\/policia-mos-kalo-600x360-1.jpg","type":"image\/jpeg"}],"author":"US6","twitter_card":"summary_large_image","twitter_misc":{"Written by":"US6","Est. reading time":"1 minute"},"schema":{"@context":"https:\/\/schema.org","@graph":[{"@type":"WebPage","@id":"https:\/\/veritasinfo.org\/?p=42584","url":"https:\/\/veritasinfo.org\/?p=42584","name":"Nj\u00eb i vdekur e dy t\u00eb l\u00ebnduar nga nj\u00eb aksident mes dy moto\u00e7ikletave n\u00eb Livo\u00e7 t\u00eb Ul\u00ebt t\u00eb Gjilanit -","isPartOf":{"@id":"https:\/\/veritasinfo.org\/#website"},"primaryImageOfPage":{"@id":"https:\/\/veritasinfo.org\/?p=42584#primaryimage"},"image":{"@id":"https:\/\/veritasinfo.org\/?p=42584#primaryimage"},"thumbnailUrl":"https:\/\/veritasinfo.org\/wp-content\/uploads\/2026\/04\/policia-mos-kalo-600x360-1.jpg","datePublished":"2026-04-11T05:11:36+00:00","author":{"@id":"https:\/\/veritasinfo.org\/#\/schema\/person\/fe199eede04c3937362892b7444747cc"},"breadcrumb":{"@id":"https:\/\/veritasinfo.org\/?p=42584#breadcrumb"},"inLanguage":"en-US","potentialAction":[{"@type":"ReadAction","target":["https:\/\/veritasinfo.org\/?p=42584"]}]},{"@type":"ImageObject","inLanguage":"en-US","@id":"https:\/\/veritasinfo.org\/?p=42584#primaryimage","url":"https:\/\/veritasinfo.org\/wp-content\/uploads\/2026\/04\/policia-mos-kalo-600x360-1.jpg","contentUrl":"https:\/\/veritasinfo.org\/wp-content\/uploads\/2026\/04\/policia-mos-kalo-600x360-1.jpg","width":600,"height":360},{"@type":"BreadcrumbList","@id":"https:\/\/veritasinfo.org\/?p=42584#breadcrumb","itemListElement":[{"@type":"ListItem","position":1,"name":"Home","item":"https:\/\/veritasinfo.org\/"},{"@type":"ListItem","position":2,"name":"Nj\u00eb i vdekur e dy t\u00eb l\u00ebnduar nga nj\u00eb aksident mes dy moto\u00e7ikletave n\u00eb Livo\u00e7 t\u00eb Ul\u00ebt t\u00eb Gjilanit"}]},{"@type":"WebSite","@id":"https:\/\/veritasinfo.org\/#website","url":"https:\/\/veritasinfo.org\/","name":"","description":"","potentialAction":[{"@type":"SearchAction","target":{"@type":"EntryPoint","urlTemplate":"https:\/\/veritasinfo.org\/?s={search_term_string}"},"query-input":{"@type":"PropertyValueSpecification","valueRequired":true,"valueName":"search_term_string"}}],"inLanguage":"en-US"},{"@type":"Person","@id":"https:\/\/veritasinfo.org\/#\/schema\/person\/fe199eede04c3937362892b7444747cc","name":"US6","image":{"@type":"ImageObject","inLanguage":"en-US","@id":"https:\/\/veritasinfo.org\/#\/schema\/person\/image\/","url":"https:\/\/secure.gravatar.com\/avatar\/cb16c3c31c9d23b9b8c705964598220b3014e42ff51eb540ff23cefa3ae8c15f?s=96&d=mm&r=g","contentUrl":"https:\/\/secure.gravatar.com\/avatar\/cb16c3c31c9d23b9b8c705964598220b3014e42ff51eb540ff23cefa3ae8c15f?s=96&d=mm&r=g","caption":"US6"},"url":"https:\/\/veritasinfo.org\/?author=7"}]}},"featured_image_urls":{"full":["https:\/\/veritasinfo.org\/wp-content\/uploads\/2026\/04\/policia-mos-kalo-600x360-1.jpg",600,360,false],"thumbnail":["https:\/\/veritasinfo.org\/wp-content\/uploads\/2026\/04\/policia-mos-kalo-600x360-1-150x150.jpg",150,150,true],"medium":["https:\/\/veritasinfo.org\/wp-content\/uploads\/2026\/04\/policia-mos-kalo-600x360-1-300x180.jpg",300,180,true],"medium_large":["https:\/\/veritasinfo.org\/wp-content\/uploads\/2026\/04\/policia-mos-kalo-600x360-1.jpg",600,360,false],"large":["https:\/\/veritasinfo.org\/wp-content\/uploads\/2026\/04\/policia-mos-kalo-600x360-1.jpg",600,360,false],"1536x1536":["https:\/\/veritasinfo.org\/wp-content\/uploads\/2026\/04\/policia-mos-kalo-600x360-1.jpg",600,360,false],"2048x2048":["https:\/\/veritasinfo.org\/wp-content\/uploads\/2026\/04\/policia-mos-kalo-600x360-1.jpg",600,360,false],"kreeti-slider-full":["https:\/\/veritasinfo.org\/wp-content\/uploads\/2026\/04\/policia-mos-kalo-600x360-1.jpg",600,360,false],"kreeti-featured":["https:\/\/veritasinfo.org\/wp-content\/uploads\/2026\/04\/policia-mos-kalo-600x360-1.jpg",600,360,false],"kreeti-medium":["https:\/\/veritasinfo.org\/wp-content\/uploads\/2026\/04\/policia-mos-kalo-600x360-1.jpg",600,360,false],"kreeti-medium-square":["https:\/\/veritasinfo.org\/wp-content\/uploads\/2026\/04\/policia-mos-kalo-600x360-1-350x350.jpg",350,350,true]},"author_info":{"info":["US6"]},"category_info":"<a href=\"https:\/\/veritasinfo.org\/?cat=101\" rel=\"category\">Kronika<\/a>","tag_info":"Kronika","comment_count":"0","_links":{"self":[{"href":"https:\/\/veritasinfo.org\/index.php?rest_route=\/wp\/v2\/posts\/42584","targetHints":{"allow":["GET"]}}],"collection":[{"href":"https:\/\/veritasinfo.org\/index.php?rest_route=\/wp\/v2\/posts"}],"about":[{"href":"https:\/\/veritasinfo.org\/index.php?rest_route=\/wp\/v2\/types\/post"}],"author":[{"embeddable":true,"href":"https:\/\/veritasinfo.org\/index.php?rest_route=\/wp\/v2\/users\/7"}],"replies":[{"embeddable":true,"href":"https:\/\/veritasinfo.org\/index.php?rest_route=%2Fwp%2Fv2%2Fcomments&post=42584"}],"version-history":[{"count":1,"href":"https:\/\/veritasinfo.org\/index.php?rest_route=\/wp\/v2\/posts\/42584\/revisions"}],"predecessor-version":[{"id":42585,"href":"https:\/\/veritasinfo.org\/index.php?rest_route=\/wp\/v2\/posts\/42584\/revisions\/42585"}],"wp:featuredmedia":[{"embeddable":true,"href":"https:\/\/veritasinfo.org\/index.php?rest_route=\/wp\/v2\/media\/41968"}],"wp:attachment":[{"href":"https:\/\/veritasinfo.org\/index.php?rest_route=%2Fwp%2Fv2%2Fmedia&parent=42584"}],"wp:term":[{"taxonomy":"category","embeddable":true,"href":"https:\/\/veritasinfo.org\/index.php?rest_route=%2Fwp%2Fv2%2Fcategories&post=42584"},{"taxonomy":"post_tag","embeddable":true,"href":"https:\/\/veritasinfo.org\/index.php?rest_route=%2Fwp%2Fv2%2Ftags&post=42584"}],"curies":[{"name":"wp","href":"https:\/\/api.w.org\/{rel}","templated":true}]}}