{"id":42578,"date":"2026-04-10T21:59:32","date_gmt":"2026-04-10T19:59:32","guid":{"rendered":"https:\/\/veritasinfo.org\/?p=42578"},"modified":"2026-04-10T21:59:32","modified_gmt":"2026-04-10T19:59:32","slug":"thaci-flet-per-faz-in-serbia-na-sulmoi-populli-i-kosoves-rezistoi","status":"publish","type":"post","link":"https:\/\/veritasinfo.org\/?p=42578","title":{"rendered":"Tha\u00e7i flet p\u00ebr FAZ-in: Serbia na sulmoi, populli i Kosov\u00ebs rezistoi"},"content":{"rendered":"<p>Prishtin\u00eb, 10 prill 2026 21:57<\/p>\n<p>Ish-presidenti Hashim Tha\u00e7i n\u00eb nj\u00eb intervist\u00eb p\u00ebr \u201cFrankfurter Allgemeine Zeitung\u201d ka shprehur bindjen q\u00eb gjyqtar\u00ebt e kan\u00eb par\u00eb dhe d\u00ebgjuar t\u00eb v\u00ebrtet\u00ebn p\u00ebr \u00e7\u00ebshtjen e akuz\u00ebs ndaj tij nga Gjykata Speciale.<\/p>\n<p>Tha\u00e7i dhe tre udh\u00ebheq\u00ebs t\u00eb tjer\u00eb t\u00eb Ushtris\u00eb \u00c7lirimtare t\u00eb Kosov\u00ebs, Jakup Kransiqi, Kadri Veseli e Rexhep Selimi, po presin vendimin pas gjykimit q\u00eb zgjati rreth 6 vjet.<\/p>\n<p>N\u00eb intervist\u00ebn p\u00ebr gazet\u00ebn prestigjioze gjermane, me pyetjet q\u00eb sipas autorit Michael Martens ishin d\u00ebrguar ver\u00ebn e vitit t\u00eb shkuar dhe ishin kthyer n\u00eb fundvit, Tha\u00e7i \u00ebsht\u00eb pyetur n\u00ebse gjykimi ndaj tij mund ta ndryshoj\u00eb perceptimin e historis\u00eb p\u00ebr Kosov\u00ebn.<\/p>\n<p>Ai ka th\u00ebn\u00eb se ky mbetet shqet\u00ebsim, por ka shtuar se \u201cngjarjet e t\u00eb 90-tave jan\u00eb t\u00eb dokumentuara mir\u00eb\u201d dhe s\u2019b\u00ebhet fjal\u00eb p\u00ebr \u201cinterpretim\u201d.<\/p>\n<p>\u201c\u2018Provat e fabrikuara gjat\u00eb epok\u00ebs s\u00eb Millosheviqit nuk duhet t\u00eb p\u00ebrdoren n\u00eb gjykat\u00eb. N\u00ebse pranohen, nuk do t\u00eb ishte \u00e7udi q\u00eb pretendime t\u00eb ngjashme t\u00eb p\u00ebrdoren edhe n\u00eb konflikte t\u00eb tjera. Kosova nuk ka sulmuar kurr\u00eb territor serb. Populli i Kosov\u00ebs luftoi p\u00ebr t\u00eb drejt\u00ebn p\u00ebr t\u00eb ekzistuar. Ky proces nuk duhet t\u00eb p\u00ebrdoret p\u00ebr t\u00eb rishkruar historin\u00eb\u201d, ka th\u00ebn\u00eb ai.<\/p>\n<p>I pyetur n\u00ebse do t\u00eb mund t\u00eb shpallej fajtor a do t\u00eb n\u00ebnkuptonte kjo se NATO-ja ka bashk\u00ebpunuar me kriminel lufte, Tha\u00e7i ka p\u00ebrs\u00ebritur se \u201cnd\u00ebrhyrja e NATO-s n\u00eb vitin 1999 u mb\u00ebshtet n\u00eb vlerat e liris\u00eb, drejt\u00ebsis\u00eb dhe t\u00eb drejtave t\u00eb njeriut\u201d<\/p>\n<p>\u201cNATO erdhi n\u00eb ndihm\u00ebn ton\u00eb sepse e kuptoi \u00e7far\u00eb po kalonim n\u00ebn Millosheviqin. N\u00eb Rambuje, delegacioni yn\u00eb pranoi paqen, nd\u00ebrsa Serbia zgjodhi luft\u00ebn dhe spastrimin etnik. Serbia sulmoi Kosov\u00ebn dhe populli i Kosov\u00ebs b\u00ebri rezistenc\u00eb. Pa k\u00ebt\u00eb rezistenc\u00eb dhe nd\u00ebrhyrjen e NATO-s, Kosova nuk do t\u00eb ekzistonte sot\u201d, ka th\u00ebn\u00eb ai.<\/p>\n<p>Tha\u00e7i ka th\u00ebn\u00eb po ashtu se ai ka pritur q\u00eb gjykimi t\u00eb jet\u00eb mbi baz\u00ebn e raportit t\u00eb Dick Martyt p\u00ebr pretendimet p\u00ebr trafikim organesh.<\/p>\n<p>Tha\u00e7i ka th\u00ebn\u00eb se ndihet i p\u00ebrmbushur me karrier\u00ebn e tij politike dhe se gar\u00ebn politike e ka l\u00ebn\u00eb pas vetes, por jo edhe jet\u00ebn politike.<\/p>\n<p>&nbsp;<\/p>\n<p>&nbsp;<\/p>\n<p>&nbsp;<\/p>\n","protected":false},"excerpt":{"rendered":"<p>Prishtin\u00eb, 10 prill 2026 21:57 Ish-presidenti Hashim Tha\u00e7i n\u00eb nj\u00eb intervist\u00eb p\u00ebr \u201cFrankfurter Allgemeine Zeitung\u201d ka shprehur bindjen q\u00eb gjyqtar\u00ebt e kan\u00eb par\u00eb dhe d\u00ebgjuar<\/p>\n","protected":false},"author":7,"featured_media":42579,"comment_status":"open","ping_status":"open","sticky":false,"template":"","format":"standard","meta":{"footnotes":""},"categories":[60],"tags":[],"class_list":["post-42578","post","type-post","status-publish","format-standard","has-post-thumbnail","hentry","category-shoqerore-sq"],"yoast_head":"<!-- This site is optimized with the Yoast SEO plugin v25.3.1 - https:\/\/yoast.com\/wordpress\/plugins\/seo\/ -->\n<title>Tha\u00e7i flet p\u00ebr FAZ-in: Serbia na sulmoi, populli i Kosov\u00ebs rezistoi -<\/title>\n<meta name=\"robots\" content=\"index, follow, max-snippet:-1, max-image-preview:large, max-video-preview:-1\" \/>\n<link rel=\"canonical\" href=\"https:\/\/veritasinfo.org\/?p=42578\" \/>\n<meta property=\"og:locale\" content=\"en_US\" \/>\n<meta property=\"og:type\" content=\"article\" \/>\n<meta property=\"og:title\" content=\"Tha\u00e7i flet p\u00ebr FAZ-in: Serbia na sulmoi, populli i Kosov\u00ebs rezistoi -\" \/>\n<meta property=\"og:description\" content=\"Prishtin\u00eb, 10 prill 2026 21:57 Ish-presidenti Hashim Tha\u00e7i n\u00eb nj\u00eb intervist\u00eb p\u00ebr \u201cFrankfurter Allgemeine Zeitung\u201d ka shprehur bindjen q\u00eb gjyqtar\u00ebt e kan\u00eb par\u00eb dhe d\u00ebgjuar\" \/>\n<meta property=\"og:url\" content=\"https:\/\/veritasinfo.org\/?p=42578\" \/>\n<meta property=\"article:published_time\" content=\"2026-04-10T19:59:32+00:00\" \/>\n<meta property=\"og:image\" content=\"https:\/\/veritasinfo.org\/wp-content\/uploads\/2026\/04\/3f045f91-3ef3-4514-b255-dbeb80ef8242.webp\" \/>\n\t<meta property=\"og:image:width\" content=\"1300\" \/>\n\t<meta property=\"og:image:height\" content=\"788\" \/>\n\t<meta property=\"og:image:type\" content=\"image\/webp\" \/>\n<meta name=\"author\" content=\"US6\" \/>\n<meta name=\"twitter:card\" content=\"summary_large_image\" \/>\n<meta name=\"twitter:label1\" content=\"Written by\" \/>\n\t<meta name=\"twitter:data1\" content=\"US6\" \/>\n\t<meta name=\"twitter:label2\" content=\"Est. reading time\" \/>\n\t<meta name=\"twitter:data2\" content=\"2 minutes\" \/>\n<script type=\"application\/ld+json\" class=\"yoast-schema-graph\">{\"@context\":\"https:\/\/schema.org\",\"@graph\":[{\"@type\":\"WebPage\",\"@id\":\"https:\/\/veritasinfo.org\/?p=42578\",\"url\":\"https:\/\/veritasinfo.org\/?p=42578\",\"name\":\"Tha\u00e7i flet p\u00ebr FAZ-in: Serbia na sulmoi, populli i Kosov\u00ebs rezistoi -\",\"isPartOf\":{\"@id\":\"https:\/\/veritasinfo.org\/#website\"},\"primaryImageOfPage\":{\"@id\":\"https:\/\/veritasinfo.org\/?p=42578#primaryimage\"},\"image\":{\"@id\":\"https:\/\/veritasinfo.org\/?p=42578#primaryimage\"},\"thumbnailUrl\":\"https:\/\/veritasinfo.org\/wp-content\/uploads\/2026\/04\/3f045f91-3ef3-4514-b255-dbeb80ef8242.webp\",\"datePublished\":\"2026-04-10T19:59:32+00:00\",\"author\":{\"@id\":\"https:\/\/veritasinfo.org\/#\/schema\/person\/fe199eede04c3937362892b7444747cc\"},\"breadcrumb\":{\"@id\":\"https:\/\/veritasinfo.org\/?p=42578#breadcrumb\"},\"inLanguage\":\"en-US\",\"potentialAction\":[{\"@type\":\"ReadAction\",\"target\":[\"https:\/\/veritasinfo.org\/?p=42578\"]}]},{\"@type\":\"ImageObject\",\"inLanguage\":\"en-US\",\"@id\":\"https:\/\/veritasinfo.org\/?p=42578#primaryimage\",\"url\":\"https:\/\/veritasinfo.org\/wp-content\/uploads\/2026\/04\/3f045f91-3ef3-4514-b255-dbeb80ef8242.webp\",\"contentUrl\":\"https:\/\/veritasinfo.org\/wp-content\/uploads\/2026\/04\/3f045f91-3ef3-4514-b255-dbeb80ef8242.webp\",\"width\":1300,\"height\":788},{\"@type\":\"BreadcrumbList\",\"@id\":\"https:\/\/veritasinfo.org\/?p=42578#breadcrumb\",\"itemListElement\":[{\"@type\":\"ListItem\",\"position\":1,\"name\":\"Home\",\"item\":\"https:\/\/veritasinfo.org\/\"},{\"@type\":\"ListItem\",\"position\":2,\"name\":\"Tha\u00e7i flet p\u00ebr FAZ-in: Serbia na sulmoi, populli i Kosov\u00ebs rezistoi\"}]},{\"@type\":\"WebSite\",\"@id\":\"https:\/\/veritasinfo.org\/#website\",\"url\":\"https:\/\/veritasinfo.org\/\",\"name\":\"\",\"description\":\"\",\"potentialAction\":[{\"@type\":\"SearchAction\",\"target\":{\"@type\":\"EntryPoint\",\"urlTemplate\":\"https:\/\/veritasinfo.org\/?s={search_term_string}\"},\"query-input\":{\"@type\":\"PropertyValueSpecification\",\"valueRequired\":true,\"valueName\":\"search_term_string\"}}],\"inLanguage\":\"en-US\"},{\"@type\":\"Person\",\"@id\":\"https:\/\/veritasinfo.org\/#\/schema\/person\/fe199eede04c3937362892b7444747cc\",\"name\":\"US6\",\"image\":{\"@type\":\"ImageObject\",\"inLanguage\":\"en-US\",\"@id\":\"https:\/\/veritasinfo.org\/#\/schema\/person\/image\/\",\"url\":\"https:\/\/secure.gravatar.com\/avatar\/cb16c3c31c9d23b9b8c705964598220b3014e42ff51eb540ff23cefa3ae8c15f?s=96&d=mm&r=g\",\"contentUrl\":\"https:\/\/secure.gravatar.com\/avatar\/cb16c3c31c9d23b9b8c705964598220b3014e42ff51eb540ff23cefa3ae8c15f?s=96&d=mm&r=g\",\"caption\":\"US6\"},\"url\":\"https:\/\/veritasinfo.org\/?author=7\"}]}<\/script>\n<!-- \/ Yoast SEO plugin. -->","yoast_head_json":{"title":"Tha\u00e7i flet p\u00ebr FAZ-in: Serbia na sulmoi, populli i Kosov\u00ebs rezistoi -","robots":{"index":"index","follow":"follow","max-snippet":"max-snippet:-1","max-image-preview":"max-image-preview:large","max-video-preview":"max-video-preview:-1"},"canonical":"https:\/\/veritasinfo.org\/?p=42578","og_locale":"en_US","og_type":"article","og_title":"Tha\u00e7i flet p\u00ebr FAZ-in: Serbia na sulmoi, populli i Kosov\u00ebs rezistoi -","og_description":"Prishtin\u00eb, 10 prill 2026 21:57 Ish-presidenti Hashim Tha\u00e7i n\u00eb nj\u00eb intervist\u00eb p\u00ebr \u201cFrankfurter Allgemeine Zeitung\u201d ka shprehur bindjen q\u00eb gjyqtar\u00ebt e kan\u00eb par\u00eb dhe d\u00ebgjuar","og_url":"https:\/\/veritasinfo.org\/?p=42578","article_published_time":"2026-04-10T19:59:32+00:00","og_image":[{"width":1300,"height":788,"url":"https:\/\/veritasinfo.org\/wp-content\/uploads\/2026\/04\/3f045f91-3ef3-4514-b255-dbeb80ef8242.webp","type":"image\/webp"}],"author":"US6","twitter_card":"summary_large_image","twitter_misc":{"Written by":"US6","Est. reading time":"2 minutes"},"schema":{"@context":"https:\/\/schema.org","@graph":[{"@type":"WebPage","@id":"https:\/\/veritasinfo.org\/?p=42578","url":"https:\/\/veritasinfo.org\/?p=42578","name":"Tha\u00e7i flet p\u00ebr FAZ-in: Serbia na sulmoi, populli i Kosov\u00ebs rezistoi -","isPartOf":{"@id":"https:\/\/veritasinfo.org\/#website"},"primaryImageOfPage":{"@id":"https:\/\/veritasinfo.org\/?p=42578#primaryimage"},"image":{"@id":"https:\/\/veritasinfo.org\/?p=42578#primaryimage"},"thumbnailUrl":"https:\/\/veritasinfo.org\/wp-content\/uploads\/2026\/04\/3f045f91-3ef3-4514-b255-dbeb80ef8242.webp","datePublished":"2026-04-10T19:59:32+00:00","author":{"@id":"https:\/\/veritasinfo.org\/#\/schema\/person\/fe199eede04c3937362892b7444747cc"},"breadcrumb":{"@id":"https:\/\/veritasinfo.org\/?p=42578#breadcrumb"},"inLanguage":"en-US","potentialAction":[{"@type":"ReadAction","target":["https:\/\/veritasinfo.org\/?p=42578"]}]},{"@type":"ImageObject","inLanguage":"en-US","@id":"https:\/\/veritasinfo.org\/?p=42578#primaryimage","url":"https:\/\/veritasinfo.org\/wp-content\/uploads\/2026\/04\/3f045f91-3ef3-4514-b255-dbeb80ef8242.webp","contentUrl":"https:\/\/veritasinfo.org\/wp-content\/uploads\/2026\/04\/3f045f91-3ef3-4514-b255-dbeb80ef8242.webp","width":1300,"height":788},{"@type":"BreadcrumbList","@id":"https:\/\/veritasinfo.org\/?p=42578#breadcrumb","itemListElement":[{"@type":"ListItem","position":1,"name":"Home","item":"https:\/\/veritasinfo.org\/"},{"@type":"ListItem","position":2,"name":"Tha\u00e7i flet p\u00ebr FAZ-in: Serbia na sulmoi, populli i Kosov\u00ebs rezistoi"}]},{"@type":"WebSite","@id":"https:\/\/veritasinfo.org\/#website","url":"https:\/\/veritasinfo.org\/","name":"","description":"","potentialAction":[{"@type":"SearchAction","target":{"@type":"EntryPoint","urlTemplate":"https:\/\/veritasinfo.org\/?s={search_term_string}"},"query-input":{"@type":"PropertyValueSpecification","valueRequired":true,"valueName":"search_term_string"}}],"inLanguage":"en-US"},{"@type":"Person","@id":"https:\/\/veritasinfo.org\/#\/schema\/person\/fe199eede04c3937362892b7444747cc","name":"US6","image":{"@type":"ImageObject","inLanguage":"en-US","@id":"https:\/\/veritasinfo.org\/#\/schema\/person\/image\/","url":"https:\/\/secure.gravatar.com\/avatar\/cb16c3c31c9d23b9b8c705964598220b3014e42ff51eb540ff23cefa3ae8c15f?s=96&d=mm&r=g","contentUrl":"https:\/\/secure.gravatar.com\/avatar\/cb16c3c31c9d23b9b8c705964598220b3014e42ff51eb540ff23cefa3ae8c15f?s=96&d=mm&r=g","caption":"US6"},"url":"https:\/\/veritasinfo.org\/?author=7"}]}},"featured_image_urls":{"full":["https:\/\/veritasinfo.org\/wp-content\/uploads\/2026\/04\/3f045f91-3ef3-4514-b255-dbeb80ef8242.webp",1300,788,false],"thumbnail":["https:\/\/veritasinfo.org\/wp-content\/uploads\/2026\/04\/3f045f91-3ef3-4514-b255-dbeb80ef8242-150x150.webp",150,150,true],"medium":["https:\/\/veritasinfo.org\/wp-content\/uploads\/2026\/04\/3f045f91-3ef3-4514-b255-dbeb80ef8242-300x182.webp",300,182,true],"medium_large":["https:\/\/veritasinfo.org\/wp-content\/uploads\/2026\/04\/3f045f91-3ef3-4514-b255-dbeb80ef8242-768x466.webp",640,388,true],"large":["https:\/\/veritasinfo.org\/wp-content\/uploads\/2026\/04\/3f045f91-3ef3-4514-b255-dbeb80ef8242-1024x621.webp",640,388,true],"1536x1536":["https:\/\/veritasinfo.org\/wp-content\/uploads\/2026\/04\/3f045f91-3ef3-4514-b255-dbeb80ef8242.webp",1300,788,false],"2048x2048":["https:\/\/veritasinfo.org\/wp-content\/uploads\/2026\/04\/3f045f91-3ef3-4514-b255-dbeb80ef8242.webp",1300,788,false],"kreeti-slider-full":["https:\/\/veritasinfo.org\/wp-content\/uploads\/2026\/04\/3f045f91-3ef3-4514-b255-dbeb80ef8242-1280x720.webp",1280,720,true],"kreeti-featured":["https:\/\/veritasinfo.org\/wp-content\/uploads\/2026\/04\/3f045f91-3ef3-4514-b255-dbeb80ef8242-1024x621.webp",1024,621,true],"kreeti-medium":["https:\/\/veritasinfo.org\/wp-content\/uploads\/2026\/04\/3f045f91-3ef3-4514-b255-dbeb80ef8242-720x530.webp",720,530,true],"kreeti-medium-square":["https:\/\/veritasinfo.org\/wp-content\/uploads\/2026\/04\/3f045f91-3ef3-4514-b255-dbeb80ef8242-350x350.webp",350,350,true]},"author_info":{"info":["US6"]},"category_info":"<a href=\"https:\/\/veritasinfo.org\/?cat=60\" rel=\"category\">Shoq\u00ebrore<\/a>","tag_info":"Shoq\u00ebrore","comment_count":"0","_links":{"self":[{"href":"https:\/\/veritasinfo.org\/index.php?rest_route=\/wp\/v2\/posts\/42578","targetHints":{"allow":["GET"]}}],"collection":[{"href":"https:\/\/veritasinfo.org\/index.php?rest_route=\/wp\/v2\/posts"}],"about":[{"href":"https:\/\/veritasinfo.org\/index.php?rest_route=\/wp\/v2\/types\/post"}],"author":[{"embeddable":true,"href":"https:\/\/veritasinfo.org\/index.php?rest_route=\/wp\/v2\/users\/7"}],"replies":[{"embeddable":true,"href":"https:\/\/veritasinfo.org\/index.php?rest_route=%2Fwp%2Fv2%2Fcomments&post=42578"}],"version-history":[{"count":1,"href":"https:\/\/veritasinfo.org\/index.php?rest_route=\/wp\/v2\/posts\/42578\/revisions"}],"predecessor-version":[{"id":42580,"href":"https:\/\/veritasinfo.org\/index.php?rest_route=\/wp\/v2\/posts\/42578\/revisions\/42580"}],"wp:featuredmedia":[{"embeddable":true,"href":"https:\/\/veritasinfo.org\/index.php?rest_route=\/wp\/v2\/media\/42579"}],"wp:attachment":[{"href":"https:\/\/veritasinfo.org\/index.php?rest_route=%2Fwp%2Fv2%2Fmedia&parent=42578"}],"wp:term":[{"taxonomy":"category","embeddable":true,"href":"https:\/\/veritasinfo.org\/index.php?rest_route=%2Fwp%2Fv2%2Fcategories&post=42578"},{"taxonomy":"post_tag","embeddable":true,"href":"https:\/\/veritasinfo.org\/index.php?rest_route=%2Fwp%2Fv2%2Ftags&post=42578"}],"curies":[{"name":"wp","href":"https:\/\/api.w.org\/{rel}","templated":true}]}}