{"id":42528,"date":"2026-04-10T15:37:33","date_gmt":"2026-04-10T13:37:33","guid":{"rendered":"https:\/\/veritasinfo.org\/?p=42528"},"modified":"2026-04-10T15:37:33","modified_gmt":"2026-04-10T13:37:33","slug":"kalon-rezoluta-per-mbrojtjen-e-viktimave-te-luftes-deshton-ajo-per-cmime","status":"publish","type":"post","link":"https:\/\/veritasinfo.org\/?p=42528","title":{"rendered":"Kalon rezoluta p\u00ebr mbrojtjen e viktimave t\u00eb luft\u00ebs, d\u00ebshton ajo p\u00ebr \u00e7mime"},"content":{"rendered":"<p>Prishtin\u00eb 10 Prill 2026. 15:36<\/p>\n<p>Deputet\u00ebt e Kuvendit t\u00eb Kosov\u00ebs t\u00eb premten kan\u00eb zhvilluar seanc\u00eb plenare, ku kan\u00eb miratuar disa projektligje. Gjat\u00eb seanc\u00ebs, me 90 vota p\u00ebr \u00ebsht\u00eb votuar rezoluta p\u00ebr mbrojtjen e s\u00eb v\u00ebrtet\u00ebs historike t\u00eb luft\u00ebs n\u00eb Kosov\u00eb 1998-1999. Por, nuk ka kaluar ajo p\u00ebr rritjen e \u00e7mimeve t\u00eb naft\u00ebs q\u00eb parashihte uljen e p\u00ebrkohshme t\u00eb akciz\u00ebs p\u00ebr naft\u00ebn nga 36 cent\u00eb p\u00ebr lit\u00ebr n\u00eb 20 cent\u00eb deri n\u00eb stabilizimin e \u00e7mimeve, uljen e TVSH-s\u00eb p\u00ebr karburantet nga 18 p\u00ebr qind n\u00eb 8 p\u00ebr qind, si dhe subvencionimin e \u00e7mimeve t\u00eb naft\u00ebs p\u00ebr sektor\u00ebt m\u00eb t\u00eb ndjesh\u00ebm, p\u00ebrfshir\u00eb bujq\u00ebsin\u00eb, transportin publik dhe prodhuesit vendor\u00eb.<\/p>\n<p>Tutje deputet\u00ebt kan\u00eb miratuar kat\u00ebr marr\u00ebveshje nd\u00ebrkomb\u00ebtare.<\/p>\n<p>Mb\u00ebshtete KOH\u00cbN. Ruaje t\u00eb v\u00ebrtet\u00ebn.<br \/>\nGazetaria profesionale \u00ebsht\u00eb interes publik. Mb\u00ebshtetja juaj ndihmon q\u00eb ajo t\u00eb mbetet e pavarur dhe e besueshme. Kontribuoni edhe ju. 1 euro e b\u00ebn dallimin.<\/p>\n<p>-Projektligjin p\u00ebr Ratifikimin e Marr\u00ebveshjes s\u00eb Kredis\u00eb nd\u00ebrmjet Republik\u00ebs s\u00eb Kosov\u00ebs, e p\u00ebrfaq\u00ebsuar nga Ministria e Financave dhe Asociacionit Nd\u00ebrkomb\u00ebtar p\u00ebr Zhvillim p\u00ebr Projektin e Zhvillimit t\u00eb Sektorit Financiar t\u00eb Kosov\u00ebs,<\/p>\n<p>-Projektligjin p\u00ebr Ratifikimin e Marr\u00ebveshjes s\u00eb Kredis\u00eb nd\u00ebrmjet Republik\u00ebs s\u00eb Kosov\u00ebs dhe Agjencis\u00eb Franceze p\u00ebr Zhvillim p\u00ebr Programin e Kredis\u00eb t\u00eb Bazuar n\u00eb Politika,<\/p>\n<p>-Projektligjin p\u00ebr Ratifikimin e Marr\u00ebveshjes s\u00eb Kredis\u00eb nd\u00ebrmjet Republik\u00ebs s\u00eb Kosov\u00ebs, p\u00ebrfaq\u00ebsuar nga Ministria e Financave, dhe KfW, Frankfurt am Main, p\u00ebr Programin e Kredis\u00eb t\u00eb Bazuar n\u00eb Politika n\u00eb sektorin e Energjis\u00eb dhe Klim\u00ebs p\u00ebr Kosov\u00ebn,<\/p>\n<p>-Projektligjin p\u00ebr Ratifikimin e Marr\u00ebveshjes s\u00eb Kredis\u00eb nd\u00ebrmjet Republik\u00ebs s\u00eb Kosov\u00ebs, p\u00ebrfaq\u00ebsuar nga Ministria e Financave dhe Asociacionit Nd\u00ebrkomb\u00ebtar p\u00ebr Zhvillim p\u00ebr Projektin \u201cLeht\u00ebsimi i Tregtis\u00eb dhe Transportit n\u00eb Ballkanin Per\u00ebndimor 2.0.<\/p>\n<p>Kuvendi po ashtu ka zgjedhur Arlinda Muq\u00ebn, an\u00ebtare joprokurore e K\u00ebshillit Prokurorial t\u00eb Kosov\u00ebs.<\/p>\n","protected":false},"excerpt":{"rendered":"<p>Prishtin\u00eb 10 Prill 2026. 15:36 Deputet\u00ebt e Kuvendit t\u00eb Kosov\u00ebs t\u00eb premten kan\u00eb zhvilluar seanc\u00eb plenare, ku kan\u00eb miratuar disa projektligje. Gjat\u00eb seanc\u00ebs, me 90<\/p>\n","protected":false},"author":6,"featured_media":42529,"comment_status":"open","ping_status":"open","sticky":false,"template":"","format":"standard","meta":{"footnotes":""},"categories":[60],"tags":[],"class_list":["post-42528","post","type-post","status-publish","format-standard","has-post-thumbnail","hentry","category-shoqerore-sq"],"yoast_head":"<!-- This site is optimized with the Yoast SEO plugin v25.3.1 - https:\/\/yoast.com\/wordpress\/plugins\/seo\/ -->\n<title>Kalon rezoluta p\u00ebr mbrojtjen e viktimave t\u00eb luft\u00ebs, d\u00ebshton ajo p\u00ebr \u00e7mime -<\/title>\n<meta name=\"robots\" content=\"index, follow, max-snippet:-1, max-image-preview:large, max-video-preview:-1\" \/>\n<link rel=\"canonical\" href=\"https:\/\/veritasinfo.org\/?p=42528\" \/>\n<meta property=\"og:locale\" content=\"en_US\" \/>\n<meta property=\"og:type\" content=\"article\" \/>\n<meta property=\"og:title\" content=\"Kalon rezoluta p\u00ebr mbrojtjen e viktimave t\u00eb luft\u00ebs, d\u00ebshton ajo p\u00ebr \u00e7mime -\" \/>\n<meta property=\"og:description\" content=\"Prishtin\u00eb 10 Prill 2026. 15:36 Deputet\u00ebt e Kuvendit t\u00eb Kosov\u00ebs t\u00eb premten kan\u00eb zhvilluar seanc\u00eb plenare, ku kan\u00eb miratuar disa projektligje. Gjat\u00eb seanc\u00ebs, me 90\" \/>\n<meta property=\"og:url\" content=\"https:\/\/veritasinfo.org\/?p=42528\" \/>\n<meta property=\"article:published_time\" content=\"2026-04-10T13:37:33+00:00\" \/>\n<meta property=\"og:image\" content=\"https:\/\/veritasinfo.org\/wp-content\/uploads\/2026\/04\/beafb7ee-7a54-4f9f-a684-fd8caf98ae0f.webp\" \/>\n\t<meta property=\"og:image:width\" content=\"1360\" \/>\n\t<meta property=\"og:image:height\" content=\"870\" \/>\n\t<meta property=\"og:image:type\" content=\"image\/webp\" \/>\n<meta name=\"author\" content=\"US5\" \/>\n<meta name=\"twitter:card\" content=\"summary_large_image\" \/>\n<meta name=\"twitter:label1\" content=\"Written by\" \/>\n\t<meta name=\"twitter:data1\" content=\"US5\" \/>\n\t<meta name=\"twitter:label2\" content=\"Est. reading time\" \/>\n\t<meta name=\"twitter:data2\" content=\"2 minutes\" \/>\n<script type=\"application\/ld+json\" class=\"yoast-schema-graph\">{\"@context\":\"https:\/\/schema.org\",\"@graph\":[{\"@type\":\"WebPage\",\"@id\":\"https:\/\/veritasinfo.org\/?p=42528\",\"url\":\"https:\/\/veritasinfo.org\/?p=42528\",\"name\":\"Kalon rezoluta p\u00ebr mbrojtjen e viktimave t\u00eb luft\u00ebs, d\u00ebshton ajo p\u00ebr \u00e7mime -\",\"isPartOf\":{\"@id\":\"https:\/\/veritasinfo.org\/#website\"},\"primaryImageOfPage\":{\"@id\":\"https:\/\/veritasinfo.org\/?p=42528#primaryimage\"},\"image\":{\"@id\":\"https:\/\/veritasinfo.org\/?p=42528#primaryimage\"},\"thumbnailUrl\":\"https:\/\/veritasinfo.org\/wp-content\/uploads\/2026\/04\/beafb7ee-7a54-4f9f-a684-fd8caf98ae0f.webp\",\"datePublished\":\"2026-04-10T13:37:33+00:00\",\"author\":{\"@id\":\"https:\/\/veritasinfo.org\/#\/schema\/person\/bc442336e35414d04494ab8fb45db4c6\"},\"breadcrumb\":{\"@id\":\"https:\/\/veritasinfo.org\/?p=42528#breadcrumb\"},\"inLanguage\":\"en-US\",\"potentialAction\":[{\"@type\":\"ReadAction\",\"target\":[\"https:\/\/veritasinfo.org\/?p=42528\"]}]},{\"@type\":\"ImageObject\",\"inLanguage\":\"en-US\",\"@id\":\"https:\/\/veritasinfo.org\/?p=42528#primaryimage\",\"url\":\"https:\/\/veritasinfo.org\/wp-content\/uploads\/2026\/04\/beafb7ee-7a54-4f9f-a684-fd8caf98ae0f.webp\",\"contentUrl\":\"https:\/\/veritasinfo.org\/wp-content\/uploads\/2026\/04\/beafb7ee-7a54-4f9f-a684-fd8caf98ae0f.webp\",\"width\":1360,\"height\":870},{\"@type\":\"BreadcrumbList\",\"@id\":\"https:\/\/veritasinfo.org\/?p=42528#breadcrumb\",\"itemListElement\":[{\"@type\":\"ListItem\",\"position\":1,\"name\":\"Home\",\"item\":\"https:\/\/veritasinfo.org\/\"},{\"@type\":\"ListItem\",\"position\":2,\"name\":\"Kalon rezoluta p\u00ebr mbrojtjen e viktimave t\u00eb luft\u00ebs, d\u00ebshton ajo p\u00ebr \u00e7mime\"}]},{\"@type\":\"WebSite\",\"@id\":\"https:\/\/veritasinfo.org\/#website\",\"url\":\"https:\/\/veritasinfo.org\/\",\"name\":\"\",\"description\":\"\",\"potentialAction\":[{\"@type\":\"SearchAction\",\"target\":{\"@type\":\"EntryPoint\",\"urlTemplate\":\"https:\/\/veritasinfo.org\/?s={search_term_string}\"},\"query-input\":{\"@type\":\"PropertyValueSpecification\",\"valueRequired\":true,\"valueName\":\"search_term_string\"}}],\"inLanguage\":\"en-US\"},{\"@type\":\"Person\",\"@id\":\"https:\/\/veritasinfo.org\/#\/schema\/person\/bc442336e35414d04494ab8fb45db4c6\",\"name\":\"US5\",\"image\":{\"@type\":\"ImageObject\",\"inLanguage\":\"en-US\",\"@id\":\"https:\/\/veritasinfo.org\/#\/schema\/person\/image\/\",\"url\":\"https:\/\/secure.gravatar.com\/avatar\/16a61e7272a0c5d001121ebb9e60e925d5816e4ac1e443ed3e640d9a6ae55d0c?s=96&d=mm&r=g\",\"contentUrl\":\"https:\/\/secure.gravatar.com\/avatar\/16a61e7272a0c5d001121ebb9e60e925d5816e4ac1e443ed3e640d9a6ae55d0c?s=96&d=mm&r=g\",\"caption\":\"US5\"},\"url\":\"https:\/\/veritasinfo.org\/?author=6\"}]}<\/script>\n<!-- \/ Yoast SEO plugin. -->","yoast_head_json":{"title":"Kalon rezoluta p\u00ebr mbrojtjen e viktimave t\u00eb luft\u00ebs, d\u00ebshton ajo p\u00ebr \u00e7mime -","robots":{"index":"index","follow":"follow","max-snippet":"max-snippet:-1","max-image-preview":"max-image-preview:large","max-video-preview":"max-video-preview:-1"},"canonical":"https:\/\/veritasinfo.org\/?p=42528","og_locale":"en_US","og_type":"article","og_title":"Kalon rezoluta p\u00ebr mbrojtjen e viktimave t\u00eb luft\u00ebs, d\u00ebshton ajo p\u00ebr \u00e7mime -","og_description":"Prishtin\u00eb 10 Prill 2026. 15:36 Deputet\u00ebt e Kuvendit t\u00eb Kosov\u00ebs t\u00eb premten kan\u00eb zhvilluar seanc\u00eb plenare, ku kan\u00eb miratuar disa projektligje. Gjat\u00eb seanc\u00ebs, me 90","og_url":"https:\/\/veritasinfo.org\/?p=42528","article_published_time":"2026-04-10T13:37:33+00:00","og_image":[{"width":1360,"height":870,"url":"https:\/\/veritasinfo.org\/wp-content\/uploads\/2026\/04\/beafb7ee-7a54-4f9f-a684-fd8caf98ae0f.webp","type":"image\/webp"}],"author":"US5","twitter_card":"summary_large_image","twitter_misc":{"Written by":"US5","Est. reading time":"2 minutes"},"schema":{"@context":"https:\/\/schema.org","@graph":[{"@type":"WebPage","@id":"https:\/\/veritasinfo.org\/?p=42528","url":"https:\/\/veritasinfo.org\/?p=42528","name":"Kalon rezoluta p\u00ebr mbrojtjen e viktimave t\u00eb luft\u00ebs, d\u00ebshton ajo p\u00ebr \u00e7mime -","isPartOf":{"@id":"https:\/\/veritasinfo.org\/#website"},"primaryImageOfPage":{"@id":"https:\/\/veritasinfo.org\/?p=42528#primaryimage"},"image":{"@id":"https:\/\/veritasinfo.org\/?p=42528#primaryimage"},"thumbnailUrl":"https:\/\/veritasinfo.org\/wp-content\/uploads\/2026\/04\/beafb7ee-7a54-4f9f-a684-fd8caf98ae0f.webp","datePublished":"2026-04-10T13:37:33+00:00","author":{"@id":"https:\/\/veritasinfo.org\/#\/schema\/person\/bc442336e35414d04494ab8fb45db4c6"},"breadcrumb":{"@id":"https:\/\/veritasinfo.org\/?p=42528#breadcrumb"},"inLanguage":"en-US","potentialAction":[{"@type":"ReadAction","target":["https:\/\/veritasinfo.org\/?p=42528"]}]},{"@type":"ImageObject","inLanguage":"en-US","@id":"https:\/\/veritasinfo.org\/?p=42528#primaryimage","url":"https:\/\/veritasinfo.org\/wp-content\/uploads\/2026\/04\/beafb7ee-7a54-4f9f-a684-fd8caf98ae0f.webp","contentUrl":"https:\/\/veritasinfo.org\/wp-content\/uploads\/2026\/04\/beafb7ee-7a54-4f9f-a684-fd8caf98ae0f.webp","width":1360,"height":870},{"@type":"BreadcrumbList","@id":"https:\/\/veritasinfo.org\/?p=42528#breadcrumb","itemListElement":[{"@type":"ListItem","position":1,"name":"Home","item":"https:\/\/veritasinfo.org\/"},{"@type":"ListItem","position":2,"name":"Kalon rezoluta p\u00ebr mbrojtjen e viktimave t\u00eb luft\u00ebs, d\u00ebshton ajo p\u00ebr \u00e7mime"}]},{"@type":"WebSite","@id":"https:\/\/veritasinfo.org\/#website","url":"https:\/\/veritasinfo.org\/","name":"","description":"","potentialAction":[{"@type":"SearchAction","target":{"@type":"EntryPoint","urlTemplate":"https:\/\/veritasinfo.org\/?s={search_term_string}"},"query-input":{"@type":"PropertyValueSpecification","valueRequired":true,"valueName":"search_term_string"}}],"inLanguage":"en-US"},{"@type":"Person","@id":"https:\/\/veritasinfo.org\/#\/schema\/person\/bc442336e35414d04494ab8fb45db4c6","name":"US5","image":{"@type":"ImageObject","inLanguage":"en-US","@id":"https:\/\/veritasinfo.org\/#\/schema\/person\/image\/","url":"https:\/\/secure.gravatar.com\/avatar\/16a61e7272a0c5d001121ebb9e60e925d5816e4ac1e443ed3e640d9a6ae55d0c?s=96&d=mm&r=g","contentUrl":"https:\/\/secure.gravatar.com\/avatar\/16a61e7272a0c5d001121ebb9e60e925d5816e4ac1e443ed3e640d9a6ae55d0c?s=96&d=mm&r=g","caption":"US5"},"url":"https:\/\/veritasinfo.org\/?author=6"}]}},"featured_image_urls":{"full":["https:\/\/veritasinfo.org\/wp-content\/uploads\/2026\/04\/beafb7ee-7a54-4f9f-a684-fd8caf98ae0f.webp",1360,870,false],"thumbnail":["https:\/\/veritasinfo.org\/wp-content\/uploads\/2026\/04\/beafb7ee-7a54-4f9f-a684-fd8caf98ae0f-150x150.webp",150,150,true],"medium":["https:\/\/veritasinfo.org\/wp-content\/uploads\/2026\/04\/beafb7ee-7a54-4f9f-a684-fd8caf98ae0f-300x192.webp",300,192,true],"medium_large":["https:\/\/veritasinfo.org\/wp-content\/uploads\/2026\/04\/beafb7ee-7a54-4f9f-a684-fd8caf98ae0f-768x491.webp",640,409,true],"large":["https:\/\/veritasinfo.org\/wp-content\/uploads\/2026\/04\/beafb7ee-7a54-4f9f-a684-fd8caf98ae0f-1024x655.webp",640,409,true],"1536x1536":["https:\/\/veritasinfo.org\/wp-content\/uploads\/2026\/04\/beafb7ee-7a54-4f9f-a684-fd8caf98ae0f.webp",1360,870,false],"2048x2048":["https:\/\/veritasinfo.org\/wp-content\/uploads\/2026\/04\/beafb7ee-7a54-4f9f-a684-fd8caf98ae0f.webp",1360,870,false],"kreeti-slider-full":["https:\/\/veritasinfo.org\/wp-content\/uploads\/2026\/04\/beafb7ee-7a54-4f9f-a684-fd8caf98ae0f-1280x720.webp",1280,720,true],"kreeti-featured":["https:\/\/veritasinfo.org\/wp-content\/uploads\/2026\/04\/beafb7ee-7a54-4f9f-a684-fd8caf98ae0f-1024x655.webp",1024,655,true],"kreeti-medium":["https:\/\/veritasinfo.org\/wp-content\/uploads\/2026\/04\/beafb7ee-7a54-4f9f-a684-fd8caf98ae0f-720x530.webp",720,530,true],"kreeti-medium-square":["https:\/\/veritasinfo.org\/wp-content\/uploads\/2026\/04\/beafb7ee-7a54-4f9f-a684-fd8caf98ae0f-350x350.webp",350,350,true]},"author_info":{"info":["US5"]},"category_info":"<a href=\"https:\/\/veritasinfo.org\/?cat=60\" rel=\"category\">Shoq\u00ebrore<\/a>","tag_info":"Shoq\u00ebrore","comment_count":"0","_links":{"self":[{"href":"https:\/\/veritasinfo.org\/index.php?rest_route=\/wp\/v2\/posts\/42528","targetHints":{"allow":["GET"]}}],"collection":[{"href":"https:\/\/veritasinfo.org\/index.php?rest_route=\/wp\/v2\/posts"}],"about":[{"href":"https:\/\/veritasinfo.org\/index.php?rest_route=\/wp\/v2\/types\/post"}],"author":[{"embeddable":true,"href":"https:\/\/veritasinfo.org\/index.php?rest_route=\/wp\/v2\/users\/6"}],"replies":[{"embeddable":true,"href":"https:\/\/veritasinfo.org\/index.php?rest_route=%2Fwp%2Fv2%2Fcomments&post=42528"}],"version-history":[{"count":2,"href":"https:\/\/veritasinfo.org\/index.php?rest_route=\/wp\/v2\/posts\/42528\/revisions"}],"predecessor-version":[{"id":42531,"href":"https:\/\/veritasinfo.org\/index.php?rest_route=\/wp\/v2\/posts\/42528\/revisions\/42531"}],"wp:featuredmedia":[{"embeddable":true,"href":"https:\/\/veritasinfo.org\/index.php?rest_route=\/wp\/v2\/media\/42529"}],"wp:attachment":[{"href":"https:\/\/veritasinfo.org\/index.php?rest_route=%2Fwp%2Fv2%2Fmedia&parent=42528"}],"wp:term":[{"taxonomy":"category","embeddable":true,"href":"https:\/\/veritasinfo.org\/index.php?rest_route=%2Fwp%2Fv2%2Fcategories&post=42528"},{"taxonomy":"post_tag","embeddable":true,"href":"https:\/\/veritasinfo.org\/index.php?rest_route=%2Fwp%2Fv2%2Ftags&post=42528"}],"curies":[{"name":"wp","href":"https:\/\/api.w.org\/{rel}","templated":true}]}}