{"id":4252,"date":"2025-07-18T06:40:58","date_gmt":"2025-07-18T04:40:58","guid":{"rendered":"https:\/\/veritasinfo.org\/?p=4252"},"modified":"2025-07-17T22:15:20","modified_gmt":"2025-07-17T20:15:20","slug":"sot-diell-vranesira-dhe-ere-nga-veriu","status":"publish","type":"post","link":"https:\/\/veritasinfo.org\/?p=4252","title":{"rendered":"Sot diell, vran\u00ebsira dhe er\u00eb nga veriu"},"content":{"rendered":"<p>Moti p\u00ebr t\u00eb premten:<\/p>\n<p>Diell, vran\u00ebsira dhe er\u00eb nga veriu<\/p>\n<p>18 korrik 2025<\/p>\n<p>T\u00eb premten n\u00eb Kosov\u00eb parashikohet mot kryesisht me diell dhe vran\u00ebsira t\u00eb her\u00ebpashershme. Sipas MeteoKosova, era do t\u00eb fryj\u00eb nga drejtimi i veriut me shpejt\u00ebsi q\u00eb varion nga 15 deri n\u00eb 38 kilometra n\u00eb or\u00eb.<\/p>\n<p>Temperaturat minimale do t\u00eb sillen nga 10 deri n\u00eb 15 grad\u00eb Celsius, nd\u00ebrsa ato maksimale nga 26 deri n\u00eb 29 grad\u00eb Celsius.<\/p>\n<p>Nd\u00ebrkoh\u00eb, \u00ebsht\u00eb paralajm\u00ebruar edhe nj\u00eb front i fuqish\u00ebm atmosferik, i cili n\u00eb or\u00ebt n\u00eb vijim mund t\u00eb sjell\u00eb rrebeshe lokale shiu, shkarkesa rrufesh dhe er\u00ebra t\u00eb fuqishme deri n\u00eb 100 km\/h.<\/p>\n<p>&nbsp;<\/p>\n<p>&nbsp;<\/p>\n<p>&nbsp;<\/p>\n","protected":false},"excerpt":{"rendered":"<p>Moti p\u00ebr t\u00eb premten: Diell, vran\u00ebsira dhe er\u00eb nga veriu 18 korrik 2025 T\u00eb premten n\u00eb Kosov\u00eb parashikohet mot kryesisht me diell dhe vran\u00ebsira t\u00eb<\/p>\n","protected":false},"author":1,"featured_media":4254,"comment_status":"open","ping_status":"open","sticky":false,"template":"","format":"standard","meta":{"footnotes":""},"categories":[60],"tags":[],"class_list":["post-4252","post","type-post","status-publish","format-standard","has-post-thumbnail","hentry","category-shoqerore-sq"],"yoast_head":"<!-- This site is optimized with the Yoast SEO plugin v25.3.1 - https:\/\/yoast.com\/wordpress\/plugins\/seo\/ -->\n<title>Sot diell, vran\u00ebsira dhe er\u00eb nga veriu -<\/title>\n<meta name=\"robots\" content=\"index, follow, max-snippet:-1, max-image-preview:large, max-video-preview:-1\" \/>\n<link rel=\"canonical\" href=\"https:\/\/veritasinfo.org\/?p=4252\" \/>\n<meta property=\"og:locale\" content=\"en_US\" \/>\n<meta property=\"og:type\" content=\"article\" \/>\n<meta property=\"og:title\" content=\"Sot diell, vran\u00ebsira dhe er\u00eb nga veriu -\" \/>\n<meta property=\"og:description\" content=\"Moti p\u00ebr t\u00eb premten: Diell, vran\u00ebsira dhe er\u00eb nga veriu 18 korrik 2025 T\u00eb premten n\u00eb Kosov\u00eb parashikohet mot kryesisht me diell dhe vran\u00ebsira t\u00eb\" \/>\n<meta property=\"og:url\" content=\"https:\/\/veritasinfo.org\/?p=4252\" \/>\n<meta property=\"article:published_time\" content=\"2025-07-18T04:40:58+00:00\" \/>\n<meta property=\"og:image\" content=\"https:\/\/veritasinfo.org\/wp-content\/uploads\/2025\/07\/045efefc-7c7e-4603-818e-50ba82e4e37f_20250717_221418_0000.jpg\" \/>\n\t<meta property=\"og:image:width\" content=\"1024\" \/>\n\t<meta property=\"og:image:height\" content=\"1024\" \/>\n\t<meta property=\"og:image:type\" content=\"image\/jpeg\" \/>\n<meta name=\"author\" content=\"admin\" \/>\n<meta name=\"twitter:card\" content=\"summary_large_image\" \/>\n<meta name=\"twitter:label1\" content=\"Written by\" \/>\n\t<meta name=\"twitter:data1\" content=\"admin\" \/>\n\t<meta name=\"twitter:label2\" content=\"Est. reading time\" \/>\n\t<meta name=\"twitter:data2\" content=\"1 minute\" \/>\n<script type=\"application\/ld+json\" class=\"yoast-schema-graph\">{\"@context\":\"https:\/\/schema.org\",\"@graph\":[{\"@type\":\"WebPage\",\"@id\":\"https:\/\/veritasinfo.org\/?p=4252\",\"url\":\"https:\/\/veritasinfo.org\/?p=4252\",\"name\":\"Sot diell, vran\u00ebsira dhe er\u00eb nga veriu -\",\"isPartOf\":{\"@id\":\"https:\/\/veritasinfo.org\/#website\"},\"primaryImageOfPage\":{\"@id\":\"https:\/\/veritasinfo.org\/?p=4252#primaryimage\"},\"image\":{\"@id\":\"https:\/\/veritasinfo.org\/?p=4252#primaryimage\"},\"thumbnailUrl\":\"https:\/\/veritasinfo.org\/wp-content\/uploads\/2025\/07\/045efefc-7c7e-4603-818e-50ba82e4e37f_20250717_221418_0000.jpg\",\"datePublished\":\"2025-07-18T04:40:58+00:00\",\"author\":{\"@id\":\"https:\/\/veritasinfo.org\/#\/schema\/person\/7701f8c088bece422266b100a712374f\"},\"breadcrumb\":{\"@id\":\"https:\/\/veritasinfo.org\/?p=4252#breadcrumb\"},\"inLanguage\":\"en-US\",\"potentialAction\":[{\"@type\":\"ReadAction\",\"target\":[\"https:\/\/veritasinfo.org\/?p=4252\"]}]},{\"@type\":\"ImageObject\",\"inLanguage\":\"en-US\",\"@id\":\"https:\/\/veritasinfo.org\/?p=4252#primaryimage\",\"url\":\"https:\/\/veritasinfo.org\/wp-content\/uploads\/2025\/07\/045efefc-7c7e-4603-818e-50ba82e4e37f_20250717_221418_0000.jpg\",\"contentUrl\":\"https:\/\/veritasinfo.org\/wp-content\/uploads\/2025\/07\/045efefc-7c7e-4603-818e-50ba82e4e37f_20250717_221418_0000.jpg\",\"width\":1024,\"height\":1024},{\"@type\":\"BreadcrumbList\",\"@id\":\"https:\/\/veritasinfo.org\/?p=4252#breadcrumb\",\"itemListElement\":[{\"@type\":\"ListItem\",\"position\":1,\"name\":\"Home\",\"item\":\"https:\/\/veritasinfo.org\/\"},{\"@type\":\"ListItem\",\"position\":2,\"name\":\"Sot diell, vran\u00ebsira dhe er\u00eb nga veriu\"}]},{\"@type\":\"WebSite\",\"@id\":\"https:\/\/veritasinfo.org\/#website\",\"url\":\"https:\/\/veritasinfo.org\/\",\"name\":\"\",\"description\":\"\",\"potentialAction\":[{\"@type\":\"SearchAction\",\"target\":{\"@type\":\"EntryPoint\",\"urlTemplate\":\"https:\/\/veritasinfo.org\/?s={search_term_string}\"},\"query-input\":{\"@type\":\"PropertyValueSpecification\",\"valueRequired\":true,\"valueName\":\"search_term_string\"}}],\"inLanguage\":\"en-US\"},{\"@type\":\"Person\",\"@id\":\"https:\/\/veritasinfo.org\/#\/schema\/person\/7701f8c088bece422266b100a712374f\",\"name\":\"admin\",\"image\":{\"@type\":\"ImageObject\",\"inLanguage\":\"en-US\",\"@id\":\"https:\/\/veritasinfo.org\/#\/schema\/person\/image\/\",\"url\":\"https:\/\/secure.gravatar.com\/avatar\/ea53aa3bf6c9a12d5fde8ce4deff43fef3885ae33cf60184161a50d6987cfd2f?s=96&d=mm&r=g\",\"contentUrl\":\"https:\/\/secure.gravatar.com\/avatar\/ea53aa3bf6c9a12d5fde8ce4deff43fef3885ae33cf60184161a50d6987cfd2f?s=96&d=mm&r=g\",\"caption\":\"admin\"},\"sameAs\":[\"https:\/\/veritasinfo.org\"],\"url\":\"https:\/\/veritasinfo.org\/?author=1\"}]}<\/script>\n<!-- \/ Yoast SEO plugin. -->","yoast_head_json":{"title":"Sot diell, vran\u00ebsira dhe er\u00eb nga veriu -","robots":{"index":"index","follow":"follow","max-snippet":"max-snippet:-1","max-image-preview":"max-image-preview:large","max-video-preview":"max-video-preview:-1"},"canonical":"https:\/\/veritasinfo.org\/?p=4252","og_locale":"en_US","og_type":"article","og_title":"Sot diell, vran\u00ebsira dhe er\u00eb nga veriu -","og_description":"Moti p\u00ebr t\u00eb premten: Diell, vran\u00ebsira dhe er\u00eb nga veriu 18 korrik 2025 T\u00eb premten n\u00eb Kosov\u00eb parashikohet mot kryesisht me diell dhe vran\u00ebsira t\u00eb","og_url":"https:\/\/veritasinfo.org\/?p=4252","article_published_time":"2025-07-18T04:40:58+00:00","og_image":[{"width":1024,"height":1024,"url":"https:\/\/veritasinfo.org\/wp-content\/uploads\/2025\/07\/045efefc-7c7e-4603-818e-50ba82e4e37f_20250717_221418_0000.jpg","type":"image\/jpeg"}],"author":"admin","twitter_card":"summary_large_image","twitter_misc":{"Written by":"admin","Est. reading time":"1 minute"},"schema":{"@context":"https:\/\/schema.org","@graph":[{"@type":"WebPage","@id":"https:\/\/veritasinfo.org\/?p=4252","url":"https:\/\/veritasinfo.org\/?p=4252","name":"Sot diell, vran\u00ebsira dhe er\u00eb nga veriu -","isPartOf":{"@id":"https:\/\/veritasinfo.org\/#website"},"primaryImageOfPage":{"@id":"https:\/\/veritasinfo.org\/?p=4252#primaryimage"},"image":{"@id":"https:\/\/veritasinfo.org\/?p=4252#primaryimage"},"thumbnailUrl":"https:\/\/veritasinfo.org\/wp-content\/uploads\/2025\/07\/045efefc-7c7e-4603-818e-50ba82e4e37f_20250717_221418_0000.jpg","datePublished":"2025-07-18T04:40:58+00:00","author":{"@id":"https:\/\/veritasinfo.org\/#\/schema\/person\/7701f8c088bece422266b100a712374f"},"breadcrumb":{"@id":"https:\/\/veritasinfo.org\/?p=4252#breadcrumb"},"inLanguage":"en-US","potentialAction":[{"@type":"ReadAction","target":["https:\/\/veritasinfo.org\/?p=4252"]}]},{"@type":"ImageObject","inLanguage":"en-US","@id":"https:\/\/veritasinfo.org\/?p=4252#primaryimage","url":"https:\/\/veritasinfo.org\/wp-content\/uploads\/2025\/07\/045efefc-7c7e-4603-818e-50ba82e4e37f_20250717_221418_0000.jpg","contentUrl":"https:\/\/veritasinfo.org\/wp-content\/uploads\/2025\/07\/045efefc-7c7e-4603-818e-50ba82e4e37f_20250717_221418_0000.jpg","width":1024,"height":1024},{"@type":"BreadcrumbList","@id":"https:\/\/veritasinfo.org\/?p=4252#breadcrumb","itemListElement":[{"@type":"ListItem","position":1,"name":"Home","item":"https:\/\/veritasinfo.org\/"},{"@type":"ListItem","position":2,"name":"Sot diell, vran\u00ebsira dhe er\u00eb nga veriu"}]},{"@type":"WebSite","@id":"https:\/\/veritasinfo.org\/#website","url":"https:\/\/veritasinfo.org\/","name":"","description":"","potentialAction":[{"@type":"SearchAction","target":{"@type":"EntryPoint","urlTemplate":"https:\/\/veritasinfo.org\/?s={search_term_string}"},"query-input":{"@type":"PropertyValueSpecification","valueRequired":true,"valueName":"search_term_string"}}],"inLanguage":"en-US"},{"@type":"Person","@id":"https:\/\/veritasinfo.org\/#\/schema\/person\/7701f8c088bece422266b100a712374f","name":"admin","image":{"@type":"ImageObject","inLanguage":"en-US","@id":"https:\/\/veritasinfo.org\/#\/schema\/person\/image\/","url":"https:\/\/secure.gravatar.com\/avatar\/ea53aa3bf6c9a12d5fde8ce4deff43fef3885ae33cf60184161a50d6987cfd2f?s=96&d=mm&r=g","contentUrl":"https:\/\/secure.gravatar.com\/avatar\/ea53aa3bf6c9a12d5fde8ce4deff43fef3885ae33cf60184161a50d6987cfd2f?s=96&d=mm&r=g","caption":"admin"},"sameAs":["https:\/\/veritasinfo.org"],"url":"https:\/\/veritasinfo.org\/?author=1"}]}},"featured_image_urls":{"full":["https:\/\/veritasinfo.org\/wp-content\/uploads\/2025\/07\/045efefc-7c7e-4603-818e-50ba82e4e37f_20250717_221418_0000.jpg",1024,1024,false],"thumbnail":["https:\/\/veritasinfo.org\/wp-content\/uploads\/2025\/07\/045efefc-7c7e-4603-818e-50ba82e4e37f_20250717_221418_0000-150x150.jpg",150,150,true],"medium":["https:\/\/veritasinfo.org\/wp-content\/uploads\/2025\/07\/045efefc-7c7e-4603-818e-50ba82e4e37f_20250717_221418_0000-300x300.jpg",300,300,true],"medium_large":["https:\/\/veritasinfo.org\/wp-content\/uploads\/2025\/07\/045efefc-7c7e-4603-818e-50ba82e4e37f_20250717_221418_0000-768x768.jpg",640,640,true],"large":["https:\/\/veritasinfo.org\/wp-content\/uploads\/2025\/07\/045efefc-7c7e-4603-818e-50ba82e4e37f_20250717_221418_0000.jpg",640,640,false],"1536x1536":["https:\/\/veritasinfo.org\/wp-content\/uploads\/2025\/07\/045efefc-7c7e-4603-818e-50ba82e4e37f_20250717_221418_0000.jpg",1024,1024,false],"2048x2048":["https:\/\/veritasinfo.org\/wp-content\/uploads\/2025\/07\/045efefc-7c7e-4603-818e-50ba82e4e37f_20250717_221418_0000.jpg",1024,1024,false],"kreeti-slider-full":["https:\/\/veritasinfo.org\/wp-content\/uploads\/2025\/07\/045efefc-7c7e-4603-818e-50ba82e4e37f_20250717_221418_0000.jpg",720,720,false],"kreeti-featured":["https:\/\/veritasinfo.org\/wp-content\/uploads\/2025\/07\/045efefc-7c7e-4603-818e-50ba82e4e37f_20250717_221418_0000.jpg",1024,1024,false],"kreeti-medium":["https:\/\/veritasinfo.org\/wp-content\/uploads\/2025\/07\/045efefc-7c7e-4603-818e-50ba82e4e37f_20250717_221418_0000.jpg",530,530,false],"kreeti-medium-square":["https:\/\/veritasinfo.org\/wp-content\/uploads\/2025\/07\/045efefc-7c7e-4603-818e-50ba82e4e37f_20250717_221418_0000.jpg",350,350,false]},"author_info":{"info":["admin"]},"category_info":"<a href=\"https:\/\/veritasinfo.org\/?cat=60\" rel=\"category\">Shoq\u00ebrore<\/a>","tag_info":"Shoq\u00ebrore","comment_count":"0","_links":{"self":[{"href":"https:\/\/veritasinfo.org\/index.php?rest_route=\/wp\/v2\/posts\/4252","targetHints":{"allow":["GET"]}}],"collection":[{"href":"https:\/\/veritasinfo.org\/index.php?rest_route=\/wp\/v2\/posts"}],"about":[{"href":"https:\/\/veritasinfo.org\/index.php?rest_route=\/wp\/v2\/types\/post"}],"author":[{"embeddable":true,"href":"https:\/\/veritasinfo.org\/index.php?rest_route=\/wp\/v2\/users\/1"}],"replies":[{"embeddable":true,"href":"https:\/\/veritasinfo.org\/index.php?rest_route=%2Fwp%2Fv2%2Fcomments&post=4252"}],"version-history":[{"count":1,"href":"https:\/\/veritasinfo.org\/index.php?rest_route=\/wp\/v2\/posts\/4252\/revisions"}],"predecessor-version":[{"id":4253,"href":"https:\/\/veritasinfo.org\/index.php?rest_route=\/wp\/v2\/posts\/4252\/revisions\/4253"}],"wp:featuredmedia":[{"embeddable":true,"href":"https:\/\/veritasinfo.org\/index.php?rest_route=\/wp\/v2\/media\/4254"}],"wp:attachment":[{"href":"https:\/\/veritasinfo.org\/index.php?rest_route=%2Fwp%2Fv2%2Fmedia&parent=4252"}],"wp:term":[{"taxonomy":"category","embeddable":true,"href":"https:\/\/veritasinfo.org\/index.php?rest_route=%2Fwp%2Fv2%2Fcategories&post=4252"},{"taxonomy":"post_tag","embeddable":true,"href":"https:\/\/veritasinfo.org\/index.php?rest_route=%2Fwp%2Fv2%2Ftags&post=4252"}],"curies":[{"name":"wp","href":"https:\/\/api.w.org\/{rel}","templated":true}]}}