{"id":42460,"date":"2026-04-10T12:02:56","date_gmt":"2026-04-10T10:02:56","guid":{"rendered":"https:\/\/veritasinfo.org\/?p=42460"},"modified":"2026-04-10T12:02:56","modified_gmt":"2026-04-10T10:02:56","slug":"kryeministri-kurti-u-prit-ne-darke-nga-ministri-i-shtetit-per-mbrojtje-lord-coaker","status":"publish","type":"post","link":"https:\/\/veritasinfo.org\/?p=42460","title":{"rendered":"Kryeministri Kurti u prit n\u00eb dark\u00eb nga Ministri i Shtetit p\u00ebr Mbrojtje, Lord Coaker"},"content":{"rendered":"<p>Prishtin\u00eb 10 Prill 2026 12:01<\/p>\n<p>Kryeministri i Republik\u00ebs s\u00eb Kosov\u00ebs, Albin Kurti, n\u00eb kuad\u00ebr t\u00eb vizit\u00ebs zyrtare n\u00eb Mbret\u00ebrin\u00eb e Bashkuar, mbr\u00ebm\u00eb u prit n\u00eb dark\u00eb nga Ministri i Shtetit p\u00ebr Mbrojtje, Lord Vernon Coaker, n\u00eb \u201cNaval and Military Club\u201d, n\u00eb Lond\u00ebr.<\/p>\n<p>Gjat\u00eb dark\u00ebs, kryeministri Kurti e fal\u00ebnderoi Lordin Coaker p\u00ebr mb\u00ebshtetjen historike t\u00eb Mbret\u00ebris\u00eb s\u00eb Bashkuar ndaj Kosov\u00ebs, duke p\u00ebrmendur n\u00eb ve\u00e7anti: ndihm\u00ebn ndaj refugjat\u00ebve, rolin e Gjeneralit Michael Jackson n\u00eb \u00e7lirim, si dhe pas luft\u00ebs n\u00eb shtet-nd\u00ebrtim, zhvillim dhe integrim.<\/p>\n<p>Kryeministri Kurti theksoi se Kosova d\u00ebshiron t\u00eb ket\u00eb bashk\u00ebpunim edhe m\u00eb t\u00eb ngusht\u00eb ushtarak dhe t\u00eb mbrojtjes, n\u00eb drejtim t\u00eb vlerave dhe q\u00ebllimeve t\u00eb p\u00ebrbashk\u00ebta. N\u00eb k\u00ebt\u00eb kontekst, ai p\u00ebrmendi bashk\u00ebpunimin n\u00eb fusha specifike, si bashk\u00ebzbarkimet, trajnimet dhe zhvillimin e kapaciteteve.<\/p>\n","protected":false},"excerpt":{"rendered":"<p>Prishtin\u00eb 10 Prill 2026 12:01 Kryeministri i Republik\u00ebs s\u00eb Kosov\u00ebs, Albin Kurti, n\u00eb kuad\u00ebr t\u00eb vizit\u00ebs zyrtare n\u00eb Mbret\u00ebrin\u00eb e Bashkuar, mbr\u00ebm\u00eb u prit n\u00eb<\/p>\n","protected":false},"author":6,"featured_media":42462,"comment_status":"open","ping_status":"open","sticky":false,"template":"","format":"standard","meta":{"footnotes":""},"categories":[60],"tags":[],"class_list":["post-42460","post","type-post","status-publish","format-standard","has-post-thumbnail","hentry","category-shoqerore-sq"],"yoast_head":"<!-- This site is optimized with the Yoast SEO plugin v25.3.1 - https:\/\/yoast.com\/wordpress\/plugins\/seo\/ -->\n<title>Kryeministri Kurti u prit n\u00eb dark\u00eb nga Ministri i Shtetit p\u00ebr Mbrojtje, Lord Coaker -<\/title>\n<meta name=\"robots\" content=\"index, follow, max-snippet:-1, max-image-preview:large, max-video-preview:-1\" \/>\n<link rel=\"canonical\" href=\"https:\/\/veritasinfo.org\/?p=42460\" \/>\n<meta property=\"og:locale\" content=\"en_US\" \/>\n<meta property=\"og:type\" content=\"article\" \/>\n<meta property=\"og:title\" content=\"Kryeministri Kurti u prit n\u00eb dark\u00eb nga Ministri i Shtetit p\u00ebr Mbrojtje, Lord Coaker -\" \/>\n<meta property=\"og:description\" content=\"Prishtin\u00eb 10 Prill 2026 12:01 Kryeministri i Republik\u00ebs s\u00eb Kosov\u00ebs, Albin Kurti, n\u00eb kuad\u00ebr t\u00eb vizit\u00ebs zyrtare n\u00eb Mbret\u00ebrin\u00eb e Bashkuar, mbr\u00ebm\u00eb u prit n\u00eb\" \/>\n<meta property=\"og:url\" content=\"https:\/\/veritasinfo.org\/?p=42460\" \/>\n<meta property=\"article:published_time\" content=\"2026-04-10T10:02:56+00:00\" \/>\n<meta property=\"og:image\" content=\"https:\/\/veritasinfo.org\/wp-content\/uploads\/2026\/04\/Screenshot-2026-04-10-115143.png\" \/>\n\t<meta property=\"og:image:width\" content=\"1138\" \/>\n\t<meta property=\"og:image:height\" content=\"760\" \/>\n\t<meta property=\"og:image:type\" content=\"image\/png\" \/>\n<meta name=\"author\" content=\"US5\" \/>\n<meta name=\"twitter:card\" content=\"summary_large_image\" \/>\n<meta name=\"twitter:label1\" content=\"Written by\" \/>\n\t<meta name=\"twitter:data1\" content=\"US5\" \/>\n\t<meta name=\"twitter:label2\" content=\"Est. reading time\" \/>\n\t<meta name=\"twitter:data2\" content=\"1 minute\" \/>\n<script type=\"application\/ld+json\" class=\"yoast-schema-graph\">{\"@context\":\"https:\/\/schema.org\",\"@graph\":[{\"@type\":\"WebPage\",\"@id\":\"https:\/\/veritasinfo.org\/?p=42460\",\"url\":\"https:\/\/veritasinfo.org\/?p=42460\",\"name\":\"Kryeministri Kurti u prit n\u00eb dark\u00eb nga Ministri i Shtetit p\u00ebr Mbrojtje, Lord Coaker -\",\"isPartOf\":{\"@id\":\"https:\/\/veritasinfo.org\/#website\"},\"primaryImageOfPage\":{\"@id\":\"https:\/\/veritasinfo.org\/?p=42460#primaryimage\"},\"image\":{\"@id\":\"https:\/\/veritasinfo.org\/?p=42460#primaryimage\"},\"thumbnailUrl\":\"https:\/\/veritasinfo.org\/wp-content\/uploads\/2026\/04\/Screenshot-2026-04-10-115143.png\",\"datePublished\":\"2026-04-10T10:02:56+00:00\",\"author\":{\"@id\":\"https:\/\/veritasinfo.org\/#\/schema\/person\/bc442336e35414d04494ab8fb45db4c6\"},\"breadcrumb\":{\"@id\":\"https:\/\/veritasinfo.org\/?p=42460#breadcrumb\"},\"inLanguage\":\"en-US\",\"potentialAction\":[{\"@type\":\"ReadAction\",\"target\":[\"https:\/\/veritasinfo.org\/?p=42460\"]}]},{\"@type\":\"ImageObject\",\"inLanguage\":\"en-US\",\"@id\":\"https:\/\/veritasinfo.org\/?p=42460#primaryimage\",\"url\":\"https:\/\/veritasinfo.org\/wp-content\/uploads\/2026\/04\/Screenshot-2026-04-10-115143.png\",\"contentUrl\":\"https:\/\/veritasinfo.org\/wp-content\/uploads\/2026\/04\/Screenshot-2026-04-10-115143.png\",\"width\":1138,\"height\":760},{\"@type\":\"BreadcrumbList\",\"@id\":\"https:\/\/veritasinfo.org\/?p=42460#breadcrumb\",\"itemListElement\":[{\"@type\":\"ListItem\",\"position\":1,\"name\":\"Home\",\"item\":\"https:\/\/veritasinfo.org\/\"},{\"@type\":\"ListItem\",\"position\":2,\"name\":\"Kryeministri Kurti u prit n\u00eb dark\u00eb nga Ministri i Shtetit p\u00ebr Mbrojtje, Lord Coaker\"}]},{\"@type\":\"WebSite\",\"@id\":\"https:\/\/veritasinfo.org\/#website\",\"url\":\"https:\/\/veritasinfo.org\/\",\"name\":\"\",\"description\":\"\",\"potentialAction\":[{\"@type\":\"SearchAction\",\"target\":{\"@type\":\"EntryPoint\",\"urlTemplate\":\"https:\/\/veritasinfo.org\/?s={search_term_string}\"},\"query-input\":{\"@type\":\"PropertyValueSpecification\",\"valueRequired\":true,\"valueName\":\"search_term_string\"}}],\"inLanguage\":\"en-US\"},{\"@type\":\"Person\",\"@id\":\"https:\/\/veritasinfo.org\/#\/schema\/person\/bc442336e35414d04494ab8fb45db4c6\",\"name\":\"US5\",\"image\":{\"@type\":\"ImageObject\",\"inLanguage\":\"en-US\",\"@id\":\"https:\/\/veritasinfo.org\/#\/schema\/person\/image\/\",\"url\":\"https:\/\/secure.gravatar.com\/avatar\/16a61e7272a0c5d001121ebb9e60e925d5816e4ac1e443ed3e640d9a6ae55d0c?s=96&d=mm&r=g\",\"contentUrl\":\"https:\/\/secure.gravatar.com\/avatar\/16a61e7272a0c5d001121ebb9e60e925d5816e4ac1e443ed3e640d9a6ae55d0c?s=96&d=mm&r=g\",\"caption\":\"US5\"},\"url\":\"https:\/\/veritasinfo.org\/?author=6\"}]}<\/script>\n<!-- \/ Yoast SEO plugin. -->","yoast_head_json":{"title":"Kryeministri Kurti u prit n\u00eb dark\u00eb nga Ministri i Shtetit p\u00ebr Mbrojtje, Lord Coaker -","robots":{"index":"index","follow":"follow","max-snippet":"max-snippet:-1","max-image-preview":"max-image-preview:large","max-video-preview":"max-video-preview:-1"},"canonical":"https:\/\/veritasinfo.org\/?p=42460","og_locale":"en_US","og_type":"article","og_title":"Kryeministri Kurti u prit n\u00eb dark\u00eb nga Ministri i Shtetit p\u00ebr Mbrojtje, Lord Coaker -","og_description":"Prishtin\u00eb 10 Prill 2026 12:01 Kryeministri i Republik\u00ebs s\u00eb Kosov\u00ebs, Albin Kurti, n\u00eb kuad\u00ebr t\u00eb vizit\u00ebs zyrtare n\u00eb Mbret\u00ebrin\u00eb e Bashkuar, mbr\u00ebm\u00eb u prit n\u00eb","og_url":"https:\/\/veritasinfo.org\/?p=42460","article_published_time":"2026-04-10T10:02:56+00:00","og_image":[{"width":1138,"height":760,"url":"https:\/\/veritasinfo.org\/wp-content\/uploads\/2026\/04\/Screenshot-2026-04-10-115143.png","type":"image\/png"}],"author":"US5","twitter_card":"summary_large_image","twitter_misc":{"Written by":"US5","Est. reading time":"1 minute"},"schema":{"@context":"https:\/\/schema.org","@graph":[{"@type":"WebPage","@id":"https:\/\/veritasinfo.org\/?p=42460","url":"https:\/\/veritasinfo.org\/?p=42460","name":"Kryeministri Kurti u prit n\u00eb dark\u00eb nga Ministri i Shtetit p\u00ebr Mbrojtje, Lord Coaker -","isPartOf":{"@id":"https:\/\/veritasinfo.org\/#website"},"primaryImageOfPage":{"@id":"https:\/\/veritasinfo.org\/?p=42460#primaryimage"},"image":{"@id":"https:\/\/veritasinfo.org\/?p=42460#primaryimage"},"thumbnailUrl":"https:\/\/veritasinfo.org\/wp-content\/uploads\/2026\/04\/Screenshot-2026-04-10-115143.png","datePublished":"2026-04-10T10:02:56+00:00","author":{"@id":"https:\/\/veritasinfo.org\/#\/schema\/person\/bc442336e35414d04494ab8fb45db4c6"},"breadcrumb":{"@id":"https:\/\/veritasinfo.org\/?p=42460#breadcrumb"},"inLanguage":"en-US","potentialAction":[{"@type":"ReadAction","target":["https:\/\/veritasinfo.org\/?p=42460"]}]},{"@type":"ImageObject","inLanguage":"en-US","@id":"https:\/\/veritasinfo.org\/?p=42460#primaryimage","url":"https:\/\/veritasinfo.org\/wp-content\/uploads\/2026\/04\/Screenshot-2026-04-10-115143.png","contentUrl":"https:\/\/veritasinfo.org\/wp-content\/uploads\/2026\/04\/Screenshot-2026-04-10-115143.png","width":1138,"height":760},{"@type":"BreadcrumbList","@id":"https:\/\/veritasinfo.org\/?p=42460#breadcrumb","itemListElement":[{"@type":"ListItem","position":1,"name":"Home","item":"https:\/\/veritasinfo.org\/"},{"@type":"ListItem","position":2,"name":"Kryeministri Kurti u prit n\u00eb dark\u00eb nga Ministri i Shtetit p\u00ebr Mbrojtje, Lord Coaker"}]},{"@type":"WebSite","@id":"https:\/\/veritasinfo.org\/#website","url":"https:\/\/veritasinfo.org\/","name":"","description":"","potentialAction":[{"@type":"SearchAction","target":{"@type":"EntryPoint","urlTemplate":"https:\/\/veritasinfo.org\/?s={search_term_string}"},"query-input":{"@type":"PropertyValueSpecification","valueRequired":true,"valueName":"search_term_string"}}],"inLanguage":"en-US"},{"@type":"Person","@id":"https:\/\/veritasinfo.org\/#\/schema\/person\/bc442336e35414d04494ab8fb45db4c6","name":"US5","image":{"@type":"ImageObject","inLanguage":"en-US","@id":"https:\/\/veritasinfo.org\/#\/schema\/person\/image\/","url":"https:\/\/secure.gravatar.com\/avatar\/16a61e7272a0c5d001121ebb9e60e925d5816e4ac1e443ed3e640d9a6ae55d0c?s=96&d=mm&r=g","contentUrl":"https:\/\/secure.gravatar.com\/avatar\/16a61e7272a0c5d001121ebb9e60e925d5816e4ac1e443ed3e640d9a6ae55d0c?s=96&d=mm&r=g","caption":"US5"},"url":"https:\/\/veritasinfo.org\/?author=6"}]}},"featured_image_urls":{"full":["https:\/\/veritasinfo.org\/wp-content\/uploads\/2026\/04\/Screenshot-2026-04-10-115143.png",1138,760,false],"thumbnail":["https:\/\/veritasinfo.org\/wp-content\/uploads\/2026\/04\/Screenshot-2026-04-10-115143-150x150.png",150,150,true],"medium":["https:\/\/veritasinfo.org\/wp-content\/uploads\/2026\/04\/Screenshot-2026-04-10-115143-300x200.png",300,200,true],"medium_large":["https:\/\/veritasinfo.org\/wp-content\/uploads\/2026\/04\/Screenshot-2026-04-10-115143-768x513.png",640,428,true],"large":["https:\/\/veritasinfo.org\/wp-content\/uploads\/2026\/04\/Screenshot-2026-04-10-115143-1024x684.png",640,428,true],"1536x1536":["https:\/\/veritasinfo.org\/wp-content\/uploads\/2026\/04\/Screenshot-2026-04-10-115143.png",1138,760,false],"2048x2048":["https:\/\/veritasinfo.org\/wp-content\/uploads\/2026\/04\/Screenshot-2026-04-10-115143.png",1138,760,false],"kreeti-slider-full":["https:\/\/veritasinfo.org\/wp-content\/uploads\/2026\/04\/Screenshot-2026-04-10-115143-1138x720.png",1138,720,true],"kreeti-featured":["https:\/\/veritasinfo.org\/wp-content\/uploads\/2026\/04\/Screenshot-2026-04-10-115143-1024x684.png",1024,684,true],"kreeti-medium":["https:\/\/veritasinfo.org\/wp-content\/uploads\/2026\/04\/Screenshot-2026-04-10-115143-720x530.png",720,530,true],"kreeti-medium-square":["https:\/\/veritasinfo.org\/wp-content\/uploads\/2026\/04\/Screenshot-2026-04-10-115143-350x350.png",350,350,true]},"author_info":{"info":["US5"]},"category_info":"<a href=\"https:\/\/veritasinfo.org\/?cat=60\" rel=\"category\">Shoq\u00ebrore<\/a>","tag_info":"Shoq\u00ebrore","comment_count":"0","_links":{"self":[{"href":"https:\/\/veritasinfo.org\/index.php?rest_route=\/wp\/v2\/posts\/42460","targetHints":{"allow":["GET"]}}],"collection":[{"href":"https:\/\/veritasinfo.org\/index.php?rest_route=\/wp\/v2\/posts"}],"about":[{"href":"https:\/\/veritasinfo.org\/index.php?rest_route=\/wp\/v2\/types\/post"}],"author":[{"embeddable":true,"href":"https:\/\/veritasinfo.org\/index.php?rest_route=\/wp\/v2\/users\/6"}],"replies":[{"embeddable":true,"href":"https:\/\/veritasinfo.org\/index.php?rest_route=%2Fwp%2Fv2%2Fcomments&post=42460"}],"version-history":[{"count":2,"href":"https:\/\/veritasinfo.org\/index.php?rest_route=\/wp\/v2\/posts\/42460\/revisions"}],"predecessor-version":[{"id":42463,"href":"https:\/\/veritasinfo.org\/index.php?rest_route=\/wp\/v2\/posts\/42460\/revisions\/42463"}],"wp:featuredmedia":[{"embeddable":true,"href":"https:\/\/veritasinfo.org\/index.php?rest_route=\/wp\/v2\/media\/42462"}],"wp:attachment":[{"href":"https:\/\/veritasinfo.org\/index.php?rest_route=%2Fwp%2Fv2%2Fmedia&parent=42460"}],"wp:term":[{"taxonomy":"category","embeddable":true,"href":"https:\/\/veritasinfo.org\/index.php?rest_route=%2Fwp%2Fv2%2Fcategories&post=42460"},{"taxonomy":"post_tag","embeddable":true,"href":"https:\/\/veritasinfo.org\/index.php?rest_route=%2Fwp%2Fv2%2Ftags&post=42460"}],"curies":[{"name":"wp","href":"https:\/\/api.w.org\/{rel}","templated":true}]}}