{"id":42395,"date":"2026-04-10T07:04:30","date_gmt":"2026-04-10T05:04:30","guid":{"rendered":"https:\/\/veritasinfo.org\/?p=42395"},"modified":"2026-04-10T07:04:30","modified_gmt":"2026-04-10T05:04:30","slug":"sot-seanca-e-kuvendit-fokus-ne-marreveshjet-financiare-dhe-cmimet-e-naftes","status":"publish","type":"post","link":"https:\/\/veritasinfo.org\/?p=42395","title":{"rendered":"Sot seanca e Kuvendit: Fokus n\u00eb marr\u00ebveshjet financiare dhe \u00e7mimet e naft\u00ebs"},"content":{"rendered":"<p>Prishtin\u00eb, 10 prill 2026 06:59<\/p>\n<p>Sot do t\u00eb mbahet seanca e radh\u00ebs e Kuvendit t\u00eb Kosov\u00ebs.<\/p>\n<p>Seanca pritet t\u00eb nis n\u00eb ora 10:00 dhe do t\u00eb ket\u00eb edhe pyetje parlamentare.<\/p>\n<p>Gjithashtu do t\u00eb b\u00ebhen edhe deklarime jasht\u00eb rendit t\u00eb dit\u00ebs si dhe shqyrtimi dhe votimi i marr\u00ebveshjeve t\u00eb ndryshme.<\/p>\n<p>Rendi i dit\u00ebs:<\/p>\n<p>Miratimi i rendit t\u00eb dit\u00ebs,<\/p>\n<p>Miratimi i procesverbalit nga seanca e m\u00ebparshme,<\/p>\n<p>Deklarimet jasht\u00eb rendit t\u00eb dit\u00ebs,<\/p>\n<p>Pyetjet parlamentare,<\/p>\n<p>Votimi i Projektligjit nr. 10\/L-015 p\u00ebr Ratifikimin e Marr\u00ebveshjes s\u00eb Kredis\u00eb nd\u00ebrmjet Republik\u00ebs s\u00eb Kosov\u00ebs, e p\u00ebrfaq\u00ebsuar nga Ministria e Financave dhe Asociacionit Nd\u00ebrkomb\u00ebtar p\u00ebr Zhvillim p\u00ebr Projektin e Zhvillimit t\u00eb Sektorit Financiar t\u00eb Kosov\u00ebs,<\/p>\n<p>Shqyrtimi i Projektligjit nr. 10\/L-016 p\u00ebr Ratifikimin e Marr\u00ebveshjes s\u00eb Kredis\u00eb nd\u00ebrmjet Republik\u00ebs s\u00eb Kosov\u00ebs dhe Agjencis\u00eb Franceze p\u00ebr Zhvillim p\u00ebr Programin e Kredis\u00eb t\u00eb Bazuar n\u00eb Politika,<\/p>\n<p>Shqyrtimi i Projektligjit nr. 10\/L-017 p\u00ebr Ratifikimin e Marr\u00ebveshjes s\u00eb Kredis\u00eb nd\u00ebrmjet Republik\u00ebs s\u00eb Kosov\u00ebs, p\u00ebrfaq\u00ebsuar nga Ministria e Financave, dhe Kf\u00cb, Frankfurt am Main, p\u00ebr Programin e Kredis\u00eb t\u00eb Bazuar n\u00eb Politika n\u00eb sektorin e Energjis\u00eb dhe Klim\u00ebs p\u00ebr Kosov\u00ebn,<\/p>\n<p>Shqyrtimi i Projektligjit nr.10\/L-018 p\u00ebr Ratifikimin e Marr\u00ebveshjes s\u00eb Kredis\u00eb nd\u00ebrmjet Republik\u00ebs s\u00eb Kosov\u00ebs, p\u00ebrfaq\u00ebsuar nga Ministria e Financave dhe Asociacionit Nd\u00ebrkomb\u00ebtar p\u00ebr Zhvillim p\u00ebr Projektin \u201cLeht\u00ebsimi i Tregtis\u00eb dhe Transportit n\u00eb Ballkanin Per\u00ebndimor 2.0,<\/p>\n<p>Votimi i Propozim-Rezolut\u00ebs p\u00ebr rritjen e \u00e7mimeve t\u00eb naft\u00eb, mungesa e nd\u00ebrhyrjes s\u00eb Qeveris\u00eb dhe ndikimi i drejtp\u00ebrdrejt\u00eb n\u00eb koston e jetes\u00ebs si dhe stabiliteti ekonomik i vendit,<\/p>\n<p>Zgjedhja e 1 (nj\u00eb) an\u00ebtari Joprokuror n\u00eb K\u00ebshillin Prokurorial t\u00eb Kosov\u00ebs,<\/p>\n<p>Shqyrtimi i \u201cPropozim-Rezolut\u00ebs p\u00ebr mbrojtjen e s\u00eb v\u00ebrtet\u00ebs historike t\u00eb luft\u00ebs n\u00eb Kosov\u00eb 1998\u20131999\u201d,<\/p>\n<p>Propozimi i grupeve parlamentare t\u00eb PDK-s\u00eb dhe AAK-s\u00eb p\u00ebr em\u00ebrimin e deputet\u00ebve n\u00eb komisionet parlamentare<\/p>\n","protected":false},"excerpt":{"rendered":"<p>Prishtin\u00eb, 10 prill 2026 06:59 Sot do t\u00eb mbahet seanca e radh\u00ebs e Kuvendit t\u00eb Kosov\u00ebs. Seanca pritet t\u00eb nis n\u00eb ora 10:00 dhe do<\/p>\n","protected":false},"author":7,"featured_media":42396,"comment_status":"open","ping_status":"open","sticky":false,"template":"","format":"standard","meta":{"footnotes":""},"categories":[58],"tags":[],"class_list":["post-42395","post","type-post","status-publish","format-standard","has-post-thumbnail","hentry","category-politike-sq"],"yoast_head":"<!-- This site is optimized with the Yoast SEO plugin v25.3.1 - https:\/\/yoast.com\/wordpress\/plugins\/seo\/ -->\n<title>Sot seanca e Kuvendit: Fokus n\u00eb marr\u00ebveshjet financiare dhe \u00e7mimet e naft\u00ebs -<\/title>\n<meta name=\"robots\" content=\"index, follow, max-snippet:-1, max-image-preview:large, max-video-preview:-1\" \/>\n<link rel=\"canonical\" href=\"https:\/\/veritasinfo.org\/?p=42395\" \/>\n<meta property=\"og:locale\" content=\"en_US\" \/>\n<meta property=\"og:type\" content=\"article\" \/>\n<meta property=\"og:title\" content=\"Sot seanca e Kuvendit: Fokus n\u00eb marr\u00ebveshjet financiare dhe \u00e7mimet e naft\u00ebs -\" \/>\n<meta property=\"og:description\" content=\"Prishtin\u00eb, 10 prill 2026 06:59 Sot do t\u00eb mbahet seanca e radh\u00ebs e Kuvendit t\u00eb Kosov\u00ebs. Seanca pritet t\u00eb nis n\u00eb ora 10:00 dhe do\" \/>\n<meta property=\"og:url\" content=\"https:\/\/veritasinfo.org\/?p=42395\" \/>\n<meta property=\"article:published_time\" content=\"2026-04-10T05:04:30+00:00\" \/>\n<meta property=\"og:image\" content=\"https:\/\/veritasinfo.org\/wp-content\/uploads\/2026\/04\/images-9.jpeg\" \/>\n\t<meta property=\"og:image:width\" content=\"547\" \/>\n\t<meta property=\"og:image:height\" content=\"365\" \/>\n\t<meta property=\"og:image:type\" content=\"image\/jpeg\" \/>\n<meta name=\"author\" content=\"US6\" \/>\n<meta name=\"twitter:card\" content=\"summary_large_image\" \/>\n<meta name=\"twitter:label1\" content=\"Written by\" \/>\n\t<meta name=\"twitter:data1\" content=\"US6\" \/>\n\t<meta name=\"twitter:label2\" content=\"Est. reading time\" \/>\n\t<meta name=\"twitter:data2\" content=\"2 minutes\" \/>\n<script type=\"application\/ld+json\" class=\"yoast-schema-graph\">{\"@context\":\"https:\/\/schema.org\",\"@graph\":[{\"@type\":\"WebPage\",\"@id\":\"https:\/\/veritasinfo.org\/?p=42395\",\"url\":\"https:\/\/veritasinfo.org\/?p=42395\",\"name\":\"Sot seanca e Kuvendit: Fokus n\u00eb marr\u00ebveshjet financiare dhe \u00e7mimet e naft\u00ebs -\",\"isPartOf\":{\"@id\":\"https:\/\/veritasinfo.org\/#website\"},\"primaryImageOfPage\":{\"@id\":\"https:\/\/veritasinfo.org\/?p=42395#primaryimage\"},\"image\":{\"@id\":\"https:\/\/veritasinfo.org\/?p=42395#primaryimage\"},\"thumbnailUrl\":\"https:\/\/veritasinfo.org\/wp-content\/uploads\/2026\/04\/images-9.jpeg\",\"datePublished\":\"2026-04-10T05:04:30+00:00\",\"author\":{\"@id\":\"https:\/\/veritasinfo.org\/#\/schema\/person\/fe199eede04c3937362892b7444747cc\"},\"breadcrumb\":{\"@id\":\"https:\/\/veritasinfo.org\/?p=42395#breadcrumb\"},\"inLanguage\":\"en-US\",\"potentialAction\":[{\"@type\":\"ReadAction\",\"target\":[\"https:\/\/veritasinfo.org\/?p=42395\"]}]},{\"@type\":\"ImageObject\",\"inLanguage\":\"en-US\",\"@id\":\"https:\/\/veritasinfo.org\/?p=42395#primaryimage\",\"url\":\"https:\/\/veritasinfo.org\/wp-content\/uploads\/2026\/04\/images-9.jpeg\",\"contentUrl\":\"https:\/\/veritasinfo.org\/wp-content\/uploads\/2026\/04\/images-9.jpeg\",\"width\":547,\"height\":365},{\"@type\":\"BreadcrumbList\",\"@id\":\"https:\/\/veritasinfo.org\/?p=42395#breadcrumb\",\"itemListElement\":[{\"@type\":\"ListItem\",\"position\":1,\"name\":\"Home\",\"item\":\"https:\/\/veritasinfo.org\/\"},{\"@type\":\"ListItem\",\"position\":2,\"name\":\"Sot seanca e Kuvendit: Fokus n\u00eb marr\u00ebveshjet financiare dhe \u00e7mimet e naft\u00ebs\"}]},{\"@type\":\"WebSite\",\"@id\":\"https:\/\/veritasinfo.org\/#website\",\"url\":\"https:\/\/veritasinfo.org\/\",\"name\":\"\",\"description\":\"\",\"potentialAction\":[{\"@type\":\"SearchAction\",\"target\":{\"@type\":\"EntryPoint\",\"urlTemplate\":\"https:\/\/veritasinfo.org\/?s={search_term_string}\"},\"query-input\":{\"@type\":\"PropertyValueSpecification\",\"valueRequired\":true,\"valueName\":\"search_term_string\"}}],\"inLanguage\":\"en-US\"},{\"@type\":\"Person\",\"@id\":\"https:\/\/veritasinfo.org\/#\/schema\/person\/fe199eede04c3937362892b7444747cc\",\"name\":\"US6\",\"image\":{\"@type\":\"ImageObject\",\"inLanguage\":\"en-US\",\"@id\":\"https:\/\/veritasinfo.org\/#\/schema\/person\/image\/\",\"url\":\"https:\/\/secure.gravatar.com\/avatar\/cb16c3c31c9d23b9b8c705964598220b3014e42ff51eb540ff23cefa3ae8c15f?s=96&d=mm&r=g\",\"contentUrl\":\"https:\/\/secure.gravatar.com\/avatar\/cb16c3c31c9d23b9b8c705964598220b3014e42ff51eb540ff23cefa3ae8c15f?s=96&d=mm&r=g\",\"caption\":\"US6\"},\"url\":\"https:\/\/veritasinfo.org\/?author=7\"}]}<\/script>\n<!-- \/ Yoast SEO plugin. -->","yoast_head_json":{"title":"Sot seanca e Kuvendit: Fokus n\u00eb marr\u00ebveshjet financiare dhe \u00e7mimet e naft\u00ebs -","robots":{"index":"index","follow":"follow","max-snippet":"max-snippet:-1","max-image-preview":"max-image-preview:large","max-video-preview":"max-video-preview:-1"},"canonical":"https:\/\/veritasinfo.org\/?p=42395","og_locale":"en_US","og_type":"article","og_title":"Sot seanca e Kuvendit: Fokus n\u00eb marr\u00ebveshjet financiare dhe \u00e7mimet e naft\u00ebs -","og_description":"Prishtin\u00eb, 10 prill 2026 06:59 Sot do t\u00eb mbahet seanca e radh\u00ebs e Kuvendit t\u00eb Kosov\u00ebs. Seanca pritet t\u00eb nis n\u00eb ora 10:00 dhe do","og_url":"https:\/\/veritasinfo.org\/?p=42395","article_published_time":"2026-04-10T05:04:30+00:00","og_image":[{"width":547,"height":365,"url":"https:\/\/veritasinfo.org\/wp-content\/uploads\/2026\/04\/images-9.jpeg","type":"image\/jpeg"}],"author":"US6","twitter_card":"summary_large_image","twitter_misc":{"Written by":"US6","Est. reading time":"2 minutes"},"schema":{"@context":"https:\/\/schema.org","@graph":[{"@type":"WebPage","@id":"https:\/\/veritasinfo.org\/?p=42395","url":"https:\/\/veritasinfo.org\/?p=42395","name":"Sot seanca e Kuvendit: Fokus n\u00eb marr\u00ebveshjet financiare dhe \u00e7mimet e naft\u00ebs -","isPartOf":{"@id":"https:\/\/veritasinfo.org\/#website"},"primaryImageOfPage":{"@id":"https:\/\/veritasinfo.org\/?p=42395#primaryimage"},"image":{"@id":"https:\/\/veritasinfo.org\/?p=42395#primaryimage"},"thumbnailUrl":"https:\/\/veritasinfo.org\/wp-content\/uploads\/2026\/04\/images-9.jpeg","datePublished":"2026-04-10T05:04:30+00:00","author":{"@id":"https:\/\/veritasinfo.org\/#\/schema\/person\/fe199eede04c3937362892b7444747cc"},"breadcrumb":{"@id":"https:\/\/veritasinfo.org\/?p=42395#breadcrumb"},"inLanguage":"en-US","potentialAction":[{"@type":"ReadAction","target":["https:\/\/veritasinfo.org\/?p=42395"]}]},{"@type":"ImageObject","inLanguage":"en-US","@id":"https:\/\/veritasinfo.org\/?p=42395#primaryimage","url":"https:\/\/veritasinfo.org\/wp-content\/uploads\/2026\/04\/images-9.jpeg","contentUrl":"https:\/\/veritasinfo.org\/wp-content\/uploads\/2026\/04\/images-9.jpeg","width":547,"height":365},{"@type":"BreadcrumbList","@id":"https:\/\/veritasinfo.org\/?p=42395#breadcrumb","itemListElement":[{"@type":"ListItem","position":1,"name":"Home","item":"https:\/\/veritasinfo.org\/"},{"@type":"ListItem","position":2,"name":"Sot seanca e Kuvendit: Fokus n\u00eb marr\u00ebveshjet financiare dhe \u00e7mimet e naft\u00ebs"}]},{"@type":"WebSite","@id":"https:\/\/veritasinfo.org\/#website","url":"https:\/\/veritasinfo.org\/","name":"","description":"","potentialAction":[{"@type":"SearchAction","target":{"@type":"EntryPoint","urlTemplate":"https:\/\/veritasinfo.org\/?s={search_term_string}"},"query-input":{"@type":"PropertyValueSpecification","valueRequired":true,"valueName":"search_term_string"}}],"inLanguage":"en-US"},{"@type":"Person","@id":"https:\/\/veritasinfo.org\/#\/schema\/person\/fe199eede04c3937362892b7444747cc","name":"US6","image":{"@type":"ImageObject","inLanguage":"en-US","@id":"https:\/\/veritasinfo.org\/#\/schema\/person\/image\/","url":"https:\/\/secure.gravatar.com\/avatar\/cb16c3c31c9d23b9b8c705964598220b3014e42ff51eb540ff23cefa3ae8c15f?s=96&d=mm&r=g","contentUrl":"https:\/\/secure.gravatar.com\/avatar\/cb16c3c31c9d23b9b8c705964598220b3014e42ff51eb540ff23cefa3ae8c15f?s=96&d=mm&r=g","caption":"US6"},"url":"https:\/\/veritasinfo.org\/?author=7"}]}},"featured_image_urls":{"full":["https:\/\/veritasinfo.org\/wp-content\/uploads\/2026\/04\/images-9.jpeg",547,365,false],"thumbnail":["https:\/\/veritasinfo.org\/wp-content\/uploads\/2026\/04\/images-9-150x150.jpeg",150,150,true],"medium":["https:\/\/veritasinfo.org\/wp-content\/uploads\/2026\/04\/images-9-300x200.jpeg",300,200,true],"medium_large":["https:\/\/veritasinfo.org\/wp-content\/uploads\/2026\/04\/images-9.jpeg",547,365,false],"large":["https:\/\/veritasinfo.org\/wp-content\/uploads\/2026\/04\/images-9.jpeg",547,365,false],"1536x1536":["https:\/\/veritasinfo.org\/wp-content\/uploads\/2026\/04\/images-9.jpeg",547,365,false],"2048x2048":["https:\/\/veritasinfo.org\/wp-content\/uploads\/2026\/04\/images-9.jpeg",547,365,false],"kreeti-slider-full":["https:\/\/veritasinfo.org\/wp-content\/uploads\/2026\/04\/images-9.jpeg",547,365,false],"kreeti-featured":["https:\/\/veritasinfo.org\/wp-content\/uploads\/2026\/04\/images-9.jpeg",547,365,false],"kreeti-medium":["https:\/\/veritasinfo.org\/wp-content\/uploads\/2026\/04\/images-9.jpeg",547,365,false],"kreeti-medium-square":["https:\/\/veritasinfo.org\/wp-content\/uploads\/2026\/04\/images-9-350x350.jpeg",350,350,true]},"author_info":{"info":["US6"]},"category_info":"<a href=\"https:\/\/veritasinfo.org\/?cat=58\" rel=\"category\">Politik\u00eb<\/a>","tag_info":"Politik\u00eb","comment_count":"0","_links":{"self":[{"href":"https:\/\/veritasinfo.org\/index.php?rest_route=\/wp\/v2\/posts\/42395","targetHints":{"allow":["GET"]}}],"collection":[{"href":"https:\/\/veritasinfo.org\/index.php?rest_route=\/wp\/v2\/posts"}],"about":[{"href":"https:\/\/veritasinfo.org\/index.php?rest_route=\/wp\/v2\/types\/post"}],"author":[{"embeddable":true,"href":"https:\/\/veritasinfo.org\/index.php?rest_route=\/wp\/v2\/users\/7"}],"replies":[{"embeddable":true,"href":"https:\/\/veritasinfo.org\/index.php?rest_route=%2Fwp%2Fv2%2Fcomments&post=42395"}],"version-history":[{"count":1,"href":"https:\/\/veritasinfo.org\/index.php?rest_route=\/wp\/v2\/posts\/42395\/revisions"}],"predecessor-version":[{"id":42397,"href":"https:\/\/veritasinfo.org\/index.php?rest_route=\/wp\/v2\/posts\/42395\/revisions\/42397"}],"wp:featuredmedia":[{"embeddable":true,"href":"https:\/\/veritasinfo.org\/index.php?rest_route=\/wp\/v2\/media\/42396"}],"wp:attachment":[{"href":"https:\/\/veritasinfo.org\/index.php?rest_route=%2Fwp%2Fv2%2Fmedia&parent=42395"}],"wp:term":[{"taxonomy":"category","embeddable":true,"href":"https:\/\/veritasinfo.org\/index.php?rest_route=%2Fwp%2Fv2%2Fcategories&post=42395"},{"taxonomy":"post_tag","embeddable":true,"href":"https:\/\/veritasinfo.org\/index.php?rest_route=%2Fwp%2Fv2%2Ftags&post=42395"}],"curies":[{"name":"wp","href":"https:\/\/api.w.org\/{rel}","templated":true}]}}