{"id":42377,"date":"2026-04-09T20:30:52","date_gmt":"2026-04-09T18:30:52","guid":{"rendered":"https:\/\/veritasinfo.org\/?p=42377"},"modified":"2026-04-09T20:34:28","modified_gmt":"2026-04-09T18:34:28","slug":"kurti-ne-londer-serbia-po-kercenon-kosoven-me-mbeshtetje-ruse","status":"publish","type":"post","link":"https:\/\/veritasinfo.org\/?p=42377","title":{"rendered":"Kurti n\u00eb Lond\u00ebr: Serbia po k\u00ebrc\u00ebnon Kosov\u00ebn me mb\u00ebshtetje ruse"},"content":{"rendered":"<p>Prishtin\u00eb, 09.04.2026 20:28<\/p>\n<p>Kryeministri i Republik\u00ebs s\u00eb Kosov\u00ebs, Albin Kurti, ka nisur vizit\u00ebn zyrtare n\u00eb Lond\u00ebr, ku \u00ebsht\u00eb pritur nga Sekretarja p\u00ebr Pun\u00eb t\u00eb Jashtme e Mbret\u00ebris\u00eb s\u00eb Bashkuar, Yvette Cooper.<\/p>\n<p>N\u00eb takim, Kurti ka shprehur mir\u00ebnjohje p\u00ebr mb\u00ebshtetjen e vazhdueshme t\u00eb Mbret\u00ebris\u00eb s\u00eb Bashkuar ndaj Kosov\u00ebs, duke theksuar marr\u00ebdh\u00ebniet e forta dhe t\u00eb q\u00ebndrueshme mes dy vendeve, t\u00eb bazuara n\u00eb vlera t\u00eb p\u00ebrbashk\u00ebta demokratike dhe angazhimin p\u00ebr siguri e prosperitet evropian.<\/p>\n<p>&nbsp;<\/p>\n<p>Ai e cil\u00ebsoi Britanin\u00eb e Madhe si partner ky\u00e7 strategjik dhe u zotua p\u00ebr thellim t\u00eb bashk\u00ebpunimit.<\/p>\n<p>Duke folur p\u00ebr zhvillimin ekonomik, kryeministri Kurti vuri n\u00eb pah rritjen e buxhetit shtet\u00ebror dhe rishp\u00ebrndarjen e tij, duke theksuar sektor\u00ebt me zhvillim si teknologjia dhe bujq\u00ebsia.<\/p>\n<p>&nbsp;<\/p>\n<p>Ai gjithashtu foli p\u00ebr investimet n\u00eb mbrojtje, ushtrimet e p\u00ebrbashk\u00ebta ushtarake dhe bashk\u00ebpunimin me Mbret\u00ebrin\u00eb e Bashkuar n\u00eb ofrimin e trajnimeve dhe mb\u00ebshtetjes p\u00ebr Ukrain\u00ebn.<\/p>\n<p>N\u00eb fush\u00ebn e reformave, Kurti vler\u00ebsoi zbatimin e Ligjit p\u00ebr t\u00eb Huajt, duke theksuar procesin e tij gradual dhe pa p\u00ebrjashtime.<\/p>\n<p>Sa i p\u00ebrket orientimit strategjik, kryeministri ritheksoi se an\u00ebtar\u00ebsimi i Kosov\u00ebs n\u00eb NATO dhe Bashkimin Evropian mbetet prioritet p\u00ebr garantimin e siguris\u00eb, stabilitetit dhe zhvillimit afatgjat\u00eb.<\/p>\n<p>Kurti po ashtu informoi Sekretaren Cooper p\u00ebr, si\u00e7 tha ai, k\u00ebrc\u00ebnimet e vazhdueshme nga Serbia me mb\u00ebshtetje t\u00eb Rusis\u00eb, duke p\u00ebrmendur edhe ekzistenc\u00ebn e 48 bazave ushtarake t\u00eb p\u00ebrparuara pran\u00eb kufirit me Kosov\u00ebn.<\/p>\n<p>N\u00eb lidhje me dialogun Kosov\u00eb\u2013Serbi, ai p\u00ebrs\u00ebriti tri parakushtet p\u00ebr vazhdimin e procesit: dor\u00ebzimin e Milan Radoi\u00e7iqit nga Serbia, t\u00ebrheqjen e letr\u00ebs s\u00eb ish-kryeministres Ana B\u00ebrnabiq dhe n\u00ebnshkrimin e Marr\u00ebveshjes s\u00eb Ohrit.<\/p>\n<p>Kurti theksoi se Kosova mbetet e p\u00ebrkushtuar p\u00ebr normalizim t\u00eb plot\u00eb t\u00eb marr\u00ebdh\u00ebnieve p\u00ebrmes nj\u00eb marr\u00ebveshjeje ligj\u00ebrisht obliguese q\u00eb p\u00ebrfundon me njohje t\u00eb nd\u00ebrsjell\u00eb.<\/p>\n","protected":false},"excerpt":{"rendered":"<p>Prishtin\u00eb, 09.04.2026 20:28 Kryeministri i Republik\u00ebs s\u00eb Kosov\u00ebs, Albin Kurti, ka nisur vizit\u00ebn zyrtare n\u00eb Lond\u00ebr, ku \u00ebsht\u00eb pritur nga Sekretarja p\u00ebr Pun\u00eb t\u00eb Jashtme<\/p>\n","protected":false},"author":7,"featured_media":42378,"comment_status":"open","ping_status":"open","sticky":false,"template":"","format":"standard","meta":{"footnotes":""},"categories":[58],"tags":[],"class_list":["post-42377","post","type-post","status-publish","format-standard","has-post-thumbnail","hentry","category-politike-sq"],"yoast_head":"<!-- This site is optimized with the Yoast SEO plugin v25.3.1 - https:\/\/yoast.com\/wordpress\/plugins\/seo\/ -->\n<title>Kurti n\u00eb Lond\u00ebr: Serbia po k\u00ebrc\u00ebnon Kosov\u00ebn me mb\u00ebshtetje ruse -<\/title>\n<meta name=\"robots\" content=\"index, follow, max-snippet:-1, max-image-preview:large, max-video-preview:-1\" \/>\n<link rel=\"canonical\" href=\"https:\/\/veritasinfo.org\/?p=42377\" \/>\n<meta property=\"og:locale\" content=\"en_US\" \/>\n<meta property=\"og:type\" content=\"article\" \/>\n<meta property=\"og:title\" content=\"Kurti n\u00eb Lond\u00ebr: Serbia po k\u00ebrc\u00ebnon Kosov\u00ebn me mb\u00ebshtetje ruse -\" \/>\n<meta property=\"og:description\" content=\"Prishtin\u00eb, 09.04.2026 20:28 Kryeministri i Republik\u00ebs s\u00eb Kosov\u00ebs, Albin Kurti, ka nisur vizit\u00ebn zyrtare n\u00eb Lond\u00ebr, ku \u00ebsht\u00eb pritur nga Sekretarja p\u00ebr Pun\u00eb t\u00eb Jashtme\" \/>\n<meta property=\"og:url\" content=\"https:\/\/veritasinfo.org\/?p=42377\" \/>\n<meta property=\"article:published_time\" content=\"2026-04-09T18:30:52+00:00\" \/>\n<meta property=\"article:modified_time\" content=\"2026-04-09T18:34:28+00:00\" \/>\n<meta property=\"og:image\" content=\"https:\/\/veritasinfo.org\/wp-content\/uploads\/2026\/04\/image-1-3.webp\" \/>\n\t<meta property=\"og:image:width\" content=\"1245\" \/>\n\t<meta property=\"og:image:height\" content=\"700\" \/>\n\t<meta property=\"og:image:type\" content=\"image\/webp\" \/>\n<meta name=\"author\" content=\"US6\" \/>\n<meta name=\"twitter:card\" content=\"summary_large_image\" \/>\n<meta name=\"twitter:label1\" content=\"Written by\" \/>\n\t<meta name=\"twitter:data1\" content=\"US6\" \/>\n\t<meta name=\"twitter:label2\" content=\"Est. reading time\" \/>\n\t<meta name=\"twitter:data2\" content=\"2 minutes\" \/>\n<script type=\"application\/ld+json\" class=\"yoast-schema-graph\">{\"@context\":\"https:\/\/schema.org\",\"@graph\":[{\"@type\":\"WebPage\",\"@id\":\"https:\/\/veritasinfo.org\/?p=42377\",\"url\":\"https:\/\/veritasinfo.org\/?p=42377\",\"name\":\"Kurti n\u00eb Lond\u00ebr: Serbia po k\u00ebrc\u00ebnon Kosov\u00ebn me mb\u00ebshtetje ruse -\",\"isPartOf\":{\"@id\":\"https:\/\/veritasinfo.org\/#website\"},\"primaryImageOfPage\":{\"@id\":\"https:\/\/veritasinfo.org\/?p=42377#primaryimage\"},\"image\":{\"@id\":\"https:\/\/veritasinfo.org\/?p=42377#primaryimage\"},\"thumbnailUrl\":\"https:\/\/veritasinfo.org\/wp-content\/uploads\/2026\/04\/image-1-3.webp\",\"datePublished\":\"2026-04-09T18:30:52+00:00\",\"dateModified\":\"2026-04-09T18:34:28+00:00\",\"author\":{\"@id\":\"https:\/\/veritasinfo.org\/#\/schema\/person\/fe199eede04c3937362892b7444747cc\"},\"breadcrumb\":{\"@id\":\"https:\/\/veritasinfo.org\/?p=42377#breadcrumb\"},\"inLanguage\":\"en-US\",\"potentialAction\":[{\"@type\":\"ReadAction\",\"target\":[\"https:\/\/veritasinfo.org\/?p=42377\"]}]},{\"@type\":\"ImageObject\",\"inLanguage\":\"en-US\",\"@id\":\"https:\/\/veritasinfo.org\/?p=42377#primaryimage\",\"url\":\"https:\/\/veritasinfo.org\/wp-content\/uploads\/2026\/04\/image-1-3.webp\",\"contentUrl\":\"https:\/\/veritasinfo.org\/wp-content\/uploads\/2026\/04\/image-1-3.webp\",\"width\":1245,\"height\":700},{\"@type\":\"BreadcrumbList\",\"@id\":\"https:\/\/veritasinfo.org\/?p=42377#breadcrumb\",\"itemListElement\":[{\"@type\":\"ListItem\",\"position\":1,\"name\":\"Home\",\"item\":\"https:\/\/veritasinfo.org\/\"},{\"@type\":\"ListItem\",\"position\":2,\"name\":\"Kurti n\u00eb Lond\u00ebr: Serbia po k\u00ebrc\u00ebnon Kosov\u00ebn me mb\u00ebshtetje ruse\"}]},{\"@type\":\"WebSite\",\"@id\":\"https:\/\/veritasinfo.org\/#website\",\"url\":\"https:\/\/veritasinfo.org\/\",\"name\":\"\",\"description\":\"\",\"potentialAction\":[{\"@type\":\"SearchAction\",\"target\":{\"@type\":\"EntryPoint\",\"urlTemplate\":\"https:\/\/veritasinfo.org\/?s={search_term_string}\"},\"query-input\":{\"@type\":\"PropertyValueSpecification\",\"valueRequired\":true,\"valueName\":\"search_term_string\"}}],\"inLanguage\":\"en-US\"},{\"@type\":\"Person\",\"@id\":\"https:\/\/veritasinfo.org\/#\/schema\/person\/fe199eede04c3937362892b7444747cc\",\"name\":\"US6\",\"image\":{\"@type\":\"ImageObject\",\"inLanguage\":\"en-US\",\"@id\":\"https:\/\/veritasinfo.org\/#\/schema\/person\/image\/\",\"url\":\"https:\/\/secure.gravatar.com\/avatar\/cb16c3c31c9d23b9b8c705964598220b3014e42ff51eb540ff23cefa3ae8c15f?s=96&d=mm&r=g\",\"contentUrl\":\"https:\/\/secure.gravatar.com\/avatar\/cb16c3c31c9d23b9b8c705964598220b3014e42ff51eb540ff23cefa3ae8c15f?s=96&d=mm&r=g\",\"caption\":\"US6\"},\"url\":\"https:\/\/veritasinfo.org\/?author=7\"}]}<\/script>\n<!-- \/ Yoast SEO plugin. -->","yoast_head_json":{"title":"Kurti n\u00eb Lond\u00ebr: Serbia po k\u00ebrc\u00ebnon Kosov\u00ebn me mb\u00ebshtetje ruse -","robots":{"index":"index","follow":"follow","max-snippet":"max-snippet:-1","max-image-preview":"max-image-preview:large","max-video-preview":"max-video-preview:-1"},"canonical":"https:\/\/veritasinfo.org\/?p=42377","og_locale":"en_US","og_type":"article","og_title":"Kurti n\u00eb Lond\u00ebr: Serbia po k\u00ebrc\u00ebnon Kosov\u00ebn me mb\u00ebshtetje ruse -","og_description":"Prishtin\u00eb, 09.04.2026 20:28 Kryeministri i Republik\u00ebs s\u00eb Kosov\u00ebs, Albin Kurti, ka nisur vizit\u00ebn zyrtare n\u00eb Lond\u00ebr, ku \u00ebsht\u00eb pritur nga Sekretarja p\u00ebr Pun\u00eb t\u00eb Jashtme","og_url":"https:\/\/veritasinfo.org\/?p=42377","article_published_time":"2026-04-09T18:30:52+00:00","article_modified_time":"2026-04-09T18:34:28+00:00","og_image":[{"width":1245,"height":700,"url":"https:\/\/veritasinfo.org\/wp-content\/uploads\/2026\/04\/image-1-3.webp","type":"image\/webp"}],"author":"US6","twitter_card":"summary_large_image","twitter_misc":{"Written by":"US6","Est. reading time":"2 minutes"},"schema":{"@context":"https:\/\/schema.org","@graph":[{"@type":"WebPage","@id":"https:\/\/veritasinfo.org\/?p=42377","url":"https:\/\/veritasinfo.org\/?p=42377","name":"Kurti n\u00eb Lond\u00ebr: Serbia po k\u00ebrc\u00ebnon Kosov\u00ebn me mb\u00ebshtetje ruse -","isPartOf":{"@id":"https:\/\/veritasinfo.org\/#website"},"primaryImageOfPage":{"@id":"https:\/\/veritasinfo.org\/?p=42377#primaryimage"},"image":{"@id":"https:\/\/veritasinfo.org\/?p=42377#primaryimage"},"thumbnailUrl":"https:\/\/veritasinfo.org\/wp-content\/uploads\/2026\/04\/image-1-3.webp","datePublished":"2026-04-09T18:30:52+00:00","dateModified":"2026-04-09T18:34:28+00:00","author":{"@id":"https:\/\/veritasinfo.org\/#\/schema\/person\/fe199eede04c3937362892b7444747cc"},"breadcrumb":{"@id":"https:\/\/veritasinfo.org\/?p=42377#breadcrumb"},"inLanguage":"en-US","potentialAction":[{"@type":"ReadAction","target":["https:\/\/veritasinfo.org\/?p=42377"]}]},{"@type":"ImageObject","inLanguage":"en-US","@id":"https:\/\/veritasinfo.org\/?p=42377#primaryimage","url":"https:\/\/veritasinfo.org\/wp-content\/uploads\/2026\/04\/image-1-3.webp","contentUrl":"https:\/\/veritasinfo.org\/wp-content\/uploads\/2026\/04\/image-1-3.webp","width":1245,"height":700},{"@type":"BreadcrumbList","@id":"https:\/\/veritasinfo.org\/?p=42377#breadcrumb","itemListElement":[{"@type":"ListItem","position":1,"name":"Home","item":"https:\/\/veritasinfo.org\/"},{"@type":"ListItem","position":2,"name":"Kurti n\u00eb Lond\u00ebr: Serbia po k\u00ebrc\u00ebnon Kosov\u00ebn me mb\u00ebshtetje ruse"}]},{"@type":"WebSite","@id":"https:\/\/veritasinfo.org\/#website","url":"https:\/\/veritasinfo.org\/","name":"","description":"","potentialAction":[{"@type":"SearchAction","target":{"@type":"EntryPoint","urlTemplate":"https:\/\/veritasinfo.org\/?s={search_term_string}"},"query-input":{"@type":"PropertyValueSpecification","valueRequired":true,"valueName":"search_term_string"}}],"inLanguage":"en-US"},{"@type":"Person","@id":"https:\/\/veritasinfo.org\/#\/schema\/person\/fe199eede04c3937362892b7444747cc","name":"US6","image":{"@type":"ImageObject","inLanguage":"en-US","@id":"https:\/\/veritasinfo.org\/#\/schema\/person\/image\/","url":"https:\/\/secure.gravatar.com\/avatar\/cb16c3c31c9d23b9b8c705964598220b3014e42ff51eb540ff23cefa3ae8c15f?s=96&d=mm&r=g","contentUrl":"https:\/\/secure.gravatar.com\/avatar\/cb16c3c31c9d23b9b8c705964598220b3014e42ff51eb540ff23cefa3ae8c15f?s=96&d=mm&r=g","caption":"US6"},"url":"https:\/\/veritasinfo.org\/?author=7"}]}},"featured_image_urls":{"full":["https:\/\/veritasinfo.org\/wp-content\/uploads\/2026\/04\/image-1-3.webp",1245,700,false],"thumbnail":["https:\/\/veritasinfo.org\/wp-content\/uploads\/2026\/04\/image-1-3-150x150.webp",150,150,true],"medium":["https:\/\/veritasinfo.org\/wp-content\/uploads\/2026\/04\/image-1-3-300x169.webp",300,169,true],"medium_large":["https:\/\/veritasinfo.org\/wp-content\/uploads\/2026\/04\/image-1-3-768x432.webp",640,360,true],"large":["https:\/\/veritasinfo.org\/wp-content\/uploads\/2026\/04\/image-1-3-1024x576.webp",640,360,true],"1536x1536":["https:\/\/veritasinfo.org\/wp-content\/uploads\/2026\/04\/image-1-3.webp",1245,700,false],"2048x2048":["https:\/\/veritasinfo.org\/wp-content\/uploads\/2026\/04\/image-1-3.webp",1245,700,false],"kreeti-slider-full":["https:\/\/veritasinfo.org\/wp-content\/uploads\/2026\/04\/image-1-3.webp",1245,700,false],"kreeti-featured":["https:\/\/veritasinfo.org\/wp-content\/uploads\/2026\/04\/image-1-3-1024x576.webp",1024,576,true],"kreeti-medium":["https:\/\/veritasinfo.org\/wp-content\/uploads\/2026\/04\/image-1-3-720x530.webp",720,530,true],"kreeti-medium-square":["https:\/\/veritasinfo.org\/wp-content\/uploads\/2026\/04\/image-1-3-350x350.webp",350,350,true]},"author_info":{"info":["US6"]},"category_info":"<a href=\"https:\/\/veritasinfo.org\/?cat=58\" rel=\"category\">Politik\u00eb<\/a>","tag_info":"Politik\u00eb","comment_count":"0","_links":{"self":[{"href":"https:\/\/veritasinfo.org\/index.php?rest_route=\/wp\/v2\/posts\/42377","targetHints":{"allow":["GET"]}}],"collection":[{"href":"https:\/\/veritasinfo.org\/index.php?rest_route=\/wp\/v2\/posts"}],"about":[{"href":"https:\/\/veritasinfo.org\/index.php?rest_route=\/wp\/v2\/types\/post"}],"author":[{"embeddable":true,"href":"https:\/\/veritasinfo.org\/index.php?rest_route=\/wp\/v2\/users\/7"}],"replies":[{"embeddable":true,"href":"https:\/\/veritasinfo.org\/index.php?rest_route=%2Fwp%2Fv2%2Fcomments&post=42377"}],"version-history":[{"count":2,"href":"https:\/\/veritasinfo.org\/index.php?rest_route=\/wp\/v2\/posts\/42377\/revisions"}],"predecessor-version":[{"id":42380,"href":"https:\/\/veritasinfo.org\/index.php?rest_route=\/wp\/v2\/posts\/42377\/revisions\/42380"}],"wp:featuredmedia":[{"embeddable":true,"href":"https:\/\/veritasinfo.org\/index.php?rest_route=\/wp\/v2\/media\/42378"}],"wp:attachment":[{"href":"https:\/\/veritasinfo.org\/index.php?rest_route=%2Fwp%2Fv2%2Fmedia&parent=42377"}],"wp:term":[{"taxonomy":"category","embeddable":true,"href":"https:\/\/veritasinfo.org\/index.php?rest_route=%2Fwp%2Fv2%2Fcategories&post=42377"},{"taxonomy":"post_tag","embeddable":true,"href":"https:\/\/veritasinfo.org\/index.php?rest_route=%2Fwp%2Fv2%2Ftags&post=42377"}],"curies":[{"name":"wp","href":"https:\/\/api.w.org\/{rel}","templated":true}]}}