{"id":42360,"date":"2026-04-09T18:37:14","date_gmt":"2026-04-09T16:37:14","guid":{"rendered":"https:\/\/veritasinfo.org\/?p=42360"},"modified":"2026-04-09T18:37:14","modified_gmt":"2026-04-09T16:37:14","slug":"perfaqesuesja-e-shba-se-ne-okb-kosova-smund-te-trajtohet-si-ne-vitin-1999-unmik-ut-i-ka-ardhur-fundi","status":"publish","type":"post","link":"https:\/\/veritasinfo.org\/?p=42360","title":{"rendered":"P\u00ebrfaq\u00ebsuesja e SHBA-s\u00eb n\u00eb OKB: Kosova s\u2019mund t\u00eb trajtohet si n\u00eb vitin 1999, UNMIK-ut i ka ardhur fundi"},"content":{"rendered":"<p><strong>Nju Jork, 09 Prill 2026 18:37<\/strong><br \/>\nP\u00ebrfaq\u00ebsuesja e SHBA-s\u00eb n\u00eb Kombet e Bashkuara ka th\u00ebn\u00eb se nuk ka arsye m\u00eb q\u00eb UNMIK-ut t\u00eb vazhdoj\u00eb t\u00eb funksionoj\u00eb n\u00eb Kosov\u00eb, meq\u00eb Kosova s\u2019mund t\u00eb trajtohet nj\u00ebjt\u00eb sikur t\u00eb ishte n\u00eb vitin 1999.<br \/>\nAjo ka th\u00ebn\u00eb se Uashingtoni p\u00ebrkrah shkurtimin buxhetor t\u00eb UNMIK-ut dhe se misioni duhet t\u00eb funksionoj me buxhet t\u00eb shkurtuar deri t\u00eb mbyllet.<br \/>\n\u201cS\u2019ka arsyetim q\u00eb Kosova t\u00eb trajtohet n\u00eb vitin 2026 sikur t\u00eb ishte n\u00eb vitin 1999. KFORi merret me sigurin\u00eb. P\u00ebrfaq\u00ebsuesi i BE-s\u00eb merret me dialogun. UNMIK-u nuk adreson as paqeruajtje e as normalizim\u201d, ka th\u00ebn\u00eb Bruce.<br \/>\n\u201cMir\u00ebpresim zvog\u00eblimin e buxhetit t\u00eb UNMIK-ut. Deri t\u00eb merret vendimi p\u00ebr mbyllje, ky mision duhet t\u00eb funksionoj\u00eb me buxhet t\u00eb reduktuar\u201d, ka shtuar ambasadorja amerikane.<br \/>\n\u201cUNMIK-ut i ka ardhur fundi i rrug\u00ebs. N\u00ebse ky K\u00ebshill \u00ebsht\u00eb serioz, ne duhet t\u00eb veprojm\u00eb\u201d, ka p\u00ebrfunduar ajo.<\/p>\n","protected":false},"excerpt":{"rendered":"<p>Nju Jork, 09 Prill 2026 18:37 P\u00ebrfaq\u00ebsuesja e SHBA-s\u00eb n\u00eb Kombet e Bashkuara ka th\u00ebn\u00eb se nuk ka arsye m\u00eb q\u00eb UNMIK-ut t\u00eb vazhdoj\u00eb t\u00eb<\/p>\n","protected":false},"author":2,"featured_media":42361,"comment_status":"open","ping_status":"open","sticky":false,"template":"","format":"standard","meta":{"footnotes":""},"categories":[58],"tags":[],"class_list":["post-42360","post","type-post","status-publish","format-standard","has-post-thumbnail","hentry","category-politike-sq"],"yoast_head":"<!-- This site is optimized with the Yoast SEO plugin v25.3.1 - https:\/\/yoast.com\/wordpress\/plugins\/seo\/ -->\n<title>P\u00ebrfaq\u00ebsuesja e SHBA-s\u00eb n\u00eb OKB: Kosova s\u2019mund t\u00eb trajtohet si n\u00eb vitin 1999, UNMIK-ut i ka ardhur fundi -<\/title>\n<meta name=\"robots\" content=\"index, follow, max-snippet:-1, max-image-preview:large, max-video-preview:-1\" \/>\n<link rel=\"canonical\" href=\"https:\/\/veritasinfo.org\/?p=42360\" \/>\n<meta property=\"og:locale\" content=\"en_US\" \/>\n<meta property=\"og:type\" content=\"article\" \/>\n<meta property=\"og:title\" content=\"P\u00ebrfaq\u00ebsuesja e SHBA-s\u00eb n\u00eb OKB: Kosova s\u2019mund t\u00eb trajtohet si n\u00eb vitin 1999, UNMIK-ut i ka ardhur fundi -\" \/>\n<meta property=\"og:description\" content=\"Nju Jork, 09 Prill 2026 18:37 P\u00ebrfaq\u00ebsuesja e SHBA-s\u00eb n\u00eb Kombet e Bashkuara ka th\u00ebn\u00eb se nuk ka arsye m\u00eb q\u00eb UNMIK-ut t\u00eb vazhdoj\u00eb t\u00eb\" \/>\n<meta property=\"og:url\" content=\"https:\/\/veritasinfo.org\/?p=42360\" \/>\n<meta property=\"article:published_time\" content=\"2026-04-09T16:37:14+00:00\" \/>\n<meta property=\"og:image\" content=\"https:\/\/veritasinfo.org\/wp-content\/uploads\/2026\/04\/shba.png\" \/>\n\t<meta property=\"og:image:width\" content=\"600\" \/>\n\t<meta property=\"og:image:height\" content=\"360\" \/>\n\t<meta property=\"og:image:type\" content=\"image\/png\" \/>\n<meta name=\"author\" content=\"US1\" \/>\n<meta name=\"twitter:card\" content=\"summary_large_image\" \/>\n<meta name=\"twitter:label1\" content=\"Written by\" \/>\n\t<meta name=\"twitter:data1\" content=\"US1\" \/>\n\t<meta name=\"twitter:label2\" content=\"Est. reading time\" \/>\n\t<meta name=\"twitter:data2\" content=\"1 minute\" \/>\n<script type=\"application\/ld+json\" class=\"yoast-schema-graph\">{\"@context\":\"https:\/\/schema.org\",\"@graph\":[{\"@type\":\"WebPage\",\"@id\":\"https:\/\/veritasinfo.org\/?p=42360\",\"url\":\"https:\/\/veritasinfo.org\/?p=42360\",\"name\":\"P\u00ebrfaq\u00ebsuesja e SHBA-s\u00eb n\u00eb OKB: Kosova s\u2019mund t\u00eb trajtohet si n\u00eb vitin 1999, UNMIK-ut i ka ardhur fundi -\",\"isPartOf\":{\"@id\":\"https:\/\/veritasinfo.org\/#website\"},\"primaryImageOfPage\":{\"@id\":\"https:\/\/veritasinfo.org\/?p=42360#primaryimage\"},\"image\":{\"@id\":\"https:\/\/veritasinfo.org\/?p=42360#primaryimage\"},\"thumbnailUrl\":\"https:\/\/veritasinfo.org\/wp-content\/uploads\/2026\/04\/shba.png\",\"datePublished\":\"2026-04-09T16:37:14+00:00\",\"author\":{\"@id\":\"https:\/\/veritasinfo.org\/#\/schema\/person\/c2b8be262ea994d0995addca692c5e98\"},\"breadcrumb\":{\"@id\":\"https:\/\/veritasinfo.org\/?p=42360#breadcrumb\"},\"inLanguage\":\"en-US\",\"potentialAction\":[{\"@type\":\"ReadAction\",\"target\":[\"https:\/\/veritasinfo.org\/?p=42360\"]}]},{\"@type\":\"ImageObject\",\"inLanguage\":\"en-US\",\"@id\":\"https:\/\/veritasinfo.org\/?p=42360#primaryimage\",\"url\":\"https:\/\/veritasinfo.org\/wp-content\/uploads\/2026\/04\/shba.png\",\"contentUrl\":\"https:\/\/veritasinfo.org\/wp-content\/uploads\/2026\/04\/shba.png\",\"width\":600,\"height\":360},{\"@type\":\"BreadcrumbList\",\"@id\":\"https:\/\/veritasinfo.org\/?p=42360#breadcrumb\",\"itemListElement\":[{\"@type\":\"ListItem\",\"position\":1,\"name\":\"Home\",\"item\":\"https:\/\/veritasinfo.org\/\"},{\"@type\":\"ListItem\",\"position\":2,\"name\":\"P\u00ebrfaq\u00ebsuesja e SHBA-s\u00eb n\u00eb OKB: Kosova s\u2019mund t\u00eb trajtohet si n\u00eb vitin 1999, UNMIK-ut i ka ardhur fundi\"}]},{\"@type\":\"WebSite\",\"@id\":\"https:\/\/veritasinfo.org\/#website\",\"url\":\"https:\/\/veritasinfo.org\/\",\"name\":\"\",\"description\":\"\",\"potentialAction\":[{\"@type\":\"SearchAction\",\"target\":{\"@type\":\"EntryPoint\",\"urlTemplate\":\"https:\/\/veritasinfo.org\/?s={search_term_string}\"},\"query-input\":{\"@type\":\"PropertyValueSpecification\",\"valueRequired\":true,\"valueName\":\"search_term_string\"}}],\"inLanguage\":\"en-US\"},{\"@type\":\"Person\",\"@id\":\"https:\/\/veritasinfo.org\/#\/schema\/person\/c2b8be262ea994d0995addca692c5e98\",\"name\":\"US1\",\"image\":{\"@type\":\"ImageObject\",\"inLanguage\":\"en-US\",\"@id\":\"https:\/\/veritasinfo.org\/#\/schema\/person\/image\/\",\"url\":\"https:\/\/secure.gravatar.com\/avatar\/4e96a59bd256abf9956eb9963ac891a47461ffb364d47b0e9aab113328fdb75b?s=96&d=mm&r=g\",\"contentUrl\":\"https:\/\/secure.gravatar.com\/avatar\/4e96a59bd256abf9956eb9963ac891a47461ffb364d47b0e9aab113328fdb75b?s=96&d=mm&r=g\",\"caption\":\"US1\"},\"url\":\"https:\/\/veritasinfo.org\/?author=2\"}]}<\/script>\n<!-- \/ Yoast SEO plugin. -->","yoast_head_json":{"title":"P\u00ebrfaq\u00ebsuesja e SHBA-s\u00eb n\u00eb OKB: Kosova s\u2019mund t\u00eb trajtohet si n\u00eb vitin 1999, UNMIK-ut i ka ardhur fundi -","robots":{"index":"index","follow":"follow","max-snippet":"max-snippet:-1","max-image-preview":"max-image-preview:large","max-video-preview":"max-video-preview:-1"},"canonical":"https:\/\/veritasinfo.org\/?p=42360","og_locale":"en_US","og_type":"article","og_title":"P\u00ebrfaq\u00ebsuesja e SHBA-s\u00eb n\u00eb OKB: Kosova s\u2019mund t\u00eb trajtohet si n\u00eb vitin 1999, UNMIK-ut i ka ardhur fundi -","og_description":"Nju Jork, 09 Prill 2026 18:37 P\u00ebrfaq\u00ebsuesja e SHBA-s\u00eb n\u00eb Kombet e Bashkuara ka th\u00ebn\u00eb se nuk ka arsye m\u00eb q\u00eb UNMIK-ut t\u00eb vazhdoj\u00eb t\u00eb","og_url":"https:\/\/veritasinfo.org\/?p=42360","article_published_time":"2026-04-09T16:37:14+00:00","og_image":[{"width":600,"height":360,"url":"https:\/\/veritasinfo.org\/wp-content\/uploads\/2026\/04\/shba.png","type":"image\/png"}],"author":"US1","twitter_card":"summary_large_image","twitter_misc":{"Written by":"US1","Est. reading time":"1 minute"},"schema":{"@context":"https:\/\/schema.org","@graph":[{"@type":"WebPage","@id":"https:\/\/veritasinfo.org\/?p=42360","url":"https:\/\/veritasinfo.org\/?p=42360","name":"P\u00ebrfaq\u00ebsuesja e SHBA-s\u00eb n\u00eb OKB: Kosova s\u2019mund t\u00eb trajtohet si n\u00eb vitin 1999, UNMIK-ut i ka ardhur fundi -","isPartOf":{"@id":"https:\/\/veritasinfo.org\/#website"},"primaryImageOfPage":{"@id":"https:\/\/veritasinfo.org\/?p=42360#primaryimage"},"image":{"@id":"https:\/\/veritasinfo.org\/?p=42360#primaryimage"},"thumbnailUrl":"https:\/\/veritasinfo.org\/wp-content\/uploads\/2026\/04\/shba.png","datePublished":"2026-04-09T16:37:14+00:00","author":{"@id":"https:\/\/veritasinfo.org\/#\/schema\/person\/c2b8be262ea994d0995addca692c5e98"},"breadcrumb":{"@id":"https:\/\/veritasinfo.org\/?p=42360#breadcrumb"},"inLanguage":"en-US","potentialAction":[{"@type":"ReadAction","target":["https:\/\/veritasinfo.org\/?p=42360"]}]},{"@type":"ImageObject","inLanguage":"en-US","@id":"https:\/\/veritasinfo.org\/?p=42360#primaryimage","url":"https:\/\/veritasinfo.org\/wp-content\/uploads\/2026\/04\/shba.png","contentUrl":"https:\/\/veritasinfo.org\/wp-content\/uploads\/2026\/04\/shba.png","width":600,"height":360},{"@type":"BreadcrumbList","@id":"https:\/\/veritasinfo.org\/?p=42360#breadcrumb","itemListElement":[{"@type":"ListItem","position":1,"name":"Home","item":"https:\/\/veritasinfo.org\/"},{"@type":"ListItem","position":2,"name":"P\u00ebrfaq\u00ebsuesja e SHBA-s\u00eb n\u00eb OKB: Kosova s\u2019mund t\u00eb trajtohet si n\u00eb vitin 1999, UNMIK-ut i ka ardhur fundi"}]},{"@type":"WebSite","@id":"https:\/\/veritasinfo.org\/#website","url":"https:\/\/veritasinfo.org\/","name":"","description":"","potentialAction":[{"@type":"SearchAction","target":{"@type":"EntryPoint","urlTemplate":"https:\/\/veritasinfo.org\/?s={search_term_string}"},"query-input":{"@type":"PropertyValueSpecification","valueRequired":true,"valueName":"search_term_string"}}],"inLanguage":"en-US"},{"@type":"Person","@id":"https:\/\/veritasinfo.org\/#\/schema\/person\/c2b8be262ea994d0995addca692c5e98","name":"US1","image":{"@type":"ImageObject","inLanguage":"en-US","@id":"https:\/\/veritasinfo.org\/#\/schema\/person\/image\/","url":"https:\/\/secure.gravatar.com\/avatar\/4e96a59bd256abf9956eb9963ac891a47461ffb364d47b0e9aab113328fdb75b?s=96&d=mm&r=g","contentUrl":"https:\/\/secure.gravatar.com\/avatar\/4e96a59bd256abf9956eb9963ac891a47461ffb364d47b0e9aab113328fdb75b?s=96&d=mm&r=g","caption":"US1"},"url":"https:\/\/veritasinfo.org\/?author=2"}]}},"featured_image_urls":{"full":["https:\/\/veritasinfo.org\/wp-content\/uploads\/2026\/04\/shba.png",600,360,false],"thumbnail":["https:\/\/veritasinfo.org\/wp-content\/uploads\/2026\/04\/shba-150x150.png",150,150,true],"medium":["https:\/\/veritasinfo.org\/wp-content\/uploads\/2026\/04\/shba-300x180.png",300,180,true],"medium_large":["https:\/\/veritasinfo.org\/wp-content\/uploads\/2026\/04\/shba.png",600,360,false],"large":["https:\/\/veritasinfo.org\/wp-content\/uploads\/2026\/04\/shba.png",600,360,false],"1536x1536":["https:\/\/veritasinfo.org\/wp-content\/uploads\/2026\/04\/shba.png",600,360,false],"2048x2048":["https:\/\/veritasinfo.org\/wp-content\/uploads\/2026\/04\/shba.png",600,360,false],"kreeti-slider-full":["https:\/\/veritasinfo.org\/wp-content\/uploads\/2026\/04\/shba.png",600,360,false],"kreeti-featured":["https:\/\/veritasinfo.org\/wp-content\/uploads\/2026\/04\/shba.png",600,360,false],"kreeti-medium":["https:\/\/veritasinfo.org\/wp-content\/uploads\/2026\/04\/shba.png",600,360,false],"kreeti-medium-square":["https:\/\/veritasinfo.org\/wp-content\/uploads\/2026\/04\/shba-350x350.png",350,350,true]},"author_info":{"info":["US1"]},"category_info":"<a href=\"https:\/\/veritasinfo.org\/?cat=58\" rel=\"category\">Politik\u00eb<\/a>","tag_info":"Politik\u00eb","comment_count":"0","_links":{"self":[{"href":"https:\/\/veritasinfo.org\/index.php?rest_route=\/wp\/v2\/posts\/42360","targetHints":{"allow":["GET"]}}],"collection":[{"href":"https:\/\/veritasinfo.org\/index.php?rest_route=\/wp\/v2\/posts"}],"about":[{"href":"https:\/\/veritasinfo.org\/index.php?rest_route=\/wp\/v2\/types\/post"}],"author":[{"embeddable":true,"href":"https:\/\/veritasinfo.org\/index.php?rest_route=\/wp\/v2\/users\/2"}],"replies":[{"embeddable":true,"href":"https:\/\/veritasinfo.org\/index.php?rest_route=%2Fwp%2Fv2%2Fcomments&post=42360"}],"version-history":[{"count":1,"href":"https:\/\/veritasinfo.org\/index.php?rest_route=\/wp\/v2\/posts\/42360\/revisions"}],"predecessor-version":[{"id":42362,"href":"https:\/\/veritasinfo.org\/index.php?rest_route=\/wp\/v2\/posts\/42360\/revisions\/42362"}],"wp:featuredmedia":[{"embeddable":true,"href":"https:\/\/veritasinfo.org\/index.php?rest_route=\/wp\/v2\/media\/42361"}],"wp:attachment":[{"href":"https:\/\/veritasinfo.org\/index.php?rest_route=%2Fwp%2Fv2%2Fmedia&parent=42360"}],"wp:term":[{"taxonomy":"category","embeddable":true,"href":"https:\/\/veritasinfo.org\/index.php?rest_route=%2Fwp%2Fv2%2Fcategories&post=42360"},{"taxonomy":"post_tag","embeddable":true,"href":"https:\/\/veritasinfo.org\/index.php?rest_route=%2Fwp%2Fv2%2Ftags&post=42360"}],"curies":[{"name":"wp","href":"https:\/\/api.w.org\/{rel}","templated":true}]}}