{"id":42336,"date":"2026-04-09T17:15:23","date_gmt":"2026-04-09T15:15:23","guid":{"rendered":"https:\/\/veritasinfo.org\/?p=42336"},"modified":"2026-04-09T17:15:23","modified_gmt":"2026-04-09T15:15:23","slug":"konjufca-serbia-te-perballet-me-realitetin-dhe-ta-njohe-kosoven-si-shtet-sovran","status":"publish","type":"post","link":"https:\/\/veritasinfo.org\/?p=42336","title":{"rendered":"Konjufca: Serbia t\u00eb p\u00ebrballet me realitetin dhe ta njoh\u00eb Kosov\u00ebn si shtet sovran"},"content":{"rendered":"<p><strong>Nju Jork, 09 Prill 2026 17:15<\/strong><br \/>\nZ\u00ebvend\u00ebskryeministri i Par\u00eb dhe Ministri i Pun\u00ebve t\u00eb Jashtme dhe Diaspor\u00ebs, Glauk Konjufca i ka b\u00ebr\u00eb thirrje Serbis\u00eb ta njoh pavar\u00ebsin\u00eb e Kosov\u00ebs.<br \/>\nAi k\u00ebt\u00eb e ka b\u00ebr\u00eb n\u00eb mbledhjen e K\u00ebshillit t\u00eb Sigurimit t\u00eb OKB-s\u00eb.<br \/>\nKonjufca ka th\u00ebn\u00eb se Kosova mbetet e p\u00ebrkushtuar p\u00ebr normalizim t\u00eb marr\u00ebdh\u00ebnieve me Serbin\u00eb p\u00ebrmes dialogut.<br \/>\n\u201cKosova mbetet e gatshme t\u00eb normalizoj\u00eb marr\u00ebdh\u00ebniet nd\u00ebrshtet\u00ebrore dhe fqinj\u00ebsore, megjithat\u00eb penges\u00eb ndaj paqes dhe normalizimit t\u00eb marr\u00ebdh\u00ebnieve mbetet Serbia q\u00eb as nuk \u00ebsht\u00eb e interesuar t\u2019i normalizoj\u00eb marr\u00ebdh\u00ebniet me Kosov\u00ebn e as t\u00eb hyj\u00eb n\u00eb BE. I b\u00ebjm\u00eb thirrje Serbis\u00eb t\u00eb ballafaqohet me realitetin e vet dhe ta njoh\u00eb Kosov\u00ebn si shtet t\u00eb pavarur e sovran dhe t\u00eb mos mbaj\u00eb peng t\u00eb gjith\u00eb rajonin t\u00eb nj\u00eb hegjemonie\u201d, ka th\u00ebn\u00eb Konjufca.<br \/>\nKonjufca ka th\u00ebn\u00eb se raporti i UNMIK-ut nuk paraqet situat\u00ebn reale n\u00eb teren.<br \/>\nAi tha se Kosova ka krijuar institucione t\u00eb besueshme dhe demokratike.<br \/>\nPoashtu ka th\u00ebn\u00eb se Serbia ka tentuar t\u00eb nd\u00ebrhyj\u00eb n\u00eb zgjedhjet e brendshme n\u00eb Kosov\u00eb, duke th\u00ebn\u00eb se nj\u00eb gj\u00eb e till\u00eb \u00ebsht\u00eb penguar.<\/p>\n","protected":false},"excerpt":{"rendered":"<p>Nju Jork, 09 Prill 2026 17:15 Z\u00ebvend\u00ebskryeministri i Par\u00eb dhe Ministri i Pun\u00ebve t\u00eb Jashtme dhe Diaspor\u00ebs, Glauk Konjufca i ka b\u00ebr\u00eb thirrje Serbis\u00eb ta<\/p>\n","protected":false},"author":2,"featured_media":42331,"comment_status":"open","ping_status":"open","sticky":false,"template":"","format":"standard","meta":{"footnotes":""},"categories":[58],"tags":[],"class_list":["post-42336","post","type-post","status-publish","format-standard","has-post-thumbnail","hentry","category-politike-sq"],"yoast_head":"<!-- This site is optimized with the Yoast SEO plugin v25.3.1 - https:\/\/yoast.com\/wordpress\/plugins\/seo\/ -->\n<title>Konjufca: Serbia t\u00eb p\u00ebrballet me realitetin dhe ta njoh\u00eb Kosov\u00ebn si shtet sovran -<\/title>\n<meta name=\"robots\" content=\"index, follow, max-snippet:-1, max-image-preview:large, max-video-preview:-1\" \/>\n<link rel=\"canonical\" href=\"https:\/\/veritasinfo.org\/?p=42336\" \/>\n<meta property=\"og:locale\" content=\"en_US\" \/>\n<meta property=\"og:type\" content=\"article\" \/>\n<meta property=\"og:title\" content=\"Konjufca: Serbia t\u00eb p\u00ebrballet me realitetin dhe ta njoh\u00eb Kosov\u00ebn si shtet sovran -\" \/>\n<meta property=\"og:description\" content=\"Nju Jork, 09 Prill 2026 17:15 Z\u00ebvend\u00ebskryeministri i Par\u00eb dhe Ministri i Pun\u00ebve t\u00eb Jashtme dhe Diaspor\u00ebs, Glauk Konjufca i ka b\u00ebr\u00eb thirrje Serbis\u00eb ta\" \/>\n<meta property=\"og:url\" content=\"https:\/\/veritasinfo.org\/?p=42336\" \/>\n<meta property=\"article:published_time\" content=\"2026-04-09T15:15:23+00:00\" \/>\n<meta property=\"og:image\" content=\"https:\/\/veritasinfo.org\/wp-content\/uploads\/2026\/04\/Konjufca.webp\" \/>\n\t<meta property=\"og:image:width\" content=\"1360\" \/>\n\t<meta property=\"og:image:height\" content=\"815\" \/>\n\t<meta property=\"og:image:type\" content=\"image\/webp\" \/>\n<meta name=\"author\" content=\"US1\" \/>\n<meta name=\"twitter:card\" content=\"summary_large_image\" \/>\n<meta name=\"twitter:label1\" content=\"Written by\" \/>\n\t<meta name=\"twitter:data1\" content=\"US1\" \/>\n\t<meta name=\"twitter:label2\" content=\"Est. reading time\" \/>\n\t<meta name=\"twitter:data2\" content=\"1 minute\" \/>\n<script type=\"application\/ld+json\" class=\"yoast-schema-graph\">{\"@context\":\"https:\/\/schema.org\",\"@graph\":[{\"@type\":\"WebPage\",\"@id\":\"https:\/\/veritasinfo.org\/?p=42336\",\"url\":\"https:\/\/veritasinfo.org\/?p=42336\",\"name\":\"Konjufca: Serbia t\u00eb p\u00ebrballet me realitetin dhe ta njoh\u00eb Kosov\u00ebn si shtet sovran -\",\"isPartOf\":{\"@id\":\"https:\/\/veritasinfo.org\/#website\"},\"primaryImageOfPage\":{\"@id\":\"https:\/\/veritasinfo.org\/?p=42336#primaryimage\"},\"image\":{\"@id\":\"https:\/\/veritasinfo.org\/?p=42336#primaryimage\"},\"thumbnailUrl\":\"https:\/\/veritasinfo.org\/wp-content\/uploads\/2026\/04\/Konjufca.webp\",\"datePublished\":\"2026-04-09T15:15:23+00:00\",\"author\":{\"@id\":\"https:\/\/veritasinfo.org\/#\/schema\/person\/c2b8be262ea994d0995addca692c5e98\"},\"breadcrumb\":{\"@id\":\"https:\/\/veritasinfo.org\/?p=42336#breadcrumb\"},\"inLanguage\":\"en-US\",\"potentialAction\":[{\"@type\":\"ReadAction\",\"target\":[\"https:\/\/veritasinfo.org\/?p=42336\"]}]},{\"@type\":\"ImageObject\",\"inLanguage\":\"en-US\",\"@id\":\"https:\/\/veritasinfo.org\/?p=42336#primaryimage\",\"url\":\"https:\/\/veritasinfo.org\/wp-content\/uploads\/2026\/04\/Konjufca.webp\",\"contentUrl\":\"https:\/\/veritasinfo.org\/wp-content\/uploads\/2026\/04\/Konjufca.webp\",\"width\":1360,\"height\":815},{\"@type\":\"BreadcrumbList\",\"@id\":\"https:\/\/veritasinfo.org\/?p=42336#breadcrumb\",\"itemListElement\":[{\"@type\":\"ListItem\",\"position\":1,\"name\":\"Home\",\"item\":\"https:\/\/veritasinfo.org\/\"},{\"@type\":\"ListItem\",\"position\":2,\"name\":\"Konjufca: Serbia t\u00eb p\u00ebrballet me realitetin dhe ta njoh\u00eb Kosov\u00ebn si shtet sovran\"}]},{\"@type\":\"WebSite\",\"@id\":\"https:\/\/veritasinfo.org\/#website\",\"url\":\"https:\/\/veritasinfo.org\/\",\"name\":\"\",\"description\":\"\",\"potentialAction\":[{\"@type\":\"SearchAction\",\"target\":{\"@type\":\"EntryPoint\",\"urlTemplate\":\"https:\/\/veritasinfo.org\/?s={search_term_string}\"},\"query-input\":{\"@type\":\"PropertyValueSpecification\",\"valueRequired\":true,\"valueName\":\"search_term_string\"}}],\"inLanguage\":\"en-US\"},{\"@type\":\"Person\",\"@id\":\"https:\/\/veritasinfo.org\/#\/schema\/person\/c2b8be262ea994d0995addca692c5e98\",\"name\":\"US1\",\"image\":{\"@type\":\"ImageObject\",\"inLanguage\":\"en-US\",\"@id\":\"https:\/\/veritasinfo.org\/#\/schema\/person\/image\/\",\"url\":\"https:\/\/secure.gravatar.com\/avatar\/4e96a59bd256abf9956eb9963ac891a47461ffb364d47b0e9aab113328fdb75b?s=96&d=mm&r=g\",\"contentUrl\":\"https:\/\/secure.gravatar.com\/avatar\/4e96a59bd256abf9956eb9963ac891a47461ffb364d47b0e9aab113328fdb75b?s=96&d=mm&r=g\",\"caption\":\"US1\"},\"url\":\"https:\/\/veritasinfo.org\/?author=2\"}]}<\/script>\n<!-- \/ Yoast SEO plugin. -->","yoast_head_json":{"title":"Konjufca: Serbia t\u00eb p\u00ebrballet me realitetin dhe ta njoh\u00eb Kosov\u00ebn si shtet sovran -","robots":{"index":"index","follow":"follow","max-snippet":"max-snippet:-1","max-image-preview":"max-image-preview:large","max-video-preview":"max-video-preview:-1"},"canonical":"https:\/\/veritasinfo.org\/?p=42336","og_locale":"en_US","og_type":"article","og_title":"Konjufca: Serbia t\u00eb p\u00ebrballet me realitetin dhe ta njoh\u00eb Kosov\u00ebn si shtet sovran -","og_description":"Nju Jork, 09 Prill 2026 17:15 Z\u00ebvend\u00ebskryeministri i Par\u00eb dhe Ministri i Pun\u00ebve t\u00eb Jashtme dhe Diaspor\u00ebs, Glauk Konjufca i ka b\u00ebr\u00eb thirrje Serbis\u00eb ta","og_url":"https:\/\/veritasinfo.org\/?p=42336","article_published_time":"2026-04-09T15:15:23+00:00","og_image":[{"width":1360,"height":815,"url":"https:\/\/veritasinfo.org\/wp-content\/uploads\/2026\/04\/Konjufca.webp","type":"image\/webp"}],"author":"US1","twitter_card":"summary_large_image","twitter_misc":{"Written by":"US1","Est. reading time":"1 minute"},"schema":{"@context":"https:\/\/schema.org","@graph":[{"@type":"WebPage","@id":"https:\/\/veritasinfo.org\/?p=42336","url":"https:\/\/veritasinfo.org\/?p=42336","name":"Konjufca: Serbia t\u00eb p\u00ebrballet me realitetin dhe ta njoh\u00eb Kosov\u00ebn si shtet sovran -","isPartOf":{"@id":"https:\/\/veritasinfo.org\/#website"},"primaryImageOfPage":{"@id":"https:\/\/veritasinfo.org\/?p=42336#primaryimage"},"image":{"@id":"https:\/\/veritasinfo.org\/?p=42336#primaryimage"},"thumbnailUrl":"https:\/\/veritasinfo.org\/wp-content\/uploads\/2026\/04\/Konjufca.webp","datePublished":"2026-04-09T15:15:23+00:00","author":{"@id":"https:\/\/veritasinfo.org\/#\/schema\/person\/c2b8be262ea994d0995addca692c5e98"},"breadcrumb":{"@id":"https:\/\/veritasinfo.org\/?p=42336#breadcrumb"},"inLanguage":"en-US","potentialAction":[{"@type":"ReadAction","target":["https:\/\/veritasinfo.org\/?p=42336"]}]},{"@type":"ImageObject","inLanguage":"en-US","@id":"https:\/\/veritasinfo.org\/?p=42336#primaryimage","url":"https:\/\/veritasinfo.org\/wp-content\/uploads\/2026\/04\/Konjufca.webp","contentUrl":"https:\/\/veritasinfo.org\/wp-content\/uploads\/2026\/04\/Konjufca.webp","width":1360,"height":815},{"@type":"BreadcrumbList","@id":"https:\/\/veritasinfo.org\/?p=42336#breadcrumb","itemListElement":[{"@type":"ListItem","position":1,"name":"Home","item":"https:\/\/veritasinfo.org\/"},{"@type":"ListItem","position":2,"name":"Konjufca: Serbia t\u00eb p\u00ebrballet me realitetin dhe ta njoh\u00eb Kosov\u00ebn si shtet sovran"}]},{"@type":"WebSite","@id":"https:\/\/veritasinfo.org\/#website","url":"https:\/\/veritasinfo.org\/","name":"","description":"","potentialAction":[{"@type":"SearchAction","target":{"@type":"EntryPoint","urlTemplate":"https:\/\/veritasinfo.org\/?s={search_term_string}"},"query-input":{"@type":"PropertyValueSpecification","valueRequired":true,"valueName":"search_term_string"}}],"inLanguage":"en-US"},{"@type":"Person","@id":"https:\/\/veritasinfo.org\/#\/schema\/person\/c2b8be262ea994d0995addca692c5e98","name":"US1","image":{"@type":"ImageObject","inLanguage":"en-US","@id":"https:\/\/veritasinfo.org\/#\/schema\/person\/image\/","url":"https:\/\/secure.gravatar.com\/avatar\/4e96a59bd256abf9956eb9963ac891a47461ffb364d47b0e9aab113328fdb75b?s=96&d=mm&r=g","contentUrl":"https:\/\/secure.gravatar.com\/avatar\/4e96a59bd256abf9956eb9963ac891a47461ffb364d47b0e9aab113328fdb75b?s=96&d=mm&r=g","caption":"US1"},"url":"https:\/\/veritasinfo.org\/?author=2"}]}},"featured_image_urls":{"full":["https:\/\/veritasinfo.org\/wp-content\/uploads\/2026\/04\/Konjufca.webp",1360,815,false],"thumbnail":["https:\/\/veritasinfo.org\/wp-content\/uploads\/2026\/04\/Konjufca-150x150.webp",150,150,true],"medium":["https:\/\/veritasinfo.org\/wp-content\/uploads\/2026\/04\/Konjufca-300x180.webp",300,180,true],"medium_large":["https:\/\/veritasinfo.org\/wp-content\/uploads\/2026\/04\/Konjufca-768x460.webp",640,383,true],"large":["https:\/\/veritasinfo.org\/wp-content\/uploads\/2026\/04\/Konjufca-1024x614.webp",640,384,true],"1536x1536":["https:\/\/veritasinfo.org\/wp-content\/uploads\/2026\/04\/Konjufca.webp",1360,815,false],"2048x2048":["https:\/\/veritasinfo.org\/wp-content\/uploads\/2026\/04\/Konjufca.webp",1360,815,false],"kreeti-slider-full":["https:\/\/veritasinfo.org\/wp-content\/uploads\/2026\/04\/Konjufca-1280x720.webp",1280,720,true],"kreeti-featured":["https:\/\/veritasinfo.org\/wp-content\/uploads\/2026\/04\/Konjufca-1024x614.webp",1024,614,true],"kreeti-medium":["https:\/\/veritasinfo.org\/wp-content\/uploads\/2026\/04\/Konjufca-720x530.webp",720,530,true],"kreeti-medium-square":["https:\/\/veritasinfo.org\/wp-content\/uploads\/2026\/04\/Konjufca-350x350.webp",350,350,true]},"author_info":{"info":["US1"]},"category_info":"<a href=\"https:\/\/veritasinfo.org\/?cat=58\" rel=\"category\">Politik\u00eb<\/a>","tag_info":"Politik\u00eb","comment_count":"0","_links":{"self":[{"href":"https:\/\/veritasinfo.org\/index.php?rest_route=\/wp\/v2\/posts\/42336","targetHints":{"allow":["GET"]}}],"collection":[{"href":"https:\/\/veritasinfo.org\/index.php?rest_route=\/wp\/v2\/posts"}],"about":[{"href":"https:\/\/veritasinfo.org\/index.php?rest_route=\/wp\/v2\/types\/post"}],"author":[{"embeddable":true,"href":"https:\/\/veritasinfo.org\/index.php?rest_route=\/wp\/v2\/users\/2"}],"replies":[{"embeddable":true,"href":"https:\/\/veritasinfo.org\/index.php?rest_route=%2Fwp%2Fv2%2Fcomments&post=42336"}],"version-history":[{"count":1,"href":"https:\/\/veritasinfo.org\/index.php?rest_route=\/wp\/v2\/posts\/42336\/revisions"}],"predecessor-version":[{"id":42337,"href":"https:\/\/veritasinfo.org\/index.php?rest_route=\/wp\/v2\/posts\/42336\/revisions\/42337"}],"wp:featuredmedia":[{"embeddable":true,"href":"https:\/\/veritasinfo.org\/index.php?rest_route=\/wp\/v2\/media\/42331"}],"wp:attachment":[{"href":"https:\/\/veritasinfo.org\/index.php?rest_route=%2Fwp%2Fv2%2Fmedia&parent=42336"}],"wp:term":[{"taxonomy":"category","embeddable":true,"href":"https:\/\/veritasinfo.org\/index.php?rest_route=%2Fwp%2Fv2%2Fcategories&post=42336"},{"taxonomy":"post_tag","embeddable":true,"href":"https:\/\/veritasinfo.org\/index.php?rest_route=%2Fwp%2Fv2%2Ftags&post=42336"}],"curies":[{"name":"wp","href":"https:\/\/api.w.org\/{rel}","templated":true}]}}