{"id":42330,"date":"2026-04-09T17:10:45","date_gmt":"2026-04-09T15:10:45","guid":{"rendered":"https:\/\/veritasinfo.org\/?p=42330"},"modified":"2026-04-09T17:10:45","modified_gmt":"2026-04-09T15:10:45","slug":"konjufca-smund-ti-besojme-serbise","status":"publish","type":"post","link":"https:\/\/veritasinfo.org\/?p=42330","title":{"rendered":"Konjufca: S\u2019mund t\u2019i besojm\u00eb Serbis\u00eb"},"content":{"rendered":"<p><strong>Nju Jork, 09 Prill 2026 17:10<\/strong><br \/>\nMinistri i Jasht\u00ebm, Glauk Konjufca, ka th\u00ebn\u00eb se Kosova nuk mund t\u2019i besoj\u00eb Serbis\u00eb pa llogaridh\u00ebnie t\u00eb qart\u00eb dhe garanci p\u00ebr ndalimin e agresionit.<br \/>\nK\u00ebtu ka marr\u00eb p\u00ebr baz\u00eb \u00e7\u00ebshtjen e mbrojtjes s\u00eb terrorist\u00ebve t\u00eb Banjsk\u00ebs nga ana e shtetit t\u00eb Serbis\u00eb.<br \/>\nP\u00ebr raportin, Konjufca ka th\u00ebn\u00eb se nuk e trajton mjaftuesh\u00ebm sulmin terrorist n\u00eb Banjsk\u00eb n\u00eb shtator t\u00eb 2023-s.<br \/>\n\u201cSi Kosova ashtu edhe BE-ja ka b\u00ebr\u00eb thirrje p\u00ebr vendosjen e llogaridh\u00ebnies p\u00ebr k\u00ebto tri vjet. Beogradi i ka trajnuar, e tani i mbron kryer\u00ebsit e k\u00ebtij akti terrorist\u201d, ka th\u00ebn\u00eb Konjufca. \u201cNuk mund t\u2019i besojm\u00eb Serbis\u00eb, nuk mund t\u00eb normalizojm\u00eb marr\u00ebdh\u00ebniet pa llogaridh\u00ebnie t\u00eb qart\u00eb e garanci p\u00ebr ndalim t\u00eb agresionit. Po t\u00eb ishte m\u00eb i balancuar, m\u00eb i sakt\u00eb raporti i UNMIK-ut do t\u00eb raportonte mbi zhvillimet n\u00eb t\u00eb gjith\u00eb rajonin, sidomos qasjen autoritare dhe destruktive t\u00eb Beogradit\u201d.<br \/>\nKonjufca ka shtuar se Kosova ka q\u00ebllim q\u00eb t\u00eb ofroj\u00eb siguri dhe t\u2019i adresoj\u00eb t\u00eb gjitha k\u00ebrc\u00ebnimet n\u00eb veri, p\u00ebr t\u00eb ofruar ambient stabil p\u00ebr t\u00eb gjith\u00eb qytetar\u00ebt.<\/p>\n","protected":false},"excerpt":{"rendered":"<p>Nju Jork, 09 Prill 2026 17:10 Ministri i Jasht\u00ebm, Glauk Konjufca, ka th\u00ebn\u00eb se Kosova nuk mund t\u2019i besoj\u00eb Serbis\u00eb pa llogaridh\u00ebnie t\u00eb qart\u00eb dhe<\/p>\n","protected":false},"author":2,"featured_media":42331,"comment_status":"open","ping_status":"open","sticky":false,"template":"","format":"standard","meta":{"footnotes":""},"categories":[58],"tags":[],"class_list":["post-42330","post","type-post","status-publish","format-standard","has-post-thumbnail","hentry","category-politike-sq"],"yoast_head":"<!-- This site is optimized with the Yoast SEO plugin v25.3.1 - https:\/\/yoast.com\/wordpress\/plugins\/seo\/ -->\n<title>Konjufca: S\u2019mund t\u2019i besojm\u00eb Serbis\u00eb -<\/title>\n<meta name=\"robots\" content=\"index, follow, max-snippet:-1, max-image-preview:large, max-video-preview:-1\" \/>\n<link rel=\"canonical\" href=\"https:\/\/veritasinfo.org\/?p=42330\" \/>\n<meta property=\"og:locale\" content=\"en_US\" \/>\n<meta property=\"og:type\" content=\"article\" \/>\n<meta property=\"og:title\" content=\"Konjufca: S\u2019mund t\u2019i besojm\u00eb Serbis\u00eb -\" \/>\n<meta property=\"og:description\" content=\"Nju Jork, 09 Prill 2026 17:10 Ministri i Jasht\u00ebm, Glauk Konjufca, ka th\u00ebn\u00eb se Kosova nuk mund t\u2019i besoj\u00eb Serbis\u00eb pa llogaridh\u00ebnie t\u00eb qart\u00eb dhe\" \/>\n<meta property=\"og:url\" content=\"https:\/\/veritasinfo.org\/?p=42330\" \/>\n<meta property=\"article:published_time\" content=\"2026-04-09T15:10:45+00:00\" \/>\n<meta property=\"og:image\" content=\"https:\/\/veritasinfo.org\/wp-content\/uploads\/2026\/04\/Konjufca.webp\" \/>\n\t<meta property=\"og:image:width\" content=\"1360\" \/>\n\t<meta property=\"og:image:height\" content=\"815\" \/>\n\t<meta property=\"og:image:type\" content=\"image\/webp\" \/>\n<meta name=\"author\" content=\"US1\" \/>\n<meta name=\"twitter:card\" content=\"summary_large_image\" \/>\n<meta name=\"twitter:label1\" content=\"Written by\" \/>\n\t<meta name=\"twitter:data1\" content=\"US1\" \/>\n\t<meta name=\"twitter:label2\" content=\"Est. reading time\" \/>\n\t<meta name=\"twitter:data2\" content=\"1 minute\" \/>\n<script type=\"application\/ld+json\" class=\"yoast-schema-graph\">{\"@context\":\"https:\/\/schema.org\",\"@graph\":[{\"@type\":\"WebPage\",\"@id\":\"https:\/\/veritasinfo.org\/?p=42330\",\"url\":\"https:\/\/veritasinfo.org\/?p=42330\",\"name\":\"Konjufca: S\u2019mund t\u2019i besojm\u00eb Serbis\u00eb -\",\"isPartOf\":{\"@id\":\"https:\/\/veritasinfo.org\/#website\"},\"primaryImageOfPage\":{\"@id\":\"https:\/\/veritasinfo.org\/?p=42330#primaryimage\"},\"image\":{\"@id\":\"https:\/\/veritasinfo.org\/?p=42330#primaryimage\"},\"thumbnailUrl\":\"https:\/\/veritasinfo.org\/wp-content\/uploads\/2026\/04\/Konjufca.webp\",\"datePublished\":\"2026-04-09T15:10:45+00:00\",\"author\":{\"@id\":\"https:\/\/veritasinfo.org\/#\/schema\/person\/c2b8be262ea994d0995addca692c5e98\"},\"breadcrumb\":{\"@id\":\"https:\/\/veritasinfo.org\/?p=42330#breadcrumb\"},\"inLanguage\":\"en-US\",\"potentialAction\":[{\"@type\":\"ReadAction\",\"target\":[\"https:\/\/veritasinfo.org\/?p=42330\"]}]},{\"@type\":\"ImageObject\",\"inLanguage\":\"en-US\",\"@id\":\"https:\/\/veritasinfo.org\/?p=42330#primaryimage\",\"url\":\"https:\/\/veritasinfo.org\/wp-content\/uploads\/2026\/04\/Konjufca.webp\",\"contentUrl\":\"https:\/\/veritasinfo.org\/wp-content\/uploads\/2026\/04\/Konjufca.webp\",\"width\":1360,\"height\":815},{\"@type\":\"BreadcrumbList\",\"@id\":\"https:\/\/veritasinfo.org\/?p=42330#breadcrumb\",\"itemListElement\":[{\"@type\":\"ListItem\",\"position\":1,\"name\":\"Home\",\"item\":\"https:\/\/veritasinfo.org\/\"},{\"@type\":\"ListItem\",\"position\":2,\"name\":\"Konjufca: S\u2019mund t\u2019i besojm\u00eb Serbis\u00eb\"}]},{\"@type\":\"WebSite\",\"@id\":\"https:\/\/veritasinfo.org\/#website\",\"url\":\"https:\/\/veritasinfo.org\/\",\"name\":\"\",\"description\":\"\",\"potentialAction\":[{\"@type\":\"SearchAction\",\"target\":{\"@type\":\"EntryPoint\",\"urlTemplate\":\"https:\/\/veritasinfo.org\/?s={search_term_string}\"},\"query-input\":{\"@type\":\"PropertyValueSpecification\",\"valueRequired\":true,\"valueName\":\"search_term_string\"}}],\"inLanguage\":\"en-US\"},{\"@type\":\"Person\",\"@id\":\"https:\/\/veritasinfo.org\/#\/schema\/person\/c2b8be262ea994d0995addca692c5e98\",\"name\":\"US1\",\"image\":{\"@type\":\"ImageObject\",\"inLanguage\":\"en-US\",\"@id\":\"https:\/\/veritasinfo.org\/#\/schema\/person\/image\/\",\"url\":\"https:\/\/secure.gravatar.com\/avatar\/4e96a59bd256abf9956eb9963ac891a47461ffb364d47b0e9aab113328fdb75b?s=96&d=mm&r=g\",\"contentUrl\":\"https:\/\/secure.gravatar.com\/avatar\/4e96a59bd256abf9956eb9963ac891a47461ffb364d47b0e9aab113328fdb75b?s=96&d=mm&r=g\",\"caption\":\"US1\"},\"url\":\"https:\/\/veritasinfo.org\/?author=2\"}]}<\/script>\n<!-- \/ Yoast SEO plugin. -->","yoast_head_json":{"title":"Konjufca: S\u2019mund t\u2019i besojm\u00eb Serbis\u00eb -","robots":{"index":"index","follow":"follow","max-snippet":"max-snippet:-1","max-image-preview":"max-image-preview:large","max-video-preview":"max-video-preview:-1"},"canonical":"https:\/\/veritasinfo.org\/?p=42330","og_locale":"en_US","og_type":"article","og_title":"Konjufca: S\u2019mund t\u2019i besojm\u00eb Serbis\u00eb -","og_description":"Nju Jork, 09 Prill 2026 17:10 Ministri i Jasht\u00ebm, Glauk Konjufca, ka th\u00ebn\u00eb se Kosova nuk mund t\u2019i besoj\u00eb Serbis\u00eb pa llogaridh\u00ebnie t\u00eb qart\u00eb dhe","og_url":"https:\/\/veritasinfo.org\/?p=42330","article_published_time":"2026-04-09T15:10:45+00:00","og_image":[{"width":1360,"height":815,"url":"https:\/\/veritasinfo.org\/wp-content\/uploads\/2026\/04\/Konjufca.webp","type":"image\/webp"}],"author":"US1","twitter_card":"summary_large_image","twitter_misc":{"Written by":"US1","Est. reading time":"1 minute"},"schema":{"@context":"https:\/\/schema.org","@graph":[{"@type":"WebPage","@id":"https:\/\/veritasinfo.org\/?p=42330","url":"https:\/\/veritasinfo.org\/?p=42330","name":"Konjufca: S\u2019mund t\u2019i besojm\u00eb Serbis\u00eb -","isPartOf":{"@id":"https:\/\/veritasinfo.org\/#website"},"primaryImageOfPage":{"@id":"https:\/\/veritasinfo.org\/?p=42330#primaryimage"},"image":{"@id":"https:\/\/veritasinfo.org\/?p=42330#primaryimage"},"thumbnailUrl":"https:\/\/veritasinfo.org\/wp-content\/uploads\/2026\/04\/Konjufca.webp","datePublished":"2026-04-09T15:10:45+00:00","author":{"@id":"https:\/\/veritasinfo.org\/#\/schema\/person\/c2b8be262ea994d0995addca692c5e98"},"breadcrumb":{"@id":"https:\/\/veritasinfo.org\/?p=42330#breadcrumb"},"inLanguage":"en-US","potentialAction":[{"@type":"ReadAction","target":["https:\/\/veritasinfo.org\/?p=42330"]}]},{"@type":"ImageObject","inLanguage":"en-US","@id":"https:\/\/veritasinfo.org\/?p=42330#primaryimage","url":"https:\/\/veritasinfo.org\/wp-content\/uploads\/2026\/04\/Konjufca.webp","contentUrl":"https:\/\/veritasinfo.org\/wp-content\/uploads\/2026\/04\/Konjufca.webp","width":1360,"height":815},{"@type":"BreadcrumbList","@id":"https:\/\/veritasinfo.org\/?p=42330#breadcrumb","itemListElement":[{"@type":"ListItem","position":1,"name":"Home","item":"https:\/\/veritasinfo.org\/"},{"@type":"ListItem","position":2,"name":"Konjufca: S\u2019mund t\u2019i besojm\u00eb Serbis\u00eb"}]},{"@type":"WebSite","@id":"https:\/\/veritasinfo.org\/#website","url":"https:\/\/veritasinfo.org\/","name":"","description":"","potentialAction":[{"@type":"SearchAction","target":{"@type":"EntryPoint","urlTemplate":"https:\/\/veritasinfo.org\/?s={search_term_string}"},"query-input":{"@type":"PropertyValueSpecification","valueRequired":true,"valueName":"search_term_string"}}],"inLanguage":"en-US"},{"@type":"Person","@id":"https:\/\/veritasinfo.org\/#\/schema\/person\/c2b8be262ea994d0995addca692c5e98","name":"US1","image":{"@type":"ImageObject","inLanguage":"en-US","@id":"https:\/\/veritasinfo.org\/#\/schema\/person\/image\/","url":"https:\/\/secure.gravatar.com\/avatar\/4e96a59bd256abf9956eb9963ac891a47461ffb364d47b0e9aab113328fdb75b?s=96&d=mm&r=g","contentUrl":"https:\/\/secure.gravatar.com\/avatar\/4e96a59bd256abf9956eb9963ac891a47461ffb364d47b0e9aab113328fdb75b?s=96&d=mm&r=g","caption":"US1"},"url":"https:\/\/veritasinfo.org\/?author=2"}]}},"featured_image_urls":{"full":["https:\/\/veritasinfo.org\/wp-content\/uploads\/2026\/04\/Konjufca.webp",1360,815,false],"thumbnail":["https:\/\/veritasinfo.org\/wp-content\/uploads\/2026\/04\/Konjufca-150x150.webp",150,150,true],"medium":["https:\/\/veritasinfo.org\/wp-content\/uploads\/2026\/04\/Konjufca-300x180.webp",300,180,true],"medium_large":["https:\/\/veritasinfo.org\/wp-content\/uploads\/2026\/04\/Konjufca-768x460.webp",640,383,true],"large":["https:\/\/veritasinfo.org\/wp-content\/uploads\/2026\/04\/Konjufca-1024x614.webp",640,384,true],"1536x1536":["https:\/\/veritasinfo.org\/wp-content\/uploads\/2026\/04\/Konjufca.webp",1360,815,false],"2048x2048":["https:\/\/veritasinfo.org\/wp-content\/uploads\/2026\/04\/Konjufca.webp",1360,815,false],"kreeti-slider-full":["https:\/\/veritasinfo.org\/wp-content\/uploads\/2026\/04\/Konjufca-1280x720.webp",1280,720,true],"kreeti-featured":["https:\/\/veritasinfo.org\/wp-content\/uploads\/2026\/04\/Konjufca-1024x614.webp",1024,614,true],"kreeti-medium":["https:\/\/veritasinfo.org\/wp-content\/uploads\/2026\/04\/Konjufca-720x530.webp",720,530,true],"kreeti-medium-square":["https:\/\/veritasinfo.org\/wp-content\/uploads\/2026\/04\/Konjufca-350x350.webp",350,350,true]},"author_info":{"info":["US1"]},"category_info":"<a href=\"https:\/\/veritasinfo.org\/?cat=58\" rel=\"category\">Politik\u00eb<\/a>","tag_info":"Politik\u00eb","comment_count":"0","_links":{"self":[{"href":"https:\/\/veritasinfo.org\/index.php?rest_route=\/wp\/v2\/posts\/42330","targetHints":{"allow":["GET"]}}],"collection":[{"href":"https:\/\/veritasinfo.org\/index.php?rest_route=\/wp\/v2\/posts"}],"about":[{"href":"https:\/\/veritasinfo.org\/index.php?rest_route=\/wp\/v2\/types\/post"}],"author":[{"embeddable":true,"href":"https:\/\/veritasinfo.org\/index.php?rest_route=\/wp\/v2\/users\/2"}],"replies":[{"embeddable":true,"href":"https:\/\/veritasinfo.org\/index.php?rest_route=%2Fwp%2Fv2%2Fcomments&post=42330"}],"version-history":[{"count":1,"href":"https:\/\/veritasinfo.org\/index.php?rest_route=\/wp\/v2\/posts\/42330\/revisions"}],"predecessor-version":[{"id":42332,"href":"https:\/\/veritasinfo.org\/index.php?rest_route=\/wp\/v2\/posts\/42330\/revisions\/42332"}],"wp:featuredmedia":[{"embeddable":true,"href":"https:\/\/veritasinfo.org\/index.php?rest_route=\/wp\/v2\/media\/42331"}],"wp:attachment":[{"href":"https:\/\/veritasinfo.org\/index.php?rest_route=%2Fwp%2Fv2%2Fmedia&parent=42330"}],"wp:term":[{"taxonomy":"category","embeddable":true,"href":"https:\/\/veritasinfo.org\/index.php?rest_route=%2Fwp%2Fv2%2Fcategories&post=42330"},{"taxonomy":"post_tag","embeddable":true,"href":"https:\/\/veritasinfo.org\/index.php?rest_route=%2Fwp%2Fv2%2Ftags&post=42330"}],"curies":[{"name":"wp","href":"https:\/\/api.w.org\/{rel}","templated":true}]}}