{"id":42315,"date":"2026-04-09T11:39:43","date_gmt":"2026-04-09T09:39:43","guid":{"rendered":"https:\/\/veritasinfo.org\/?p=42315"},"modified":"2026-04-09T11:39:43","modified_gmt":"2026-04-09T09:39:43","slug":"kurti-27-vjet-me-pare-filloi-shembja-e-kufirit-ndermjet-kosoves-dhe-shqiperise","status":"publish","type":"post","link":"https:\/\/veritasinfo.org\/?p=42315","title":{"rendered":"Kurti: 27 vjet m\u00eb par\u00eb, filloi shembja e kufirit nd\u00ebrmjet Kosov\u00ebs dhe Shqip\u00ebris\u00eb"},"content":{"rendered":"<p>Prishtin\u00eb, 09.04.2026 11:39<\/p>\n<p>Kryeministri i Kosov\u00ebs, Albin Kurti, tha se si sot, 27 vjet m\u00eb par\u00eb, filluan luftimet e betej\u00ebs s\u00eb Koshares, me q\u00ebllim shembjen e kufirit mes Kosov\u00ebs dhe Shqip\u00ebris\u00eb, q\u00eb prej dekadash i ndante dhunsh\u00ebm shqiptar\u00ebt mes tyre.<\/p>\n<p>&#8220;M\u00eb 9 prill 1999, n\u00eb m\u00ebngjes her\u00ebt, ushtar\u00ebt e Ushtris\u00eb \u00c7lirimtare t\u00eb Kosov\u00ebs m\u00ebsyen mbi pozicionet ushtarake t\u00eb Serbis\u00eb n\u00eb brezin kufitar mes Republik\u00ebs s\u00eb Shqip\u00ebris\u00eb dhe Jugosllavis\u00eb, duke sulmuar mbi baz\u00ebn \u201c7 korriku\u201d, rras\u00ebn e Koshares dhe majen Gllava. Nga ajo dit\u00eb, deri m\u00eb 10 qershor, p\u00ebr dy muaj t\u00eb plot\u00eb rresht, mij\u00ebra pjes\u00ebtar\u00eb t\u00eb U\u00c7K-s\u00eb do t\u00eb p\u00ebrfshiheshin n\u00eb luftimet e betej\u00ebs s\u00eb Koshares, n\u00eb nj\u00eb territor t\u00eb shtrir\u00eb prej disa kilometrash dhe n\u00eb nj\u00eb reliev t\u00eb thyer malor e kodrinor\u201d, tha Kurti.<\/p>\n<p>Sipas tij, beteja e Koshares nisi dy jav\u00eb pas fillimit t\u00eb bombardimeve t\u00eb NATO-s mbi Jugosllavi dhe vazhdoi deri n\u00eb dit\u00ebn e fundit t\u00eb k\u00ebsaj fushate. Gjat\u00eb atyre dit\u00ebve, nj\u00eb ushtri \u00e7lirimtare dhe gjith\u00ebkomb\u00ebtare vullnetar\u00ebsh si\u00e7 ishte U\u00c7K-ja, u kthye n\u00eb nj\u00eb aleate t\u00eb aleanc\u00ebs m\u00eb t\u00eb madhe ushtarake t\u00eb bot\u00ebs, NATO-s, q\u00eb s\u00eb bashku i ndaluan fushatat e spastrimit etnik dhe t\u00eb gjenocidit q\u00eb Jugosllavia e Serbis\u00eb s\u00eb Millosheviqit po i kryente ndaj shqiptar\u00ebve t\u00eb Kosov\u00ebs.<\/p>\n<p>\u201cNd\u00ebr luftime t\u00eb ashpra gjat\u00eb betej\u00ebs s\u00eb Koshares, 114 luft\u00ebtar\u00eb t\u00eb U\u00c7K-s\u00eb ran\u00eb d\u00ebshmor\u00eb duke luftuar p\u00ebr \u00e7lirimin e Kosov\u00ebs, teksa mbi 400 t\u00eb tjer\u00eb u plagos\u00ebn. N\u00eb an\u00ebn kund\u00ebrshtare, pala serbe asnj\u00ebher\u00eb nuk do t\u2019i publikonte t\u00eb plota t\u00eb dh\u00ebnat e humbjeve t\u00eb turpshme prej k\u00ebsaj beteje, por mbi 100 pjes\u00ebtar\u00eb t\u00eb ushtris\u00eb jugosllave mbet\u00ebn t\u00eb vrar\u00eb kurse shum\u00ebfishi i numrit t\u00eb tyre u plagos\u00ebn. \u00c7do pranver\u00eb, i kujtojm\u00eb me mir\u00ebnjohje dhe nderime t\u00eb gjith\u00eb luft\u00ebtar\u00ebt e U\u00c7K-s\u00eb q\u00eb mor\u00ebn pjes\u00eb me guxim n\u00eb betej\u00ebn e Koshares, duke dh\u00ebn\u00eb djers\u00eb, mund dhe gjak p\u00ebr atdheun ton\u00eb dhe lirin\u00eb e popullit. Lavdi u qoft\u00eb d\u00ebshmor\u00ebve t\u00eb r\u00ebn\u00eb n\u00eb betej\u00ebn e Koshares, sot e p\u00ebrmot\u201d, ka shkruar Kurti n\u00eb Facebook.<\/p>\n","protected":false},"excerpt":{"rendered":"<p>Prishtin\u00eb, 09.04.2026 11:39 Kryeministri i Kosov\u00ebs, Albin Kurti, tha se si sot, 27 vjet m\u00eb par\u00eb, filluan luftimet e betej\u00ebs s\u00eb Koshares, me q\u00ebllim shembjen<\/p>\n","protected":false},"author":7,"featured_media":41815,"comment_status":"open","ping_status":"open","sticky":false,"template":"","format":"standard","meta":{"footnotes":""},"categories":[60],"tags":[],"class_list":["post-42315","post","type-post","status-publish","format-standard","has-post-thumbnail","hentry","category-shoqerore-sq"],"yoast_head":"<!-- This site is optimized with the Yoast SEO plugin v25.3.1 - https:\/\/yoast.com\/wordpress\/plugins\/seo\/ -->\n<title>Kurti: 27 vjet m\u00eb par\u00eb, filloi shembja e kufirit nd\u00ebrmjet Kosov\u00ebs dhe Shqip\u00ebris\u00eb -<\/title>\n<meta name=\"robots\" content=\"index, follow, max-snippet:-1, max-image-preview:large, max-video-preview:-1\" \/>\n<link rel=\"canonical\" href=\"https:\/\/veritasinfo.org\/?p=42315\" \/>\n<meta property=\"og:locale\" content=\"en_US\" \/>\n<meta property=\"og:type\" content=\"article\" \/>\n<meta property=\"og:title\" content=\"Kurti: 27 vjet m\u00eb par\u00eb, filloi shembja e kufirit nd\u00ebrmjet Kosov\u00ebs dhe Shqip\u00ebris\u00eb -\" \/>\n<meta property=\"og:description\" content=\"Prishtin\u00eb, 09.04.2026 11:39 Kryeministri i Kosov\u00ebs, Albin Kurti, tha se si sot, 27 vjet m\u00eb par\u00eb, filluan luftimet e betej\u00ebs s\u00eb Koshares, me q\u00ebllim shembjen\" \/>\n<meta property=\"og:url\" content=\"https:\/\/veritasinfo.org\/?p=42315\" \/>\n<meta property=\"article:published_time\" content=\"2026-04-09T09:39:43+00:00\" \/>\n<meta property=\"og:image\" content=\"https:\/\/veritasinfo.org\/wp-content\/uploads\/2026\/04\/IMG_20260406_133816.jpg\" \/>\n\t<meta property=\"og:image:width\" content=\"666\" \/>\n\t<meta property=\"og:image:height\" content=\"372\" \/>\n\t<meta property=\"og:image:type\" content=\"image\/jpeg\" \/>\n<meta name=\"author\" content=\"US6\" \/>\n<meta name=\"twitter:card\" content=\"summary_large_image\" \/>\n<meta name=\"twitter:label1\" content=\"Written by\" \/>\n\t<meta name=\"twitter:data1\" content=\"US6\" \/>\n\t<meta name=\"twitter:label2\" content=\"Est. reading time\" \/>\n\t<meta name=\"twitter:data2\" content=\"2 minutes\" \/>\n<script type=\"application\/ld+json\" class=\"yoast-schema-graph\">{\"@context\":\"https:\/\/schema.org\",\"@graph\":[{\"@type\":\"WebPage\",\"@id\":\"https:\/\/veritasinfo.org\/?p=42315\",\"url\":\"https:\/\/veritasinfo.org\/?p=42315\",\"name\":\"Kurti: 27 vjet m\u00eb par\u00eb, filloi shembja e kufirit nd\u00ebrmjet Kosov\u00ebs dhe Shqip\u00ebris\u00eb -\",\"isPartOf\":{\"@id\":\"https:\/\/veritasinfo.org\/#website\"},\"primaryImageOfPage\":{\"@id\":\"https:\/\/veritasinfo.org\/?p=42315#primaryimage\"},\"image\":{\"@id\":\"https:\/\/veritasinfo.org\/?p=42315#primaryimage\"},\"thumbnailUrl\":\"https:\/\/veritasinfo.org\/wp-content\/uploads\/2026\/04\/IMG_20260406_133816.jpg\",\"datePublished\":\"2026-04-09T09:39:43+00:00\",\"author\":{\"@id\":\"https:\/\/veritasinfo.org\/#\/schema\/person\/fe199eede04c3937362892b7444747cc\"},\"breadcrumb\":{\"@id\":\"https:\/\/veritasinfo.org\/?p=42315#breadcrumb\"},\"inLanguage\":\"en-US\",\"potentialAction\":[{\"@type\":\"ReadAction\",\"target\":[\"https:\/\/veritasinfo.org\/?p=42315\"]}]},{\"@type\":\"ImageObject\",\"inLanguage\":\"en-US\",\"@id\":\"https:\/\/veritasinfo.org\/?p=42315#primaryimage\",\"url\":\"https:\/\/veritasinfo.org\/wp-content\/uploads\/2026\/04\/IMG_20260406_133816.jpg\",\"contentUrl\":\"https:\/\/veritasinfo.org\/wp-content\/uploads\/2026\/04\/IMG_20260406_133816.jpg\",\"width\":666,\"height\":372},{\"@type\":\"BreadcrumbList\",\"@id\":\"https:\/\/veritasinfo.org\/?p=42315#breadcrumb\",\"itemListElement\":[{\"@type\":\"ListItem\",\"position\":1,\"name\":\"Home\",\"item\":\"https:\/\/veritasinfo.org\/\"},{\"@type\":\"ListItem\",\"position\":2,\"name\":\"Kurti: 27 vjet m\u00eb par\u00eb, filloi shembja e kufirit nd\u00ebrmjet Kosov\u00ebs dhe Shqip\u00ebris\u00eb\"}]},{\"@type\":\"WebSite\",\"@id\":\"https:\/\/veritasinfo.org\/#website\",\"url\":\"https:\/\/veritasinfo.org\/\",\"name\":\"\",\"description\":\"\",\"potentialAction\":[{\"@type\":\"SearchAction\",\"target\":{\"@type\":\"EntryPoint\",\"urlTemplate\":\"https:\/\/veritasinfo.org\/?s={search_term_string}\"},\"query-input\":{\"@type\":\"PropertyValueSpecification\",\"valueRequired\":true,\"valueName\":\"search_term_string\"}}],\"inLanguage\":\"en-US\"},{\"@type\":\"Person\",\"@id\":\"https:\/\/veritasinfo.org\/#\/schema\/person\/fe199eede04c3937362892b7444747cc\",\"name\":\"US6\",\"image\":{\"@type\":\"ImageObject\",\"inLanguage\":\"en-US\",\"@id\":\"https:\/\/veritasinfo.org\/#\/schema\/person\/image\/\",\"url\":\"https:\/\/secure.gravatar.com\/avatar\/cb16c3c31c9d23b9b8c705964598220b3014e42ff51eb540ff23cefa3ae8c15f?s=96&d=mm&r=g\",\"contentUrl\":\"https:\/\/secure.gravatar.com\/avatar\/cb16c3c31c9d23b9b8c705964598220b3014e42ff51eb540ff23cefa3ae8c15f?s=96&d=mm&r=g\",\"caption\":\"US6\"},\"url\":\"https:\/\/veritasinfo.org\/?author=7\"}]}<\/script>\n<!-- \/ Yoast SEO plugin. -->","yoast_head_json":{"title":"Kurti: 27 vjet m\u00eb par\u00eb, filloi shembja e kufirit nd\u00ebrmjet Kosov\u00ebs dhe Shqip\u00ebris\u00eb -","robots":{"index":"index","follow":"follow","max-snippet":"max-snippet:-1","max-image-preview":"max-image-preview:large","max-video-preview":"max-video-preview:-1"},"canonical":"https:\/\/veritasinfo.org\/?p=42315","og_locale":"en_US","og_type":"article","og_title":"Kurti: 27 vjet m\u00eb par\u00eb, filloi shembja e kufirit nd\u00ebrmjet Kosov\u00ebs dhe Shqip\u00ebris\u00eb -","og_description":"Prishtin\u00eb, 09.04.2026 11:39 Kryeministri i Kosov\u00ebs, Albin Kurti, tha se si sot, 27 vjet m\u00eb par\u00eb, filluan luftimet e betej\u00ebs s\u00eb Koshares, me q\u00ebllim shembjen","og_url":"https:\/\/veritasinfo.org\/?p=42315","article_published_time":"2026-04-09T09:39:43+00:00","og_image":[{"width":666,"height":372,"url":"https:\/\/veritasinfo.org\/wp-content\/uploads\/2026\/04\/IMG_20260406_133816.jpg","type":"image\/jpeg"}],"author":"US6","twitter_card":"summary_large_image","twitter_misc":{"Written by":"US6","Est. reading time":"2 minutes"},"schema":{"@context":"https:\/\/schema.org","@graph":[{"@type":"WebPage","@id":"https:\/\/veritasinfo.org\/?p=42315","url":"https:\/\/veritasinfo.org\/?p=42315","name":"Kurti: 27 vjet m\u00eb par\u00eb, filloi shembja e kufirit nd\u00ebrmjet Kosov\u00ebs dhe Shqip\u00ebris\u00eb -","isPartOf":{"@id":"https:\/\/veritasinfo.org\/#website"},"primaryImageOfPage":{"@id":"https:\/\/veritasinfo.org\/?p=42315#primaryimage"},"image":{"@id":"https:\/\/veritasinfo.org\/?p=42315#primaryimage"},"thumbnailUrl":"https:\/\/veritasinfo.org\/wp-content\/uploads\/2026\/04\/IMG_20260406_133816.jpg","datePublished":"2026-04-09T09:39:43+00:00","author":{"@id":"https:\/\/veritasinfo.org\/#\/schema\/person\/fe199eede04c3937362892b7444747cc"},"breadcrumb":{"@id":"https:\/\/veritasinfo.org\/?p=42315#breadcrumb"},"inLanguage":"en-US","potentialAction":[{"@type":"ReadAction","target":["https:\/\/veritasinfo.org\/?p=42315"]}]},{"@type":"ImageObject","inLanguage":"en-US","@id":"https:\/\/veritasinfo.org\/?p=42315#primaryimage","url":"https:\/\/veritasinfo.org\/wp-content\/uploads\/2026\/04\/IMG_20260406_133816.jpg","contentUrl":"https:\/\/veritasinfo.org\/wp-content\/uploads\/2026\/04\/IMG_20260406_133816.jpg","width":666,"height":372},{"@type":"BreadcrumbList","@id":"https:\/\/veritasinfo.org\/?p=42315#breadcrumb","itemListElement":[{"@type":"ListItem","position":1,"name":"Home","item":"https:\/\/veritasinfo.org\/"},{"@type":"ListItem","position":2,"name":"Kurti: 27 vjet m\u00eb par\u00eb, filloi shembja e kufirit nd\u00ebrmjet Kosov\u00ebs dhe Shqip\u00ebris\u00eb"}]},{"@type":"WebSite","@id":"https:\/\/veritasinfo.org\/#website","url":"https:\/\/veritasinfo.org\/","name":"","description":"","potentialAction":[{"@type":"SearchAction","target":{"@type":"EntryPoint","urlTemplate":"https:\/\/veritasinfo.org\/?s={search_term_string}"},"query-input":{"@type":"PropertyValueSpecification","valueRequired":true,"valueName":"search_term_string"}}],"inLanguage":"en-US"},{"@type":"Person","@id":"https:\/\/veritasinfo.org\/#\/schema\/person\/fe199eede04c3937362892b7444747cc","name":"US6","image":{"@type":"ImageObject","inLanguage":"en-US","@id":"https:\/\/veritasinfo.org\/#\/schema\/person\/image\/","url":"https:\/\/secure.gravatar.com\/avatar\/cb16c3c31c9d23b9b8c705964598220b3014e42ff51eb540ff23cefa3ae8c15f?s=96&d=mm&r=g","contentUrl":"https:\/\/secure.gravatar.com\/avatar\/cb16c3c31c9d23b9b8c705964598220b3014e42ff51eb540ff23cefa3ae8c15f?s=96&d=mm&r=g","caption":"US6"},"url":"https:\/\/veritasinfo.org\/?author=7"}]}},"featured_image_urls":{"full":["https:\/\/veritasinfo.org\/wp-content\/uploads\/2026\/04\/IMG_20260406_133816.jpg",666,372,false],"thumbnail":["https:\/\/veritasinfo.org\/wp-content\/uploads\/2026\/04\/IMG_20260406_133816-150x150.jpg",150,150,true],"medium":["https:\/\/veritasinfo.org\/wp-content\/uploads\/2026\/04\/IMG_20260406_133816-300x168.jpg",300,168,true],"medium_large":["https:\/\/veritasinfo.org\/wp-content\/uploads\/2026\/04\/IMG_20260406_133816.jpg",640,357,false],"large":["https:\/\/veritasinfo.org\/wp-content\/uploads\/2026\/04\/IMG_20260406_133816.jpg",640,357,false],"1536x1536":["https:\/\/veritasinfo.org\/wp-content\/uploads\/2026\/04\/IMG_20260406_133816.jpg",666,372,false],"2048x2048":["https:\/\/veritasinfo.org\/wp-content\/uploads\/2026\/04\/IMG_20260406_133816.jpg",666,372,false],"kreeti-slider-full":["https:\/\/veritasinfo.org\/wp-content\/uploads\/2026\/04\/IMG_20260406_133816.jpg",666,372,false],"kreeti-featured":["https:\/\/veritasinfo.org\/wp-content\/uploads\/2026\/04\/IMG_20260406_133816.jpg",666,372,false],"kreeti-medium":["https:\/\/veritasinfo.org\/wp-content\/uploads\/2026\/04\/IMG_20260406_133816.jpg",666,372,false],"kreeti-medium-square":["https:\/\/veritasinfo.org\/wp-content\/uploads\/2026\/04\/IMG_20260406_133816-350x350.jpg",350,350,true]},"author_info":{"info":["US6"]},"category_info":"<a href=\"https:\/\/veritasinfo.org\/?cat=60\" rel=\"category\">Shoq\u00ebrore<\/a>","tag_info":"Shoq\u00ebrore","comment_count":"0","_links":{"self":[{"href":"https:\/\/veritasinfo.org\/index.php?rest_route=\/wp\/v2\/posts\/42315","targetHints":{"allow":["GET"]}}],"collection":[{"href":"https:\/\/veritasinfo.org\/index.php?rest_route=\/wp\/v2\/posts"}],"about":[{"href":"https:\/\/veritasinfo.org\/index.php?rest_route=\/wp\/v2\/types\/post"}],"author":[{"embeddable":true,"href":"https:\/\/veritasinfo.org\/index.php?rest_route=\/wp\/v2\/users\/7"}],"replies":[{"embeddable":true,"href":"https:\/\/veritasinfo.org\/index.php?rest_route=%2Fwp%2Fv2%2Fcomments&post=42315"}],"version-history":[{"count":1,"href":"https:\/\/veritasinfo.org\/index.php?rest_route=\/wp\/v2\/posts\/42315\/revisions"}],"predecessor-version":[{"id":42316,"href":"https:\/\/veritasinfo.org\/index.php?rest_route=\/wp\/v2\/posts\/42315\/revisions\/42316"}],"wp:featuredmedia":[{"embeddable":true,"href":"https:\/\/veritasinfo.org\/index.php?rest_route=\/wp\/v2\/media\/41815"}],"wp:attachment":[{"href":"https:\/\/veritasinfo.org\/index.php?rest_route=%2Fwp%2Fv2%2Fmedia&parent=42315"}],"wp:term":[{"taxonomy":"category","embeddable":true,"href":"https:\/\/veritasinfo.org\/index.php?rest_route=%2Fwp%2Fv2%2Fcategories&post=42315"},{"taxonomy":"post_tag","embeddable":true,"href":"https:\/\/veritasinfo.org\/index.php?rest_route=%2Fwp%2Fv2%2Ftags&post=42315"}],"curies":[{"name":"wp","href":"https:\/\/api.w.org\/{rel}","templated":true}]}}