{"id":4229,"date":"2025-07-18T07:23:10","date_gmt":"2025-07-18T05:23:10","guid":{"rendered":"https:\/\/veritasinfo.org\/?p=4229"},"modified":"2025-07-17T21:52:50","modified_gmt":"2025-07-17T19:52:50","slug":"vendbanimi-me-i-vjeter-liqenor-i-evropes-zbulohet-ne-shqiperi","status":"publish","type":"post","link":"https:\/\/veritasinfo.org\/?p=4229","title":{"rendered":"Vendbanimi m\u00eb i vjet\u00ebr liqenor i Evrop\u00ebs zbulohet n\u00eb Shqip\u00ebri"},"content":{"rendered":"<div class=\"post-title\">\n<h2><strong style=\"font-family: georgia; font-size: 16px;\">Tiran\u00eb, 18 Korrik 2025<br \/>\nArkeolog\u00ebt q\u00eb punojn\u00eb n\u00eb brigjet e Liqenit t\u00eb Ohrit n\u00eb Shqip\u00ebri jan\u00eb t\u00eb bindur se kan\u00eb zbuluar vendbanimin m\u00eb t\u00eb vjet\u00ebr njer\u00ebzor t\u00eb nd\u00ebrtuar n\u00eb nj\u00eb liqen evropian, duke gjetur prova t\u00eb nj\u00eb komuniteti t\u00eb organizuar gjuetie dhe bujq\u00ebsor q\u00eb ka jetuar deri n\u00eb 8,000 vjet m\u00eb par\u00eb.<\/strong><\/h2>\n<\/div>\n<div class=\"post-content\">\n<p>&nbsp;<\/p>\n<p>Ekipi, nga Zvicra dhe Shqip\u00ebria, kalon or\u00eb t\u00eb t\u00ebra \u00e7do dit\u00eb rreth tre metra n\u00ebn uj\u00eb, duke nxjerr\u00eb me kujdes shtylla druri q\u00eb mb\u00ebshtesnin sht\u00ebpit\u00eb, shkruan <a href=\"https:\/\/www.reuters.com\/sustainability\/land-use-biodiversity\/europes-oldest-lake-settlement-uncovered-albania-2025-07-17\/?utm_campaign=trueAnthem%3A+Trending+Content&amp;utm_medium=trueAnthem&amp;utm_source=facebook&amp;fbclid=IwY2xjawLl9lZleHRuA2FlbQIxMQABHkpEI93-l-hwKiGmvtJzd9rabWtxlUrne5OPycrJDCPGr_KHrrAFNBT7ycXV_aem_HSZ50GTnO6-N2Dpvkx_n2Q\"><strong>REUTERS.<\/strong><\/a><\/p>\n<p>Ata gjithashtu po mbledhin eshtra t\u00eb kafsh\u00ebve t\u00eb zbutura dhe t\u00eb egra, objekte bakri dhe qeramik\u00eb, me gdhendje t\u00eb detajuara.<\/p>\n<p>Albert Hafner, nga Universiteti i Bern\u00ebs, tha se vendbanime t\u00eb ngjashme jan\u00eb gjetur n\u00eb rajonet alpine dhe mesdhetare, por vendbanimet n\u00eb fshatin Lin jan\u00eb gjysm\u00eb mij\u00ebvje\u00e7ari m\u00eb t\u00eb vjetra, duke datuar midis 6,000 dhe 8,000 vjet m\u00eb par\u00eb.<\/p>\n<p>&#8220;Meqen\u00ebse \u00ebsht\u00eb n\u00ebn uj\u00eb, materiali organik \u00ebsht\u00eb i ruajtur mir\u00eb dhe kjo na lejon t\u00eb zbulojm\u00eb se \u00e7far\u00eb kan\u00eb ngr\u00ebn\u00eb k\u00ebta njer\u00ebz, \u00e7far\u00eb kan\u00eb mbjell\u00eb&#8221;, tha Hafner.<\/p>\n<p>Studime t\u00eb shumta tregojn\u00eb se Liqeni i Ohrit, i ndar\u00eb nga Maqedonia e Veriut dhe Shqip\u00ebria, \u00ebsht\u00eb liqeni m\u00eb i vjet\u00ebr n\u00eb Evrop\u00eb, mbi nj\u00eb milion vjet i vjet\u00ebr.<\/p>\n<\/div>\n","protected":false},"excerpt":{"rendered":"<p>Tiran\u00eb, 18 Korrik 2025 Arkeolog\u00ebt q\u00eb punojn\u00eb n\u00eb brigjet e Liqenit t\u00eb Ohrit n\u00eb Shqip\u00ebri jan\u00eb t\u00eb bindur se kan\u00eb zbuluar vendbanimin m\u00eb t\u00eb vjet\u00ebr<\/p>\n","protected":false},"author":1,"featured_media":4231,"comment_status":"open","ping_status":"open","sticky":false,"template":"","format":"standard","meta":{"footnotes":""},"categories":[54],"tags":[],"class_list":["post-4229","post","type-post","status-publish","format-standard","has-post-thumbnail","hentry","category-kulture-sq"],"yoast_head":"<!-- This site is optimized with the Yoast SEO plugin v25.3.1 - https:\/\/yoast.com\/wordpress\/plugins\/seo\/ -->\n<title>Vendbanimi m\u00eb i vjet\u00ebr liqenor i Evrop\u00ebs zbulohet n\u00eb Shqip\u00ebri -<\/title>\n<meta name=\"robots\" content=\"index, follow, max-snippet:-1, max-image-preview:large, max-video-preview:-1\" \/>\n<link rel=\"canonical\" href=\"https:\/\/veritasinfo.org\/?p=4229\" \/>\n<meta property=\"og:locale\" content=\"en_US\" \/>\n<meta property=\"og:type\" content=\"article\" \/>\n<meta property=\"og:title\" content=\"Vendbanimi m\u00eb i vjet\u00ebr liqenor i Evrop\u00ebs zbulohet n\u00eb Shqip\u00ebri -\" \/>\n<meta property=\"og:description\" content=\"Tiran\u00eb, 18 Korrik 2025 Arkeolog\u00ebt q\u00eb punojn\u00eb n\u00eb brigjet e Liqenit t\u00eb Ohrit n\u00eb Shqip\u00ebri jan\u00eb t\u00eb bindur se kan\u00eb zbuluar vendbanimin m\u00eb t\u00eb vjet\u00ebr\" \/>\n<meta property=\"og:url\" content=\"https:\/\/veritasinfo.org\/?p=4229\" \/>\n<meta property=\"article:published_time\" content=\"2025-07-18T05:23:10+00:00\" \/>\n<meta property=\"og:image\" content=\"https:\/\/veritasinfo.org\/wp-content\/uploads\/2025\/07\/IMG_2135.jpeg\" \/>\n\t<meta property=\"og:image:width\" content=\"780\" \/>\n\t<meta property=\"og:image:height\" content=\"500\" \/>\n\t<meta property=\"og:image:type\" content=\"image\/jpeg\" \/>\n<meta name=\"author\" content=\"admin\" \/>\n<meta name=\"twitter:card\" content=\"summary_large_image\" \/>\n<meta name=\"twitter:label1\" content=\"Written by\" \/>\n\t<meta name=\"twitter:data1\" content=\"admin\" \/>\n\t<meta name=\"twitter:label2\" content=\"Est. reading time\" \/>\n\t<meta name=\"twitter:data2\" content=\"2 minutes\" \/>\n<script type=\"application\/ld+json\" class=\"yoast-schema-graph\">{\"@context\":\"https:\/\/schema.org\",\"@graph\":[{\"@type\":\"WebPage\",\"@id\":\"https:\/\/veritasinfo.org\/?p=4229\",\"url\":\"https:\/\/veritasinfo.org\/?p=4229\",\"name\":\"Vendbanimi m\u00eb i vjet\u00ebr liqenor i Evrop\u00ebs zbulohet n\u00eb Shqip\u00ebri -\",\"isPartOf\":{\"@id\":\"https:\/\/veritasinfo.org\/#website\"},\"primaryImageOfPage\":{\"@id\":\"https:\/\/veritasinfo.org\/?p=4229#primaryimage\"},\"image\":{\"@id\":\"https:\/\/veritasinfo.org\/?p=4229#primaryimage\"},\"thumbnailUrl\":\"https:\/\/veritasinfo.org\/wp-content\/uploads\/2025\/07\/IMG_2135.jpeg\",\"datePublished\":\"2025-07-18T05:23:10+00:00\",\"author\":{\"@id\":\"https:\/\/veritasinfo.org\/#\/schema\/person\/7701f8c088bece422266b100a712374f\"},\"breadcrumb\":{\"@id\":\"https:\/\/veritasinfo.org\/?p=4229#breadcrumb\"},\"inLanguage\":\"en-US\",\"potentialAction\":[{\"@type\":\"ReadAction\",\"target\":[\"https:\/\/veritasinfo.org\/?p=4229\"]}]},{\"@type\":\"ImageObject\",\"inLanguage\":\"en-US\",\"@id\":\"https:\/\/veritasinfo.org\/?p=4229#primaryimage\",\"url\":\"https:\/\/veritasinfo.org\/wp-content\/uploads\/2025\/07\/IMG_2135.jpeg\",\"contentUrl\":\"https:\/\/veritasinfo.org\/wp-content\/uploads\/2025\/07\/IMG_2135.jpeg\",\"width\":780,\"height\":500},{\"@type\":\"BreadcrumbList\",\"@id\":\"https:\/\/veritasinfo.org\/?p=4229#breadcrumb\",\"itemListElement\":[{\"@type\":\"ListItem\",\"position\":1,\"name\":\"Home\",\"item\":\"https:\/\/veritasinfo.org\/\"},{\"@type\":\"ListItem\",\"position\":2,\"name\":\"Vendbanimi m\u00eb i vjet\u00ebr liqenor i Evrop\u00ebs zbulohet n\u00eb Shqip\u00ebri\"}]},{\"@type\":\"WebSite\",\"@id\":\"https:\/\/veritasinfo.org\/#website\",\"url\":\"https:\/\/veritasinfo.org\/\",\"name\":\"\",\"description\":\"\",\"potentialAction\":[{\"@type\":\"SearchAction\",\"target\":{\"@type\":\"EntryPoint\",\"urlTemplate\":\"https:\/\/veritasinfo.org\/?s={search_term_string}\"},\"query-input\":{\"@type\":\"PropertyValueSpecification\",\"valueRequired\":true,\"valueName\":\"search_term_string\"}}],\"inLanguage\":\"en-US\"},{\"@type\":\"Person\",\"@id\":\"https:\/\/veritasinfo.org\/#\/schema\/person\/7701f8c088bece422266b100a712374f\",\"name\":\"admin\",\"image\":{\"@type\":\"ImageObject\",\"inLanguage\":\"en-US\",\"@id\":\"https:\/\/veritasinfo.org\/#\/schema\/person\/image\/\",\"url\":\"https:\/\/secure.gravatar.com\/avatar\/ea53aa3bf6c9a12d5fde8ce4deff43fef3885ae33cf60184161a50d6987cfd2f?s=96&d=mm&r=g\",\"contentUrl\":\"https:\/\/secure.gravatar.com\/avatar\/ea53aa3bf6c9a12d5fde8ce4deff43fef3885ae33cf60184161a50d6987cfd2f?s=96&d=mm&r=g\",\"caption\":\"admin\"},\"sameAs\":[\"https:\/\/veritasinfo.org\"],\"url\":\"https:\/\/veritasinfo.org\/?author=1\"}]}<\/script>\n<!-- \/ Yoast SEO plugin. -->","yoast_head_json":{"title":"Vendbanimi m\u00eb i vjet\u00ebr liqenor i Evrop\u00ebs zbulohet n\u00eb Shqip\u00ebri -","robots":{"index":"index","follow":"follow","max-snippet":"max-snippet:-1","max-image-preview":"max-image-preview:large","max-video-preview":"max-video-preview:-1"},"canonical":"https:\/\/veritasinfo.org\/?p=4229","og_locale":"en_US","og_type":"article","og_title":"Vendbanimi m\u00eb i vjet\u00ebr liqenor i Evrop\u00ebs zbulohet n\u00eb Shqip\u00ebri -","og_description":"Tiran\u00eb, 18 Korrik 2025 Arkeolog\u00ebt q\u00eb punojn\u00eb n\u00eb brigjet e Liqenit t\u00eb Ohrit n\u00eb Shqip\u00ebri jan\u00eb t\u00eb bindur se kan\u00eb zbuluar vendbanimin m\u00eb t\u00eb vjet\u00ebr","og_url":"https:\/\/veritasinfo.org\/?p=4229","article_published_time":"2025-07-18T05:23:10+00:00","og_image":[{"width":780,"height":500,"url":"https:\/\/veritasinfo.org\/wp-content\/uploads\/2025\/07\/IMG_2135.jpeg","type":"image\/jpeg"}],"author":"admin","twitter_card":"summary_large_image","twitter_misc":{"Written by":"admin","Est. reading time":"2 minutes"},"schema":{"@context":"https:\/\/schema.org","@graph":[{"@type":"WebPage","@id":"https:\/\/veritasinfo.org\/?p=4229","url":"https:\/\/veritasinfo.org\/?p=4229","name":"Vendbanimi m\u00eb i vjet\u00ebr liqenor i Evrop\u00ebs zbulohet n\u00eb Shqip\u00ebri -","isPartOf":{"@id":"https:\/\/veritasinfo.org\/#website"},"primaryImageOfPage":{"@id":"https:\/\/veritasinfo.org\/?p=4229#primaryimage"},"image":{"@id":"https:\/\/veritasinfo.org\/?p=4229#primaryimage"},"thumbnailUrl":"https:\/\/veritasinfo.org\/wp-content\/uploads\/2025\/07\/IMG_2135.jpeg","datePublished":"2025-07-18T05:23:10+00:00","author":{"@id":"https:\/\/veritasinfo.org\/#\/schema\/person\/7701f8c088bece422266b100a712374f"},"breadcrumb":{"@id":"https:\/\/veritasinfo.org\/?p=4229#breadcrumb"},"inLanguage":"en-US","potentialAction":[{"@type":"ReadAction","target":["https:\/\/veritasinfo.org\/?p=4229"]}]},{"@type":"ImageObject","inLanguage":"en-US","@id":"https:\/\/veritasinfo.org\/?p=4229#primaryimage","url":"https:\/\/veritasinfo.org\/wp-content\/uploads\/2025\/07\/IMG_2135.jpeg","contentUrl":"https:\/\/veritasinfo.org\/wp-content\/uploads\/2025\/07\/IMG_2135.jpeg","width":780,"height":500},{"@type":"BreadcrumbList","@id":"https:\/\/veritasinfo.org\/?p=4229#breadcrumb","itemListElement":[{"@type":"ListItem","position":1,"name":"Home","item":"https:\/\/veritasinfo.org\/"},{"@type":"ListItem","position":2,"name":"Vendbanimi m\u00eb i vjet\u00ebr liqenor i Evrop\u00ebs zbulohet n\u00eb Shqip\u00ebri"}]},{"@type":"WebSite","@id":"https:\/\/veritasinfo.org\/#website","url":"https:\/\/veritasinfo.org\/","name":"","description":"","potentialAction":[{"@type":"SearchAction","target":{"@type":"EntryPoint","urlTemplate":"https:\/\/veritasinfo.org\/?s={search_term_string}"},"query-input":{"@type":"PropertyValueSpecification","valueRequired":true,"valueName":"search_term_string"}}],"inLanguage":"en-US"},{"@type":"Person","@id":"https:\/\/veritasinfo.org\/#\/schema\/person\/7701f8c088bece422266b100a712374f","name":"admin","image":{"@type":"ImageObject","inLanguage":"en-US","@id":"https:\/\/veritasinfo.org\/#\/schema\/person\/image\/","url":"https:\/\/secure.gravatar.com\/avatar\/ea53aa3bf6c9a12d5fde8ce4deff43fef3885ae33cf60184161a50d6987cfd2f?s=96&d=mm&r=g","contentUrl":"https:\/\/secure.gravatar.com\/avatar\/ea53aa3bf6c9a12d5fde8ce4deff43fef3885ae33cf60184161a50d6987cfd2f?s=96&d=mm&r=g","caption":"admin"},"sameAs":["https:\/\/veritasinfo.org"],"url":"https:\/\/veritasinfo.org\/?author=1"}]}},"featured_image_urls":{"full":["https:\/\/veritasinfo.org\/wp-content\/uploads\/2025\/07\/IMG_2135.jpeg",780,500,false],"thumbnail":["https:\/\/veritasinfo.org\/wp-content\/uploads\/2025\/07\/IMG_2135-150x150.jpeg",150,150,true],"medium":["https:\/\/veritasinfo.org\/wp-content\/uploads\/2025\/07\/IMG_2135-300x192.jpeg",300,192,true],"medium_large":["https:\/\/veritasinfo.org\/wp-content\/uploads\/2025\/07\/IMG_2135-768x492.jpeg",640,410,true],"large":["https:\/\/veritasinfo.org\/wp-content\/uploads\/2025\/07\/IMG_2135.jpeg",640,410,false],"1536x1536":["https:\/\/veritasinfo.org\/wp-content\/uploads\/2025\/07\/IMG_2135.jpeg",780,500,false],"2048x2048":["https:\/\/veritasinfo.org\/wp-content\/uploads\/2025\/07\/IMG_2135.jpeg",780,500,false],"kreeti-slider-full":["https:\/\/veritasinfo.org\/wp-content\/uploads\/2025\/07\/IMG_2135.jpeg",780,500,false],"kreeti-featured":["https:\/\/veritasinfo.org\/wp-content\/uploads\/2025\/07\/IMG_2135.jpeg",780,500,false],"kreeti-medium":["https:\/\/veritasinfo.org\/wp-content\/uploads\/2025\/07\/IMG_2135.jpeg",720,462,false],"kreeti-medium-square":["https:\/\/veritasinfo.org\/wp-content\/uploads\/2025\/07\/IMG_2135.jpeg",350,224,false]},"author_info":{"info":["admin"]},"category_info":"<a href=\"https:\/\/veritasinfo.org\/?cat=54\" rel=\"category\">Kultur\u00eb<\/a>","tag_info":"Kultur\u00eb","comment_count":"0","_links":{"self":[{"href":"https:\/\/veritasinfo.org\/index.php?rest_route=\/wp\/v2\/posts\/4229","targetHints":{"allow":["GET"]}}],"collection":[{"href":"https:\/\/veritasinfo.org\/index.php?rest_route=\/wp\/v2\/posts"}],"about":[{"href":"https:\/\/veritasinfo.org\/index.php?rest_route=\/wp\/v2\/types\/post"}],"author":[{"embeddable":true,"href":"https:\/\/veritasinfo.org\/index.php?rest_route=\/wp\/v2\/users\/1"}],"replies":[{"embeddable":true,"href":"https:\/\/veritasinfo.org\/index.php?rest_route=%2Fwp%2Fv2%2Fcomments&post=4229"}],"version-history":[{"count":1,"href":"https:\/\/veritasinfo.org\/index.php?rest_route=\/wp\/v2\/posts\/4229\/revisions"}],"predecessor-version":[{"id":4233,"href":"https:\/\/veritasinfo.org\/index.php?rest_route=\/wp\/v2\/posts\/4229\/revisions\/4233"}],"wp:featuredmedia":[{"embeddable":true,"href":"https:\/\/veritasinfo.org\/index.php?rest_route=\/wp\/v2\/media\/4231"}],"wp:attachment":[{"href":"https:\/\/veritasinfo.org\/index.php?rest_route=%2Fwp%2Fv2%2Fmedia&parent=4229"}],"wp:term":[{"taxonomy":"category","embeddable":true,"href":"https:\/\/veritasinfo.org\/index.php?rest_route=%2Fwp%2Fv2%2Fcategories&post=4229"},{"taxonomy":"post_tag","embeddable":true,"href":"https:\/\/veritasinfo.org\/index.php?rest_route=%2Fwp%2Fv2%2Ftags&post=4229"}],"curies":[{"name":"wp","href":"https:\/\/api.w.org\/{rel}","templated":true}]}}