{"id":4228,"date":"2025-07-17T21:54:54","date_gmt":"2025-07-17T19:54:54","guid":{"rendered":"https:\/\/veritasinfo.org\/?p=4228"},"modified":"2025-07-17T21:54:54","modified_gmt":"2025-07-17T19:54:54","slug":"osmani-ne-fund-te-majit-mora-informacione-per-pershkallezim-te-mundshem-nga-serbia","status":"publish","type":"post","link":"https:\/\/veritasinfo.org\/?p=4228","title":{"rendered":"Osmani: N\u00eb fund t\u00eb majit mora informacione p\u00ebr p\u00ebrshkall\u00ebzim t\u00eb mundsh\u00ebm nga Serbia"},"content":{"rendered":"<p>Prishtin\u00eb, 17 korrik 2025<\/p>\n<p>Presidentja e Kosov\u00ebs, Vjosa Osmani, ka b\u00ebr\u00eb t\u00eb ditur se n\u00eb fund t\u00eb muajit maj ka marr\u00eb informacione nga institucionet e siguris\u00eb p\u00ebr nj\u00eb p\u00ebrshkall\u00ebzim t\u00eb mundsh\u00ebm t\u00eb planifikuar nga Serbia. Ajo ka theksuar se qytetar\u00ebt nuk duhet t\u00eb shqet\u00ebsohen, pasi institucionet e vendit jan\u00eb n\u00eb gatishm\u00ebri t\u00eb plot\u00eb dhe situata \u00ebsht\u00eb n\u00ebn kontroll.<\/p>\n<p>\u201cN\u00eb fund t\u00eb majit kemi marr\u00eb informacione p\u00ebr veprimet e Serbis\u00eb pran\u00eb kufirit me Kosov\u00ebn. K\u00ebto jan\u00eb informata t\u00eb besueshme nga institucionet tona t\u00eb siguris\u00eb\u201d, deklaroi Osmani n\u00eb nj\u00eb konferenc\u00eb p\u00ebr media t\u00eb mbajtur t\u00eb enjten pasdite n\u00eb Prishtin\u00eb.<\/p>\n<p>Ajo sqaroi se deklaratat q\u00eb i kishte dh\u00ebn\u00eb gjat\u00eb vizit\u00ebs s\u00eb fundit n\u00eb Shtetet e Bashkuara t\u00eb Amerik\u00ebs, p\u00ebr parandalimin e nj\u00eb p\u00ebrshkall\u00ebzimi t\u00eb siguris\u00eb nga ana e Serbis\u00eb, jan\u00eb b\u00ebr\u00eb n\u00eb baz\u00eb t\u00eb interpretimit t\u00eb saj t\u00eb fjal\u00ebve t\u00eb presidentit amerikan, Donald Trump.<\/p>\n<p>\u201cFjal\u00ebt q\u00eb i kam th\u00ebn\u00eb n\u00eb SHBA i kam bazuar n\u00eb at\u00eb se si i kam kuptuar deklarimet e presidentit Trump. Ai ka theksuar se ka parandaluar nj\u00eb konflikt t\u00eb mundsh\u00ebm mes Kosov\u00ebs dhe Serbis\u00eb. Un\u00eb nuk i kam interpretuar ato deklarata, por i kam p\u00ebrcjell\u00eb ashtu si\u00e7 i kam kuptuar\u201d, tha ajo.<\/p>\n<p>N\u00eb k\u00ebt\u00eb kontekst, presidentja kritikoi deklaratat e presidentit serb, Aleksandar Vu\u00e7iq, i cili kishte th\u00ebn\u00eb se Serbia nuk \u00ebsht\u00eb e interesuar p\u00ebr p\u00ebrshkall\u00ebzim. Sipas saj, k\u00ebto deklarime jan\u00eb pjes\u00eb e propagand\u00ebs s\u00eb zakonshme t\u00eb Beogradit.<\/p>\n<p>\u201cT\u00eb nj\u00ebjtat fjal\u00eb i kan\u00eb th\u00ebn\u00eb edhe para agresionit n\u00eb Banjsk\u00eb n\u00eb vitin 2023 dhe para sulmit mbi Ib\u00ebr-Lepenc. Nuk mund t\u00eb mashtrohemi nga fjal\u00ebt e tyre, kur veprimet flasin ndryshe\u201d, theksoi Osmani.<\/p>\n<p>Ajo siguroi qytetar\u00ebt se nuk ka arsye p\u00ebr panik, duke th\u00ebn\u00eb se t\u00eb gjitha institucionet e siguris\u00eb jan\u00eb n\u00eb krye t\u00eb detyr\u00ebs dhe jan\u00eb nd\u00ebrmarr\u00eb t\u00eb gjitha masat p\u00ebr mbrojtjen dhe sigurin\u00eb e vendit.<\/p>\n<p>\u201cK\u00ebrc\u00ebnimet nga Serbia jan\u00eb t\u00eb vazhdueshme, por ne nuk do t\u00eb lejojm\u00eb q\u00eb asnj\u00eb plan destabilizues t\u00eb realizohet. T\u00eb gjitha veprimet tona jan\u00eb t\u00eb koordinuara dhe t\u00eb mb\u00ebshtetura n\u00eb t\u00eb dh\u00ebna konkrete\u201d, u shpreh presidentja.<\/p>\n<p>Sipas saj, informatat p\u00ebr tentativat destabilizuese nga ana e Serbis\u00eb jan\u00eb ndar\u00eb me publikun sa her\u00eb q\u00eb kjo ka qen\u00eb e mundur, por p\u00ebr shkak t\u00eb klasifikimit t\u00eb disa prej tyre, k\u00ebrkoi mir\u00ebkuptim nga qytetar\u00ebt p\u00ebr munges\u00ebn e transparenc\u00ebs n\u00eb raste t\u00eb caktuara.<\/p>\n<p>N\u00eb nd\u00ebrkoh\u00eb, emisari amerikan Richard Grenell e ka akuzuar Osmanin se ka keqinterpretuar fjal\u00ebt e presidentit Trump, duke th\u00ebn\u00eb se ai nuk ka b\u00ebr\u00eb deklarata t\u00eb fundit p\u00ebr ndonj\u00eb nd\u00ebrhyrje p\u00ebr t\u00eb parandaluar p\u00ebrshkall\u00ebzimin n\u00eb rajon.<\/p>\n<p>&nbsp;<\/p>\n<p>&nbsp;<\/p>\n<p>&nbsp;<\/p>\n","protected":false},"excerpt":{"rendered":"<p>Prishtin\u00eb, 17 korrik 2025 Presidentja e Kosov\u00ebs, Vjosa Osmani, ka b\u00ebr\u00eb t\u00eb ditur se n\u00eb fund t\u00eb muajit maj ka marr\u00eb informacione nga institucionet e<\/p>\n","protected":false},"author":1,"featured_media":4232,"comment_status":"open","ping_status":"open","sticky":false,"template":"","format":"standard","meta":{"footnotes":""},"categories":[58],"tags":[],"class_list":["post-4228","post","type-post","status-publish","format-standard","has-post-thumbnail","hentry","category-politike-sq"],"yoast_head":"<!-- This site is optimized with the Yoast SEO plugin v25.3.1 - https:\/\/yoast.com\/wordpress\/plugins\/seo\/ -->\n<title>Osmani: N\u00eb fund t\u00eb majit mora informacione p\u00ebr p\u00ebrshkall\u00ebzim t\u00eb mundsh\u00ebm nga Serbia -<\/title>\n<meta name=\"robots\" content=\"index, follow, max-snippet:-1, max-image-preview:large, max-video-preview:-1\" \/>\n<link rel=\"canonical\" href=\"https:\/\/veritasinfo.org\/?p=4228\" \/>\n<meta property=\"og:locale\" content=\"en_US\" \/>\n<meta property=\"og:type\" content=\"article\" \/>\n<meta property=\"og:title\" content=\"Osmani: N\u00eb fund t\u00eb majit mora informacione p\u00ebr p\u00ebrshkall\u00ebzim t\u00eb mundsh\u00ebm nga Serbia -\" \/>\n<meta property=\"og:description\" content=\"Prishtin\u00eb, 17 korrik 2025 Presidentja e Kosov\u00ebs, Vjosa Osmani, ka b\u00ebr\u00eb t\u00eb ditur se n\u00eb fund t\u00eb muajit maj ka marr\u00eb informacione nga institucionet e\" \/>\n<meta property=\"og:url\" content=\"https:\/\/veritasinfo.org\/?p=4228\" \/>\n<meta property=\"article:published_time\" content=\"2025-07-17T19:54:54+00:00\" \/>\n<meta property=\"og:image\" content=\"https:\/\/veritasinfo.org\/wp-content\/uploads\/2025\/07\/3an5tZ6hqeRAy4q4-QKuUG.jpg\" \/>\n\t<meta property=\"og:image:width\" content=\"2048\" \/>\n\t<meta property=\"og:image:height\" content=\"1366\" \/>\n\t<meta property=\"og:image:type\" content=\"image\/jpeg\" \/>\n<meta name=\"author\" content=\"admin\" \/>\n<meta name=\"twitter:card\" content=\"summary_large_image\" \/>\n<meta name=\"twitter:label1\" content=\"Written by\" \/>\n\t<meta name=\"twitter:data1\" content=\"admin\" \/>\n\t<meta name=\"twitter:label2\" content=\"Est. reading time\" \/>\n\t<meta name=\"twitter:data2\" content=\"2 minutes\" \/>\n<script type=\"application\/ld+json\" class=\"yoast-schema-graph\">{\"@context\":\"https:\/\/schema.org\",\"@graph\":[{\"@type\":\"WebPage\",\"@id\":\"https:\/\/veritasinfo.org\/?p=4228\",\"url\":\"https:\/\/veritasinfo.org\/?p=4228\",\"name\":\"Osmani: N\u00eb fund t\u00eb majit mora informacione p\u00ebr p\u00ebrshkall\u00ebzim t\u00eb mundsh\u00ebm nga Serbia -\",\"isPartOf\":{\"@id\":\"https:\/\/veritasinfo.org\/#website\"},\"primaryImageOfPage\":{\"@id\":\"https:\/\/veritasinfo.org\/?p=4228#primaryimage\"},\"image\":{\"@id\":\"https:\/\/veritasinfo.org\/?p=4228#primaryimage\"},\"thumbnailUrl\":\"https:\/\/veritasinfo.org\/wp-content\/uploads\/2025\/07\/3an5tZ6hqeRAy4q4-QKuUG.jpg\",\"datePublished\":\"2025-07-17T19:54:54+00:00\",\"author\":{\"@id\":\"https:\/\/veritasinfo.org\/#\/schema\/person\/7701f8c088bece422266b100a712374f\"},\"breadcrumb\":{\"@id\":\"https:\/\/veritasinfo.org\/?p=4228#breadcrumb\"},\"inLanguage\":\"en-US\",\"potentialAction\":[{\"@type\":\"ReadAction\",\"target\":[\"https:\/\/veritasinfo.org\/?p=4228\"]}]},{\"@type\":\"ImageObject\",\"inLanguage\":\"en-US\",\"@id\":\"https:\/\/veritasinfo.org\/?p=4228#primaryimage\",\"url\":\"https:\/\/veritasinfo.org\/wp-content\/uploads\/2025\/07\/3an5tZ6hqeRAy4q4-QKuUG.jpg\",\"contentUrl\":\"https:\/\/veritasinfo.org\/wp-content\/uploads\/2025\/07\/3an5tZ6hqeRAy4q4-QKuUG.jpg\",\"width\":2048,\"height\":1366},{\"@type\":\"BreadcrumbList\",\"@id\":\"https:\/\/veritasinfo.org\/?p=4228#breadcrumb\",\"itemListElement\":[{\"@type\":\"ListItem\",\"position\":1,\"name\":\"Home\",\"item\":\"https:\/\/veritasinfo.org\/\"},{\"@type\":\"ListItem\",\"position\":2,\"name\":\"Osmani: N\u00eb fund t\u00eb majit mora informacione p\u00ebr p\u00ebrshkall\u00ebzim t\u00eb mundsh\u00ebm nga Serbia\"}]},{\"@type\":\"WebSite\",\"@id\":\"https:\/\/veritasinfo.org\/#website\",\"url\":\"https:\/\/veritasinfo.org\/\",\"name\":\"\",\"description\":\"\",\"potentialAction\":[{\"@type\":\"SearchAction\",\"target\":{\"@type\":\"EntryPoint\",\"urlTemplate\":\"https:\/\/veritasinfo.org\/?s={search_term_string}\"},\"query-input\":{\"@type\":\"PropertyValueSpecification\",\"valueRequired\":true,\"valueName\":\"search_term_string\"}}],\"inLanguage\":\"en-US\"},{\"@type\":\"Person\",\"@id\":\"https:\/\/veritasinfo.org\/#\/schema\/person\/7701f8c088bece422266b100a712374f\",\"name\":\"admin\",\"image\":{\"@type\":\"ImageObject\",\"inLanguage\":\"en-US\",\"@id\":\"https:\/\/veritasinfo.org\/#\/schema\/person\/image\/\",\"url\":\"https:\/\/secure.gravatar.com\/avatar\/ea53aa3bf6c9a12d5fde8ce4deff43fef3885ae33cf60184161a50d6987cfd2f?s=96&d=mm&r=g\",\"contentUrl\":\"https:\/\/secure.gravatar.com\/avatar\/ea53aa3bf6c9a12d5fde8ce4deff43fef3885ae33cf60184161a50d6987cfd2f?s=96&d=mm&r=g\",\"caption\":\"admin\"},\"sameAs\":[\"https:\/\/veritasinfo.org\"],\"url\":\"https:\/\/veritasinfo.org\/?author=1\"}]}<\/script>\n<!-- \/ Yoast SEO plugin. -->","yoast_head_json":{"title":"Osmani: N\u00eb fund t\u00eb majit mora informacione p\u00ebr p\u00ebrshkall\u00ebzim t\u00eb mundsh\u00ebm nga Serbia -","robots":{"index":"index","follow":"follow","max-snippet":"max-snippet:-1","max-image-preview":"max-image-preview:large","max-video-preview":"max-video-preview:-1"},"canonical":"https:\/\/veritasinfo.org\/?p=4228","og_locale":"en_US","og_type":"article","og_title":"Osmani: N\u00eb fund t\u00eb majit mora informacione p\u00ebr p\u00ebrshkall\u00ebzim t\u00eb mundsh\u00ebm nga Serbia -","og_description":"Prishtin\u00eb, 17 korrik 2025 Presidentja e Kosov\u00ebs, Vjosa Osmani, ka b\u00ebr\u00eb t\u00eb ditur se n\u00eb fund t\u00eb muajit maj ka marr\u00eb informacione nga institucionet e","og_url":"https:\/\/veritasinfo.org\/?p=4228","article_published_time":"2025-07-17T19:54:54+00:00","og_image":[{"width":2048,"height":1366,"url":"https:\/\/veritasinfo.org\/wp-content\/uploads\/2025\/07\/3an5tZ6hqeRAy4q4-QKuUG.jpg","type":"image\/jpeg"}],"author":"admin","twitter_card":"summary_large_image","twitter_misc":{"Written by":"admin","Est. reading time":"2 minutes"},"schema":{"@context":"https:\/\/schema.org","@graph":[{"@type":"WebPage","@id":"https:\/\/veritasinfo.org\/?p=4228","url":"https:\/\/veritasinfo.org\/?p=4228","name":"Osmani: N\u00eb fund t\u00eb majit mora informacione p\u00ebr p\u00ebrshkall\u00ebzim t\u00eb mundsh\u00ebm nga Serbia -","isPartOf":{"@id":"https:\/\/veritasinfo.org\/#website"},"primaryImageOfPage":{"@id":"https:\/\/veritasinfo.org\/?p=4228#primaryimage"},"image":{"@id":"https:\/\/veritasinfo.org\/?p=4228#primaryimage"},"thumbnailUrl":"https:\/\/veritasinfo.org\/wp-content\/uploads\/2025\/07\/3an5tZ6hqeRAy4q4-QKuUG.jpg","datePublished":"2025-07-17T19:54:54+00:00","author":{"@id":"https:\/\/veritasinfo.org\/#\/schema\/person\/7701f8c088bece422266b100a712374f"},"breadcrumb":{"@id":"https:\/\/veritasinfo.org\/?p=4228#breadcrumb"},"inLanguage":"en-US","potentialAction":[{"@type":"ReadAction","target":["https:\/\/veritasinfo.org\/?p=4228"]}]},{"@type":"ImageObject","inLanguage":"en-US","@id":"https:\/\/veritasinfo.org\/?p=4228#primaryimage","url":"https:\/\/veritasinfo.org\/wp-content\/uploads\/2025\/07\/3an5tZ6hqeRAy4q4-QKuUG.jpg","contentUrl":"https:\/\/veritasinfo.org\/wp-content\/uploads\/2025\/07\/3an5tZ6hqeRAy4q4-QKuUG.jpg","width":2048,"height":1366},{"@type":"BreadcrumbList","@id":"https:\/\/veritasinfo.org\/?p=4228#breadcrumb","itemListElement":[{"@type":"ListItem","position":1,"name":"Home","item":"https:\/\/veritasinfo.org\/"},{"@type":"ListItem","position":2,"name":"Osmani: N\u00eb fund t\u00eb majit mora informacione p\u00ebr p\u00ebrshkall\u00ebzim t\u00eb mundsh\u00ebm nga Serbia"}]},{"@type":"WebSite","@id":"https:\/\/veritasinfo.org\/#website","url":"https:\/\/veritasinfo.org\/","name":"","description":"","potentialAction":[{"@type":"SearchAction","target":{"@type":"EntryPoint","urlTemplate":"https:\/\/veritasinfo.org\/?s={search_term_string}"},"query-input":{"@type":"PropertyValueSpecification","valueRequired":true,"valueName":"search_term_string"}}],"inLanguage":"en-US"},{"@type":"Person","@id":"https:\/\/veritasinfo.org\/#\/schema\/person\/7701f8c088bece422266b100a712374f","name":"admin","image":{"@type":"ImageObject","inLanguage":"en-US","@id":"https:\/\/veritasinfo.org\/#\/schema\/person\/image\/","url":"https:\/\/secure.gravatar.com\/avatar\/ea53aa3bf6c9a12d5fde8ce4deff43fef3885ae33cf60184161a50d6987cfd2f?s=96&d=mm&r=g","contentUrl":"https:\/\/secure.gravatar.com\/avatar\/ea53aa3bf6c9a12d5fde8ce4deff43fef3885ae33cf60184161a50d6987cfd2f?s=96&d=mm&r=g","caption":"admin"},"sameAs":["https:\/\/veritasinfo.org"],"url":"https:\/\/veritasinfo.org\/?author=1"}]}},"featured_image_urls":{"full":["https:\/\/veritasinfo.org\/wp-content\/uploads\/2025\/07\/3an5tZ6hqeRAy4q4-QKuUG.jpg",2048,1366,false],"thumbnail":["https:\/\/veritasinfo.org\/wp-content\/uploads\/2025\/07\/3an5tZ6hqeRAy4q4-QKuUG-150x150.jpg",150,150,true],"medium":["https:\/\/veritasinfo.org\/wp-content\/uploads\/2025\/07\/3an5tZ6hqeRAy4q4-QKuUG-300x200.jpg",300,200,true],"medium_large":["https:\/\/veritasinfo.org\/wp-content\/uploads\/2025\/07\/3an5tZ6hqeRAy4q4-QKuUG-768x512.jpg",640,427,true],"large":["https:\/\/veritasinfo.org\/wp-content\/uploads\/2025\/07\/3an5tZ6hqeRAy4q4-QKuUG-1024x683.jpg",640,427,true],"1536x1536":["https:\/\/veritasinfo.org\/wp-content\/uploads\/2025\/07\/3an5tZ6hqeRAy4q4-QKuUG-1536x1025.jpg",1536,1025,true],"2048x2048":["https:\/\/veritasinfo.org\/wp-content\/uploads\/2025\/07\/3an5tZ6hqeRAy4q4-QKuUG.jpg",2048,1366,false],"kreeti-slider-full":["https:\/\/veritasinfo.org\/wp-content\/uploads\/2025\/07\/3an5tZ6hqeRAy4q4-QKuUG.jpg",1079,720,false],"kreeti-featured":["https:\/\/veritasinfo.org\/wp-content\/uploads\/2025\/07\/3an5tZ6hqeRAy4q4-QKuUG.jpg",1024,683,false],"kreeti-medium":["https:\/\/veritasinfo.org\/wp-content\/uploads\/2025\/07\/3an5tZ6hqeRAy4q4-QKuUG.jpg",720,480,false],"kreeti-medium-square":["https:\/\/veritasinfo.org\/wp-content\/uploads\/2025\/07\/3an5tZ6hqeRAy4q4-QKuUG.jpg",350,233,false]},"author_info":{"info":["admin"]},"category_info":"<a href=\"https:\/\/veritasinfo.org\/?cat=58\" rel=\"category\">Politik\u00eb<\/a>","tag_info":"Politik\u00eb","comment_count":"0","_links":{"self":[{"href":"https:\/\/veritasinfo.org\/index.php?rest_route=\/wp\/v2\/posts\/4228","targetHints":{"allow":["GET"]}}],"collection":[{"href":"https:\/\/veritasinfo.org\/index.php?rest_route=\/wp\/v2\/posts"}],"about":[{"href":"https:\/\/veritasinfo.org\/index.php?rest_route=\/wp\/v2\/types\/post"}],"author":[{"embeddable":true,"href":"https:\/\/veritasinfo.org\/index.php?rest_route=\/wp\/v2\/users\/1"}],"replies":[{"embeddable":true,"href":"https:\/\/veritasinfo.org\/index.php?rest_route=%2Fwp%2Fv2%2Fcomments&post=4228"}],"version-history":[{"count":1,"href":"https:\/\/veritasinfo.org\/index.php?rest_route=\/wp\/v2\/posts\/4228\/revisions"}],"predecessor-version":[{"id":4235,"href":"https:\/\/veritasinfo.org\/index.php?rest_route=\/wp\/v2\/posts\/4228\/revisions\/4235"}],"wp:featuredmedia":[{"embeddable":true,"href":"https:\/\/veritasinfo.org\/index.php?rest_route=\/wp\/v2\/media\/4232"}],"wp:attachment":[{"href":"https:\/\/veritasinfo.org\/index.php?rest_route=%2Fwp%2Fv2%2Fmedia&parent=4228"}],"wp:term":[{"taxonomy":"category","embeddable":true,"href":"https:\/\/veritasinfo.org\/index.php?rest_route=%2Fwp%2Fv2%2Fcategories&post=4228"},{"taxonomy":"post_tag","embeddable":true,"href":"https:\/\/veritasinfo.org\/index.php?rest_route=%2Fwp%2Fv2%2Ftags&post=4228"}],"curies":[{"name":"wp","href":"https:\/\/api.w.org\/{rel}","templated":true}]}}