{"id":4219,"date":"2025-07-17T20:27:29","date_gmt":"2025-07-17T18:27:29","guid":{"rendered":"https:\/\/veritasinfo.org\/?p=4219"},"modified":"2025-07-17T20:27:29","modified_gmt":"2025-07-17T18:27:29","slug":"specijalni-sud-zrtve-su-mozda-nedovoljno-prijavile-traumu-odbrana-dovodi-u-pitanje-njihove-motive","status":"publish","type":"post","link":"https:\/\/veritasinfo.org\/?p=4219&lang=sr","title":{"rendered":"Specijalni sud: \u017drtve su mo\u017eda nedovoljno prijavile traumu, odbrana dovodi u pitanje njihove motive"},"content":{"rendered":"<p style=\"text-align: left\">Dovodi se u pitanje verodostojnost iskaza \u017ertava u Specijalnom sudu, eksperti upozoravaju na mogu\u0107nost nedovoljno prijavljene traume<\/p>\n<p style=\"text-align: left\"><em>Hag, 17. jul 2025\u00a0<\/em><\/p>\n<p style=\"text-align: left\">Dve stru\u010dnjakinje za mentalno zdravlje, pozvane od strane zastupnika \u017ertava u sudskom procesu protiv biv\u0161ih lidera OVK pred Specijalnim sudom u Hagu, zavr\u0161ile su u \u010detvrtak svoja svedo\u010denja, izazvav\u0161i debatu o verodostojnosti prijavljenih simptoma \u017ertava i mogu\u0107nosti da je trauma nedovoljno prijavljena.<\/p>\n<p style=\"text-align: left\">Psiholo\u0161kinja Karin Duhne-Prinsen i psihijatrica Ketrin Nikola-Blek ispitane su od strane advokata odbrane o poreklu i mogu\u0107im motivima simptoma koje su prijavili oni koji tvrde da su tokom rata na Kosovu bili pritvoreni i zlostavljani od strane pripadnika OVK.<\/p>\n<p style=\"text-align: left\">Advokat Jakupa Krasniqija, Viktor Bai\u0161uu, pozvao se na Istanbulski protokol \u2013 me\u0111unarodni dokument za dokumentovanje torture \u2013 i ukazao na mogu\u0107nost da neki pojedinci preuveli\u010davaju ili izmi\u0161ljaju simptome iz li\u010dnih ili politi\u010dkih razloga, kao \u0161to je dobijanje azila.<\/p>\n<p style=\"text-align: left\">Duhne-Prinsen je priznala da se izve\u0161taj stru\u010dnjaka oslanja na samoprijavljene simptome, bez potvrde o eventualnim motivima \u017ertava. Ipak, Nikola-Blek je istakla da klini\u010dko iskustvo i kontekst u kojem su izjave uzete ukazuju na suprotno \u2013 da su simptomi verovatno \u010de\u0161\u0107i nego \u0161to su zvani\u010dno prijavljeni, jer je osobama \u010desto te\u0161ko da govore o traumama.<\/p>\n<p style=\"text-align: left\">Ona je ocenila da opisani simptomi odgovaraju uobi\u010dajenim slu\u010dajevima pritvaranja i zlostavljanja, kako u medicinskoj literaturi, tako i u klini\u010dkoj praksi.<\/p>\n<p style=\"text-align: left\">Tokom zasedanja, sudija Fergal Gejnor je pitao da li u izve\u0161taju stoji koja strana u sukobu je izazvala traume. Nikola-Blek je odgovorila da izvori traume nisu precizirani u izve\u0161taju.<\/p>\n<p style=\"text-align: left\">Ovim svedo\u010denjem zavr\u0161eno je izlaganje svedoka od strane zastupnika \u017ertava. Naredno ro\u010di\u0161te zakazano je za utorak, kada \u0107e se razmatrati dalji tok procesa.<\/p>\n<p style=\"text-align: left\">\n<p style=\"text-align: left\">\n","protected":false},"excerpt":{"rendered":"<p>Dovodi se u pitanje verodostojnost iskaza \u017ertava u Specijalnom sudu, eksperti upozoravaju na mogu\u0107nost nedovoljno prijavljene traume Hag, 17. jul 2025\u00a0 Dve stru\u010dnjakinje za mentalno<\/p>\n","protected":false},"author":1,"featured_media":4217,"comment_status":"open","ping_status":"open","sticky":false,"template":"","format":"standard","meta":{"footnotes":""},"categories":[30],"tags":[],"class_list":["post-4219","post","type-post","status-publish","format-standard","has-post-thumbnail","hentry","category-drustvo"],"yoast_head":"<!-- This site is optimized with the Yoast SEO plugin v25.3.1 - https:\/\/yoast.com\/wordpress\/plugins\/seo\/ -->\n<title>Specijalni sud: \u017drtve su mo\u017eda nedovoljno prijavile traumu, odbrana dovodi u pitanje njihove motive -<\/title>\n<meta name=\"robots\" content=\"index, follow, max-snippet:-1, max-image-preview:large, max-video-preview:-1\" \/>\n<link rel=\"canonical\" href=\"https:\/\/veritasinfo.org\/?p=4219&lang=sr\" \/>\n<meta property=\"og:locale\" content=\"en_US\" \/>\n<meta property=\"og:type\" content=\"article\" \/>\n<meta property=\"og:title\" content=\"Specijalni sud: \u017drtve su mo\u017eda nedovoljno prijavile traumu, odbrana dovodi u pitanje njihove motive -\" \/>\n<meta property=\"og:description\" content=\"Dovodi se u pitanje verodostojnost iskaza \u017ertava u Specijalnom sudu, eksperti upozoravaju na mogu\u0107nost nedovoljno prijavljene traume Hag, 17. jul 2025\u00a0 Dve stru\u010dnjakinje za mentalno\" \/>\n<meta property=\"og:url\" content=\"https:\/\/veritasinfo.org\/?p=4219&amp;lang=sr\" \/>\n<meta property=\"article:published_time\" content=\"2025-07-17T18:27:29+00:00\" \/>\n<meta property=\"og:image\" content=\"https:\/\/veritasinfo.org\/wp-content\/uploads\/2025\/07\/image-2025-07-16T161344.966-750x430-1.png\" \/>\n\t<meta property=\"og:image:width\" content=\"671\" \/>\n\t<meta property=\"og:image:height\" content=\"430\" \/>\n\t<meta property=\"og:image:type\" content=\"image\/png\" \/>\n<meta name=\"author\" content=\"admin\" \/>\n<meta name=\"twitter:card\" content=\"summary_large_image\" \/>\n<meta name=\"twitter:label1\" content=\"Written by\" \/>\n\t<meta name=\"twitter:data1\" content=\"admin\" \/>\n\t<meta name=\"twitter:label2\" content=\"Est. reading time\" \/>\n\t<meta name=\"twitter:data2\" content=\"2 minutes\" \/>\n<script type=\"application\/ld+json\" class=\"yoast-schema-graph\">{\"@context\":\"https:\/\/schema.org\",\"@graph\":[{\"@type\":\"WebPage\",\"@id\":\"https:\/\/veritasinfo.org\/?p=4219&lang=sr\",\"url\":\"https:\/\/veritasinfo.org\/?p=4219&lang=sr\",\"name\":\"Specijalni sud: \u017drtve su mo\u017eda nedovoljno prijavile traumu, odbrana dovodi u pitanje njihove motive -\",\"isPartOf\":{\"@id\":\"https:\/\/veritasinfo.org\/#website\"},\"primaryImageOfPage\":{\"@id\":\"https:\/\/veritasinfo.org\/?p=4219&lang=sr#primaryimage\"},\"image\":{\"@id\":\"https:\/\/veritasinfo.org\/?p=4219&lang=sr#primaryimage\"},\"thumbnailUrl\":\"https:\/\/veritasinfo.org\/wp-content\/uploads\/2025\/07\/image-2025-07-16T161344.966-750x430-1.png\",\"datePublished\":\"2025-07-17T18:27:29+00:00\",\"author\":{\"@id\":\"https:\/\/veritasinfo.org\/#\/schema\/person\/7701f8c088bece422266b100a712374f\"},\"breadcrumb\":{\"@id\":\"https:\/\/veritasinfo.org\/?p=4219&lang=sr#breadcrumb\"},\"inLanguage\":\"en-US\",\"potentialAction\":[{\"@type\":\"ReadAction\",\"target\":[\"https:\/\/veritasinfo.org\/?p=4219&lang=sr\"]}]},{\"@type\":\"ImageObject\",\"inLanguage\":\"en-US\",\"@id\":\"https:\/\/veritasinfo.org\/?p=4219&lang=sr#primaryimage\",\"url\":\"https:\/\/veritasinfo.org\/wp-content\/uploads\/2025\/07\/image-2025-07-16T161344.966-750x430-1.png\",\"contentUrl\":\"https:\/\/veritasinfo.org\/wp-content\/uploads\/2025\/07\/image-2025-07-16T161344.966-750x430-1.png\",\"width\":671,\"height\":430},{\"@type\":\"BreadcrumbList\",\"@id\":\"https:\/\/veritasinfo.org\/?p=4219&lang=sr#breadcrumb\",\"itemListElement\":[{\"@type\":\"ListItem\",\"position\":1,\"name\":\"Home\",\"item\":\"https:\/\/veritasinfo.org\/\"},{\"@type\":\"ListItem\",\"position\":2,\"name\":\"Specijalni sud: \u017drtve su mo\u017eda nedovoljno prijavile traumu, odbrana dovodi u pitanje njihove motive\"}]},{\"@type\":\"WebSite\",\"@id\":\"https:\/\/veritasinfo.org\/#website\",\"url\":\"https:\/\/veritasinfo.org\/\",\"name\":\"\",\"description\":\"\",\"potentialAction\":[{\"@type\":\"SearchAction\",\"target\":{\"@type\":\"EntryPoint\",\"urlTemplate\":\"https:\/\/veritasinfo.org\/?s={search_term_string}\"},\"query-input\":{\"@type\":\"PropertyValueSpecification\",\"valueRequired\":true,\"valueName\":\"search_term_string\"}}],\"inLanguage\":\"en-US\"},{\"@type\":\"Person\",\"@id\":\"https:\/\/veritasinfo.org\/#\/schema\/person\/7701f8c088bece422266b100a712374f\",\"name\":\"admin\",\"image\":{\"@type\":\"ImageObject\",\"inLanguage\":\"en-US\",\"@id\":\"https:\/\/veritasinfo.org\/#\/schema\/person\/image\/\",\"url\":\"https:\/\/secure.gravatar.com\/avatar\/ea53aa3bf6c9a12d5fde8ce4deff43fef3885ae33cf60184161a50d6987cfd2f?s=96&d=mm&r=g\",\"contentUrl\":\"https:\/\/secure.gravatar.com\/avatar\/ea53aa3bf6c9a12d5fde8ce4deff43fef3885ae33cf60184161a50d6987cfd2f?s=96&d=mm&r=g\",\"caption\":\"admin\"},\"sameAs\":[\"https:\/\/veritasinfo.org\"],\"url\":\"https:\/\/veritasinfo.org\/?author=1\"}]}<\/script>\n<!-- \/ Yoast SEO plugin. -->","yoast_head_json":{"title":"Specijalni sud: \u017drtve su mo\u017eda nedovoljno prijavile traumu, odbrana dovodi u pitanje njihove motive -","robots":{"index":"index","follow":"follow","max-snippet":"max-snippet:-1","max-image-preview":"max-image-preview:large","max-video-preview":"max-video-preview:-1"},"canonical":"https:\/\/veritasinfo.org\/?p=4219&lang=sr","og_locale":"en_US","og_type":"article","og_title":"Specijalni sud: \u017drtve su mo\u017eda nedovoljno prijavile traumu, odbrana dovodi u pitanje njihove motive -","og_description":"Dovodi se u pitanje verodostojnost iskaza \u017ertava u Specijalnom sudu, eksperti upozoravaju na mogu\u0107nost nedovoljno prijavljene traume Hag, 17. jul 2025\u00a0 Dve stru\u010dnjakinje za mentalno","og_url":"https:\/\/veritasinfo.org\/?p=4219&lang=sr","article_published_time":"2025-07-17T18:27:29+00:00","og_image":[{"width":671,"height":430,"url":"https:\/\/veritasinfo.org\/wp-content\/uploads\/2025\/07\/image-2025-07-16T161344.966-750x430-1.png","type":"image\/png"}],"author":"admin","twitter_card":"summary_large_image","twitter_misc":{"Written by":"admin","Est. reading time":"2 minutes"},"schema":{"@context":"https:\/\/schema.org","@graph":[{"@type":"WebPage","@id":"https:\/\/veritasinfo.org\/?p=4219&lang=sr","url":"https:\/\/veritasinfo.org\/?p=4219&lang=sr","name":"Specijalni sud: \u017drtve su mo\u017eda nedovoljno prijavile traumu, odbrana dovodi u pitanje njihove motive -","isPartOf":{"@id":"https:\/\/veritasinfo.org\/#website"},"primaryImageOfPage":{"@id":"https:\/\/veritasinfo.org\/?p=4219&lang=sr#primaryimage"},"image":{"@id":"https:\/\/veritasinfo.org\/?p=4219&lang=sr#primaryimage"},"thumbnailUrl":"https:\/\/veritasinfo.org\/wp-content\/uploads\/2025\/07\/image-2025-07-16T161344.966-750x430-1.png","datePublished":"2025-07-17T18:27:29+00:00","author":{"@id":"https:\/\/veritasinfo.org\/#\/schema\/person\/7701f8c088bece422266b100a712374f"},"breadcrumb":{"@id":"https:\/\/veritasinfo.org\/?p=4219&lang=sr#breadcrumb"},"inLanguage":"en-US","potentialAction":[{"@type":"ReadAction","target":["https:\/\/veritasinfo.org\/?p=4219&lang=sr"]}]},{"@type":"ImageObject","inLanguage":"en-US","@id":"https:\/\/veritasinfo.org\/?p=4219&lang=sr#primaryimage","url":"https:\/\/veritasinfo.org\/wp-content\/uploads\/2025\/07\/image-2025-07-16T161344.966-750x430-1.png","contentUrl":"https:\/\/veritasinfo.org\/wp-content\/uploads\/2025\/07\/image-2025-07-16T161344.966-750x430-1.png","width":671,"height":430},{"@type":"BreadcrumbList","@id":"https:\/\/veritasinfo.org\/?p=4219&lang=sr#breadcrumb","itemListElement":[{"@type":"ListItem","position":1,"name":"Home","item":"https:\/\/veritasinfo.org\/"},{"@type":"ListItem","position":2,"name":"Specijalni sud: \u017drtve su mo\u017eda nedovoljno prijavile traumu, odbrana dovodi u pitanje njihove motive"}]},{"@type":"WebSite","@id":"https:\/\/veritasinfo.org\/#website","url":"https:\/\/veritasinfo.org\/","name":"","description":"","potentialAction":[{"@type":"SearchAction","target":{"@type":"EntryPoint","urlTemplate":"https:\/\/veritasinfo.org\/?s={search_term_string}"},"query-input":{"@type":"PropertyValueSpecification","valueRequired":true,"valueName":"search_term_string"}}],"inLanguage":"en-US"},{"@type":"Person","@id":"https:\/\/veritasinfo.org\/#\/schema\/person\/7701f8c088bece422266b100a712374f","name":"admin","image":{"@type":"ImageObject","inLanguage":"en-US","@id":"https:\/\/veritasinfo.org\/#\/schema\/person\/image\/","url":"https:\/\/secure.gravatar.com\/avatar\/ea53aa3bf6c9a12d5fde8ce4deff43fef3885ae33cf60184161a50d6987cfd2f?s=96&d=mm&r=g","contentUrl":"https:\/\/secure.gravatar.com\/avatar\/ea53aa3bf6c9a12d5fde8ce4deff43fef3885ae33cf60184161a50d6987cfd2f?s=96&d=mm&r=g","caption":"admin"},"sameAs":["https:\/\/veritasinfo.org"],"url":"https:\/\/veritasinfo.org\/?author=1"}]}},"featured_image_urls":{"full":["https:\/\/veritasinfo.org\/wp-content\/uploads\/2025\/07\/image-2025-07-16T161344.966-750x430-1.png",671,430,false],"thumbnail":["https:\/\/veritasinfo.org\/wp-content\/uploads\/2025\/07\/image-2025-07-16T161344.966-750x430-1-150x150.png",150,150,true],"medium":["https:\/\/veritasinfo.org\/wp-content\/uploads\/2025\/07\/image-2025-07-16T161344.966-750x430-1-300x192.png",300,192,true],"medium_large":["https:\/\/veritasinfo.org\/wp-content\/uploads\/2025\/07\/image-2025-07-16T161344.966-750x430-1.png",640,410,false],"large":["https:\/\/veritasinfo.org\/wp-content\/uploads\/2025\/07\/image-2025-07-16T161344.966-750x430-1.png",640,410,false],"1536x1536":["https:\/\/veritasinfo.org\/wp-content\/uploads\/2025\/07\/image-2025-07-16T161344.966-750x430-1.png",671,430,false],"2048x2048":["https:\/\/veritasinfo.org\/wp-content\/uploads\/2025\/07\/image-2025-07-16T161344.966-750x430-1.png",671,430,false],"kreeti-slider-full":["https:\/\/veritasinfo.org\/wp-content\/uploads\/2025\/07\/image-2025-07-16T161344.966-750x430-1.png",671,430,false],"kreeti-featured":["https:\/\/veritasinfo.org\/wp-content\/uploads\/2025\/07\/image-2025-07-16T161344.966-750x430-1.png",671,430,false],"kreeti-medium":["https:\/\/veritasinfo.org\/wp-content\/uploads\/2025\/07\/image-2025-07-16T161344.966-750x430-1.png",671,430,false],"kreeti-medium-square":["https:\/\/veritasinfo.org\/wp-content\/uploads\/2025\/07\/image-2025-07-16T161344.966-750x430-1.png",350,224,false]},"author_info":{"info":["admin"]},"category_info":"<a href=\"https:\/\/veritasinfo.org\/?cat=30&#038;lang=sr\" rel=\"category\">Dru\u0161tvo<\/a>","tag_info":"Dru\u0161tvo","comment_count":"0","_links":{"self":[{"href":"https:\/\/veritasinfo.org\/index.php?rest_route=\/wp\/v2\/posts\/4219","targetHints":{"allow":["GET"]}}],"collection":[{"href":"https:\/\/veritasinfo.org\/index.php?rest_route=\/wp\/v2\/posts"}],"about":[{"href":"https:\/\/veritasinfo.org\/index.php?rest_route=\/wp\/v2\/types\/post"}],"author":[{"embeddable":true,"href":"https:\/\/veritasinfo.org\/index.php?rest_route=\/wp\/v2\/users\/1"}],"replies":[{"embeddable":true,"href":"https:\/\/veritasinfo.org\/index.php?rest_route=%2Fwp%2Fv2%2Fcomments&post=4219"}],"version-history":[{"count":1,"href":"https:\/\/veritasinfo.org\/index.php?rest_route=\/wp\/v2\/posts\/4219\/revisions"}],"predecessor-version":[{"id":4220,"href":"https:\/\/veritasinfo.org\/index.php?rest_route=\/wp\/v2\/posts\/4219\/revisions\/4220"}],"wp:featuredmedia":[{"embeddable":true,"href":"https:\/\/veritasinfo.org\/index.php?rest_route=\/wp\/v2\/media\/4217"}],"wp:attachment":[{"href":"https:\/\/veritasinfo.org\/index.php?rest_route=%2Fwp%2Fv2%2Fmedia&parent=4219"}],"wp:term":[{"taxonomy":"category","embeddable":true,"href":"https:\/\/veritasinfo.org\/index.php?rest_route=%2Fwp%2Fv2%2Fcategories&post=4219"},{"taxonomy":"post_tag","embeddable":true,"href":"https:\/\/veritasinfo.org\/index.php?rest_route=%2Fwp%2Fv2%2Ftags&post=4219"}],"curies":[{"name":"wp","href":"https:\/\/api.w.org\/{rel}","templated":true}]}}