{"id":4211,"date":"2025-07-17T20:04:17","date_gmt":"2025-07-17T18:04:17","guid":{"rendered":"https:\/\/veritasinfo.org\/?p=4211"},"modified":"2025-07-17T20:04:17","modified_gmt":"2025-07-17T18:04:17","slug":"osmani-paralajmeron-kushtetuesen-nese-nuk-zgjidhet-ngerci-deri-ne-fundjave","status":"publish","type":"post","link":"https:\/\/veritasinfo.org\/?p=4211","title":{"rendered":"Osmani paralajm\u00ebron Kushtetuesen n\u00ebse nuk zgjidhet ng\u00ebr\u00e7i deri n\u00eb fundjav\u00eb"},"content":{"rendered":"<p>Prishtin\u00eb, 17 korrik 2025<\/p>\n<p>Presidentja e Republik\u00ebs s\u00eb Kosov\u00ebs, Vjosa Osmani, ka paralajm\u00ebruar se n\u00eb rast se nuk zgjidhet ng\u00ebr\u00e7i institucional deri n\u00eb fundjav\u00eb, ajo do t\u2019i drejtohet Gjykat\u00ebs Kushtetuese n\u00eb fillim t\u00eb jav\u00ebs s\u00eb ardhshme.<\/p>\n<blockquote><p>\u201cNe jemi duke p\u00ebrgatitur l\u00ebnd\u00ebn p\u00ebr Kushtetuese dhe n\u00ebse edhe gjat\u00eb k\u00ebtij vikendi nuk ka institucione apo ndonj\u00eb marr\u00ebveshje q\u00eb \u00e7on n\u00eb konstituimin e tyre, at\u00ebher\u00eb n\u00eb fillim t\u00eb jav\u00ebs do t\u2019i drejtohemi Gjykat\u00ebs,\u201d deklaroi Osmani n\u00eb nj\u00eb konferenc\u00eb p\u00ebr media t\u00eb enjten.<\/p><\/blockquote>\n<p>Ajo theksoi se mosrespektimi i afatit t\u00eb p\u00ebrcaktuar nga Kushtetuesja duhet t\u00eb sjell\u00eb pasoja juridike, duke theksuar se b\u00ebhet fjal\u00eb p\u00ebr nj\u00eb afat detyrues dhe kushtetues.<\/p>\n<p>Sipas Osmanit, n\u00eb k\u00ebt\u00eb faz\u00eb, Kushtetuta nuk i jep asaj kompetenc\u00ebn p\u00ebr shp\u00ebrndarjen e Kuvendit apo caktimin e zgjedhjeve t\u00eb reja.<\/p>\n<p>Presidentja tha se ka zhvilluar takime me lider\u00ebt e partive politike dhe se \u00ebsht\u00eb n\u00eb komunikim t\u00eb vazhduesh\u00ebm me disa prej tyre, por n\u00ebnvizoi se nuk \u00ebsht\u00eb roli i saj t\u00eb negocioj\u00eb p\u00ebr krijimin e koalicioneve.<\/p>\n<p>Kuvendi i Kosov\u00ebs ka d\u00ebshtuar p\u00ebr her\u00eb t\u00eb 48-t\u00eb t\u00eb konstituohet, nd\u00ebrsa afati kushtetues p\u00ebr formimin e institucioneve p\u00ebrfundon m\u00eb 26 korrik.<\/p>\n<p>&nbsp;<\/p>\n<p>&nbsp;<\/p>\n","protected":false},"excerpt":{"rendered":"<p>Prishtin\u00eb, 17 korrik 2025 Presidentja e Republik\u00ebs s\u00eb Kosov\u00ebs, Vjosa Osmani, ka paralajm\u00ebruar se n\u00eb rast se nuk zgjidhet ng\u00ebr\u00e7i institucional deri n\u00eb fundjav\u00eb, ajo<\/p>\n","protected":false},"author":1,"featured_media":4212,"comment_status":"open","ping_status":"open","sticky":false,"template":"","format":"standard","meta":{"footnotes":""},"categories":[58],"tags":[],"class_list":["post-4211","post","type-post","status-publish","format-standard","has-post-thumbnail","hentry","category-politike-sq"],"yoast_head":"<!-- This site is optimized with the Yoast SEO plugin v25.3.1 - https:\/\/yoast.com\/wordpress\/plugins\/seo\/ -->\n<title>Osmani paralajm\u00ebron Kushtetuesen n\u00ebse nuk zgjidhet ng\u00ebr\u00e7i deri n\u00eb fundjav\u00eb -<\/title>\n<meta name=\"robots\" content=\"index, follow, max-snippet:-1, max-image-preview:large, max-video-preview:-1\" \/>\n<link rel=\"canonical\" href=\"https:\/\/veritasinfo.org\/?p=4211\" \/>\n<meta property=\"og:locale\" content=\"en_US\" \/>\n<meta property=\"og:type\" content=\"article\" \/>\n<meta property=\"og:title\" content=\"Osmani paralajm\u00ebron Kushtetuesen n\u00ebse nuk zgjidhet ng\u00ebr\u00e7i deri n\u00eb fundjav\u00eb -\" \/>\n<meta property=\"og:description\" content=\"Prishtin\u00eb, 17 korrik 2025 Presidentja e Republik\u00ebs s\u00eb Kosov\u00ebs, Vjosa Osmani, ka paralajm\u00ebruar se n\u00eb rast se nuk zgjidhet ng\u00ebr\u00e7i institucional deri n\u00eb fundjav\u00eb, ajo\" \/>\n<meta property=\"og:url\" content=\"https:\/\/veritasinfo.org\/?p=4211\" \/>\n<meta property=\"article:published_time\" content=\"2025-07-17T18:04:17+00:00\" \/>\n<meta property=\"og:image\" content=\"https:\/\/veritasinfo.org\/wp-content\/uploads\/2025\/07\/maxresdefault-1-e1751658236521.jpg\" \/>\n\t<meta property=\"og:image:width\" content=\"1034\" \/>\n\t<meta property=\"og:image:height\" content=\"582\" \/>\n\t<meta property=\"og:image:type\" content=\"image\/jpeg\" \/>\n<meta name=\"author\" content=\"admin\" \/>\n<meta name=\"twitter:card\" content=\"summary_large_image\" \/>\n<meta name=\"twitter:label1\" content=\"Written by\" \/>\n\t<meta name=\"twitter:data1\" content=\"admin\" \/>\n\t<meta name=\"twitter:label2\" content=\"Est. reading time\" \/>\n\t<meta name=\"twitter:data2\" content=\"1 minute\" \/>\n<script type=\"application\/ld+json\" class=\"yoast-schema-graph\">{\"@context\":\"https:\/\/schema.org\",\"@graph\":[{\"@type\":\"WebPage\",\"@id\":\"https:\/\/veritasinfo.org\/?p=4211\",\"url\":\"https:\/\/veritasinfo.org\/?p=4211\",\"name\":\"Osmani paralajm\u00ebron Kushtetuesen n\u00ebse nuk zgjidhet ng\u00ebr\u00e7i deri n\u00eb fundjav\u00eb -\",\"isPartOf\":{\"@id\":\"https:\/\/veritasinfo.org\/#website\"},\"primaryImageOfPage\":{\"@id\":\"https:\/\/veritasinfo.org\/?p=4211#primaryimage\"},\"image\":{\"@id\":\"https:\/\/veritasinfo.org\/?p=4211#primaryimage\"},\"thumbnailUrl\":\"https:\/\/veritasinfo.org\/wp-content\/uploads\/2025\/07\/maxresdefault-1-e1751658236521.jpg\",\"datePublished\":\"2025-07-17T18:04:17+00:00\",\"author\":{\"@id\":\"https:\/\/veritasinfo.org\/#\/schema\/person\/7701f8c088bece422266b100a712374f\"},\"breadcrumb\":{\"@id\":\"https:\/\/veritasinfo.org\/?p=4211#breadcrumb\"},\"inLanguage\":\"en-US\",\"potentialAction\":[{\"@type\":\"ReadAction\",\"target\":[\"https:\/\/veritasinfo.org\/?p=4211\"]}]},{\"@type\":\"ImageObject\",\"inLanguage\":\"en-US\",\"@id\":\"https:\/\/veritasinfo.org\/?p=4211#primaryimage\",\"url\":\"https:\/\/veritasinfo.org\/wp-content\/uploads\/2025\/07\/maxresdefault-1-e1751658236521.jpg\",\"contentUrl\":\"https:\/\/veritasinfo.org\/wp-content\/uploads\/2025\/07\/maxresdefault-1-e1751658236521.jpg\",\"width\":1034,\"height\":582},{\"@type\":\"BreadcrumbList\",\"@id\":\"https:\/\/veritasinfo.org\/?p=4211#breadcrumb\",\"itemListElement\":[{\"@type\":\"ListItem\",\"position\":1,\"name\":\"Home\",\"item\":\"https:\/\/veritasinfo.org\/\"},{\"@type\":\"ListItem\",\"position\":2,\"name\":\"Osmani paralajm\u00ebron Kushtetuesen n\u00ebse nuk zgjidhet ng\u00ebr\u00e7i deri n\u00eb fundjav\u00eb\"}]},{\"@type\":\"WebSite\",\"@id\":\"https:\/\/veritasinfo.org\/#website\",\"url\":\"https:\/\/veritasinfo.org\/\",\"name\":\"\",\"description\":\"\",\"potentialAction\":[{\"@type\":\"SearchAction\",\"target\":{\"@type\":\"EntryPoint\",\"urlTemplate\":\"https:\/\/veritasinfo.org\/?s={search_term_string}\"},\"query-input\":{\"@type\":\"PropertyValueSpecification\",\"valueRequired\":true,\"valueName\":\"search_term_string\"}}],\"inLanguage\":\"en-US\"},{\"@type\":\"Person\",\"@id\":\"https:\/\/veritasinfo.org\/#\/schema\/person\/7701f8c088bece422266b100a712374f\",\"name\":\"admin\",\"image\":{\"@type\":\"ImageObject\",\"inLanguage\":\"en-US\",\"@id\":\"https:\/\/veritasinfo.org\/#\/schema\/person\/image\/\",\"url\":\"https:\/\/secure.gravatar.com\/avatar\/ea53aa3bf6c9a12d5fde8ce4deff43fef3885ae33cf60184161a50d6987cfd2f?s=96&d=mm&r=g\",\"contentUrl\":\"https:\/\/secure.gravatar.com\/avatar\/ea53aa3bf6c9a12d5fde8ce4deff43fef3885ae33cf60184161a50d6987cfd2f?s=96&d=mm&r=g\",\"caption\":\"admin\"},\"sameAs\":[\"https:\/\/veritasinfo.org\"],\"url\":\"https:\/\/veritasinfo.org\/?author=1\"}]}<\/script>\n<!-- \/ Yoast SEO plugin. -->","yoast_head_json":{"title":"Osmani paralajm\u00ebron Kushtetuesen n\u00ebse nuk zgjidhet ng\u00ebr\u00e7i deri n\u00eb fundjav\u00eb -","robots":{"index":"index","follow":"follow","max-snippet":"max-snippet:-1","max-image-preview":"max-image-preview:large","max-video-preview":"max-video-preview:-1"},"canonical":"https:\/\/veritasinfo.org\/?p=4211","og_locale":"en_US","og_type":"article","og_title":"Osmani paralajm\u00ebron Kushtetuesen n\u00ebse nuk zgjidhet ng\u00ebr\u00e7i deri n\u00eb fundjav\u00eb -","og_description":"Prishtin\u00eb, 17 korrik 2025 Presidentja e Republik\u00ebs s\u00eb Kosov\u00ebs, Vjosa Osmani, ka paralajm\u00ebruar se n\u00eb rast se nuk zgjidhet ng\u00ebr\u00e7i institucional deri n\u00eb fundjav\u00eb, ajo","og_url":"https:\/\/veritasinfo.org\/?p=4211","article_published_time":"2025-07-17T18:04:17+00:00","og_image":[{"width":1034,"height":582,"url":"https:\/\/veritasinfo.org\/wp-content\/uploads\/2025\/07\/maxresdefault-1-e1751658236521.jpg","type":"image\/jpeg"}],"author":"admin","twitter_card":"summary_large_image","twitter_misc":{"Written by":"admin","Est. reading time":"1 minute"},"schema":{"@context":"https:\/\/schema.org","@graph":[{"@type":"WebPage","@id":"https:\/\/veritasinfo.org\/?p=4211","url":"https:\/\/veritasinfo.org\/?p=4211","name":"Osmani paralajm\u00ebron Kushtetuesen n\u00ebse nuk zgjidhet ng\u00ebr\u00e7i deri n\u00eb fundjav\u00eb -","isPartOf":{"@id":"https:\/\/veritasinfo.org\/#website"},"primaryImageOfPage":{"@id":"https:\/\/veritasinfo.org\/?p=4211#primaryimage"},"image":{"@id":"https:\/\/veritasinfo.org\/?p=4211#primaryimage"},"thumbnailUrl":"https:\/\/veritasinfo.org\/wp-content\/uploads\/2025\/07\/maxresdefault-1-e1751658236521.jpg","datePublished":"2025-07-17T18:04:17+00:00","author":{"@id":"https:\/\/veritasinfo.org\/#\/schema\/person\/7701f8c088bece422266b100a712374f"},"breadcrumb":{"@id":"https:\/\/veritasinfo.org\/?p=4211#breadcrumb"},"inLanguage":"en-US","potentialAction":[{"@type":"ReadAction","target":["https:\/\/veritasinfo.org\/?p=4211"]}]},{"@type":"ImageObject","inLanguage":"en-US","@id":"https:\/\/veritasinfo.org\/?p=4211#primaryimage","url":"https:\/\/veritasinfo.org\/wp-content\/uploads\/2025\/07\/maxresdefault-1-e1751658236521.jpg","contentUrl":"https:\/\/veritasinfo.org\/wp-content\/uploads\/2025\/07\/maxresdefault-1-e1751658236521.jpg","width":1034,"height":582},{"@type":"BreadcrumbList","@id":"https:\/\/veritasinfo.org\/?p=4211#breadcrumb","itemListElement":[{"@type":"ListItem","position":1,"name":"Home","item":"https:\/\/veritasinfo.org\/"},{"@type":"ListItem","position":2,"name":"Osmani paralajm\u00ebron Kushtetuesen n\u00ebse nuk zgjidhet ng\u00ebr\u00e7i deri n\u00eb fundjav\u00eb"}]},{"@type":"WebSite","@id":"https:\/\/veritasinfo.org\/#website","url":"https:\/\/veritasinfo.org\/","name":"","description":"","potentialAction":[{"@type":"SearchAction","target":{"@type":"EntryPoint","urlTemplate":"https:\/\/veritasinfo.org\/?s={search_term_string}"},"query-input":{"@type":"PropertyValueSpecification","valueRequired":true,"valueName":"search_term_string"}}],"inLanguage":"en-US"},{"@type":"Person","@id":"https:\/\/veritasinfo.org\/#\/schema\/person\/7701f8c088bece422266b100a712374f","name":"admin","image":{"@type":"ImageObject","inLanguage":"en-US","@id":"https:\/\/veritasinfo.org\/#\/schema\/person\/image\/","url":"https:\/\/secure.gravatar.com\/avatar\/ea53aa3bf6c9a12d5fde8ce4deff43fef3885ae33cf60184161a50d6987cfd2f?s=96&d=mm&r=g","contentUrl":"https:\/\/secure.gravatar.com\/avatar\/ea53aa3bf6c9a12d5fde8ce4deff43fef3885ae33cf60184161a50d6987cfd2f?s=96&d=mm&r=g","caption":"admin"},"sameAs":["https:\/\/veritasinfo.org"],"url":"https:\/\/veritasinfo.org\/?author=1"}]}},"featured_image_urls":{"full":["https:\/\/veritasinfo.org\/wp-content\/uploads\/2025\/07\/maxresdefault-1-e1751658236521.jpg",1034,582,false],"thumbnail":["https:\/\/veritasinfo.org\/wp-content\/uploads\/2025\/07\/maxresdefault-1-e1751658236521-150x150.jpg",150,150,true],"medium":["https:\/\/veritasinfo.org\/wp-content\/uploads\/2025\/07\/maxresdefault-1-e1751658236521-300x169.jpg",300,169,true],"medium_large":["https:\/\/veritasinfo.org\/wp-content\/uploads\/2025\/07\/maxresdefault-1-e1751658236521-768x432.jpg",640,360,true],"large":["https:\/\/veritasinfo.org\/wp-content\/uploads\/2025\/07\/maxresdefault-1-e1751658236521-1024x576.jpg",640,360,true],"1536x1536":["https:\/\/veritasinfo.org\/wp-content\/uploads\/2025\/07\/maxresdefault-1-e1751658236521.jpg",1034,582,false],"2048x2048":["https:\/\/veritasinfo.org\/wp-content\/uploads\/2025\/07\/maxresdefault-1-e1751658236521.jpg",1034,582,false],"kreeti-slider-full":["https:\/\/veritasinfo.org\/wp-content\/uploads\/2025\/07\/maxresdefault-1-e1751658236521.jpg",1034,582,false],"kreeti-featured":["https:\/\/veritasinfo.org\/wp-content\/uploads\/2025\/07\/maxresdefault-1-e1751658236521.jpg",1024,576,false],"kreeti-medium":["https:\/\/veritasinfo.org\/wp-content\/uploads\/2025\/07\/maxresdefault-1-e1751658236521.jpg",720,405,false],"kreeti-medium-square":["https:\/\/veritasinfo.org\/wp-content\/uploads\/2025\/07\/maxresdefault-1-e1751658236521.jpg",350,197,false]},"author_info":{"info":["admin"]},"category_info":"<a href=\"https:\/\/veritasinfo.org\/?cat=58\" rel=\"category\">Politik\u00eb<\/a>","tag_info":"Politik\u00eb","comment_count":"0","_links":{"self":[{"href":"https:\/\/veritasinfo.org\/index.php?rest_route=\/wp\/v2\/posts\/4211","targetHints":{"allow":["GET"]}}],"collection":[{"href":"https:\/\/veritasinfo.org\/index.php?rest_route=\/wp\/v2\/posts"}],"about":[{"href":"https:\/\/veritasinfo.org\/index.php?rest_route=\/wp\/v2\/types\/post"}],"author":[{"embeddable":true,"href":"https:\/\/veritasinfo.org\/index.php?rest_route=\/wp\/v2\/users\/1"}],"replies":[{"embeddable":true,"href":"https:\/\/veritasinfo.org\/index.php?rest_route=%2Fwp%2Fv2%2Fcomments&post=4211"}],"version-history":[{"count":1,"href":"https:\/\/veritasinfo.org\/index.php?rest_route=\/wp\/v2\/posts\/4211\/revisions"}],"predecessor-version":[{"id":4213,"href":"https:\/\/veritasinfo.org\/index.php?rest_route=\/wp\/v2\/posts\/4211\/revisions\/4213"}],"wp:featuredmedia":[{"embeddable":true,"href":"https:\/\/veritasinfo.org\/index.php?rest_route=\/wp\/v2\/media\/4212"}],"wp:attachment":[{"href":"https:\/\/veritasinfo.org\/index.php?rest_route=%2Fwp%2Fv2%2Fmedia&parent=4211"}],"wp:term":[{"taxonomy":"category","embeddable":true,"href":"https:\/\/veritasinfo.org\/index.php?rest_route=%2Fwp%2Fv2%2Fcategories&post=4211"},{"taxonomy":"post_tag","embeddable":true,"href":"https:\/\/veritasinfo.org\/index.php?rest_route=%2Fwp%2Fv2%2Ftags&post=4211"}],"curies":[{"name":"wp","href":"https:\/\/api.w.org\/{rel}","templated":true}]}}