{"id":4203,"date":"2025-07-17T16:48:37","date_gmt":"2025-07-17T14:48:37","guid":{"rendered":"https:\/\/veritasinfo.org\/?p=4203"},"modified":"2025-07-17T16:48:37","modified_gmt":"2025-07-17T14:48:37","slug":"kosovo-ce-imati-koristi-i-iz-narednog-budzetskog-okvira-eu","status":"publish","type":"post","link":"https:\/\/veritasinfo.org\/?p=4203&lang=sr","title":{"rendered":"Kosovo \u0107e imati koristi i iz narednog bud\u017eetskog okvira EU"},"content":{"rendered":"<p>Kosovo \u0107e imati koristi i iz narednog bud\u017eetskog okvira EU<\/p>\n<p>Brisel, 17. jul 2025.<\/p>\n<p>Finansijska sredstva EU za proces pro\u0161irenja od 2028. godine bi\u0107e znatno ve\u0107a nego \u0161to su sada, kako bi se prilagodila ubrzanom napretku zemalja kandidata. Ovo je u \u010detvrtak izjavila komesarka za pro\u0161irenje, Marta Kos, govore\u0107i o delu posve\u0107enom pro\u0161irenju iz vi\u0161egodi\u0161njeg finansijskog okvira koji je u sredu predlo\u017eila Evropska komisija.<\/p>\n<p>Od svih zemalja uklju\u010denih u proces pro\u0161irenja, jedino Kosovo formalno nema status kandidata, zbog \u010dega je ostalo izvan nekih inicijativa u institucijama EU.<\/p>\n<p>Me\u0111utim, prema re\u010dima komesarke Kos, Kosovo ne\u0107e imati prepreke da koristi finansijska sredstva EU namenjena zemljama u procesu pro\u0161irenja i u narednom periodu.<\/p>\n<p>\u201eKada je re\u010d o Kosovu, ono \u0107e ostati deo ovih finansijskih instrumenata, kao \u0161to je bilo i do sada. Kao \u0161to znate, Kosovo je ve\u0107 deo Plana rasta za Zapadni Balkan\u201c, rekla je Kos.<\/p>\n<p>Ona je ponovila ono \u0161to je dan ranije izjavila predsednica Evropske komisije, Ursula fon der Lajen, da je pro\u0161irenje identifikovano kao prioritet i u predlogu sedmogodi\u0161njeg bud\u017eeta EU, koji obuhvata period od 2028. do 2034. godine.<\/p>\n<p>\u201ePro\u0161irenje ne zna\u010di samo ve\u0107i geografski prostor i broj stanovnika za Evropsku uniju. Pro\u0161irenje se odnosi na ujedinjenje Evrope. Pove\u0107avanjem podr\u0161ke svima koji ispunjavaju uslove za \u010dlanstvo, mi smo na pravom putu da ujedinimo na\u0161u Evropu\u201c, izjavila je Marta Kos.<\/p>\n<p>Dodala je da \u0107e kori\u0161\u0107enje sredstava EU od strane zemalja u procesu pro\u0161irenja biti uslovljeno ispunjavanjem kriterijuma, te da \u0107e se svaka zemlja ocenjivati na osnovu individualnih zasluga.<\/p>\n<p>Navela je da za sada Crna Gora i Albanija napreduju vrlo brzo, a o\u010dekuje da i druge zemlje krenu tim putem.<\/p>\n<p>Evropska komisija je predlo\u017eila bud\u017eetski okvir od 2 biliona evra, od \u010dega \u0107e 200 milijardi biti u okviru programa \u201eGlobalna Evropa\u201c. To obuhvata pro\u0161irenje, politiku susedstva, humanitarnu pomo\u0107 i razvojnu podr\u0161ku EU \u0161irom sveta. Za pro\u0161irenje je iz ovog iznosa planirano 42,6 milijardi evra, \u0161to je zna\u010dajno pove\u0107anje u pore\u0111enju sa sada\u0161njim finansijskim okvirom za koji je izdvojeno 31 milijarda evra. Tako\u0111e, 100 milijardi evra namenjenih posebnoj pomo\u0107i Ukrajini nisu deo ovog paketa.<\/p>\n<p>Nakon predloga Evropske komisije, sledi\u0107e pregovori sa Evropskim parlamentom i dr\u017eavama \u010dlanicama kako bi se ovaj predlog odobrio. Krajnji rok za postizanje dogovora je 2027. godina, kada se zavr\u0161ava trenutni finansijski okvir.<\/p>\n","protected":false},"excerpt":{"rendered":"<p>Kosovo \u0107e imati koristi i iz narednog bud\u017eetskog okvira EU Brisel, 17. jul 2025. Finansijska sredstva EU za proces pro\u0161irenja od 2028. godine bi\u0107e znatno<\/p>\n","protected":false},"author":1,"featured_media":4201,"comment_status":"open","ping_status":"open","sticky":false,"template":"","format":"standard","meta":{"footnotes":""},"categories":[30],"tags":[],"class_list":["post-4203","post","type-post","status-publish","format-standard","has-post-thumbnail","hentry","category-drustvo"],"yoast_head":"<!-- This site is optimized with the Yoast SEO plugin v25.3.1 - https:\/\/yoast.com\/wordpress\/plugins\/seo\/ -->\n<title>Kosovo \u0107e imati koristi i iz narednog bud\u017eetskog okvira EU -<\/title>\n<meta name=\"robots\" content=\"index, follow, max-snippet:-1, max-image-preview:large, max-video-preview:-1\" \/>\n<link rel=\"canonical\" href=\"https:\/\/veritasinfo.org\/?p=4203&lang=sr\" \/>\n<meta property=\"og:locale\" content=\"en_US\" \/>\n<meta property=\"og:type\" content=\"article\" \/>\n<meta property=\"og:title\" content=\"Kosovo \u0107e imati koristi i iz narednog bud\u017eetskog okvira EU -\" \/>\n<meta property=\"og:description\" content=\"Kosovo \u0107e imati koristi i iz narednog bud\u017eetskog okvira EU Brisel, 17. jul 2025. Finansijska sredstva EU za proces pro\u0161irenja od 2028. godine bi\u0107e znatno\" \/>\n<meta property=\"og:url\" content=\"https:\/\/veritasinfo.org\/?p=4203&amp;lang=sr\" \/>\n<meta property=\"article:published_time\" content=\"2025-07-17T14:48:37+00:00\" \/>\n<meta property=\"og:image\" content=\"https:\/\/veritasinfo.org\/wp-content\/uploads\/2025\/07\/IMG_2117.webp\" \/>\n\t<meta property=\"og:image:width\" content=\"1360\" \/>\n\t<meta property=\"og:image:height\" content=\"870\" \/>\n\t<meta property=\"og:image:type\" content=\"image\/webp\" \/>\n<meta name=\"author\" content=\"admin\" \/>\n<meta name=\"twitter:card\" content=\"summary_large_image\" \/>\n<meta name=\"twitter:label1\" content=\"Written by\" \/>\n\t<meta name=\"twitter:data1\" content=\"admin\" \/>\n\t<meta name=\"twitter:label2\" content=\"Est. reading time\" \/>\n\t<meta name=\"twitter:data2\" content=\"2 minutes\" \/>\n<script type=\"application\/ld+json\" class=\"yoast-schema-graph\">{\"@context\":\"https:\/\/schema.org\",\"@graph\":[{\"@type\":\"WebPage\",\"@id\":\"https:\/\/veritasinfo.org\/?p=4203&lang=sr\",\"url\":\"https:\/\/veritasinfo.org\/?p=4203&lang=sr\",\"name\":\"Kosovo \u0107e imati koristi i iz narednog bud\u017eetskog okvira EU -\",\"isPartOf\":{\"@id\":\"https:\/\/veritasinfo.org\/#website\"},\"primaryImageOfPage\":{\"@id\":\"https:\/\/veritasinfo.org\/?p=4203&lang=sr#primaryimage\"},\"image\":{\"@id\":\"https:\/\/veritasinfo.org\/?p=4203&lang=sr#primaryimage\"},\"thumbnailUrl\":\"https:\/\/veritasinfo.org\/wp-content\/uploads\/2025\/07\/IMG_2117.webp\",\"datePublished\":\"2025-07-17T14:48:37+00:00\",\"author\":{\"@id\":\"https:\/\/veritasinfo.org\/#\/schema\/person\/7701f8c088bece422266b100a712374f\"},\"breadcrumb\":{\"@id\":\"https:\/\/veritasinfo.org\/?p=4203&lang=sr#breadcrumb\"},\"inLanguage\":\"en-US\",\"potentialAction\":[{\"@type\":\"ReadAction\",\"target\":[\"https:\/\/veritasinfo.org\/?p=4203&lang=sr\"]}]},{\"@type\":\"ImageObject\",\"inLanguage\":\"en-US\",\"@id\":\"https:\/\/veritasinfo.org\/?p=4203&lang=sr#primaryimage\",\"url\":\"https:\/\/veritasinfo.org\/wp-content\/uploads\/2025\/07\/IMG_2117.webp\",\"contentUrl\":\"https:\/\/veritasinfo.org\/wp-content\/uploads\/2025\/07\/IMG_2117.webp\",\"width\":1360,\"height\":870},{\"@type\":\"BreadcrumbList\",\"@id\":\"https:\/\/veritasinfo.org\/?p=4203&lang=sr#breadcrumb\",\"itemListElement\":[{\"@type\":\"ListItem\",\"position\":1,\"name\":\"Home\",\"item\":\"https:\/\/veritasinfo.org\/\"},{\"@type\":\"ListItem\",\"position\":2,\"name\":\"Kosovo \u0107e imati koristi i iz narednog bud\u017eetskog okvira EU\"}]},{\"@type\":\"WebSite\",\"@id\":\"https:\/\/veritasinfo.org\/#website\",\"url\":\"https:\/\/veritasinfo.org\/\",\"name\":\"\",\"description\":\"\",\"potentialAction\":[{\"@type\":\"SearchAction\",\"target\":{\"@type\":\"EntryPoint\",\"urlTemplate\":\"https:\/\/veritasinfo.org\/?s={search_term_string}\"},\"query-input\":{\"@type\":\"PropertyValueSpecification\",\"valueRequired\":true,\"valueName\":\"search_term_string\"}}],\"inLanguage\":\"en-US\"},{\"@type\":\"Person\",\"@id\":\"https:\/\/veritasinfo.org\/#\/schema\/person\/7701f8c088bece422266b100a712374f\",\"name\":\"admin\",\"image\":{\"@type\":\"ImageObject\",\"inLanguage\":\"en-US\",\"@id\":\"https:\/\/veritasinfo.org\/#\/schema\/person\/image\/\",\"url\":\"https:\/\/secure.gravatar.com\/avatar\/ea53aa3bf6c9a12d5fde8ce4deff43fef3885ae33cf60184161a50d6987cfd2f?s=96&d=mm&r=g\",\"contentUrl\":\"https:\/\/secure.gravatar.com\/avatar\/ea53aa3bf6c9a12d5fde8ce4deff43fef3885ae33cf60184161a50d6987cfd2f?s=96&d=mm&r=g\",\"caption\":\"admin\"},\"sameAs\":[\"https:\/\/veritasinfo.org\"],\"url\":\"https:\/\/veritasinfo.org\/?author=1\"}]}<\/script>\n<!-- \/ Yoast SEO plugin. -->","yoast_head_json":{"title":"Kosovo \u0107e imati koristi i iz narednog bud\u017eetskog okvira EU -","robots":{"index":"index","follow":"follow","max-snippet":"max-snippet:-1","max-image-preview":"max-image-preview:large","max-video-preview":"max-video-preview:-1"},"canonical":"https:\/\/veritasinfo.org\/?p=4203&lang=sr","og_locale":"en_US","og_type":"article","og_title":"Kosovo \u0107e imati koristi i iz narednog bud\u017eetskog okvira EU -","og_description":"Kosovo \u0107e imati koristi i iz narednog bud\u017eetskog okvira EU Brisel, 17. jul 2025. Finansijska sredstva EU za proces pro\u0161irenja od 2028. godine bi\u0107e znatno","og_url":"https:\/\/veritasinfo.org\/?p=4203&lang=sr","article_published_time":"2025-07-17T14:48:37+00:00","og_image":[{"width":1360,"height":870,"url":"https:\/\/veritasinfo.org\/wp-content\/uploads\/2025\/07\/IMG_2117.webp","type":"image\/webp"}],"author":"admin","twitter_card":"summary_large_image","twitter_misc":{"Written by":"admin","Est. reading time":"2 minutes"},"schema":{"@context":"https:\/\/schema.org","@graph":[{"@type":"WebPage","@id":"https:\/\/veritasinfo.org\/?p=4203&lang=sr","url":"https:\/\/veritasinfo.org\/?p=4203&lang=sr","name":"Kosovo \u0107e imati koristi i iz narednog bud\u017eetskog okvira EU -","isPartOf":{"@id":"https:\/\/veritasinfo.org\/#website"},"primaryImageOfPage":{"@id":"https:\/\/veritasinfo.org\/?p=4203&lang=sr#primaryimage"},"image":{"@id":"https:\/\/veritasinfo.org\/?p=4203&lang=sr#primaryimage"},"thumbnailUrl":"https:\/\/veritasinfo.org\/wp-content\/uploads\/2025\/07\/IMG_2117.webp","datePublished":"2025-07-17T14:48:37+00:00","author":{"@id":"https:\/\/veritasinfo.org\/#\/schema\/person\/7701f8c088bece422266b100a712374f"},"breadcrumb":{"@id":"https:\/\/veritasinfo.org\/?p=4203&lang=sr#breadcrumb"},"inLanguage":"en-US","potentialAction":[{"@type":"ReadAction","target":["https:\/\/veritasinfo.org\/?p=4203&lang=sr"]}]},{"@type":"ImageObject","inLanguage":"en-US","@id":"https:\/\/veritasinfo.org\/?p=4203&lang=sr#primaryimage","url":"https:\/\/veritasinfo.org\/wp-content\/uploads\/2025\/07\/IMG_2117.webp","contentUrl":"https:\/\/veritasinfo.org\/wp-content\/uploads\/2025\/07\/IMG_2117.webp","width":1360,"height":870},{"@type":"BreadcrumbList","@id":"https:\/\/veritasinfo.org\/?p=4203&lang=sr#breadcrumb","itemListElement":[{"@type":"ListItem","position":1,"name":"Home","item":"https:\/\/veritasinfo.org\/"},{"@type":"ListItem","position":2,"name":"Kosovo \u0107e imati koristi i iz narednog bud\u017eetskog okvira EU"}]},{"@type":"WebSite","@id":"https:\/\/veritasinfo.org\/#website","url":"https:\/\/veritasinfo.org\/","name":"","description":"","potentialAction":[{"@type":"SearchAction","target":{"@type":"EntryPoint","urlTemplate":"https:\/\/veritasinfo.org\/?s={search_term_string}"},"query-input":{"@type":"PropertyValueSpecification","valueRequired":true,"valueName":"search_term_string"}}],"inLanguage":"en-US"},{"@type":"Person","@id":"https:\/\/veritasinfo.org\/#\/schema\/person\/7701f8c088bece422266b100a712374f","name":"admin","image":{"@type":"ImageObject","inLanguage":"en-US","@id":"https:\/\/veritasinfo.org\/#\/schema\/person\/image\/","url":"https:\/\/secure.gravatar.com\/avatar\/ea53aa3bf6c9a12d5fde8ce4deff43fef3885ae33cf60184161a50d6987cfd2f?s=96&d=mm&r=g","contentUrl":"https:\/\/secure.gravatar.com\/avatar\/ea53aa3bf6c9a12d5fde8ce4deff43fef3885ae33cf60184161a50d6987cfd2f?s=96&d=mm&r=g","caption":"admin"},"sameAs":["https:\/\/veritasinfo.org"],"url":"https:\/\/veritasinfo.org\/?author=1"}]}},"featured_image_urls":{"full":["https:\/\/veritasinfo.org\/wp-content\/uploads\/2025\/07\/IMG_2117.webp",1360,870,false],"thumbnail":["https:\/\/veritasinfo.org\/wp-content\/uploads\/2025\/07\/IMG_2117-150x150.webp",150,150,true],"medium":["https:\/\/veritasinfo.org\/wp-content\/uploads\/2025\/07\/IMG_2117-300x192.webp",300,192,true],"medium_large":["https:\/\/veritasinfo.org\/wp-content\/uploads\/2025\/07\/IMG_2117-768x491.webp",640,409,true],"large":["https:\/\/veritasinfo.org\/wp-content\/uploads\/2025\/07\/IMG_2117-1024x655.webp",640,409,true],"1536x1536":["https:\/\/veritasinfo.org\/wp-content\/uploads\/2025\/07\/IMG_2117.webp",1360,870,false],"2048x2048":["https:\/\/veritasinfo.org\/wp-content\/uploads\/2025\/07\/IMG_2117.webp",1360,870,false],"kreeti-slider-full":["https:\/\/veritasinfo.org\/wp-content\/uploads\/2025\/07\/IMG_2117.webp",1126,720,false],"kreeti-featured":["https:\/\/veritasinfo.org\/wp-content\/uploads\/2025\/07\/IMG_2117.webp",1024,655,false],"kreeti-medium":["https:\/\/veritasinfo.org\/wp-content\/uploads\/2025\/07\/IMG_2117.webp",720,461,false],"kreeti-medium-square":["https:\/\/veritasinfo.org\/wp-content\/uploads\/2025\/07\/IMG_2117.webp",350,224,false]},"author_info":{"info":["admin"]},"category_info":"<a href=\"https:\/\/veritasinfo.org\/?cat=30&#038;lang=sr\" rel=\"category\">Dru\u0161tvo<\/a>","tag_info":"Dru\u0161tvo","comment_count":"0","_links":{"self":[{"href":"https:\/\/veritasinfo.org\/index.php?rest_route=\/wp\/v2\/posts\/4203","targetHints":{"allow":["GET"]}}],"collection":[{"href":"https:\/\/veritasinfo.org\/index.php?rest_route=\/wp\/v2\/posts"}],"about":[{"href":"https:\/\/veritasinfo.org\/index.php?rest_route=\/wp\/v2\/types\/post"}],"author":[{"embeddable":true,"href":"https:\/\/veritasinfo.org\/index.php?rest_route=\/wp\/v2\/users\/1"}],"replies":[{"embeddable":true,"href":"https:\/\/veritasinfo.org\/index.php?rest_route=%2Fwp%2Fv2%2Fcomments&post=4203"}],"version-history":[{"count":1,"href":"https:\/\/veritasinfo.org\/index.php?rest_route=\/wp\/v2\/posts\/4203\/revisions"}],"predecessor-version":[{"id":4205,"href":"https:\/\/veritasinfo.org\/index.php?rest_route=\/wp\/v2\/posts\/4203\/revisions\/4205"}],"wp:featuredmedia":[{"embeddable":true,"href":"https:\/\/veritasinfo.org\/index.php?rest_route=\/wp\/v2\/media\/4201"}],"wp:attachment":[{"href":"https:\/\/veritasinfo.org\/index.php?rest_route=%2Fwp%2Fv2%2Fmedia&parent=4203"}],"wp:term":[{"taxonomy":"category","embeddable":true,"href":"https:\/\/veritasinfo.org\/index.php?rest_route=%2Fwp%2Fv2%2Fcategories&post=4203"},{"taxonomy":"post_tag","embeddable":true,"href":"https:\/\/veritasinfo.org\/index.php?rest_route=%2Fwp%2Fv2%2Ftags&post=4203"}],"curies":[{"name":"wp","href":"https:\/\/api.w.org\/{rel}","templated":true}]}}