{"id":4200,"date":"2025-07-17T16:45:42","date_gmt":"2025-07-17T14:45:42","guid":{"rendered":"https:\/\/veritasinfo.org\/?p=4200"},"modified":"2025-07-17T16:45:42","modified_gmt":"2025-07-17T14:45:42","slug":"kosova-do-te-perfitoje-edhe-nga-korniza-e-ardhshme-financiare-e-be-se","status":"publish","type":"post","link":"https:\/\/veritasinfo.org\/?p=4200","title":{"rendered":"Kosova do t\u00eb p\u00ebrfitoj\u00eb edhe nga korniza e ardhshme financiare e BE-s\u00eb"},"content":{"rendered":"<p>Bruksel, 17 Korrik 2025<\/p>\n<p style=\"font-weight: 400;\">Mjetet financiare t\u00eb BE-s\u00eb p\u00ebr procesin e zgjerimit nga viti 2028 do t\u00eb jen\u00eb shum\u00eb m\u00eb t\u00eb m\u00ebdha sesa q\u00eb jan\u00eb tash p\u00ebr t\u2019u p\u00ebrshtatur me progresin e p\u00ebrshpejtuar t\u00eb vendeve kandidate. K\u00ebt\u00eb e ka th\u00ebn\u00eb t\u00eb enjten komisionerja e Zgjerimit, Marta Kos, duke folur p\u00ebr pjes\u00ebn kushtuar zgjerimit nga korniza shum\u00ebvje\u00e7are financiare, q\u00eb t\u00eb m\u00ebrkur\u00ebn e ka propozuar Komisioni Evropian.<\/p>\n<p style=\"font-weight: 400;\">Nga t\u00eb gjitha vendet e p\u00ebrfshira n\u00eb procesin e\u00a0 zgjerimit, vet\u00ebm Kosova nuk e ka formalisht statusin e vendit kandidat, p\u00ebr \u00e7ka edhe ka mbetur jasht\u00eb disa nismave n\u00eb disa institucione t\u00eb BE-s\u00eb.<\/p>\n<p style=\"font-weight: 400;\">Por, sipas komisioneres Kos, Kosova nuk do t\u00eb ket\u00eb pengesa t\u00eb p\u00ebrfitoj\u00eb nga mjetet financiare t\u00eb BE-s\u00eb, dedikuar vendeve n\u00eb procesin e zgjerimit edhe n\u00eb periudh\u00ebn\u00a0e ardhshme.<\/p>\n<p style=\"font-weight: 400;\">\u201cKur \u00ebsht\u00eb fjala p\u00ebr Kosov\u00ebn, ajo do t\u00eb mbetet pjes\u00eb e k\u00ebtyre instrumenteve financiare, si\u00e7 ka qen\u00eb edhe deri me tash. Si\u00e7 e dini, Kosova \u00ebsht\u00eb tashm\u00eb edhe\u00a0pjes\u00eb e Planit t\u00eb Rritjes p\u00ebr Ballkanin Per\u00ebndimor\u201d, ka th\u00ebn\u00eb Kos.<\/p>\n<p style=\"font-weight: 400;\">Ajo ka p\u00ebrs\u00ebritur at\u00eb q\u00eb nj\u00eb dit\u00eb m\u00eb her\u00ebt e ka th\u00ebn\u00eb edhe presidentja e Komisionit Evropian, Ursula von der Leyen, se zgjerimi \u00ebsht\u00eb identifikuar si prioritet edhe n\u00eb propozimin e buxhetit shtat\u00ebvje\u00e7ar t\u00eb BE-s\u00eb, q\u00eb p\u00ebrfshin periudh\u00ebn prej vitit 2028 deri n\u00eb vitin 2034.<\/p>\n<p style=\"font-weight: 400;\">\u201cZgjerimi nuk e b\u00ebn Bashkimin Evropian vet\u00ebm me sip\u00ebrfaqe m\u00eb t\u00eb madhe dhe me num\u00ebr banor\u00ebsh. Por zgjerimi ka t\u00eb b\u00ebj\u00eb me unifikimin e\u00a0 Evrop\u00ebs. Duke rritur mb\u00ebshtetjen p\u00ebr t\u00eb gjith\u00eb ata q\u00eb plot\u00ebsojn\u00eb kushtet e an\u00ebtar\u00ebsimit, ne jemi n\u00eb rrug\u00ebn e duhur p\u00ebr t\u00eb bashkuar Evrop\u00ebn ton\u00eb\u201d, ka th\u00ebn\u00eb Marta Kos.<\/p>\n<p style=\"font-weight: 400;\">Ajo ka p\u00ebrs\u00ebritur se p\u00ebrdorimi i mjeteve t\u00eb BE-s\u00eb nga vendet e procesit t\u00eb zgjerimit do t\u00eb jet\u00eb i kusht\u00ebzuar nga p\u00ebrmbushja e kushteve dhe ato vende do t\u00eb gjykohen n\u00eb baz\u00eb t\u00eb meritave individuale.<\/p>\n<p style=\"font-weight: 400;\">Ka th\u00ebn\u00eb se p\u00ebr momentin Mali i Zi dhe Shqip\u00ebria jan\u00eb duke avancuar shum\u00eb shpejt, nd\u00ebrsa pret q\u00eb k\u00ebt\u00eb rrug\u00eb ta ndjekin edhe vendet e tjera.<\/p>\n<p style=\"font-weight: 400;\">Komisioni Evropian ka propozuar nj\u00eb korniz\u00eb buxhetore prej 2 trilion\u00eb eurosh, prej t\u00eb cilave 200 miliard\u00eb do t\u00eb jen\u00eb n\u00eb kuad\u00ebr t\u00eb programit \u201cEvropa globale\u201d. Kjo p\u00ebrfshin zgjerimin, fqinj\u00ebsin\u00eb, ndihm\u00ebn humanitare dhe ndihm\u00ebn zhvillimore t\u00eb BE-s\u00eb n\u00eb bot\u00eb. P\u00ebr zgjerimin nga kjo shum\u00eb pritet t\u00eb dedikohen 42.6 miliard\u00eb euro, q\u00eb \u00ebsht\u00eb nj\u00eb rritje dometh\u00ebn\u00ebse krahasuar me korniz\u00ebn e tashme financiare, p\u00ebr t\u00eb cil\u00ebn jan\u00eb ndar\u00eb 31 miliard\u00eb euro. Po ashtu 100 miliard\u00eb euro p\u00ebr ndihm\u00eb t\u00eb ve\u00e7ant\u00eb Ukrain\u00ebs nuk jan\u00eb pjes\u00eb e k\u00ebsaj pakete.<\/p>\n<p style=\"font-weight: 400;\">Pas propozimit t\u00eb Komisionit Evropian do t\u00eb pasojn\u00eb negociatat me Parlamentin Evropian dhe vendet an\u00ebtare p\u00ebr t\u00eb aprovuar k\u00ebt\u00eb propozim. Afati i fundit p\u00ebr t\u00eb arritur pajtimin \u00ebsht\u00eb viti 2027, kur edhe p\u00ebrfundon korniza e tashme financiare.<\/p>\n","protected":false},"excerpt":{"rendered":"<p>Bruksel, 17 Korrik 2025 Mjetet financiare t\u00eb BE-s\u00eb p\u00ebr procesin e zgjerimit nga viti 2028 do t\u00eb jen\u00eb shum\u00eb m\u00eb t\u00eb m\u00ebdha sesa q\u00eb jan\u00eb<\/p>\n","protected":false},"author":1,"featured_media":4201,"comment_status":"open","ping_status":"open","sticky":false,"template":"","format":"standard","meta":{"footnotes":""},"categories":[60],"tags":[],"class_list":["post-4200","post","type-post","status-publish","format-standard","has-post-thumbnail","hentry","category-shoqerore-sq"],"yoast_head":"<!-- This site is optimized with the Yoast SEO plugin v25.3.1 - https:\/\/yoast.com\/wordpress\/plugins\/seo\/ -->\n<title>Kosova do t\u00eb p\u00ebrfitoj\u00eb edhe nga korniza e ardhshme financiare e BE-s\u00eb -<\/title>\n<meta name=\"robots\" content=\"index, follow, max-snippet:-1, max-image-preview:large, max-video-preview:-1\" \/>\n<link rel=\"canonical\" href=\"https:\/\/veritasinfo.org\/?p=4200\" \/>\n<meta property=\"og:locale\" content=\"en_US\" \/>\n<meta property=\"og:type\" content=\"article\" \/>\n<meta property=\"og:title\" content=\"Kosova do t\u00eb p\u00ebrfitoj\u00eb edhe nga korniza e ardhshme financiare e BE-s\u00eb -\" \/>\n<meta property=\"og:description\" content=\"Bruksel, 17 Korrik 2025 Mjetet financiare t\u00eb BE-s\u00eb p\u00ebr procesin e zgjerimit nga viti 2028 do t\u00eb jen\u00eb shum\u00eb m\u00eb t\u00eb m\u00ebdha sesa q\u00eb jan\u00eb\" \/>\n<meta property=\"og:url\" content=\"https:\/\/veritasinfo.org\/?p=4200\" \/>\n<meta property=\"article:published_time\" content=\"2025-07-17T14:45:42+00:00\" \/>\n<meta property=\"og:image\" content=\"https:\/\/veritasinfo.org\/wp-content\/uploads\/2025\/07\/IMG_2117.webp\" \/>\n\t<meta property=\"og:image:width\" content=\"1360\" \/>\n\t<meta property=\"og:image:height\" content=\"870\" \/>\n\t<meta property=\"og:image:type\" content=\"image\/webp\" \/>\n<meta name=\"author\" content=\"admin\" \/>\n<meta name=\"twitter:card\" content=\"summary_large_image\" \/>\n<meta name=\"twitter:label1\" content=\"Written by\" \/>\n\t<meta name=\"twitter:data1\" content=\"admin\" \/>\n\t<meta name=\"twitter:label2\" content=\"Est. reading time\" \/>\n\t<meta name=\"twitter:data2\" content=\"3 minutes\" \/>\n<script type=\"application\/ld+json\" class=\"yoast-schema-graph\">{\"@context\":\"https:\/\/schema.org\",\"@graph\":[{\"@type\":\"WebPage\",\"@id\":\"https:\/\/veritasinfo.org\/?p=4200\",\"url\":\"https:\/\/veritasinfo.org\/?p=4200\",\"name\":\"Kosova do t\u00eb p\u00ebrfitoj\u00eb edhe nga korniza e ardhshme financiare e BE-s\u00eb -\",\"isPartOf\":{\"@id\":\"https:\/\/veritasinfo.org\/#website\"},\"primaryImageOfPage\":{\"@id\":\"https:\/\/veritasinfo.org\/?p=4200#primaryimage\"},\"image\":{\"@id\":\"https:\/\/veritasinfo.org\/?p=4200#primaryimage\"},\"thumbnailUrl\":\"https:\/\/veritasinfo.org\/wp-content\/uploads\/2025\/07\/IMG_2117.webp\",\"datePublished\":\"2025-07-17T14:45:42+00:00\",\"author\":{\"@id\":\"https:\/\/veritasinfo.org\/#\/schema\/person\/7701f8c088bece422266b100a712374f\"},\"breadcrumb\":{\"@id\":\"https:\/\/veritasinfo.org\/?p=4200#breadcrumb\"},\"inLanguage\":\"en-US\",\"potentialAction\":[{\"@type\":\"ReadAction\",\"target\":[\"https:\/\/veritasinfo.org\/?p=4200\"]}]},{\"@type\":\"ImageObject\",\"inLanguage\":\"en-US\",\"@id\":\"https:\/\/veritasinfo.org\/?p=4200#primaryimage\",\"url\":\"https:\/\/veritasinfo.org\/wp-content\/uploads\/2025\/07\/IMG_2117.webp\",\"contentUrl\":\"https:\/\/veritasinfo.org\/wp-content\/uploads\/2025\/07\/IMG_2117.webp\",\"width\":1360,\"height\":870},{\"@type\":\"BreadcrumbList\",\"@id\":\"https:\/\/veritasinfo.org\/?p=4200#breadcrumb\",\"itemListElement\":[{\"@type\":\"ListItem\",\"position\":1,\"name\":\"Home\",\"item\":\"https:\/\/veritasinfo.org\/\"},{\"@type\":\"ListItem\",\"position\":2,\"name\":\"Kosova do t\u00eb p\u00ebrfitoj\u00eb edhe nga korniza e ardhshme financiare e BE-s\u00eb\"}]},{\"@type\":\"WebSite\",\"@id\":\"https:\/\/veritasinfo.org\/#website\",\"url\":\"https:\/\/veritasinfo.org\/\",\"name\":\"\",\"description\":\"\",\"potentialAction\":[{\"@type\":\"SearchAction\",\"target\":{\"@type\":\"EntryPoint\",\"urlTemplate\":\"https:\/\/veritasinfo.org\/?s={search_term_string}\"},\"query-input\":{\"@type\":\"PropertyValueSpecification\",\"valueRequired\":true,\"valueName\":\"search_term_string\"}}],\"inLanguage\":\"en-US\"},{\"@type\":\"Person\",\"@id\":\"https:\/\/veritasinfo.org\/#\/schema\/person\/7701f8c088bece422266b100a712374f\",\"name\":\"admin\",\"image\":{\"@type\":\"ImageObject\",\"inLanguage\":\"en-US\",\"@id\":\"https:\/\/veritasinfo.org\/#\/schema\/person\/image\/\",\"url\":\"https:\/\/secure.gravatar.com\/avatar\/ea53aa3bf6c9a12d5fde8ce4deff43fef3885ae33cf60184161a50d6987cfd2f?s=96&d=mm&r=g\",\"contentUrl\":\"https:\/\/secure.gravatar.com\/avatar\/ea53aa3bf6c9a12d5fde8ce4deff43fef3885ae33cf60184161a50d6987cfd2f?s=96&d=mm&r=g\",\"caption\":\"admin\"},\"sameAs\":[\"https:\/\/veritasinfo.org\"],\"url\":\"https:\/\/veritasinfo.org\/?author=1\"}]}<\/script>\n<!-- \/ Yoast SEO plugin. -->","yoast_head_json":{"title":"Kosova do t\u00eb p\u00ebrfitoj\u00eb edhe nga korniza e ardhshme financiare e BE-s\u00eb -","robots":{"index":"index","follow":"follow","max-snippet":"max-snippet:-1","max-image-preview":"max-image-preview:large","max-video-preview":"max-video-preview:-1"},"canonical":"https:\/\/veritasinfo.org\/?p=4200","og_locale":"en_US","og_type":"article","og_title":"Kosova do t\u00eb p\u00ebrfitoj\u00eb edhe nga korniza e ardhshme financiare e BE-s\u00eb -","og_description":"Bruksel, 17 Korrik 2025 Mjetet financiare t\u00eb BE-s\u00eb p\u00ebr procesin e zgjerimit nga viti 2028 do t\u00eb jen\u00eb shum\u00eb m\u00eb t\u00eb m\u00ebdha sesa q\u00eb jan\u00eb","og_url":"https:\/\/veritasinfo.org\/?p=4200","article_published_time":"2025-07-17T14:45:42+00:00","og_image":[{"width":1360,"height":870,"url":"https:\/\/veritasinfo.org\/wp-content\/uploads\/2025\/07\/IMG_2117.webp","type":"image\/webp"}],"author":"admin","twitter_card":"summary_large_image","twitter_misc":{"Written by":"admin","Est. reading time":"3 minutes"},"schema":{"@context":"https:\/\/schema.org","@graph":[{"@type":"WebPage","@id":"https:\/\/veritasinfo.org\/?p=4200","url":"https:\/\/veritasinfo.org\/?p=4200","name":"Kosova do t\u00eb p\u00ebrfitoj\u00eb edhe nga korniza e ardhshme financiare e BE-s\u00eb -","isPartOf":{"@id":"https:\/\/veritasinfo.org\/#website"},"primaryImageOfPage":{"@id":"https:\/\/veritasinfo.org\/?p=4200#primaryimage"},"image":{"@id":"https:\/\/veritasinfo.org\/?p=4200#primaryimage"},"thumbnailUrl":"https:\/\/veritasinfo.org\/wp-content\/uploads\/2025\/07\/IMG_2117.webp","datePublished":"2025-07-17T14:45:42+00:00","author":{"@id":"https:\/\/veritasinfo.org\/#\/schema\/person\/7701f8c088bece422266b100a712374f"},"breadcrumb":{"@id":"https:\/\/veritasinfo.org\/?p=4200#breadcrumb"},"inLanguage":"en-US","potentialAction":[{"@type":"ReadAction","target":["https:\/\/veritasinfo.org\/?p=4200"]}]},{"@type":"ImageObject","inLanguage":"en-US","@id":"https:\/\/veritasinfo.org\/?p=4200#primaryimage","url":"https:\/\/veritasinfo.org\/wp-content\/uploads\/2025\/07\/IMG_2117.webp","contentUrl":"https:\/\/veritasinfo.org\/wp-content\/uploads\/2025\/07\/IMG_2117.webp","width":1360,"height":870},{"@type":"BreadcrumbList","@id":"https:\/\/veritasinfo.org\/?p=4200#breadcrumb","itemListElement":[{"@type":"ListItem","position":1,"name":"Home","item":"https:\/\/veritasinfo.org\/"},{"@type":"ListItem","position":2,"name":"Kosova do t\u00eb p\u00ebrfitoj\u00eb edhe nga korniza e ardhshme financiare e BE-s\u00eb"}]},{"@type":"WebSite","@id":"https:\/\/veritasinfo.org\/#website","url":"https:\/\/veritasinfo.org\/","name":"","description":"","potentialAction":[{"@type":"SearchAction","target":{"@type":"EntryPoint","urlTemplate":"https:\/\/veritasinfo.org\/?s={search_term_string}"},"query-input":{"@type":"PropertyValueSpecification","valueRequired":true,"valueName":"search_term_string"}}],"inLanguage":"en-US"},{"@type":"Person","@id":"https:\/\/veritasinfo.org\/#\/schema\/person\/7701f8c088bece422266b100a712374f","name":"admin","image":{"@type":"ImageObject","inLanguage":"en-US","@id":"https:\/\/veritasinfo.org\/#\/schema\/person\/image\/","url":"https:\/\/secure.gravatar.com\/avatar\/ea53aa3bf6c9a12d5fde8ce4deff43fef3885ae33cf60184161a50d6987cfd2f?s=96&d=mm&r=g","contentUrl":"https:\/\/secure.gravatar.com\/avatar\/ea53aa3bf6c9a12d5fde8ce4deff43fef3885ae33cf60184161a50d6987cfd2f?s=96&d=mm&r=g","caption":"admin"},"sameAs":["https:\/\/veritasinfo.org"],"url":"https:\/\/veritasinfo.org\/?author=1"}]}},"featured_image_urls":{"full":["https:\/\/veritasinfo.org\/wp-content\/uploads\/2025\/07\/IMG_2117.webp",1360,870,false],"thumbnail":["https:\/\/veritasinfo.org\/wp-content\/uploads\/2025\/07\/IMG_2117-150x150.webp",150,150,true],"medium":["https:\/\/veritasinfo.org\/wp-content\/uploads\/2025\/07\/IMG_2117-300x192.webp",300,192,true],"medium_large":["https:\/\/veritasinfo.org\/wp-content\/uploads\/2025\/07\/IMG_2117-768x491.webp",640,409,true],"large":["https:\/\/veritasinfo.org\/wp-content\/uploads\/2025\/07\/IMG_2117-1024x655.webp",640,409,true],"1536x1536":["https:\/\/veritasinfo.org\/wp-content\/uploads\/2025\/07\/IMG_2117.webp",1360,870,false],"2048x2048":["https:\/\/veritasinfo.org\/wp-content\/uploads\/2025\/07\/IMG_2117.webp",1360,870,false],"kreeti-slider-full":["https:\/\/veritasinfo.org\/wp-content\/uploads\/2025\/07\/IMG_2117.webp",1126,720,false],"kreeti-featured":["https:\/\/veritasinfo.org\/wp-content\/uploads\/2025\/07\/IMG_2117.webp",1024,655,false],"kreeti-medium":["https:\/\/veritasinfo.org\/wp-content\/uploads\/2025\/07\/IMG_2117.webp",720,461,false],"kreeti-medium-square":["https:\/\/veritasinfo.org\/wp-content\/uploads\/2025\/07\/IMG_2117.webp",350,224,false]},"author_info":{"info":["admin"]},"category_info":"<a href=\"https:\/\/veritasinfo.org\/?cat=60\" rel=\"category\">Shoq\u00ebrore<\/a>","tag_info":"Shoq\u00ebrore","comment_count":"0","_links":{"self":[{"href":"https:\/\/veritasinfo.org\/index.php?rest_route=\/wp\/v2\/posts\/4200","targetHints":{"allow":["GET"]}}],"collection":[{"href":"https:\/\/veritasinfo.org\/index.php?rest_route=\/wp\/v2\/posts"}],"about":[{"href":"https:\/\/veritasinfo.org\/index.php?rest_route=\/wp\/v2\/types\/post"}],"author":[{"embeddable":true,"href":"https:\/\/veritasinfo.org\/index.php?rest_route=\/wp\/v2\/users\/1"}],"replies":[{"embeddable":true,"href":"https:\/\/veritasinfo.org\/index.php?rest_route=%2Fwp%2Fv2%2Fcomments&post=4200"}],"version-history":[{"count":1,"href":"https:\/\/veritasinfo.org\/index.php?rest_route=\/wp\/v2\/posts\/4200\/revisions"}],"predecessor-version":[{"id":4202,"href":"https:\/\/veritasinfo.org\/index.php?rest_route=\/wp\/v2\/posts\/4200\/revisions\/4202"}],"wp:featuredmedia":[{"embeddable":true,"href":"https:\/\/veritasinfo.org\/index.php?rest_route=\/wp\/v2\/media\/4201"}],"wp:attachment":[{"href":"https:\/\/veritasinfo.org\/index.php?rest_route=%2Fwp%2Fv2%2Fmedia&parent=4200"}],"wp:term":[{"taxonomy":"category","embeddable":true,"href":"https:\/\/veritasinfo.org\/index.php?rest_route=%2Fwp%2Fv2%2Fcategories&post=4200"},{"taxonomy":"post_tag","embeddable":true,"href":"https:\/\/veritasinfo.org\/index.php?rest_route=%2Fwp%2Fv2%2Ftags&post=4200"}],"curies":[{"name":"wp","href":"https:\/\/api.w.org\/{rel}","templated":true}]}}