{"id":4182,"date":"2025-07-17T15:36:54","date_gmt":"2025-07-17T13:36:54","guid":{"rendered":"https:\/\/veritasinfo.org\/?p=4182"},"modified":"2025-07-17T15:47:11","modified_gmt":"2025-07-17T13:47:11","slug":"java-e-gruas-2025-ndi-ne-qender-te-fuqizimit-te-lidershipit-te-grave-para-zgjedhjeve","status":"publish","type":"post","link":"https:\/\/veritasinfo.org\/?p=4182","title":{"rendered":"\u201cUdh\u00ebheqja q\u00eb transformon\u201d hap Jav\u00ebn e Gruas 2025 \u2013 NDI n\u00eb qend\u00ebr t\u00eb fuqizimit t\u00eb grave para zgjedhjeve"},"content":{"rendered":"<p data-start=\"99\" data-end=\"128\"><strong data-start=\"99\" data-end=\"128\">PRISHTIN\u00cb, 17 korrik 2025<\/strong><\/p>\n<p data-start=\"130\" data-end=\"631\"><strong>Java e Gruas (Week of Women \u2013 WoW)<\/strong> n\u00eb Kosov\u00eb \u00ebsht\u00eb nj\u00eb ngjarje vjetore e p\u00ebrkushtuar p\u00ebr avancimin e lidershipit t\u00eb grave dhe pjes\u00ebmarrjes s\u00eb tyre n\u00eb jet\u00ebn politike dhe publike. Kjo nism\u00eb komb\u00ebtare, e cila mbahet q\u00eb nga viti 2012, mbledh gra dhe burra nga sektor\u00eb t\u00eb ndrysh\u00ebm p\u00ebr t\u00eb adresuar s\u00eb bashku \u00e7\u00ebshtjet e barazis\u00eb gjinore dhe fuqizimit t\u00eb grave. Java e Gruas ofron nj\u00eb platform\u00eb p\u00ebr debat mbi politikat publike, forcimin e kapaciteteve dhe nxitjen e p\u00ebrgjegj\u00ebsis\u00eb s\u00eb p\u00ebrfaq\u00ebsuesve t\u00eb zgjedhur.<\/p>\n<p data-start=\"633\" data-end=\"961\">Sot,<strong> Instituti Komb\u00ebtar Demokratik (NDI)<\/strong> hapi solemnisht edicionin e dymb\u00ebdhjet\u00eb t\u00eb Jav\u00ebs s\u00eb Gruas 2025 n\u00eb hotelin Emerald n\u00eb Prishtin\u00eb, me mb\u00ebshtetjen e Agjencis\u00eb Zvicerane p\u00ebr Zhvillim dhe Bashk\u00ebpunim (SDC), si dhe me mir\u00ebnjohje p\u00ebr Ambasad\u00ebn e Kanadas\u00eb p\u00ebr Kroacin\u00eb dhe Kosov\u00ebn p\u00ebr p\u00ebrkrahjen n\u00eb realizimin e k\u00ebsaj ngjarjeje.<\/p>\n<p data-start=\"963\" data-end=\"1332\" data-is-last-node=\"\" data-is-only-node=\"\">Edicioni i k\u00ebtij viti, me moton <strong data-start=\"995\" data-end=\"1026\">\u201cUdh\u00ebheqje q\u00eb transformon\u201d<\/strong>, fokusohet n\u00eb nd\u00ebrthurjen e pjes\u00ebmarrjes politike, objektivave progresive politike dhe lidershipit t\u00eb grave. Sipas NDI-s\u00eb, Java e Gruas 2025 vjen n\u00eb nj\u00eb moment ky\u00e7 kur matet niveli i zhvillimit demokratik dhe shqyrtohen ndryshimet sistemike q\u00eb do t\u2019u mund\u00ebsonin grave pjes\u00ebmarrje t\u00eb plot\u00eb n\u00eb institucione.<\/p>\n<blockquote>\n<p data-start=\"409\" data-end=\"1192\"><em><strong>Nancy Soderberg<\/strong>, drejtoresh\u00eb e lart\u00eb rezidente e Institutit Komb\u00ebtar Demokratik (NDI) n\u00eb Kosov\u00eb, e hapi solemnisht edicionin e dymb\u00ebdhjet\u00eb t\u00eb Jav\u00ebs s\u00eb Gruas 2025, duke theksuar se kjo nism\u00eb vjen n\u00eb nj\u00eb moment vendimtar p\u00ebr demokracin\u00eb n\u00eb vend. N\u00eb fjal\u00ebn e saj, ajo rikujtoi se NDI, tash e m\u00eb shum\u00eb se 25 vjet, kontribuon n\u00eb m\u00ebnyr\u00eb aktive n\u00eb forcimin e institucioneve demokratike n\u00eb Kosov\u00eb, nd\u00ebrsa p\u00ebrkushtimi i tyre ndaj barazis\u00eb, llogaridh\u00ebnies dhe p\u00ebrfshirjes s\u00eb t\u00eb gjith\u00eb qytetar\u00ebve \u2013 ve\u00e7an\u00ebrisht grave \u2013 mbetet i pal\u00ebkundur. Soderberg theksoi sfidat q\u00eb kan\u00eb dal\u00eb pas zgjedhjeve parlamentare t\u00eb shkurtit 2025, sidomos n\u00eb kontekstin e vonesave n\u00eb formimin e institucioneve, por n\u00ebnvizoi se pik\u00ebrisht periudha t\u00eb tilla paraqesin mund\u00ebsi p\u00ebr reflektim, ristrukturim dhe p\u00ebrparim.<\/em><\/p>\n<p data-start=\"409\" data-end=\"1192\"><img fetchpriority=\"high\" decoding=\"async\" class=\"size-medium wp-image-4183 aligncenter\" src=\"https:\/\/veritasinfo.org\/wp-content\/uploads\/2025\/07\/nancy-300x200.jpg\" alt=\"\" width=\"300\" height=\"200\" srcset=\"https:\/\/veritasinfo.org\/wp-content\/uploads\/2025\/07\/nancy-300x200.jpg 300w, https:\/\/veritasinfo.org\/wp-content\/uploads\/2025\/07\/nancy-1024x683.jpg 1024w, https:\/\/veritasinfo.org\/wp-content\/uploads\/2025\/07\/nancy-768x512.jpg 768w, https:\/\/veritasinfo.org\/wp-content\/uploads\/2025\/07\/nancy-1536x1024.jpg 1536w, https:\/\/veritasinfo.org\/wp-content\/uploads\/2025\/07\/nancy.jpg 2048w\" sizes=\"(max-width: 300px) 100vw, 300px\" \/><\/p>\n<p data-start=\"1194\" data-end=\"1828\"><em>Duke folur p\u00ebr r\u00ebnd\u00ebsin\u00eb e lidershipit t\u00eb grave, Soderberg theksoi se Java e Gruas nuk \u00ebsht\u00eb thjesht simbolike, por konkrete dhe e p\u00ebrqendruar n\u00eb matjen e p\u00ebrparimit t\u00eb v\u00ebrtet\u00eb. \u201cKur grat\u00eb udh\u00ebheqin, institucionet b\u00ebhen m\u00eb efikase, m\u00eb t\u00eb drejta dhe m\u00eb af\u00ebr nevojave reale t\u00eb qytetar\u00ebve,\u201d u shpreh ajo, duke shtuar se grat\u00eb sjellin n\u00eb politik\u00eb frym\u00ebn e bashk\u00ebpunimit, inovacionin dhe nj\u00eb kuptim t\u00eb thell\u00eb t\u00eb jet\u00ebs komunitare. Sipas saj, Java e Gruas 2025 p\u00ebrb\u00ebn nj\u00eb thirrje p\u00ebr veprim ndaj politikan\u00ebve, institucioneve dhe shoq\u00ebris\u00eb q\u00eb t\u00eb mb\u00ebshtesin dhe fuqizojn\u00eb sinqerisht grat\u00eb si aktore ky\u00e7e t\u00eb zhvillimit demokratik n\u00eb Kosov\u00eb.<\/em><\/p>\n<\/blockquote>\n<p data-start=\"2606\" data-end=\"3239\">N\u00eb konferenc\u00ebn hyr\u00ebse mor\u00ebn pjes\u00eb nj\u00eb num\u00ebr i madh zyrtar\u00ebsh t\u00eb lart\u00eb, p\u00ebrfshir\u00eb Presidenten e Republik\u00ebs s\u00eb Kosov\u00ebs, <strong>Vjosa Osmani<\/strong>, drejtoresh\u00ebn e NDI-s\u00eb p\u00ebr Kosov\u00ebn, <strong>Nancy Soderberg<\/strong>, si dhe <strong>Beate Katja Elsasser<\/strong>, shefe e Zyr\u00ebs p\u00ebr Bashk\u00ebpunim pran\u00eb Ambasad\u00ebs s\u00eb Zvicr\u00ebs. Foli gjithashtu edhe <strong>Eugen Cakolli<\/strong> nga Instituti Demokratik i Kosov\u00ebs (KDI), nd\u00ebrsa paneli qendror mblodhi deputete me p\u00ebrvoj\u00eb t\u00eb pasur politike: <strong>Saranda Bogujevci<\/strong> (LVV), <strong>Vlora \u00c7itaku<\/strong> (PDK), <strong>Hikmete Bajrami<\/strong> (LDK), <strong>Time Kadrijaj<\/strong> (AAK) dhe <strong>Emilija Red\u017eepi<\/strong> (NDS). Diskutimi u moderua nga <strong>Xhemajl Rexha<\/strong>, kryetar i Bordit t\u00eb Asociacionit t\u00eb Gazetar\u00ebve t\u00eb Kosov\u00ebs.<\/p>\n<p data-start=\"3241\" data-end=\"3499\">P\u00ebrmes nj\u00eb formati nd\u00ebretnik dhe pjes\u00ebmarrjes s\u00eb mbi 120 p\u00ebrfaq\u00ebsuesve nga partit\u00eb politike, shoq\u00ebria civile, mediat, biznesi dhe akademia, NDI vazhdon t\u00eb nd\u00ebrtoj\u00eb ura bashk\u00ebpunimi dhe t\u00eb fuqizoj\u00eb grat\u00eb q\u00eb t\u00eb marrin role udh\u00ebheq\u00ebse n\u00eb proceset vendimmarr\u00ebse.<\/p>\n<p data-start=\"3501\" data-end=\"3665\" data-is-last-node=\"\" data-is-only-node=\"\"><strong>Instituti Komb\u00ebtar Demokratik (NDI)<\/strong>, si organizator, vazhdon p\u00ebrmes k\u00ebsaj nisme t\u00eb promovoj\u00eb lidershipin gjith\u00ebp\u00ebrfshir\u00ebs si themel i nj\u00eb demokracie t\u00eb q\u00ebndrueshme.<\/p>\n<p data-start=\"3501\" data-end=\"3665\" data-is-last-node=\"\" data-is-only-node=\"\"><img decoding=\"async\" class=\"size-medium wp-image-4180 aligncenter lazyload\" data-src=\"https:\/\/veritasinfo.org\/wp-content\/uploads\/2025\/07\/514252975_1168499255318117_1014187921009292673_n-300x111.jpg\" alt=\"\" width=\"300\" height=\"111\" data-srcset=\"https:\/\/veritasinfo.org\/wp-content\/uploads\/2025\/07\/514252975_1168499255318117_1014187921009292673_n-300x111.jpg 300w, https:\/\/veritasinfo.org\/wp-content\/uploads\/2025\/07\/514252975_1168499255318117_1014187921009292673_n-1024x379.jpg 1024w, https:\/\/veritasinfo.org\/wp-content\/uploads\/2025\/07\/514252975_1168499255318117_1014187921009292673_n-768x284.jpg 768w, https:\/\/veritasinfo.org\/wp-content\/uploads\/2025\/07\/514252975_1168499255318117_1014187921009292673_n-1536x569.jpg 1536w, https:\/\/veritasinfo.org\/wp-content\/uploads\/2025\/07\/514252975_1168499255318117_1014187921009292673_n.jpg 2048w\" data-sizes=\"(max-width: 300px) 100vw, 300px\" src=\"data:image\/gif;base64,R0lGODlhAQABAAAAACH5BAEKAAEALAAAAAABAAEAAAICTAEAOw==\" style=\"--smush-placeholder-width: 300px; --smush-placeholder-aspect-ratio: 300\/111;\" \/><\/p>\n","protected":false},"excerpt":{"rendered":"<p>PRISHTIN\u00cb, 17 korrik 2025 Java e Gruas (Week of Women \u2013 WoW) n\u00eb Kosov\u00eb \u00ebsht\u00eb nj\u00eb ngjarje vjetore e p\u00ebrkushtuar p\u00ebr avancimin e lidershipit t\u00eb<\/p>\n","protected":false},"author":1,"featured_media":4187,"comment_status":"open","ping_status":"open","sticky":false,"template":"","format":"standard","meta":{"footnotes":""},"categories":[60],"tags":[],"class_list":["post-4182","post","type-post","status-publish","format-standard","has-post-thumbnail","hentry","category-shoqerore-sq"],"yoast_head":"<!-- This site is optimized with the Yoast SEO plugin v25.3.1 - https:\/\/yoast.com\/wordpress\/plugins\/seo\/ -->\n<title>\u201cUdh\u00ebheqja q\u00eb transformon\u201d hap Jav\u00ebn e Gruas 2025 \u2013 NDI n\u00eb qend\u00ebr t\u00eb fuqizimit t\u00eb grave para zgjedhjeve -<\/title>\n<meta name=\"robots\" content=\"index, follow, max-snippet:-1, max-image-preview:large, max-video-preview:-1\" \/>\n<link rel=\"canonical\" href=\"https:\/\/veritasinfo.org\/?p=4182\" \/>\n<meta property=\"og:locale\" content=\"en_US\" \/>\n<meta property=\"og:type\" content=\"article\" \/>\n<meta property=\"og:title\" content=\"\u201cUdh\u00ebheqja q\u00eb transformon\u201d hap Jav\u00ebn e Gruas 2025 \u2013 NDI n\u00eb qend\u00ebr t\u00eb fuqizimit t\u00eb grave para zgjedhjeve -\" \/>\n<meta property=\"og:description\" content=\"PRISHTIN\u00cb, 17 korrik 2025 Java e Gruas (Week of Women \u2013 WoW) n\u00eb Kosov\u00eb \u00ebsht\u00eb nj\u00eb ngjarje vjetore e p\u00ebrkushtuar p\u00ebr avancimin e lidershipit t\u00eb\" \/>\n<meta property=\"og:url\" content=\"https:\/\/veritasinfo.org\/?p=4182\" \/>\n<meta property=\"article:published_time\" content=\"2025-07-17T13:36:54+00:00\" \/>\n<meta property=\"article:modified_time\" content=\"2025-07-17T13:47:11+00:00\" \/>\n<meta property=\"og:image\" content=\"https:\/\/veritasinfo.org\/wp-content\/uploads\/2025\/07\/WhatsApp-Image-2025-07-17-at-15.33.34.jpeg\" \/>\n\t<meta property=\"og:image:width\" content=\"940\" \/>\n\t<meta property=\"og:image:height\" content=\"788\" \/>\n\t<meta property=\"og:image:type\" content=\"image\/jpeg\" \/>\n<meta name=\"author\" content=\"admin\" \/>\n<meta name=\"twitter:card\" content=\"summary_large_image\" \/>\n<meta name=\"twitter:label1\" content=\"Written by\" \/>\n\t<meta name=\"twitter:data1\" content=\"admin\" \/>\n\t<meta name=\"twitter:label2\" content=\"Est. reading time\" \/>\n\t<meta name=\"twitter:data2\" content=\"2 minutes\" \/>\n<script type=\"application\/ld+json\" class=\"yoast-schema-graph\">{\"@context\":\"https:\/\/schema.org\",\"@graph\":[{\"@type\":\"WebPage\",\"@id\":\"https:\/\/veritasinfo.org\/?p=4182\",\"url\":\"https:\/\/veritasinfo.org\/?p=4182\",\"name\":\"\u201cUdh\u00ebheqja q\u00eb transformon\u201d hap Jav\u00ebn e Gruas 2025 \u2013 NDI n\u00eb qend\u00ebr t\u00eb fuqizimit t\u00eb grave para zgjedhjeve -\",\"isPartOf\":{\"@id\":\"https:\/\/veritasinfo.org\/#website\"},\"primaryImageOfPage\":{\"@id\":\"https:\/\/veritasinfo.org\/?p=4182#primaryimage\"},\"image\":{\"@id\":\"https:\/\/veritasinfo.org\/?p=4182#primaryimage\"},\"thumbnailUrl\":\"https:\/\/veritasinfo.org\/wp-content\/uploads\/2025\/07\/WhatsApp-Image-2025-07-17-at-15.33.34.jpeg\",\"datePublished\":\"2025-07-17T13:36:54+00:00\",\"dateModified\":\"2025-07-17T13:47:11+00:00\",\"author\":{\"@id\":\"https:\/\/veritasinfo.org\/#\/schema\/person\/7701f8c088bece422266b100a712374f\"},\"breadcrumb\":{\"@id\":\"https:\/\/veritasinfo.org\/?p=4182#breadcrumb\"},\"inLanguage\":\"en-US\",\"potentialAction\":[{\"@type\":\"ReadAction\",\"target\":[\"https:\/\/veritasinfo.org\/?p=4182\"]}]},{\"@type\":\"ImageObject\",\"inLanguage\":\"en-US\",\"@id\":\"https:\/\/veritasinfo.org\/?p=4182#primaryimage\",\"url\":\"https:\/\/veritasinfo.org\/wp-content\/uploads\/2025\/07\/WhatsApp-Image-2025-07-17-at-15.33.34.jpeg\",\"contentUrl\":\"https:\/\/veritasinfo.org\/wp-content\/uploads\/2025\/07\/WhatsApp-Image-2025-07-17-at-15.33.34.jpeg\",\"width\":940,\"height\":788},{\"@type\":\"BreadcrumbList\",\"@id\":\"https:\/\/veritasinfo.org\/?p=4182#breadcrumb\",\"itemListElement\":[{\"@type\":\"ListItem\",\"position\":1,\"name\":\"Home\",\"item\":\"https:\/\/veritasinfo.org\/\"},{\"@type\":\"ListItem\",\"position\":2,\"name\":\"\u201cUdh\u00ebheqja q\u00eb transformon\u201d hap Jav\u00ebn e Gruas 2025 \u2013 NDI n\u00eb qend\u00ebr t\u00eb fuqizimit t\u00eb grave para zgjedhjeve\"}]},{\"@type\":\"WebSite\",\"@id\":\"https:\/\/veritasinfo.org\/#website\",\"url\":\"https:\/\/veritasinfo.org\/\",\"name\":\"\",\"description\":\"\",\"potentialAction\":[{\"@type\":\"SearchAction\",\"target\":{\"@type\":\"EntryPoint\",\"urlTemplate\":\"https:\/\/veritasinfo.org\/?s={search_term_string}\"},\"query-input\":{\"@type\":\"PropertyValueSpecification\",\"valueRequired\":true,\"valueName\":\"search_term_string\"}}],\"inLanguage\":\"en-US\"},{\"@type\":\"Person\",\"@id\":\"https:\/\/veritasinfo.org\/#\/schema\/person\/7701f8c088bece422266b100a712374f\",\"name\":\"admin\",\"image\":{\"@type\":\"ImageObject\",\"inLanguage\":\"en-US\",\"@id\":\"https:\/\/veritasinfo.org\/#\/schema\/person\/image\/\",\"url\":\"https:\/\/secure.gravatar.com\/avatar\/ea53aa3bf6c9a12d5fde8ce4deff43fef3885ae33cf60184161a50d6987cfd2f?s=96&d=mm&r=g\",\"contentUrl\":\"https:\/\/secure.gravatar.com\/avatar\/ea53aa3bf6c9a12d5fde8ce4deff43fef3885ae33cf60184161a50d6987cfd2f?s=96&d=mm&r=g\",\"caption\":\"admin\"},\"sameAs\":[\"https:\/\/veritasinfo.org\"],\"url\":\"https:\/\/veritasinfo.org\/?author=1\"}]}<\/script>\n<!-- \/ Yoast SEO plugin. -->","yoast_head_json":{"title":"\u201cUdh\u00ebheqja q\u00eb transformon\u201d hap Jav\u00ebn e Gruas 2025 \u2013 NDI n\u00eb qend\u00ebr t\u00eb fuqizimit t\u00eb grave para zgjedhjeve -","robots":{"index":"index","follow":"follow","max-snippet":"max-snippet:-1","max-image-preview":"max-image-preview:large","max-video-preview":"max-video-preview:-1"},"canonical":"https:\/\/veritasinfo.org\/?p=4182","og_locale":"en_US","og_type":"article","og_title":"\u201cUdh\u00ebheqja q\u00eb transformon\u201d hap Jav\u00ebn e Gruas 2025 \u2013 NDI n\u00eb qend\u00ebr t\u00eb fuqizimit t\u00eb grave para zgjedhjeve -","og_description":"PRISHTIN\u00cb, 17 korrik 2025 Java e Gruas (Week of Women \u2013 WoW) n\u00eb Kosov\u00eb \u00ebsht\u00eb nj\u00eb ngjarje vjetore e p\u00ebrkushtuar p\u00ebr avancimin e lidershipit t\u00eb","og_url":"https:\/\/veritasinfo.org\/?p=4182","article_published_time":"2025-07-17T13:36:54+00:00","article_modified_time":"2025-07-17T13:47:11+00:00","og_image":[{"width":940,"height":788,"url":"https:\/\/veritasinfo.org\/wp-content\/uploads\/2025\/07\/WhatsApp-Image-2025-07-17-at-15.33.34.jpeg","type":"image\/jpeg"}],"author":"admin","twitter_card":"summary_large_image","twitter_misc":{"Written by":"admin","Est. reading time":"2 minutes"},"schema":{"@context":"https:\/\/schema.org","@graph":[{"@type":"WebPage","@id":"https:\/\/veritasinfo.org\/?p=4182","url":"https:\/\/veritasinfo.org\/?p=4182","name":"\u201cUdh\u00ebheqja q\u00eb transformon\u201d hap Jav\u00ebn e Gruas 2025 \u2013 NDI n\u00eb qend\u00ebr t\u00eb fuqizimit t\u00eb grave para zgjedhjeve -","isPartOf":{"@id":"https:\/\/veritasinfo.org\/#website"},"primaryImageOfPage":{"@id":"https:\/\/veritasinfo.org\/?p=4182#primaryimage"},"image":{"@id":"https:\/\/veritasinfo.org\/?p=4182#primaryimage"},"thumbnailUrl":"https:\/\/veritasinfo.org\/wp-content\/uploads\/2025\/07\/WhatsApp-Image-2025-07-17-at-15.33.34.jpeg","datePublished":"2025-07-17T13:36:54+00:00","dateModified":"2025-07-17T13:47:11+00:00","author":{"@id":"https:\/\/veritasinfo.org\/#\/schema\/person\/7701f8c088bece422266b100a712374f"},"breadcrumb":{"@id":"https:\/\/veritasinfo.org\/?p=4182#breadcrumb"},"inLanguage":"en-US","potentialAction":[{"@type":"ReadAction","target":["https:\/\/veritasinfo.org\/?p=4182"]}]},{"@type":"ImageObject","inLanguage":"en-US","@id":"https:\/\/veritasinfo.org\/?p=4182#primaryimage","url":"https:\/\/veritasinfo.org\/wp-content\/uploads\/2025\/07\/WhatsApp-Image-2025-07-17-at-15.33.34.jpeg","contentUrl":"https:\/\/veritasinfo.org\/wp-content\/uploads\/2025\/07\/WhatsApp-Image-2025-07-17-at-15.33.34.jpeg","width":940,"height":788},{"@type":"BreadcrumbList","@id":"https:\/\/veritasinfo.org\/?p=4182#breadcrumb","itemListElement":[{"@type":"ListItem","position":1,"name":"Home","item":"https:\/\/veritasinfo.org\/"},{"@type":"ListItem","position":2,"name":"\u201cUdh\u00ebheqja q\u00eb transformon\u201d hap Jav\u00ebn e Gruas 2025 \u2013 NDI n\u00eb qend\u00ebr t\u00eb fuqizimit t\u00eb grave para zgjedhjeve"}]},{"@type":"WebSite","@id":"https:\/\/veritasinfo.org\/#website","url":"https:\/\/veritasinfo.org\/","name":"","description":"","potentialAction":[{"@type":"SearchAction","target":{"@type":"EntryPoint","urlTemplate":"https:\/\/veritasinfo.org\/?s={search_term_string}"},"query-input":{"@type":"PropertyValueSpecification","valueRequired":true,"valueName":"search_term_string"}}],"inLanguage":"en-US"},{"@type":"Person","@id":"https:\/\/veritasinfo.org\/#\/schema\/person\/7701f8c088bece422266b100a712374f","name":"admin","image":{"@type":"ImageObject","inLanguage":"en-US","@id":"https:\/\/veritasinfo.org\/#\/schema\/person\/image\/","url":"https:\/\/secure.gravatar.com\/avatar\/ea53aa3bf6c9a12d5fde8ce4deff43fef3885ae33cf60184161a50d6987cfd2f?s=96&d=mm&r=g","contentUrl":"https:\/\/secure.gravatar.com\/avatar\/ea53aa3bf6c9a12d5fde8ce4deff43fef3885ae33cf60184161a50d6987cfd2f?s=96&d=mm&r=g","caption":"admin"},"sameAs":["https:\/\/veritasinfo.org"],"url":"https:\/\/veritasinfo.org\/?author=1"}]}},"featured_image_urls":{"full":["https:\/\/veritasinfo.org\/wp-content\/uploads\/2025\/07\/WhatsApp-Image-2025-07-17-at-15.33.34.jpeg",940,788,false],"thumbnail":["https:\/\/veritasinfo.org\/wp-content\/uploads\/2025\/07\/WhatsApp-Image-2025-07-17-at-15.33.34-150x150.jpeg",150,150,true],"medium":["https:\/\/veritasinfo.org\/wp-content\/uploads\/2025\/07\/WhatsApp-Image-2025-07-17-at-15.33.34-300x251.jpeg",300,251,true],"medium_large":["https:\/\/veritasinfo.org\/wp-content\/uploads\/2025\/07\/WhatsApp-Image-2025-07-17-at-15.33.34-768x644.jpeg",640,537,true],"large":["https:\/\/veritasinfo.org\/wp-content\/uploads\/2025\/07\/WhatsApp-Image-2025-07-17-at-15.33.34.jpeg",640,537,false],"1536x1536":["https:\/\/veritasinfo.org\/wp-content\/uploads\/2025\/07\/WhatsApp-Image-2025-07-17-at-15.33.34.jpeg",940,788,false],"2048x2048":["https:\/\/veritasinfo.org\/wp-content\/uploads\/2025\/07\/WhatsApp-Image-2025-07-17-at-15.33.34.jpeg",940,788,false],"kreeti-slider-full":["https:\/\/veritasinfo.org\/wp-content\/uploads\/2025\/07\/WhatsApp-Image-2025-07-17-at-15.33.34.jpeg",859,720,false],"kreeti-featured":["https:\/\/veritasinfo.org\/wp-content\/uploads\/2025\/07\/WhatsApp-Image-2025-07-17-at-15.33.34.jpeg",940,788,false],"kreeti-medium":["https:\/\/veritasinfo.org\/wp-content\/uploads\/2025\/07\/WhatsApp-Image-2025-07-17-at-15.33.34.jpeg",632,530,false],"kreeti-medium-square":["https:\/\/veritasinfo.org\/wp-content\/uploads\/2025\/07\/WhatsApp-Image-2025-07-17-at-15.33.34.jpeg",350,293,false]},"author_info":{"info":["admin"]},"category_info":"<a href=\"https:\/\/veritasinfo.org\/?cat=60\" rel=\"category\">Shoq\u00ebrore<\/a>","tag_info":"Shoq\u00ebrore","comment_count":"0","_links":{"self":[{"href":"https:\/\/veritasinfo.org\/index.php?rest_route=\/wp\/v2\/posts\/4182","targetHints":{"allow":["GET"]}}],"collection":[{"href":"https:\/\/veritasinfo.org\/index.php?rest_route=\/wp\/v2\/posts"}],"about":[{"href":"https:\/\/veritasinfo.org\/index.php?rest_route=\/wp\/v2\/types\/post"}],"author":[{"embeddable":true,"href":"https:\/\/veritasinfo.org\/index.php?rest_route=\/wp\/v2\/users\/1"}],"replies":[{"embeddable":true,"href":"https:\/\/veritasinfo.org\/index.php?rest_route=%2Fwp%2Fv2%2Fcomments&post=4182"}],"version-history":[{"count":5,"href":"https:\/\/veritasinfo.org\/index.php?rest_route=\/wp\/v2\/posts\/4182\/revisions"}],"predecessor-version":[{"id":4192,"href":"https:\/\/veritasinfo.org\/index.php?rest_route=\/wp\/v2\/posts\/4182\/revisions\/4192"}],"wp:featuredmedia":[{"embeddable":true,"href":"https:\/\/veritasinfo.org\/index.php?rest_route=\/wp\/v2\/media\/4187"}],"wp:attachment":[{"href":"https:\/\/veritasinfo.org\/index.php?rest_route=%2Fwp%2Fv2%2Fmedia&parent=4182"}],"wp:term":[{"taxonomy":"category","embeddable":true,"href":"https:\/\/veritasinfo.org\/index.php?rest_route=%2Fwp%2Fv2%2Fcategories&post=4182"},{"taxonomy":"post_tag","embeddable":true,"href":"https:\/\/veritasinfo.org\/index.php?rest_route=%2Fwp%2Fv2%2Ftags&post=4182"}],"curies":[{"name":"wp","href":"https:\/\/api.w.org\/{rel}","templated":true}]}}