{"id":4179,"date":"2025-07-17T15:36:11","date_gmt":"2025-07-17T13:36:11","guid":{"rendered":"https:\/\/veritasinfo.org\/?p=4179"},"modified":"2025-07-17T15:48:05","modified_gmt":"2025-07-17T13:48:05","slug":"otvorena-nedelja-zena-2025-ndi-u-centru-osnazivanja-zenskog-liderstva-pred-izbore","status":"publish","type":"post","link":"https:\/\/veritasinfo.org\/?p=4179&lang=sr","title":{"rendered":"\u201eLiderstvo koje transformi\u0161e\u201c otvara Nedelju \u017eena 2025 \u2013 NDI u centru osna\u017eivanja \u017eena pred izbore"},"content":{"rendered":"<p data-start=\"407\" data-end=\"433\"><strong data-start=\"407\" data-end=\"433\">PRI\u0160TINA, 17. jul 2025<\/strong><\/p>\n<p data-start=\"435\" data-end=\"902\"><strong data-start=\"435\" data-end=\"473\">Nedelja \u017eena (Week of Women \u2013 WoW)<\/strong> na Kosovu je godi\u0161nji doga\u0111aj posve\u0107en unapre\u0111enju \u017eenskog liderstva i u\u010de\u0161\u0107a \u017eena u politi\u010dkom i javnom \u017eivotu. Ova nacionalna inicijativa, koja se odr\u017eava od 2012. godine, okuplja \u017eene i mu\u0161karce iz razli\u010ditih sektora kako bi zajedni\u010dki adresirali pitanja rodne ravnopravnosti i osna\u017eivanja \u017eena. Nedelja \u017eena pru\u017ea platformu za debatu o javnim politikama, ja\u010danje kapaciteta i podsticanje odgovornosti izabranih predstavnika.<\/p>\n<p data-start=\"904\" data-end=\"1188\">Danas je <strong data-start=\"913\" data-end=\"954\">Nacionalni demokratski institut (NDI)<\/strong> sve\u010dano otvorio dvanaesto izdanje Nedelje \u017eena 2025 u hotelu Emerald u Pri\u0161tini, uz podr\u0161ku \u0160vajcarske agencije za razvoj i saradnju (SDC), kao i zahvalnost Ambasadi Kanade za Hrvatsku i Kosovo na podr\u0161ci u realizaciji ovog doga\u0111aja.<\/p>\n<p data-start=\"1190\" data-end=\"1546\">Ovogodi\u0161nje izdanje, pod motom <strong data-start=\"1221\" data-end=\"1254\">\u201eLiderstvo koje transformi\u0161e\u201c<\/strong>, fokusira se na preplitanje politi\u010dkog u\u010de\u0161\u0107a, progresivnih politi\u010dkih ciljeva i \u017eenskog liderstva. Prema NDI-ju, Nedelja \u017eena 2025 dolazi u klju\u010dnom trenutku kada se meri stepen demokratskog razvoja i razmatraju sistemske promene koje bi \u017eenama omogu\u0107ile punu participaciju u institucijama.<\/p>\n<blockquote>\n<p data-start=\"1548\" data-end=\"2188\"><em><strong>Nensi Soderberg<\/strong>, vi\u0161a stalna direktorka Nacionalnog demokratskog instituta (NDI) za Kosovo, otvorila je ovogodi\u0161nje izdanje Nedelje \u017eena nagla\u0161avaju\u0107i da ova inicijativa dolazi u va\u017enom trenutku za demokratiju na Kosovu. U svom obra\u0107anju podsetila je da NDI ve\u0107 vi\u0161e od 25 godina aktivno doprinosi ja\u010danju demokratskih institucija u zemlji, te da njihova posve\u0107enost jednakosti, odgovornosti i uklju\u010divanju svih gra\u0111ana \u2013 a naro\u010dito \u017eena \u2013 ostaje nepromenjena. Soderberg je ukazala na izazove nakon parlamentarnih izbora u februaru 2025. godine, posebno na ka\u0161njenja u formiranju institucija, ali i naglasila da ovakvi periodi predstavljaju \u0161ansu za refleksiju, restrukturiranje i obnovu.<\/em><\/p>\n<p data-start=\"1548\" data-end=\"2188\"><img fetchpriority=\"high\" decoding=\"async\" class=\"alignnone size-medium wp-image-4183 aligncenter\" src=\"https:\/\/veritasinfo.org\/wp-content\/uploads\/2025\/07\/nancy-300x200.jpg\" alt=\"\" width=\"300\" height=\"200\" srcset=\"https:\/\/veritasinfo.org\/wp-content\/uploads\/2025\/07\/nancy-300x200.jpg 300w, https:\/\/veritasinfo.org\/wp-content\/uploads\/2025\/07\/nancy-1024x683.jpg 1024w, https:\/\/veritasinfo.org\/wp-content\/uploads\/2025\/07\/nancy-768x512.jpg 768w, https:\/\/veritasinfo.org\/wp-content\/uploads\/2025\/07\/nancy-1536x1024.jpg 1536w, https:\/\/veritasinfo.org\/wp-content\/uploads\/2025\/07\/nancy.jpg 2048w\" sizes=\"(max-width: 300px) 100vw, 300px\" \/><\/p>\n<p data-start=\"2190\" data-end=\"2741\"><em>Govore\u0107i o zna\u010daju \u017eenskog liderstva, Soderberg je istakla da Nedelja \u017eena nije simboli\u010dna, ve\u0107 konkretna i usmerena na stvaran i merljiv napredak. \u201eKada \u017eene vode, institucije postaju efikasnije, pravednije i bli\u017ee stvarnim potrebama gra\u0111ana,\u201c rekla je, dodaju\u0107i da \u017eene u politiku unose saradni\u010dki duh, inovativnost i duboko razumevanje svakodnevnog \u017eivota u zajednici. Kako je naglasila, ova inicijativa predstavlja poziv na akciju svim politi\u010dkim akterima i institucijama da istinski osna\u017ee \u017eene kao klju\u010dne nosioce demokratskog razvoja na Kosovu.<\/em><\/p>\n<\/blockquote>\n<p data-start=\"2743\" data-end=\"3365\">Uvodnoj konferenciji prisustvovale su i visoke zvanice, me\u0111u kojima su <strong data-start=\"2814\" data-end=\"2859\">predsednica Republike Kosovo Vjosa Osmani<\/strong>, <strong data-start=\"2861\" data-end=\"2902\">direktorka NDI Kosovo Nensi Soderberg<\/strong> i <strong data-start=\"2905\" data-end=\"2928\">Beate Katja Elsaser<\/strong>, \u0161efica Odeljenja za saradnju pri Ambasadi \u0160vajcarske. Govorio je i Eugen Cakoli iz Kosovskog demokratskog instituta (KDI), dok je centralna panel diskusija okupila poslanice sa bogatim politi\u010dkim iskustvom \u2013 <strong data-start=\"3149\" data-end=\"3240\">Sarandu Bogujevci (LVV), Vloru \u010citaku (PDK), Hikmete Bajrami (LDK), Time Kadrijaj (AAK)<\/strong> i <strong data-start=\"3243\" data-end=\"3268\">Emiliju Red\u017eepi (NDS)<\/strong>. Diskusiju je moderirao <strong data-start=\"3293\" data-end=\"3310\">D\u017eemajl Red\u017ea<\/strong>, predsednik Upravnog odbora Udru\u017eenja novinara Kosova.<\/p>\n<p data-start=\"3367\" data-end=\"3612\">Kroz me\u0111uetni\u010dki format i u\u010de\u0161\u0107e vi\u0161e od 120 predstavnika iz politi\u010dkih stranaka, civilnog dru\u0161tva, medija, biznisa i akademske zajednice, NDI nastavlja da gradi mostove saradnje i osna\u017euje \u017eene da preuzmu liderske uloge u procesima odlu\u010divanja.<\/p>\n<p data-start=\"3614\" data-end=\"3770\"><strong data-start=\"3614\" data-end=\"3655\">Nacionalni demokratski institut (NDI)<\/strong>, kao organizator, nastavlja da kroz ovu inicijativu promovi\u0161e inkluzivno liderstvo kao temelj odr\u017eive demokratije.<\/p>\n<p data-start=\"3614\" data-end=\"3770\"><img decoding=\"async\" class=\"size-medium wp-image-4180 aligncenter lazyload\" data-src=\"https:\/\/veritasinfo.org\/wp-content\/uploads\/2025\/07\/514252975_1168499255318117_1014187921009292673_n-300x111.jpg\" alt=\"\" width=\"300\" height=\"111\" data-srcset=\"https:\/\/veritasinfo.org\/wp-content\/uploads\/2025\/07\/514252975_1168499255318117_1014187921009292673_n-300x111.jpg 300w, https:\/\/veritasinfo.org\/wp-content\/uploads\/2025\/07\/514252975_1168499255318117_1014187921009292673_n-1024x379.jpg 1024w, https:\/\/veritasinfo.org\/wp-content\/uploads\/2025\/07\/514252975_1168499255318117_1014187921009292673_n-768x284.jpg 768w, https:\/\/veritasinfo.org\/wp-content\/uploads\/2025\/07\/514252975_1168499255318117_1014187921009292673_n-1536x569.jpg 1536w, https:\/\/veritasinfo.org\/wp-content\/uploads\/2025\/07\/514252975_1168499255318117_1014187921009292673_n.jpg 2048w\" data-sizes=\"(max-width: 300px) 100vw, 300px\" src=\"data:image\/gif;base64,R0lGODlhAQABAAAAACH5BAEKAAEALAAAAAABAAEAAAICTAEAOw==\" style=\"--smush-placeholder-width: 300px; --smush-placeholder-aspect-ratio: 300\/111;\" \/><\/p>\n","protected":false},"excerpt":{"rendered":"<p>PRI\u0160TINA, 17. jul 2025 Nedelja \u017eena (Week of Women \u2013 WoW) na Kosovu je godi\u0161nji doga\u0111aj posve\u0107en unapre\u0111enju \u017eenskog liderstva i u\u010de\u0161\u0107a \u017eena u politi\u010dkom<\/p>\n","protected":false},"author":1,"featured_media":4187,"comment_status":"open","ping_status":"open","sticky":false,"template":"","format":"standard","meta":{"footnotes":""},"categories":[30],"tags":[],"class_list":["post-4179","post","type-post","status-publish","format-standard","has-post-thumbnail","hentry","category-drustvo"],"yoast_head":"<!-- This site is optimized with the Yoast SEO plugin v25.3.1 - https:\/\/yoast.com\/wordpress\/plugins\/seo\/ -->\n<title>\u201eLiderstvo koje transformi\u0161e\u201c otvara Nedelju \u017eena 2025 \u2013 NDI u centru osna\u017eivanja \u017eena pred izbore -<\/title>\n<meta name=\"robots\" content=\"index, follow, max-snippet:-1, max-image-preview:large, max-video-preview:-1\" \/>\n<link rel=\"canonical\" href=\"https:\/\/veritasinfo.org\/?p=4179&lang=sr\" \/>\n<meta property=\"og:locale\" content=\"en_US\" \/>\n<meta property=\"og:type\" content=\"article\" \/>\n<meta property=\"og:title\" content=\"\u201eLiderstvo koje transformi\u0161e\u201c otvara Nedelju \u017eena 2025 \u2013 NDI u centru osna\u017eivanja \u017eena pred izbore -\" \/>\n<meta property=\"og:description\" content=\"PRI\u0160TINA, 17. jul 2025 Nedelja \u017eena (Week of Women \u2013 WoW) na Kosovu je godi\u0161nji doga\u0111aj posve\u0107en unapre\u0111enju \u017eenskog liderstva i u\u010de\u0161\u0107a \u017eena u politi\u010dkom\" \/>\n<meta property=\"og:url\" content=\"https:\/\/veritasinfo.org\/?p=4179&amp;lang=sr\" \/>\n<meta property=\"article:published_time\" content=\"2025-07-17T13:36:11+00:00\" \/>\n<meta property=\"article:modified_time\" content=\"2025-07-17T13:48:05+00:00\" \/>\n<meta property=\"og:image\" content=\"https:\/\/veritasinfo.org\/wp-content\/uploads\/2025\/07\/WhatsApp-Image-2025-07-17-at-15.33.34.jpeg\" \/>\n\t<meta property=\"og:image:width\" content=\"940\" \/>\n\t<meta property=\"og:image:height\" content=\"788\" \/>\n\t<meta property=\"og:image:type\" content=\"image\/jpeg\" \/>\n<meta name=\"author\" content=\"admin\" \/>\n<meta name=\"twitter:card\" content=\"summary_large_image\" \/>\n<meta name=\"twitter:label1\" content=\"Written by\" \/>\n\t<meta name=\"twitter:data1\" content=\"admin\" \/>\n\t<meta name=\"twitter:label2\" content=\"Est. reading time\" \/>\n\t<meta name=\"twitter:data2\" content=\"2 minutes\" \/>\n<script type=\"application\/ld+json\" class=\"yoast-schema-graph\">{\"@context\":\"https:\/\/schema.org\",\"@graph\":[{\"@type\":\"WebPage\",\"@id\":\"https:\/\/veritasinfo.org\/?p=4179&lang=sr\",\"url\":\"https:\/\/veritasinfo.org\/?p=4179&lang=sr\",\"name\":\"\u201eLiderstvo koje transformi\u0161e\u201c otvara Nedelju \u017eena 2025 \u2013 NDI u centru osna\u017eivanja \u017eena pred izbore -\",\"isPartOf\":{\"@id\":\"https:\/\/veritasinfo.org\/#website\"},\"primaryImageOfPage\":{\"@id\":\"https:\/\/veritasinfo.org\/?p=4179&lang=sr#primaryimage\"},\"image\":{\"@id\":\"https:\/\/veritasinfo.org\/?p=4179&lang=sr#primaryimage\"},\"thumbnailUrl\":\"https:\/\/veritasinfo.org\/wp-content\/uploads\/2025\/07\/WhatsApp-Image-2025-07-17-at-15.33.34.jpeg\",\"datePublished\":\"2025-07-17T13:36:11+00:00\",\"dateModified\":\"2025-07-17T13:48:05+00:00\",\"author\":{\"@id\":\"https:\/\/veritasinfo.org\/#\/schema\/person\/7701f8c088bece422266b100a712374f\"},\"breadcrumb\":{\"@id\":\"https:\/\/veritasinfo.org\/?p=4179&lang=sr#breadcrumb\"},\"inLanguage\":\"en-US\",\"potentialAction\":[{\"@type\":\"ReadAction\",\"target\":[\"https:\/\/veritasinfo.org\/?p=4179&lang=sr\"]}]},{\"@type\":\"ImageObject\",\"inLanguage\":\"en-US\",\"@id\":\"https:\/\/veritasinfo.org\/?p=4179&lang=sr#primaryimage\",\"url\":\"https:\/\/veritasinfo.org\/wp-content\/uploads\/2025\/07\/WhatsApp-Image-2025-07-17-at-15.33.34.jpeg\",\"contentUrl\":\"https:\/\/veritasinfo.org\/wp-content\/uploads\/2025\/07\/WhatsApp-Image-2025-07-17-at-15.33.34.jpeg\",\"width\":940,\"height\":788},{\"@type\":\"BreadcrumbList\",\"@id\":\"https:\/\/veritasinfo.org\/?p=4179&lang=sr#breadcrumb\",\"itemListElement\":[{\"@type\":\"ListItem\",\"position\":1,\"name\":\"Home\",\"item\":\"https:\/\/veritasinfo.org\/\"},{\"@type\":\"ListItem\",\"position\":2,\"name\":\"\u201eLiderstvo koje transformi\u0161e\u201c otvara Nedelju \u017eena 2025 \u2013 NDI u centru osna\u017eivanja \u017eena pred izbore\"}]},{\"@type\":\"WebSite\",\"@id\":\"https:\/\/veritasinfo.org\/#website\",\"url\":\"https:\/\/veritasinfo.org\/\",\"name\":\"\",\"description\":\"\",\"potentialAction\":[{\"@type\":\"SearchAction\",\"target\":{\"@type\":\"EntryPoint\",\"urlTemplate\":\"https:\/\/veritasinfo.org\/?s={search_term_string}\"},\"query-input\":{\"@type\":\"PropertyValueSpecification\",\"valueRequired\":true,\"valueName\":\"search_term_string\"}}],\"inLanguage\":\"en-US\"},{\"@type\":\"Person\",\"@id\":\"https:\/\/veritasinfo.org\/#\/schema\/person\/7701f8c088bece422266b100a712374f\",\"name\":\"admin\",\"image\":{\"@type\":\"ImageObject\",\"inLanguage\":\"en-US\",\"@id\":\"https:\/\/veritasinfo.org\/#\/schema\/person\/image\/\",\"url\":\"https:\/\/secure.gravatar.com\/avatar\/ea53aa3bf6c9a12d5fde8ce4deff43fef3885ae33cf60184161a50d6987cfd2f?s=96&d=mm&r=g\",\"contentUrl\":\"https:\/\/secure.gravatar.com\/avatar\/ea53aa3bf6c9a12d5fde8ce4deff43fef3885ae33cf60184161a50d6987cfd2f?s=96&d=mm&r=g\",\"caption\":\"admin\"},\"sameAs\":[\"https:\/\/veritasinfo.org\"],\"url\":\"https:\/\/veritasinfo.org\/?author=1\"}]}<\/script>\n<!-- \/ Yoast SEO plugin. -->","yoast_head_json":{"title":"\u201eLiderstvo koje transformi\u0161e\u201c otvara Nedelju \u017eena 2025 \u2013 NDI u centru osna\u017eivanja \u017eena pred izbore -","robots":{"index":"index","follow":"follow","max-snippet":"max-snippet:-1","max-image-preview":"max-image-preview:large","max-video-preview":"max-video-preview:-1"},"canonical":"https:\/\/veritasinfo.org\/?p=4179&lang=sr","og_locale":"en_US","og_type":"article","og_title":"\u201eLiderstvo koje transformi\u0161e\u201c otvara Nedelju \u017eena 2025 \u2013 NDI u centru osna\u017eivanja \u017eena pred izbore -","og_description":"PRI\u0160TINA, 17. jul 2025 Nedelja \u017eena (Week of Women \u2013 WoW) na Kosovu je godi\u0161nji doga\u0111aj posve\u0107en unapre\u0111enju \u017eenskog liderstva i u\u010de\u0161\u0107a \u017eena u politi\u010dkom","og_url":"https:\/\/veritasinfo.org\/?p=4179&lang=sr","article_published_time":"2025-07-17T13:36:11+00:00","article_modified_time":"2025-07-17T13:48:05+00:00","og_image":[{"width":940,"height":788,"url":"https:\/\/veritasinfo.org\/wp-content\/uploads\/2025\/07\/WhatsApp-Image-2025-07-17-at-15.33.34.jpeg","type":"image\/jpeg"}],"author":"admin","twitter_card":"summary_large_image","twitter_misc":{"Written by":"admin","Est. reading time":"2 minutes"},"schema":{"@context":"https:\/\/schema.org","@graph":[{"@type":"WebPage","@id":"https:\/\/veritasinfo.org\/?p=4179&lang=sr","url":"https:\/\/veritasinfo.org\/?p=4179&lang=sr","name":"\u201eLiderstvo koje transformi\u0161e\u201c otvara Nedelju \u017eena 2025 \u2013 NDI u centru osna\u017eivanja \u017eena pred izbore -","isPartOf":{"@id":"https:\/\/veritasinfo.org\/#website"},"primaryImageOfPage":{"@id":"https:\/\/veritasinfo.org\/?p=4179&lang=sr#primaryimage"},"image":{"@id":"https:\/\/veritasinfo.org\/?p=4179&lang=sr#primaryimage"},"thumbnailUrl":"https:\/\/veritasinfo.org\/wp-content\/uploads\/2025\/07\/WhatsApp-Image-2025-07-17-at-15.33.34.jpeg","datePublished":"2025-07-17T13:36:11+00:00","dateModified":"2025-07-17T13:48:05+00:00","author":{"@id":"https:\/\/veritasinfo.org\/#\/schema\/person\/7701f8c088bece422266b100a712374f"},"breadcrumb":{"@id":"https:\/\/veritasinfo.org\/?p=4179&lang=sr#breadcrumb"},"inLanguage":"en-US","potentialAction":[{"@type":"ReadAction","target":["https:\/\/veritasinfo.org\/?p=4179&lang=sr"]}]},{"@type":"ImageObject","inLanguage":"en-US","@id":"https:\/\/veritasinfo.org\/?p=4179&lang=sr#primaryimage","url":"https:\/\/veritasinfo.org\/wp-content\/uploads\/2025\/07\/WhatsApp-Image-2025-07-17-at-15.33.34.jpeg","contentUrl":"https:\/\/veritasinfo.org\/wp-content\/uploads\/2025\/07\/WhatsApp-Image-2025-07-17-at-15.33.34.jpeg","width":940,"height":788},{"@type":"BreadcrumbList","@id":"https:\/\/veritasinfo.org\/?p=4179&lang=sr#breadcrumb","itemListElement":[{"@type":"ListItem","position":1,"name":"Home","item":"https:\/\/veritasinfo.org\/"},{"@type":"ListItem","position":2,"name":"\u201eLiderstvo koje transformi\u0161e\u201c otvara Nedelju \u017eena 2025 \u2013 NDI u centru osna\u017eivanja \u017eena pred izbore"}]},{"@type":"WebSite","@id":"https:\/\/veritasinfo.org\/#website","url":"https:\/\/veritasinfo.org\/","name":"","description":"","potentialAction":[{"@type":"SearchAction","target":{"@type":"EntryPoint","urlTemplate":"https:\/\/veritasinfo.org\/?s={search_term_string}"},"query-input":{"@type":"PropertyValueSpecification","valueRequired":true,"valueName":"search_term_string"}}],"inLanguage":"en-US"},{"@type":"Person","@id":"https:\/\/veritasinfo.org\/#\/schema\/person\/7701f8c088bece422266b100a712374f","name":"admin","image":{"@type":"ImageObject","inLanguage":"en-US","@id":"https:\/\/veritasinfo.org\/#\/schema\/person\/image\/","url":"https:\/\/secure.gravatar.com\/avatar\/ea53aa3bf6c9a12d5fde8ce4deff43fef3885ae33cf60184161a50d6987cfd2f?s=96&d=mm&r=g","contentUrl":"https:\/\/secure.gravatar.com\/avatar\/ea53aa3bf6c9a12d5fde8ce4deff43fef3885ae33cf60184161a50d6987cfd2f?s=96&d=mm&r=g","caption":"admin"},"sameAs":["https:\/\/veritasinfo.org"],"url":"https:\/\/veritasinfo.org\/?author=1"}]}},"featured_image_urls":{"full":["https:\/\/veritasinfo.org\/wp-content\/uploads\/2025\/07\/WhatsApp-Image-2025-07-17-at-15.33.34.jpeg",940,788,false],"thumbnail":["https:\/\/veritasinfo.org\/wp-content\/uploads\/2025\/07\/WhatsApp-Image-2025-07-17-at-15.33.34-150x150.jpeg",150,150,true],"medium":["https:\/\/veritasinfo.org\/wp-content\/uploads\/2025\/07\/WhatsApp-Image-2025-07-17-at-15.33.34-300x251.jpeg",300,251,true],"medium_large":["https:\/\/veritasinfo.org\/wp-content\/uploads\/2025\/07\/WhatsApp-Image-2025-07-17-at-15.33.34-768x644.jpeg",640,537,true],"large":["https:\/\/veritasinfo.org\/wp-content\/uploads\/2025\/07\/WhatsApp-Image-2025-07-17-at-15.33.34.jpeg",640,537,false],"1536x1536":["https:\/\/veritasinfo.org\/wp-content\/uploads\/2025\/07\/WhatsApp-Image-2025-07-17-at-15.33.34.jpeg",940,788,false],"2048x2048":["https:\/\/veritasinfo.org\/wp-content\/uploads\/2025\/07\/WhatsApp-Image-2025-07-17-at-15.33.34.jpeg",940,788,false],"kreeti-slider-full":["https:\/\/veritasinfo.org\/wp-content\/uploads\/2025\/07\/WhatsApp-Image-2025-07-17-at-15.33.34.jpeg",859,720,false],"kreeti-featured":["https:\/\/veritasinfo.org\/wp-content\/uploads\/2025\/07\/WhatsApp-Image-2025-07-17-at-15.33.34.jpeg",940,788,false],"kreeti-medium":["https:\/\/veritasinfo.org\/wp-content\/uploads\/2025\/07\/WhatsApp-Image-2025-07-17-at-15.33.34.jpeg",632,530,false],"kreeti-medium-square":["https:\/\/veritasinfo.org\/wp-content\/uploads\/2025\/07\/WhatsApp-Image-2025-07-17-at-15.33.34.jpeg",350,293,false]},"author_info":{"info":["admin"]},"category_info":"<a href=\"https:\/\/veritasinfo.org\/?cat=30&#038;lang=sr\" rel=\"category\">Dru\u0161tvo<\/a>","tag_info":"Dru\u0161tvo","comment_count":"0","_links":{"self":[{"href":"https:\/\/veritasinfo.org\/index.php?rest_route=\/wp\/v2\/posts\/4179","targetHints":{"allow":["GET"]}}],"collection":[{"href":"https:\/\/veritasinfo.org\/index.php?rest_route=\/wp\/v2\/posts"}],"about":[{"href":"https:\/\/veritasinfo.org\/index.php?rest_route=\/wp\/v2\/types\/post"}],"author":[{"embeddable":true,"href":"https:\/\/veritasinfo.org\/index.php?rest_route=\/wp\/v2\/users\/1"}],"replies":[{"embeddable":true,"href":"https:\/\/veritasinfo.org\/index.php?rest_route=%2Fwp%2Fv2%2Fcomments&post=4179"}],"version-history":[{"count":4,"href":"https:\/\/veritasinfo.org\/index.php?rest_route=\/wp\/v2\/posts\/4179\/revisions"}],"predecessor-version":[{"id":4193,"href":"https:\/\/veritasinfo.org\/index.php?rest_route=\/wp\/v2\/posts\/4179\/revisions\/4193"}],"wp:featuredmedia":[{"embeddable":true,"href":"https:\/\/veritasinfo.org\/index.php?rest_route=\/wp\/v2\/media\/4187"}],"wp:attachment":[{"href":"https:\/\/veritasinfo.org\/index.php?rest_route=%2Fwp%2Fv2%2Fmedia&parent=4179"}],"wp:term":[{"taxonomy":"category","embeddable":true,"href":"https:\/\/veritasinfo.org\/index.php?rest_route=%2Fwp%2Fv2%2Fcategories&post=4179"},{"taxonomy":"post_tag","embeddable":true,"href":"https:\/\/veritasinfo.org\/index.php?rest_route=%2Fwp%2Fv2%2Ftags&post=4179"}],"curies":[{"name":"wp","href":"https:\/\/api.w.org\/{rel}","templated":true}]}}