{"id":4140,"date":"2025-07-17T08:52:30","date_gmt":"2025-07-17T06:52:30","guid":{"rendered":"https:\/\/veritasinfo.org\/?p=4140"},"modified":"2025-07-17T08:52:30","modified_gmt":"2025-07-17T06:52:30","slug":"torres-kosova-aleati-me-i-madh-i-shba-se-ne-ballkan-2","status":"publish","type":"post","link":"https:\/\/veritasinfo.org\/?p=4140","title":{"rendered":"Torres: Kosova, aleati m\u00eb i madh i SHBA-s\u00eb n\u00eb Ballkan"},"content":{"rendered":"<p>Kongresisti amerikan Ritchie Torres ka vler\u00ebsuar Kosov\u00ebn si partnerin m\u00eb t\u00eb fort\u00eb t\u00eb Shteteve t\u00eb Bashkuara n\u00eb Ballkanin Per\u00ebndimor. N\u00eb nj\u00eb postim n\u00eb rrjetet sociale pas takimit me presidenten Vjosa Osmani, Torres tha se SHBA nuk ka aleat m\u00eb t\u00eb madh n\u00eb rajon se Kosova.<\/p>\n<p>\u201cSi bashk\u00ebkryetar i Caucus-it p\u00ebr \u00c7\u00ebshtjet Shqiptare dhe p\u00ebrfaq\u00ebsues krenar i komunitetit shqiptar n\u00eb Bronx, pata nderin t\u00eb takohem me presidenten Osmani. Marr\u00ebdh\u00ebnia mes SHBA-s\u00eb dhe Kosov\u00ebs \u00ebsht\u00eb e ve\u00e7ant\u00eb,\u201d theksoi ai.<\/p>\n<p>Torres \u00ebsht\u00eb nj\u00eb nga z\u00ebrat m\u00eb aktiv\u00eb n\u00eb mb\u00ebshtetje t\u00eb Kosov\u00ebs n\u00eb Kongresin amerikan. Ai rikonfirmoi p\u00ebrkushtimin amerikan ndaj sovranitetit dhe demokracis\u00eb s\u00eb vendit.<\/p>\n<p>&nbsp;<\/p>\n<p>&nbsp;<\/p>\n","protected":false},"excerpt":{"rendered":"<p>Kongresisti amerikan Ritchie Torres ka vler\u00ebsuar Kosov\u00ebn si partnerin m\u00eb t\u00eb fort\u00eb t\u00eb Shteteve t\u00eb Bashkuara n\u00eb Ballkanin Per\u00ebndimor. N\u00eb nj\u00eb postim n\u00eb rrjetet sociale<\/p>\n","protected":false},"author":1,"featured_media":4130,"comment_status":"open","ping_status":"open","sticky":false,"template":"","format":"standard","meta":{"footnotes":""},"categories":[58],"tags":[],"class_list":["post-4140","post","type-post","status-publish","format-standard","has-post-thumbnail","hentry","category-politike-sq"],"yoast_head":"<!-- This site is optimized with the Yoast SEO plugin v25.3.1 - https:\/\/yoast.com\/wordpress\/plugins\/seo\/ -->\n<title>Torres: Kosova, aleati m\u00eb i madh i SHBA-s\u00eb n\u00eb Ballkan -<\/title>\n<meta name=\"robots\" content=\"index, follow, max-snippet:-1, max-image-preview:large, max-video-preview:-1\" \/>\n<link rel=\"canonical\" href=\"https:\/\/veritasinfo.org\/?p=4140\" \/>\n<meta property=\"og:locale\" content=\"en_US\" \/>\n<meta property=\"og:type\" content=\"article\" \/>\n<meta property=\"og:title\" content=\"Torres: Kosova, aleati m\u00eb i madh i SHBA-s\u00eb n\u00eb Ballkan -\" \/>\n<meta property=\"og:description\" content=\"Kongresisti amerikan Ritchie Torres ka vler\u00ebsuar Kosov\u00ebn si partnerin m\u00eb t\u00eb fort\u00eb t\u00eb Shteteve t\u00eb Bashkuara n\u00eb Ballkanin Per\u00ebndimor. N\u00eb nj\u00eb postim n\u00eb rrjetet sociale\" \/>\n<meta property=\"og:url\" content=\"https:\/\/veritasinfo.org\/?p=4140\" \/>\n<meta property=\"article:published_time\" content=\"2025-07-17T06:52:30+00:00\" \/>\n<meta property=\"og:image\" content=\"https:\/\/veritasinfo.org\/wp-content\/uploads\/2025\/07\/richi.jpg\" \/>\n\t<meta property=\"og:image:width\" content=\"1200\" \/>\n\t<meta property=\"og:image:height\" content=\"900\" \/>\n\t<meta property=\"og:image:type\" content=\"image\/jpeg\" \/>\n<meta name=\"author\" content=\"admin\" \/>\n<meta name=\"twitter:card\" content=\"summary_large_image\" \/>\n<meta name=\"twitter:label1\" content=\"Written by\" \/>\n\t<meta name=\"twitter:data1\" content=\"admin\" \/>\n\t<meta name=\"twitter:label2\" content=\"Est. reading time\" \/>\n\t<meta name=\"twitter:data2\" content=\"1 minute\" \/>\n<script type=\"application\/ld+json\" class=\"yoast-schema-graph\">{\"@context\":\"https:\/\/schema.org\",\"@graph\":[{\"@type\":\"WebPage\",\"@id\":\"https:\/\/veritasinfo.org\/?p=4140\",\"url\":\"https:\/\/veritasinfo.org\/?p=4140\",\"name\":\"Torres: Kosova, aleati m\u00eb i madh i SHBA-s\u00eb n\u00eb Ballkan -\",\"isPartOf\":{\"@id\":\"https:\/\/veritasinfo.org\/#website\"},\"primaryImageOfPage\":{\"@id\":\"https:\/\/veritasinfo.org\/?p=4140#primaryimage\"},\"image\":{\"@id\":\"https:\/\/veritasinfo.org\/?p=4140#primaryimage\"},\"thumbnailUrl\":\"https:\/\/veritasinfo.org\/wp-content\/uploads\/2025\/07\/richi.jpg\",\"datePublished\":\"2025-07-17T06:52:30+00:00\",\"author\":{\"@id\":\"https:\/\/veritasinfo.org\/#\/schema\/person\/7701f8c088bece422266b100a712374f\"},\"breadcrumb\":{\"@id\":\"https:\/\/veritasinfo.org\/?p=4140#breadcrumb\"},\"inLanguage\":\"en-US\",\"potentialAction\":[{\"@type\":\"ReadAction\",\"target\":[\"https:\/\/veritasinfo.org\/?p=4140\"]}]},{\"@type\":\"ImageObject\",\"inLanguage\":\"en-US\",\"@id\":\"https:\/\/veritasinfo.org\/?p=4140#primaryimage\",\"url\":\"https:\/\/veritasinfo.org\/wp-content\/uploads\/2025\/07\/richi.jpg\",\"contentUrl\":\"https:\/\/veritasinfo.org\/wp-content\/uploads\/2025\/07\/richi.jpg\",\"width\":1200,\"height\":900},{\"@type\":\"BreadcrumbList\",\"@id\":\"https:\/\/veritasinfo.org\/?p=4140#breadcrumb\",\"itemListElement\":[{\"@type\":\"ListItem\",\"position\":1,\"name\":\"Home\",\"item\":\"https:\/\/veritasinfo.org\/\"},{\"@type\":\"ListItem\",\"position\":2,\"name\":\"Torres: Kosova, aleati m\u00eb i madh i SHBA-s\u00eb n\u00eb Ballkan\"}]},{\"@type\":\"WebSite\",\"@id\":\"https:\/\/veritasinfo.org\/#website\",\"url\":\"https:\/\/veritasinfo.org\/\",\"name\":\"\",\"description\":\"\",\"potentialAction\":[{\"@type\":\"SearchAction\",\"target\":{\"@type\":\"EntryPoint\",\"urlTemplate\":\"https:\/\/veritasinfo.org\/?s={search_term_string}\"},\"query-input\":{\"@type\":\"PropertyValueSpecification\",\"valueRequired\":true,\"valueName\":\"search_term_string\"}}],\"inLanguage\":\"en-US\"},{\"@type\":\"Person\",\"@id\":\"https:\/\/veritasinfo.org\/#\/schema\/person\/7701f8c088bece422266b100a712374f\",\"name\":\"admin\",\"image\":{\"@type\":\"ImageObject\",\"inLanguage\":\"en-US\",\"@id\":\"https:\/\/veritasinfo.org\/#\/schema\/person\/image\/\",\"url\":\"https:\/\/secure.gravatar.com\/avatar\/ea53aa3bf6c9a12d5fde8ce4deff43fef3885ae33cf60184161a50d6987cfd2f?s=96&d=mm&r=g\",\"contentUrl\":\"https:\/\/secure.gravatar.com\/avatar\/ea53aa3bf6c9a12d5fde8ce4deff43fef3885ae33cf60184161a50d6987cfd2f?s=96&d=mm&r=g\",\"caption\":\"admin\"},\"sameAs\":[\"https:\/\/veritasinfo.org\"],\"url\":\"https:\/\/veritasinfo.org\/?author=1\"}]}<\/script>\n<!-- \/ Yoast SEO plugin. -->","yoast_head_json":{"title":"Torres: Kosova, aleati m\u00eb i madh i SHBA-s\u00eb n\u00eb Ballkan -","robots":{"index":"index","follow":"follow","max-snippet":"max-snippet:-1","max-image-preview":"max-image-preview:large","max-video-preview":"max-video-preview:-1"},"canonical":"https:\/\/veritasinfo.org\/?p=4140","og_locale":"en_US","og_type":"article","og_title":"Torres: Kosova, aleati m\u00eb i madh i SHBA-s\u00eb n\u00eb Ballkan -","og_description":"Kongresisti amerikan Ritchie Torres ka vler\u00ebsuar Kosov\u00ebn si partnerin m\u00eb t\u00eb fort\u00eb t\u00eb Shteteve t\u00eb Bashkuara n\u00eb Ballkanin Per\u00ebndimor. N\u00eb nj\u00eb postim n\u00eb rrjetet sociale","og_url":"https:\/\/veritasinfo.org\/?p=4140","article_published_time":"2025-07-17T06:52:30+00:00","og_image":[{"width":1200,"height":900,"url":"https:\/\/veritasinfo.org\/wp-content\/uploads\/2025\/07\/richi.jpg","type":"image\/jpeg"}],"author":"admin","twitter_card":"summary_large_image","twitter_misc":{"Written by":"admin","Est. reading time":"1 minute"},"schema":{"@context":"https:\/\/schema.org","@graph":[{"@type":"WebPage","@id":"https:\/\/veritasinfo.org\/?p=4140","url":"https:\/\/veritasinfo.org\/?p=4140","name":"Torres: Kosova, aleati m\u00eb i madh i SHBA-s\u00eb n\u00eb Ballkan -","isPartOf":{"@id":"https:\/\/veritasinfo.org\/#website"},"primaryImageOfPage":{"@id":"https:\/\/veritasinfo.org\/?p=4140#primaryimage"},"image":{"@id":"https:\/\/veritasinfo.org\/?p=4140#primaryimage"},"thumbnailUrl":"https:\/\/veritasinfo.org\/wp-content\/uploads\/2025\/07\/richi.jpg","datePublished":"2025-07-17T06:52:30+00:00","author":{"@id":"https:\/\/veritasinfo.org\/#\/schema\/person\/7701f8c088bece422266b100a712374f"},"breadcrumb":{"@id":"https:\/\/veritasinfo.org\/?p=4140#breadcrumb"},"inLanguage":"en-US","potentialAction":[{"@type":"ReadAction","target":["https:\/\/veritasinfo.org\/?p=4140"]}]},{"@type":"ImageObject","inLanguage":"en-US","@id":"https:\/\/veritasinfo.org\/?p=4140#primaryimage","url":"https:\/\/veritasinfo.org\/wp-content\/uploads\/2025\/07\/richi.jpg","contentUrl":"https:\/\/veritasinfo.org\/wp-content\/uploads\/2025\/07\/richi.jpg","width":1200,"height":900},{"@type":"BreadcrumbList","@id":"https:\/\/veritasinfo.org\/?p=4140#breadcrumb","itemListElement":[{"@type":"ListItem","position":1,"name":"Home","item":"https:\/\/veritasinfo.org\/"},{"@type":"ListItem","position":2,"name":"Torres: Kosova, aleati m\u00eb i madh i SHBA-s\u00eb n\u00eb Ballkan"}]},{"@type":"WebSite","@id":"https:\/\/veritasinfo.org\/#website","url":"https:\/\/veritasinfo.org\/","name":"","description":"","potentialAction":[{"@type":"SearchAction","target":{"@type":"EntryPoint","urlTemplate":"https:\/\/veritasinfo.org\/?s={search_term_string}"},"query-input":{"@type":"PropertyValueSpecification","valueRequired":true,"valueName":"search_term_string"}}],"inLanguage":"en-US"},{"@type":"Person","@id":"https:\/\/veritasinfo.org\/#\/schema\/person\/7701f8c088bece422266b100a712374f","name":"admin","image":{"@type":"ImageObject","inLanguage":"en-US","@id":"https:\/\/veritasinfo.org\/#\/schema\/person\/image\/","url":"https:\/\/secure.gravatar.com\/avatar\/ea53aa3bf6c9a12d5fde8ce4deff43fef3885ae33cf60184161a50d6987cfd2f?s=96&d=mm&r=g","contentUrl":"https:\/\/secure.gravatar.com\/avatar\/ea53aa3bf6c9a12d5fde8ce4deff43fef3885ae33cf60184161a50d6987cfd2f?s=96&d=mm&r=g","caption":"admin"},"sameAs":["https:\/\/veritasinfo.org"],"url":"https:\/\/veritasinfo.org\/?author=1"}]}},"featured_image_urls":{"full":["https:\/\/veritasinfo.org\/wp-content\/uploads\/2025\/07\/richi.jpg",1200,900,false],"thumbnail":["https:\/\/veritasinfo.org\/wp-content\/uploads\/2025\/07\/richi-150x150.jpg",150,150,true],"medium":["https:\/\/veritasinfo.org\/wp-content\/uploads\/2025\/07\/richi-300x225.jpg",300,225,true],"medium_large":["https:\/\/veritasinfo.org\/wp-content\/uploads\/2025\/07\/richi-768x576.jpg",640,480,true],"large":["https:\/\/veritasinfo.org\/wp-content\/uploads\/2025\/07\/richi-1024x768.jpg",640,480,true],"1536x1536":["https:\/\/veritasinfo.org\/wp-content\/uploads\/2025\/07\/richi.jpg",1200,900,false],"2048x2048":["https:\/\/veritasinfo.org\/wp-content\/uploads\/2025\/07\/richi.jpg",1200,900,false],"kreeti-slider-full":["https:\/\/veritasinfo.org\/wp-content\/uploads\/2025\/07\/richi.jpg",960,720,false],"kreeti-featured":["https:\/\/veritasinfo.org\/wp-content\/uploads\/2025\/07\/richi.jpg",1024,768,false],"kreeti-medium":["https:\/\/veritasinfo.org\/wp-content\/uploads\/2025\/07\/richi.jpg",707,530,false],"kreeti-medium-square":["https:\/\/veritasinfo.org\/wp-content\/uploads\/2025\/07\/richi.jpg",350,263,false]},"author_info":{"info":["admin"]},"category_info":"<a href=\"https:\/\/veritasinfo.org\/?cat=58\" rel=\"category\">Politik\u00eb<\/a>","tag_info":"Politik\u00eb","comment_count":"0","_links":{"self":[{"href":"https:\/\/veritasinfo.org\/index.php?rest_route=\/wp\/v2\/posts\/4140","targetHints":{"allow":["GET"]}}],"collection":[{"href":"https:\/\/veritasinfo.org\/index.php?rest_route=\/wp\/v2\/posts"}],"about":[{"href":"https:\/\/veritasinfo.org\/index.php?rest_route=\/wp\/v2\/types\/post"}],"author":[{"embeddable":true,"href":"https:\/\/veritasinfo.org\/index.php?rest_route=\/wp\/v2\/users\/1"}],"replies":[{"embeddable":true,"href":"https:\/\/veritasinfo.org\/index.php?rest_route=%2Fwp%2Fv2%2Fcomments&post=4140"}],"version-history":[{"count":1,"href":"https:\/\/veritasinfo.org\/index.php?rest_route=\/wp\/v2\/posts\/4140\/revisions"}],"predecessor-version":[{"id":4141,"href":"https:\/\/veritasinfo.org\/index.php?rest_route=\/wp\/v2\/posts\/4140\/revisions\/4141"}],"wp:featuredmedia":[{"embeddable":true,"href":"https:\/\/veritasinfo.org\/index.php?rest_route=\/wp\/v2\/media\/4130"}],"wp:attachment":[{"href":"https:\/\/veritasinfo.org\/index.php?rest_route=%2Fwp%2Fv2%2Fmedia&parent=4140"}],"wp:term":[{"taxonomy":"category","embeddable":true,"href":"https:\/\/veritasinfo.org\/index.php?rest_route=%2Fwp%2Fv2%2Fcategories&post=4140"},{"taxonomy":"post_tag","embeddable":true,"href":"https:\/\/veritasinfo.org\/index.php?rest_route=%2Fwp%2Fv2%2Ftags&post=4140"}],"curies":[{"name":"wp","href":"https:\/\/api.w.org\/{rel}","templated":true}]}}