{"id":4123,"date":"2025-07-17T07:57:13","date_gmt":"2025-07-17T05:57:13","guid":{"rendered":"https:\/\/veritasinfo.org\/?p=4123"},"modified":"2025-07-17T07:57:13","modified_gmt":"2025-07-17T05:57:13","slug":"kater-komunave-u-jane-bllokuar-llogarite-bankare","status":"publish","type":"post","link":"https:\/\/veritasinfo.org\/?p=4123","title":{"rendered":"Kat\u00ebr komunave u jan\u00eb bllokuar llogarit\u00eb bankare"},"content":{"rendered":"<p><strong>Prishtin\u00eb, 17 korrik 2025<\/strong><\/p>\n<p>Kat\u00ebr komunave \u2013 Ferizaj, Lipjan, Drenas dhe Vushtrri \u2013 u jan\u00eb bllokuar llogarit\u00eb bankare si pasoj\u00eb e kontratave kolektive. Drejtori ekzekutiv i Asociacionit t\u00eb Komunave, Sazan Ibrahimi, ka th\u00ebn\u00eb se si rrjedhoj\u00eb shum\u00eb projekte jan\u00eb nd\u00ebrprer\u00eb n\u00eb ato komuna.<\/p>\n<p>Ibrahimi ka kritikuar nivelin qendror p\u00ebr mosgatishm\u00ebri t\u00eb zgjidhjes s\u00eb k\u00ebsaj \u00e7\u00ebshtjeje. Sipas tij, nuk ka pasur gatishm\u00ebri as nga Qeveria e as nga Kuvendi i Kosov\u00ebs n\u00eb legjislatur\u00ebn e fundit q\u00eb t\u00eb merren m\u00eb t\u00eb.<\/p>\n<p>\u201cNiveli qendror nuk ka qen\u00eb i gatsh\u00ebm n\u00eb asnj\u00eb rast t\u2019i p\u00ebrkrah\u00eb komunat n\u00eb zgjidhjen e k\u00ebtij problemi. Ne p\u00ebr disa vite kemi k\u00ebrkuar zgjidhjen e k\u00ebtij problemi. N\u00ebse niveli qendror ka gatishm\u00ebri p\u00ebr zgjidhjen e k\u00ebtij problemi, \u00ebsht\u00eb shum\u00eb e thjesht\u00eb. Nj\u00eb vij\u00eb buxhetore p\u00ebr mbulimin e kostos q\u00eb burojn\u00eb nga kontrata kolektive. Kjo v ij\u00eb duhet t\u00eb parashihet nga Ministria e Financave, pastaj t\u00eb futet n\u00eb buxhetin e Kosov\u00ebs dhe me aq p\u00ebrfundon. Por niveli qendror nuk ka treguar asnj\u00eb gatishm\u00ebri\u201d, ka th\u00ebn\u00eb ai.<\/p>\n<p>Vet\u00ebm gjat\u00eb vitit t\u00eb shkuar, 86 milion\u00eb euro kan\u00eb shpenzuar komunat p\u00ebr pagesa t\u00eb vendimeve gjyq\u00ebsore dhe p\u00ebrmbarimore. Kontrata kolektive parasheh p\u00ebrfitime financiare p\u00ebr punonj\u00ebsit e arsimit, si pagesa p\u00ebr shujtat ushqimore apo p\u00ebr shpenzime t\u00eb udh\u00ebtimit e deri te paga shtes\u00eb pas pensionimit.<\/p>\n<p>Me ligj, k\u00ebto p\u00ebrfitime duhet t\u00eb paguhen nga komunat, t\u00eb cilat jan\u00eb pun\u00ebdh\u00ebn\u00ebs t\u00eb pun\u00ebtor\u00ebve t\u00eb arsimit. Por, qeverit\u00eb e deritashme qendrore nuk u kan\u00eb dh\u00ebn\u00eb atyre buxhet shtes\u00eb p\u00ebr k\u00ebt\u00eb q\u00ebllim.<\/p>\n<p>Punonj\u00ebsit e arsimit, t\u00eb cil\u00ebt nuk kan\u00eb p\u00ebrfituar, u jan\u00eb drejtuar gjykatave dhe kur rasti \u00ebsht\u00eb p\u00ebrmbyllur n\u00eb favor t\u00eb tyre, ata kan\u00eb arritur q\u00eb t\u00eb nxjerrin kompensim nga buxheti i Komun\u00ebs.<\/p>\n","protected":false},"excerpt":{"rendered":"<p>Prishtin\u00eb, 17 korrik 2025 Kat\u00ebr komunave \u2013 Ferizaj, Lipjan, Drenas dhe Vushtrri \u2013 u jan\u00eb bllokuar llogarit\u00eb bankare si pasoj\u00eb e kontratave kolektive. Drejtori ekzekutiv<\/p>\n","protected":false},"author":2,"featured_media":4124,"comment_status":"open","ping_status":"open","sticky":false,"template":"","format":"standard","meta":{"footnotes":""},"categories":[52],"tags":[],"class_list":["post-4123","post","type-post","status-publish","format-standard","has-post-thumbnail","hentry","category-komunat-sq"],"yoast_head":"<!-- This site is optimized with the Yoast SEO plugin v25.3.1 - https:\/\/yoast.com\/wordpress\/plugins\/seo\/ -->\n<title>Kat\u00ebr komunave u jan\u00eb bllokuar llogarit\u00eb bankare -<\/title>\n<meta name=\"robots\" content=\"index, follow, max-snippet:-1, max-image-preview:large, max-video-preview:-1\" \/>\n<link rel=\"canonical\" href=\"https:\/\/veritasinfo.org\/?p=4123\" \/>\n<meta property=\"og:locale\" content=\"en_US\" \/>\n<meta property=\"og:type\" content=\"article\" \/>\n<meta property=\"og:title\" content=\"Kat\u00ebr komunave u jan\u00eb bllokuar llogarit\u00eb bankare -\" \/>\n<meta property=\"og:description\" content=\"Prishtin\u00eb, 17 korrik 2025 Kat\u00ebr komunave \u2013 Ferizaj, Lipjan, Drenas dhe Vushtrri \u2013 u jan\u00eb bllokuar llogarit\u00eb bankare si pasoj\u00eb e kontratave kolektive. Drejtori ekzekutiv\" \/>\n<meta property=\"og:url\" content=\"https:\/\/veritasinfo.org\/?p=4123\" \/>\n<meta property=\"article:published_time\" content=\"2025-07-17T05:57:13+00:00\" \/>\n<meta property=\"og:image\" content=\"https:\/\/veritasinfo.org\/wp-content\/uploads\/2025\/07\/komunat.png\" \/>\n\t<meta property=\"og:image:width\" content=\"1200\" \/>\n\t<meta property=\"og:image:height\" content=\"1360\" \/>\n\t<meta property=\"og:image:type\" content=\"image\/png\" \/>\n<meta name=\"author\" content=\"US1\" \/>\n<meta name=\"twitter:card\" content=\"summary_large_image\" \/>\n<meta name=\"twitter:label1\" content=\"Written by\" \/>\n\t<meta name=\"twitter:data1\" content=\"US1\" \/>\n\t<meta name=\"twitter:label2\" content=\"Est. reading time\" \/>\n\t<meta name=\"twitter:data2\" content=\"2 minutes\" \/>\n<script type=\"application\/ld+json\" class=\"yoast-schema-graph\">{\"@context\":\"https:\/\/schema.org\",\"@graph\":[{\"@type\":\"WebPage\",\"@id\":\"https:\/\/veritasinfo.org\/?p=4123\",\"url\":\"https:\/\/veritasinfo.org\/?p=4123\",\"name\":\"Kat\u00ebr komunave u jan\u00eb bllokuar llogarit\u00eb bankare -\",\"isPartOf\":{\"@id\":\"https:\/\/veritasinfo.org\/#website\"},\"primaryImageOfPage\":{\"@id\":\"https:\/\/veritasinfo.org\/?p=4123#primaryimage\"},\"image\":{\"@id\":\"https:\/\/veritasinfo.org\/?p=4123#primaryimage\"},\"thumbnailUrl\":\"https:\/\/veritasinfo.org\/wp-content\/uploads\/2025\/07\/komunat.png\",\"datePublished\":\"2025-07-17T05:57:13+00:00\",\"author\":{\"@id\":\"https:\/\/veritasinfo.org\/#\/schema\/person\/c2b8be262ea994d0995addca692c5e98\"},\"breadcrumb\":{\"@id\":\"https:\/\/veritasinfo.org\/?p=4123#breadcrumb\"},\"inLanguage\":\"en-US\",\"potentialAction\":[{\"@type\":\"ReadAction\",\"target\":[\"https:\/\/veritasinfo.org\/?p=4123\"]}]},{\"@type\":\"ImageObject\",\"inLanguage\":\"en-US\",\"@id\":\"https:\/\/veritasinfo.org\/?p=4123#primaryimage\",\"url\":\"https:\/\/veritasinfo.org\/wp-content\/uploads\/2025\/07\/komunat.png\",\"contentUrl\":\"https:\/\/veritasinfo.org\/wp-content\/uploads\/2025\/07\/komunat.png\",\"width\":1200,\"height\":1360},{\"@type\":\"BreadcrumbList\",\"@id\":\"https:\/\/veritasinfo.org\/?p=4123#breadcrumb\",\"itemListElement\":[{\"@type\":\"ListItem\",\"position\":1,\"name\":\"Home\",\"item\":\"https:\/\/veritasinfo.org\/\"},{\"@type\":\"ListItem\",\"position\":2,\"name\":\"Kat\u00ebr komunave u jan\u00eb bllokuar llogarit\u00eb bankare\"}]},{\"@type\":\"WebSite\",\"@id\":\"https:\/\/veritasinfo.org\/#website\",\"url\":\"https:\/\/veritasinfo.org\/\",\"name\":\"\",\"description\":\"\",\"potentialAction\":[{\"@type\":\"SearchAction\",\"target\":{\"@type\":\"EntryPoint\",\"urlTemplate\":\"https:\/\/veritasinfo.org\/?s={search_term_string}\"},\"query-input\":{\"@type\":\"PropertyValueSpecification\",\"valueRequired\":true,\"valueName\":\"search_term_string\"}}],\"inLanguage\":\"en-US\"},{\"@type\":\"Person\",\"@id\":\"https:\/\/veritasinfo.org\/#\/schema\/person\/c2b8be262ea994d0995addca692c5e98\",\"name\":\"US1\",\"image\":{\"@type\":\"ImageObject\",\"inLanguage\":\"en-US\",\"@id\":\"https:\/\/veritasinfo.org\/#\/schema\/person\/image\/\",\"url\":\"https:\/\/secure.gravatar.com\/avatar\/4e96a59bd256abf9956eb9963ac891a47461ffb364d47b0e9aab113328fdb75b?s=96&d=mm&r=g\",\"contentUrl\":\"https:\/\/secure.gravatar.com\/avatar\/4e96a59bd256abf9956eb9963ac891a47461ffb364d47b0e9aab113328fdb75b?s=96&d=mm&r=g\",\"caption\":\"US1\"},\"url\":\"https:\/\/veritasinfo.org\/?author=2\"}]}<\/script>\n<!-- \/ Yoast SEO plugin. -->","yoast_head_json":{"title":"Kat\u00ebr komunave u jan\u00eb bllokuar llogarit\u00eb bankare -","robots":{"index":"index","follow":"follow","max-snippet":"max-snippet:-1","max-image-preview":"max-image-preview:large","max-video-preview":"max-video-preview:-1"},"canonical":"https:\/\/veritasinfo.org\/?p=4123","og_locale":"en_US","og_type":"article","og_title":"Kat\u00ebr komunave u jan\u00eb bllokuar llogarit\u00eb bankare -","og_description":"Prishtin\u00eb, 17 korrik 2025 Kat\u00ebr komunave \u2013 Ferizaj, Lipjan, Drenas dhe Vushtrri \u2013 u jan\u00eb bllokuar llogarit\u00eb bankare si pasoj\u00eb e kontratave kolektive. Drejtori ekzekutiv","og_url":"https:\/\/veritasinfo.org\/?p=4123","article_published_time":"2025-07-17T05:57:13+00:00","og_image":[{"width":1200,"height":1360,"url":"https:\/\/veritasinfo.org\/wp-content\/uploads\/2025\/07\/komunat.png","type":"image\/png"}],"author":"US1","twitter_card":"summary_large_image","twitter_misc":{"Written by":"US1","Est. reading time":"2 minutes"},"schema":{"@context":"https:\/\/schema.org","@graph":[{"@type":"WebPage","@id":"https:\/\/veritasinfo.org\/?p=4123","url":"https:\/\/veritasinfo.org\/?p=4123","name":"Kat\u00ebr komunave u jan\u00eb bllokuar llogarit\u00eb bankare -","isPartOf":{"@id":"https:\/\/veritasinfo.org\/#website"},"primaryImageOfPage":{"@id":"https:\/\/veritasinfo.org\/?p=4123#primaryimage"},"image":{"@id":"https:\/\/veritasinfo.org\/?p=4123#primaryimage"},"thumbnailUrl":"https:\/\/veritasinfo.org\/wp-content\/uploads\/2025\/07\/komunat.png","datePublished":"2025-07-17T05:57:13+00:00","author":{"@id":"https:\/\/veritasinfo.org\/#\/schema\/person\/c2b8be262ea994d0995addca692c5e98"},"breadcrumb":{"@id":"https:\/\/veritasinfo.org\/?p=4123#breadcrumb"},"inLanguage":"en-US","potentialAction":[{"@type":"ReadAction","target":["https:\/\/veritasinfo.org\/?p=4123"]}]},{"@type":"ImageObject","inLanguage":"en-US","@id":"https:\/\/veritasinfo.org\/?p=4123#primaryimage","url":"https:\/\/veritasinfo.org\/wp-content\/uploads\/2025\/07\/komunat.png","contentUrl":"https:\/\/veritasinfo.org\/wp-content\/uploads\/2025\/07\/komunat.png","width":1200,"height":1360},{"@type":"BreadcrumbList","@id":"https:\/\/veritasinfo.org\/?p=4123#breadcrumb","itemListElement":[{"@type":"ListItem","position":1,"name":"Home","item":"https:\/\/veritasinfo.org\/"},{"@type":"ListItem","position":2,"name":"Kat\u00ebr komunave u jan\u00eb bllokuar llogarit\u00eb bankare"}]},{"@type":"WebSite","@id":"https:\/\/veritasinfo.org\/#website","url":"https:\/\/veritasinfo.org\/","name":"","description":"","potentialAction":[{"@type":"SearchAction","target":{"@type":"EntryPoint","urlTemplate":"https:\/\/veritasinfo.org\/?s={search_term_string}"},"query-input":{"@type":"PropertyValueSpecification","valueRequired":true,"valueName":"search_term_string"}}],"inLanguage":"en-US"},{"@type":"Person","@id":"https:\/\/veritasinfo.org\/#\/schema\/person\/c2b8be262ea994d0995addca692c5e98","name":"US1","image":{"@type":"ImageObject","inLanguage":"en-US","@id":"https:\/\/veritasinfo.org\/#\/schema\/person\/image\/","url":"https:\/\/secure.gravatar.com\/avatar\/4e96a59bd256abf9956eb9963ac891a47461ffb364d47b0e9aab113328fdb75b?s=96&d=mm&r=g","contentUrl":"https:\/\/secure.gravatar.com\/avatar\/4e96a59bd256abf9956eb9963ac891a47461ffb364d47b0e9aab113328fdb75b?s=96&d=mm&r=g","caption":"US1"},"url":"https:\/\/veritasinfo.org\/?author=2"}]}},"featured_image_urls":{"full":["https:\/\/veritasinfo.org\/wp-content\/uploads\/2025\/07\/komunat.png",1200,1360,false],"thumbnail":["https:\/\/veritasinfo.org\/wp-content\/uploads\/2025\/07\/komunat-150x150.png",150,150,true],"medium":["https:\/\/veritasinfo.org\/wp-content\/uploads\/2025\/07\/komunat-265x300.png",265,300,true],"medium_large":["https:\/\/veritasinfo.org\/wp-content\/uploads\/2025\/07\/komunat-768x870.png",640,725,true],"large":["https:\/\/veritasinfo.org\/wp-content\/uploads\/2025\/07\/komunat-904x1024.png",640,725,true],"1536x1536":["https:\/\/veritasinfo.org\/wp-content\/uploads\/2025\/07\/komunat.png",1200,1360,false],"2048x2048":["https:\/\/veritasinfo.org\/wp-content\/uploads\/2025\/07\/komunat.png",1200,1360,false],"kreeti-slider-full":["https:\/\/veritasinfo.org\/wp-content\/uploads\/2025\/07\/komunat.png",635,720,false],"kreeti-featured":["https:\/\/veritasinfo.org\/wp-content\/uploads\/2025\/07\/komunat.png",1024,1161,false],"kreeti-medium":["https:\/\/veritasinfo.org\/wp-content\/uploads\/2025\/07\/komunat.png",468,530,false],"kreeti-medium-square":["https:\/\/veritasinfo.org\/wp-content\/uploads\/2025\/07\/komunat.png",309,350,false]},"author_info":{"info":["US1"]},"category_info":"<a href=\"https:\/\/veritasinfo.org\/?cat=52\" rel=\"category\">Komunat<\/a>","tag_info":"Komunat","comment_count":"0","_links":{"self":[{"href":"https:\/\/veritasinfo.org\/index.php?rest_route=\/wp\/v2\/posts\/4123","targetHints":{"allow":["GET"]}}],"collection":[{"href":"https:\/\/veritasinfo.org\/index.php?rest_route=\/wp\/v2\/posts"}],"about":[{"href":"https:\/\/veritasinfo.org\/index.php?rest_route=\/wp\/v2\/types\/post"}],"author":[{"embeddable":true,"href":"https:\/\/veritasinfo.org\/index.php?rest_route=\/wp\/v2\/users\/2"}],"replies":[{"embeddable":true,"href":"https:\/\/veritasinfo.org\/index.php?rest_route=%2Fwp%2Fv2%2Fcomments&post=4123"}],"version-history":[{"count":1,"href":"https:\/\/veritasinfo.org\/index.php?rest_route=\/wp\/v2\/posts\/4123\/revisions"}],"predecessor-version":[{"id":4125,"href":"https:\/\/veritasinfo.org\/index.php?rest_route=\/wp\/v2\/posts\/4123\/revisions\/4125"}],"wp:featuredmedia":[{"embeddable":true,"href":"https:\/\/veritasinfo.org\/index.php?rest_route=\/wp\/v2\/media\/4124"}],"wp:attachment":[{"href":"https:\/\/veritasinfo.org\/index.php?rest_route=%2Fwp%2Fv2%2Fmedia&parent=4123"}],"wp:term":[{"taxonomy":"category","embeddable":true,"href":"https:\/\/veritasinfo.org\/index.php?rest_route=%2Fwp%2Fv2%2Fcategories&post=4123"},{"taxonomy":"post_tag","embeddable":true,"href":"https:\/\/veritasinfo.org\/index.php?rest_route=%2Fwp%2Fv2%2Ftags&post=4123"}],"curies":[{"name":"wp","href":"https:\/\/api.w.org\/{rel}","templated":true}]}}