{"id":41046,"date":"2026-04-01T21:26:32","date_gmt":"2026-04-01T19:26:32","guid":{"rendered":"https:\/\/veritasinfo.org\/?p=41046"},"modified":"2026-04-01T21:26:32","modified_gmt":"2026-04-01T19:26:32","slug":"tridesetogodisnji-muskarac-ranjen-vatrenim-oruzjem-preminuo-u-uckk-u","status":"publish","type":"post","link":"https:\/\/veritasinfo.org\/?p=41046&lang=sr","title":{"rendered":"Tridesetogodi\u0161nji mu\u0161karac ranjen vatrenim oru\u017ejem preminuo u UCKK-u"},"content":{"rendered":"<p style=\"text-align: left;\">Pri\u0161tina, 01.04.2026 21:23<\/p>\n<p>Osoba ro\u0111ena 1996. godine preminula je u UCKK-u, koja je dopremljena ranjena vatrenim oru\u017ejem, potvrdio je direktor Odeljenja za hitne slu\u010dajeve Naser Sulja. Kontaktiran od strane Ekspresa, Sulja je rekao da je \u201euprkos svim merama koje je preduzeo nadle\u017eni medicinski tim, \u017ertva preminula\u201c.<\/p>\n<p>U me\u0111uvremenu, u ovom slu\u010daju, policija je danas oko 15:30 dobila informacije o povre\u0111enoj osobi u ulici \u201eDe\u0161moret e Mare\u010di\u201c u Pri\u0161tini. Ista osoba je poslata na le\u010denje, ali nije pre\u017eivela zadobijene rane.<\/p>\n<p>\u201eTrenutno se preduzimaju neophodne istra\u017ene radnje kako bi se razjasnile okolnosti pod kojima je do\u0161lo do ovog slu\u010daja\u201c, rekao je Enis P.<\/p>\n","protected":false},"excerpt":{"rendered":"<p>Pri\u0161tina, 01.04.2026 21:23 Osoba ro\u0111ena 1996. godine preminula je u UCKK-u, koja je dopremljena ranjena vatrenim oru\u017ejem, potvrdio je direktor Odeljenja za hitne slu\u010dajeve Naser<\/p>\n","protected":false},"author":7,"featured_media":41047,"comment_status":"open","ping_status":"open","sticky":false,"template":"","format":"standard","meta":{"footnotes":""},"categories":[103],"tags":[],"class_list":["post-41046","post","type-post","status-publish","format-standard","has-post-thumbnail","hentry","category-hronika"],"yoast_head":"<!-- This site is optimized with the Yoast SEO plugin v25.3.1 - https:\/\/yoast.com\/wordpress\/plugins\/seo\/ -->\n<title>Tridesetogodi\u0161nji mu\u0161karac ranjen vatrenim oru\u017ejem preminuo u UCKK-u -<\/title>\n<meta name=\"robots\" content=\"index, follow, max-snippet:-1, max-image-preview:large, max-video-preview:-1\" \/>\n<link rel=\"canonical\" href=\"https:\/\/veritasinfo.org\/?p=41046&lang=sr\" \/>\n<meta property=\"og:locale\" content=\"en_US\" \/>\n<meta property=\"og:type\" content=\"article\" \/>\n<meta property=\"og:title\" content=\"Tridesetogodi\u0161nji mu\u0161karac ranjen vatrenim oru\u017ejem preminuo u UCKK-u -\" \/>\n<meta property=\"og:description\" content=\"Pri\u0161tina, 01.04.2026 21:23 Osoba ro\u0111ena 1996. godine preminula je u UCKK-u, koja je dopremljena ranjena vatrenim oru\u017ejem, potvrdio je direktor Odeljenja za hitne slu\u010dajeve Naser\" \/>\n<meta property=\"og:url\" content=\"https:\/\/veritasinfo.org\/?p=41046&amp;lang=sr\" \/>\n<meta property=\"article:published_time\" content=\"2026-04-01T19:26:32+00:00\" \/>\n<meta property=\"og:image\" content=\"https:\/\/veritasinfo.org\/wp-content\/uploads\/2026\/04\/Policia-inspekton-afer-QKUK-se-1.jpg\" \/>\n\t<meta property=\"og:image:width\" content=\"640\" \/>\n\t<meta property=\"og:image:height\" content=\"424\" \/>\n\t<meta property=\"og:image:type\" content=\"image\/jpeg\" \/>\n<meta name=\"author\" content=\"US6\" \/>\n<meta name=\"twitter:card\" content=\"summary_large_image\" \/>\n<meta name=\"twitter:label1\" content=\"Written by\" \/>\n\t<meta name=\"twitter:data1\" content=\"US6\" \/>\n\t<meta name=\"twitter:label2\" content=\"Est. reading time\" \/>\n\t<meta name=\"twitter:data2\" content=\"1 minute\" \/>\n<script type=\"application\/ld+json\" class=\"yoast-schema-graph\">{\"@context\":\"https:\/\/schema.org\",\"@graph\":[{\"@type\":\"WebPage\",\"@id\":\"https:\/\/veritasinfo.org\/?p=41046&lang=sr\",\"url\":\"https:\/\/veritasinfo.org\/?p=41046&lang=sr\",\"name\":\"Tridesetogodi\u0161nji mu\u0161karac ranjen vatrenim oru\u017ejem preminuo u UCKK-u -\",\"isPartOf\":{\"@id\":\"https:\/\/veritasinfo.org\/#website\"},\"primaryImageOfPage\":{\"@id\":\"https:\/\/veritasinfo.org\/?p=41046&lang=sr#primaryimage\"},\"image\":{\"@id\":\"https:\/\/veritasinfo.org\/?p=41046&lang=sr#primaryimage\"},\"thumbnailUrl\":\"https:\/\/veritasinfo.org\/wp-content\/uploads\/2026\/04\/Policia-inspekton-afer-QKUK-se-1.jpg\",\"datePublished\":\"2026-04-01T19:26:32+00:00\",\"author\":{\"@id\":\"https:\/\/veritasinfo.org\/#\/schema\/person\/fe199eede04c3937362892b7444747cc\"},\"breadcrumb\":{\"@id\":\"https:\/\/veritasinfo.org\/?p=41046&lang=sr#breadcrumb\"},\"inLanguage\":\"en-US\",\"potentialAction\":[{\"@type\":\"ReadAction\",\"target\":[\"https:\/\/veritasinfo.org\/?p=41046&lang=sr\"]}]},{\"@type\":\"ImageObject\",\"inLanguage\":\"en-US\",\"@id\":\"https:\/\/veritasinfo.org\/?p=41046&lang=sr#primaryimage\",\"url\":\"https:\/\/veritasinfo.org\/wp-content\/uploads\/2026\/04\/Policia-inspekton-afer-QKUK-se-1.jpg\",\"contentUrl\":\"https:\/\/veritasinfo.org\/wp-content\/uploads\/2026\/04\/Policia-inspekton-afer-QKUK-se-1.jpg\",\"width\":640,\"height\":424},{\"@type\":\"BreadcrumbList\",\"@id\":\"https:\/\/veritasinfo.org\/?p=41046&lang=sr#breadcrumb\",\"itemListElement\":[{\"@type\":\"ListItem\",\"position\":1,\"name\":\"Home\",\"item\":\"https:\/\/veritasinfo.org\/\"},{\"@type\":\"ListItem\",\"position\":2,\"name\":\"Tridesetogodi\u0161nji mu\u0161karac ranjen vatrenim oru\u017ejem preminuo u UCKK-u\"}]},{\"@type\":\"WebSite\",\"@id\":\"https:\/\/veritasinfo.org\/#website\",\"url\":\"https:\/\/veritasinfo.org\/\",\"name\":\"\",\"description\":\"\",\"potentialAction\":[{\"@type\":\"SearchAction\",\"target\":{\"@type\":\"EntryPoint\",\"urlTemplate\":\"https:\/\/veritasinfo.org\/?s={search_term_string}\"},\"query-input\":{\"@type\":\"PropertyValueSpecification\",\"valueRequired\":true,\"valueName\":\"search_term_string\"}}],\"inLanguage\":\"en-US\"},{\"@type\":\"Person\",\"@id\":\"https:\/\/veritasinfo.org\/#\/schema\/person\/fe199eede04c3937362892b7444747cc\",\"name\":\"US6\",\"image\":{\"@type\":\"ImageObject\",\"inLanguage\":\"en-US\",\"@id\":\"https:\/\/veritasinfo.org\/#\/schema\/person\/image\/\",\"url\":\"https:\/\/secure.gravatar.com\/avatar\/cb16c3c31c9d23b9b8c705964598220b3014e42ff51eb540ff23cefa3ae8c15f?s=96&d=mm&r=g\",\"contentUrl\":\"https:\/\/secure.gravatar.com\/avatar\/cb16c3c31c9d23b9b8c705964598220b3014e42ff51eb540ff23cefa3ae8c15f?s=96&d=mm&r=g\",\"caption\":\"US6\"},\"url\":\"https:\/\/veritasinfo.org\/?author=7\"}]}<\/script>\n<!-- \/ Yoast SEO plugin. -->","yoast_head_json":{"title":"Tridesetogodi\u0161nji mu\u0161karac ranjen vatrenim oru\u017ejem preminuo u UCKK-u -","robots":{"index":"index","follow":"follow","max-snippet":"max-snippet:-1","max-image-preview":"max-image-preview:large","max-video-preview":"max-video-preview:-1"},"canonical":"https:\/\/veritasinfo.org\/?p=41046&lang=sr","og_locale":"en_US","og_type":"article","og_title":"Tridesetogodi\u0161nji mu\u0161karac ranjen vatrenim oru\u017ejem preminuo u UCKK-u -","og_description":"Pri\u0161tina, 01.04.2026 21:23 Osoba ro\u0111ena 1996. godine preminula je u UCKK-u, koja je dopremljena ranjena vatrenim oru\u017ejem, potvrdio je direktor Odeljenja za hitne slu\u010dajeve Naser","og_url":"https:\/\/veritasinfo.org\/?p=41046&lang=sr","article_published_time":"2026-04-01T19:26:32+00:00","og_image":[{"width":640,"height":424,"url":"https:\/\/veritasinfo.org\/wp-content\/uploads\/2026\/04\/Policia-inspekton-afer-QKUK-se-1.jpg","type":"image\/jpeg"}],"author":"US6","twitter_card":"summary_large_image","twitter_misc":{"Written by":"US6","Est. reading time":"1 minute"},"schema":{"@context":"https:\/\/schema.org","@graph":[{"@type":"WebPage","@id":"https:\/\/veritasinfo.org\/?p=41046&lang=sr","url":"https:\/\/veritasinfo.org\/?p=41046&lang=sr","name":"Tridesetogodi\u0161nji mu\u0161karac ranjen vatrenim oru\u017ejem preminuo u UCKK-u -","isPartOf":{"@id":"https:\/\/veritasinfo.org\/#website"},"primaryImageOfPage":{"@id":"https:\/\/veritasinfo.org\/?p=41046&lang=sr#primaryimage"},"image":{"@id":"https:\/\/veritasinfo.org\/?p=41046&lang=sr#primaryimage"},"thumbnailUrl":"https:\/\/veritasinfo.org\/wp-content\/uploads\/2026\/04\/Policia-inspekton-afer-QKUK-se-1.jpg","datePublished":"2026-04-01T19:26:32+00:00","author":{"@id":"https:\/\/veritasinfo.org\/#\/schema\/person\/fe199eede04c3937362892b7444747cc"},"breadcrumb":{"@id":"https:\/\/veritasinfo.org\/?p=41046&lang=sr#breadcrumb"},"inLanguage":"en-US","potentialAction":[{"@type":"ReadAction","target":["https:\/\/veritasinfo.org\/?p=41046&lang=sr"]}]},{"@type":"ImageObject","inLanguage":"en-US","@id":"https:\/\/veritasinfo.org\/?p=41046&lang=sr#primaryimage","url":"https:\/\/veritasinfo.org\/wp-content\/uploads\/2026\/04\/Policia-inspekton-afer-QKUK-se-1.jpg","contentUrl":"https:\/\/veritasinfo.org\/wp-content\/uploads\/2026\/04\/Policia-inspekton-afer-QKUK-se-1.jpg","width":640,"height":424},{"@type":"BreadcrumbList","@id":"https:\/\/veritasinfo.org\/?p=41046&lang=sr#breadcrumb","itemListElement":[{"@type":"ListItem","position":1,"name":"Home","item":"https:\/\/veritasinfo.org\/"},{"@type":"ListItem","position":2,"name":"Tridesetogodi\u0161nji mu\u0161karac ranjen vatrenim oru\u017ejem preminuo u UCKK-u"}]},{"@type":"WebSite","@id":"https:\/\/veritasinfo.org\/#website","url":"https:\/\/veritasinfo.org\/","name":"","description":"","potentialAction":[{"@type":"SearchAction","target":{"@type":"EntryPoint","urlTemplate":"https:\/\/veritasinfo.org\/?s={search_term_string}"},"query-input":{"@type":"PropertyValueSpecification","valueRequired":true,"valueName":"search_term_string"}}],"inLanguage":"en-US"},{"@type":"Person","@id":"https:\/\/veritasinfo.org\/#\/schema\/person\/fe199eede04c3937362892b7444747cc","name":"US6","image":{"@type":"ImageObject","inLanguage":"en-US","@id":"https:\/\/veritasinfo.org\/#\/schema\/person\/image\/","url":"https:\/\/secure.gravatar.com\/avatar\/cb16c3c31c9d23b9b8c705964598220b3014e42ff51eb540ff23cefa3ae8c15f?s=96&d=mm&r=g","contentUrl":"https:\/\/secure.gravatar.com\/avatar\/cb16c3c31c9d23b9b8c705964598220b3014e42ff51eb540ff23cefa3ae8c15f?s=96&d=mm&r=g","caption":"US6"},"url":"https:\/\/veritasinfo.org\/?author=7"}]}},"featured_image_urls":{"full":["https:\/\/veritasinfo.org\/wp-content\/uploads\/2026\/04\/Policia-inspekton-afer-QKUK-se-1.jpg",640,424,false],"thumbnail":["https:\/\/veritasinfo.org\/wp-content\/uploads\/2026\/04\/Policia-inspekton-afer-QKUK-se-1-150x150.jpg",150,150,true],"medium":["https:\/\/veritasinfo.org\/wp-content\/uploads\/2026\/04\/Policia-inspekton-afer-QKUK-se-1-300x199.jpg",300,199,true],"medium_large":["https:\/\/veritasinfo.org\/wp-content\/uploads\/2026\/04\/Policia-inspekton-afer-QKUK-se-1.jpg",640,424,false],"large":["https:\/\/veritasinfo.org\/wp-content\/uploads\/2026\/04\/Policia-inspekton-afer-QKUK-se-1.jpg",640,424,false],"1536x1536":["https:\/\/veritasinfo.org\/wp-content\/uploads\/2026\/04\/Policia-inspekton-afer-QKUK-se-1.jpg",640,424,false],"2048x2048":["https:\/\/veritasinfo.org\/wp-content\/uploads\/2026\/04\/Policia-inspekton-afer-QKUK-se-1.jpg",640,424,false],"kreeti-slider-full":["https:\/\/veritasinfo.org\/wp-content\/uploads\/2026\/04\/Policia-inspekton-afer-QKUK-se-1.jpg",640,424,false],"kreeti-featured":["https:\/\/veritasinfo.org\/wp-content\/uploads\/2026\/04\/Policia-inspekton-afer-QKUK-se-1.jpg",640,424,false],"kreeti-medium":["https:\/\/veritasinfo.org\/wp-content\/uploads\/2026\/04\/Policia-inspekton-afer-QKUK-se-1.jpg",640,424,false],"kreeti-medium-square":["https:\/\/veritasinfo.org\/wp-content\/uploads\/2026\/04\/Policia-inspekton-afer-QKUK-se-1.jpg",350,232,false]},"author_info":{"info":["US6"]},"category_info":"<a href=\"https:\/\/veritasinfo.org\/?cat=103&#038;lang=sr\" rel=\"category\">Hronika<\/a>","tag_info":"Hronika","comment_count":"0","_links":{"self":[{"href":"https:\/\/veritasinfo.org\/index.php?rest_route=\/wp\/v2\/posts\/41046","targetHints":{"allow":["GET"]}}],"collection":[{"href":"https:\/\/veritasinfo.org\/index.php?rest_route=\/wp\/v2\/posts"}],"about":[{"href":"https:\/\/veritasinfo.org\/index.php?rest_route=\/wp\/v2\/types\/post"}],"author":[{"embeddable":true,"href":"https:\/\/veritasinfo.org\/index.php?rest_route=\/wp\/v2\/users\/7"}],"replies":[{"embeddable":true,"href":"https:\/\/veritasinfo.org\/index.php?rest_route=%2Fwp%2Fv2%2Fcomments&post=41046"}],"version-history":[{"count":1,"href":"https:\/\/veritasinfo.org\/index.php?rest_route=\/wp\/v2\/posts\/41046\/revisions"}],"predecessor-version":[{"id":41048,"href":"https:\/\/veritasinfo.org\/index.php?rest_route=\/wp\/v2\/posts\/41046\/revisions\/41048"}],"wp:featuredmedia":[{"embeddable":true,"href":"https:\/\/veritasinfo.org\/index.php?rest_route=\/wp\/v2\/media\/41047"}],"wp:attachment":[{"href":"https:\/\/veritasinfo.org\/index.php?rest_route=%2Fwp%2Fv2%2Fmedia&parent=41046"}],"wp:term":[{"taxonomy":"category","embeddable":true,"href":"https:\/\/veritasinfo.org\/index.php?rest_route=%2Fwp%2Fv2%2Fcategories&post=41046"},{"taxonomy":"post_tag","embeddable":true,"href":"https:\/\/veritasinfo.org\/index.php?rest_route=%2Fwp%2Fv2%2Ftags&post=41046"}],"curies":[{"name":"wp","href":"https:\/\/api.w.org\/{rel}","templated":true}]}}