{"id":4081,"date":"2025-07-17T07:35:02","date_gmt":"2025-07-17T05:35:02","guid":{"rendered":"https:\/\/veritasinfo.org\/?p=4081"},"modified":"2025-07-16T22:20:40","modified_gmt":"2025-07-16T20:20:40","slug":"te-prishtina-premtojne-ndeshje-te-madhe-ne-fadil-vokrri","status":"publish","type":"post","link":"https:\/\/veritasinfo.org\/?p=4081","title":{"rendered":"Te Prishtina premtojn\u00eb ndeshje t\u00eb madhe n\u00eb \u201cFadil Vokrri\u201d"},"content":{"rendered":"<p>Prishtin\u00eb, 17 Korrik 2025<\/p>\n<p>Te fituesja e Kup\u00ebs s\u00eb Kosov\u00ebs n\u00eb futboll, Prishtina, pranojn\u00eb se p\u00ebrmbysja e rezultatit kund\u00ebr Sheriff Tiraspolit do t\u00eb jet\u00eb e v\u00ebshtir\u00eb. Prishtina humbi nga Sheriffi n\u00eb Moldavi me rezultat t\u00eb thell\u00eb 4:0 jav\u00ebn e kaluar. Por te skuadra e kalt\u00ebr premtojn\u00eb ndeshje t\u00eb madhe t\u00eb enjten mbr\u00ebma ndaj ekipit moldav.<\/p>\n<p>Ndeshja kthyese e raundit t\u00eb par\u00eb kualifikues t\u00eb Lig\u00ebs s\u00eb Evrop\u00ebs nd\u00ebrmjet \u00a0Prishtin\u00ebs dhe Sheriff Tiraspolit zhvillohet n\u00eb stadiumin \u201cFadil Vokrri\u201d, n\u00eb Prishtin\u00eb. Ndeshja nis n\u00eb or\u00ebn 20:00 dhe do t\u00eb transmetohet n\u00eb KTV.<\/p>\n<p>\u201c\u00cbsht\u00eb humbje q\u00eb mendoj se \u00ebsht\u00eb e thell\u00eb, nuk \u00ebsht\u00eb rezultat real. Por, forcat e t\u00eb dyja ekipeve mendoj se do t\u00eb tregohen nes\u00ebr para tifoz\u00ebve ton\u00eb. K\u00ebshtu q\u00eb shpresoj q\u00eb gj\u00ebrat t\u00eb shkojn\u00eb ashtu si\u00e7 i kemi planifikuar ne, dhe normal p\u00ebr ne do t\u00eb ishte shum\u00eb e r\u00ebnd\u00ebsishme fitorja, me \u00e7far\u00ebdo rezultati. Kuptohet q\u00eb duhet t\u00eb pretendojm\u00eb pastaj dhe t\u00eb p\u00ebrgatitemi p\u00ebr ndeshjen e Lig\u00ebs s\u00eb Konferenc\u00ebs pas nj\u00eb jave\u201d, ka th\u00ebn\u00eb Thaqi n\u00eb konferenc\u00eb p\u00ebr media.<\/p>\n<p>Trajneri Thaqi ka theksuar se Prishtin\u00ebs i mungoi fati n\u00eb disa momente gjat\u00eb ndeshjes n\u00eb Tiraspol.<\/p>\n<div id=\"__ads-300x250in-4\" class=\"__ads-300x250-inarticle\" data-google-query-id=\"COTWk8aZwo4DFbFB9ggdd0wQHA\">\n<div id=\"futureads_async_1819679697\" data-zone=\"75ad420e-1de5-4209-9067-ba1c1e0e9247\" data-sender=\"futureads\" data-parent-id=\"google_ads_iframe_\/21895329656\/300x250-in-article_0__container__\">\n<div class=\"resize-sensor\" dir=\"ltr\">\n<div class=\"resize-sensor-expand\">\n<div><\/div>\n<\/div>\n<div class=\"resize-sensor-shrink\">\n<div><\/div>\n<\/div>\n<\/div>\n<\/div>\n<\/div>\n<p>\u201cNe ishim edhe t\u00eb pafat n\u00eb disa situata ku Blend Baftiu kishte dy raste p\u00ebrball\u00eb portierit, pastaj Valmir Veliu e q\u00eblloi shtyll\u00ebn. T\u00eb gjitha k\u00ebto gj\u00ebra, kuptohet kur ke p\u00ebrball\u00eb nj\u00eb ekip si\u00e7 \u00ebsht\u00eb Sheriffi, d\u00ebshtimet e k\u00ebsaj natyre nuk falen, me vet\u00eb faktin q\u00eb Sheriffi ato raste q\u00eb i pati, i realizoi. Ekipet e m\u00ebdha normalisht q\u00eb pak mund\u00ebsi q\u00eb i kan\u00eb, ato i realizojn\u00eb. Kjo \u00ebsht\u00eb e kuptueshme. Megjithat\u00eb, ne e kemi llogaritur q\u00eb si ekip q\u00eb \u00ebsht\u00eb e fort\u00eb, por ndoshta m\u00eb tep\u00ebr se q\u00eb duhet e kemi vler\u00ebsuar dhe kjo ndikoi ndoshta negativisht te paraqitja e lojtar\u00ebve, me vet\u00eb faktin q\u00eb ne kemi b\u00ebr\u00eb disa gabime individuale\u201d, \u00ebsht\u00eb shprehur Thaqi.<\/p>\n<p>Prishtina ka b\u00ebr\u00eb ndryshime t\u00eb shumta n\u00eb skuad\u00ebr gjat\u00eb ver\u00ebs dhe kjo ka ndikuar edhe n\u00eb paraqitje.<\/p>\n<p>\u201cKjo ndeshja e dyt\u00eb kuptohet se nuk kemi \u00e7far\u00eb t\u00eb humbim, do t\u00eb luftojm\u00eb maksimalisht, sidomos n\u00eb pjes\u00ebn e par\u00eb do t\u00eb provojm\u00eb t\u00eb b\u00ebjm\u00eb ato q\u00eb lojtar\u00ebt din\u00eb t\u00eb b\u00ebjn\u00eb m\u00eb s\u00eb miri, e pastaj normalisht kuptohet p\u00ebrve\u00e7 t\u00eb pretendojm\u00eb m\u00eb tep\u00ebr sesa ndoshta q\u00eb duket di\u00e7ka imagjinare, \u00ebsht\u00eb futboll n\u00eb fund t\u00eb fundit, dhe pse t\u00eb mos provojm\u00eb, nuk kemi \u00e7far\u00eb t\u00eb humbim n\u00eb k\u00ebt\u00eb rast. E kemi edhe nj\u00eb mund\u00ebsi tjet\u00ebr si\u00e7 \u00ebsht\u00eb Liga e Konferenc\u00ebs, ta p\u00ebrgatisim ekipin edhe p\u00ebr at\u00eb ndeshje\u201d, ka theksuar ai.<\/p>\n<p>Para se ta nis\u00eb fushat\u00ebn n\u00eb Evrop\u00eb, Prishtina i ka angazhuar disa lojtar\u00eb, si: Gjelbrim Taipi, Mario Ilievski, Gjorgje Shaletiq, Akileu Ndreca, Valmir Veliu, Hamdi Namani, Blend Baftiu, Drin Bajraktari, Dren Zeqiri. Por \u00ebsht\u00eb ndar\u00eb, po ashtu me disa lojtar\u00eb shum\u00eb t\u00eb r\u00ebnd\u00ebsish\u00ebm. Taipi pritet t\u00eb paraqitet nga minuta e par\u00eb t\u00eb enjten mbr\u00ebma.<\/p>\n<p>Prishtina p\u00ebr her\u00eb t\u00eb par\u00eb n\u00eb Evrop\u00eb u paraqit n\u00eb edicionin 2017\/18. S\u00eb fundi, n\u00eb gara evropiane Prishtina u paraqit n\u00eb edicionin 2021\/2022.<\/p>\n<p>N\u00eb konferenc\u00eb me trajnerin Thaqi ishte edhe mbrojt\u00ebsi Ardian Limani.<\/p>\n<p>\u201cP\u00ebrderisa neve na lejon matematika dhe kemi shanse p\u00ebr t\u00eb zhvilluar ndeshje t\u00eb madhe, ne nuk guxojm\u00eb t\u00eb mendojm\u00eb tjet\u00ebr ve\u00e7se t\u00eb provojm\u00eb me t\u00eb gjitha forcat. E dim\u00eb q\u00eb \u00ebsht\u00eb ndeshje shum\u00eb e v\u00ebshtir\u00eb p\u00ebr t\u2019u kthyer, mir\u00ebpo ne jemi duke u futur me bindjen e madhe q\u00eb do t\u00eb luftojm\u00eb dhe t\u00eb pakt\u00ebn t\u00eb marrim nj\u00eb fitore dhe t\u00eb luajm\u00eb ashtu si\u00e7 na ka hije, sepse do t\u00eb na ndihmonte p\u00ebr an\u00ebn psikologjike n\u00eb ndeshjet e ardhshme\u201d, ka th\u00ebn\u00eb Limani.<\/p>\n<p>Ai ka vler\u00ebsuar ekipin e Sheriffit, por ka theksuar se Prishtina i afrohet me cil\u00ebsi.<\/p>\n<p>\u201cUn\u00eb mendoj q\u00eb cil\u00ebsia \u00ebsht\u00eb goxha e p\u00ebraf\u00ebrt me Sheriffin. Mund t\u00eb dukem naiv me k\u00ebt\u00eb p\u00ebrgjigje, por me aq sa kam par\u00eb, nuk \u00ebsht\u00eb dallim i madh\u201d, \u00ebsht\u00eb shprehur ai.<\/p>\n<p>Prishtina do t\u00eb luante kund\u00ebr Larnes s\u00eb Irland\u00ebs s\u00eb Veriut apo Aud\u00ebs s\u00eb Letonis\u00eb n\u00eb raundin e dyt\u00eb kualifikues t\u00eb Lig\u00ebs s\u00eb Konferenc\u00ebs, n\u00ebse eliminohet nga raundi i par\u00eb kualifikues i Lig\u00ebs s\u00eb Evrop\u00ebs.<\/p>\n<p>Ndeshjen e par\u00eb do ta luante n\u00eb udh\u00ebtim.<\/p>\n<p>Te Sheriffi kan\u00eb th\u00ebn\u00eb se rezultati 4:0 \u00ebsht\u00eb shum\u00eb i favorsh\u00ebm. Por ai ka vler\u00ebsuar potencialin q\u00eb ka ekipi i Prishtin\u00ebs.<\/p>\n<p>\u201cRezultati 4:0 duket komod, por jo p\u00ebr ne. Nuk ka koh\u00eb p\u00ebr t\u2019u relaksuar. Rezultati nuk ka r\u00ebnd\u00ebsi p\u00ebr ne. Do ta marrim ndeshjen shum\u00eb seriozisht. Jan\u00eb dy ndeshje krejt\u00ebsisht t\u00eb kund\u00ebrta. Nj\u00ebr\u00ebn e luajt\u00ebm n\u00eb sht\u00ebpi, tani jemi mysafir. Mund t\u00eb jet\u00eb skenar ndryshe. Ne luajm\u00eb p\u00ebr fitore n\u00eb \u00e7do ndeshje\u201d, ka th\u00ebn\u00eb trajneri i Sheriff Tiraspolit, Victor Mihailov.<\/p>\n<p>Pjes\u00eb e ekipit moldav \u00ebsht\u00eb edhe Amarildo Gjoni. Ai b\u00ebri asistim n\u00eb golin e par\u00eb n\u00eb ndeshjen n\u00eb Tiraspol.<\/p>\n<p>\u201cNe jemi me fat q\u00eb ai \u00ebsht\u00eb krejt\u00ebsisht i aft\u00eb p\u00ebr ndeshje. Ai \u00ebsht\u00eb p\u00ebrshtatur shum\u00eb mir\u00eb n\u00eb ekipin ton\u00eb, por mbetet t\u00eb shihet se si do t\u00eb jet\u00eb ecuria e tij n\u00eb t\u00eb ardhmen\u201d, \u00ebsht\u00eb shprehur Mihailov.<\/p>\n<p>Sheriffi \u00ebsht\u00eb n\u00ebnkampion dhe fitues n\u00eb fuqi i Kup\u00ebs s\u00eb Moldavis\u00eb. N\u00eb edicionin 2021\/2022 luajti n\u00eb faz\u00ebn grupore t\u00eb Lig\u00ebs s\u00eb Kampion\u00ebve.<\/p>\n<p>Ishte n\u00eb grup me Real Madridin, Interin dhe Shakhtar Donetskun. Madje kishte fituar 2:1 ndaj Real Madridit n\u00eb \u201cSantiago Bernabeu\u201d m\u00eb 28 shtator t\u00eb vitit 2021.<\/p>\n","protected":false},"excerpt":{"rendered":"<p>Prishtin\u00eb, 17 Korrik 2025 Te fituesja e Kup\u00ebs s\u00eb Kosov\u00ebs n\u00eb futboll, Prishtina, pranojn\u00eb se p\u00ebrmbysja e rezultatit kund\u00ebr Sheriff Tiraspolit do t\u00eb jet\u00eb e<\/p>\n","protected":false},"author":1,"featured_media":4082,"comment_status":"open","ping_status":"open","sticky":false,"template":"","format":"standard","meta":{"footnotes":""},"categories":[5],"tags":[],"class_list":["post-4081","post","type-post","status-publish","format-standard","has-post-thumbnail","hentry","category-sport-sq"],"yoast_head":"<!-- This site is optimized with the Yoast SEO plugin v25.3.1 - https:\/\/yoast.com\/wordpress\/plugins\/seo\/ -->\n<title>Te Prishtina premtojn\u00eb ndeshje t\u00eb madhe n\u00eb \u201cFadil Vokrri\u201d -<\/title>\n<meta name=\"robots\" content=\"index, follow, max-snippet:-1, max-image-preview:large, max-video-preview:-1\" \/>\n<link rel=\"canonical\" href=\"https:\/\/veritasinfo.org\/?p=4081\" \/>\n<meta property=\"og:locale\" content=\"en_US\" \/>\n<meta property=\"og:type\" content=\"article\" \/>\n<meta property=\"og:title\" content=\"Te Prishtina premtojn\u00eb ndeshje t\u00eb madhe n\u00eb \u201cFadil Vokrri\u201d -\" \/>\n<meta property=\"og:description\" content=\"Prishtin\u00eb, 17 Korrik 2025 Te fituesja e Kup\u00ebs s\u00eb Kosov\u00ebs n\u00eb futboll, Prishtina, pranojn\u00eb se p\u00ebrmbysja e rezultatit kund\u00ebr Sheriff Tiraspolit do t\u00eb jet\u00eb e\" \/>\n<meta property=\"og:url\" content=\"https:\/\/veritasinfo.org\/?p=4081\" \/>\n<meta property=\"article:published_time\" content=\"2025-07-17T05:35:02+00:00\" \/>\n<meta property=\"og:image\" content=\"https:\/\/veritasinfo.org\/wp-content\/uploads\/2025\/07\/IMG_2112.webp\" \/>\n\t<meta property=\"og:image:width\" content=\"1360\" \/>\n\t<meta property=\"og:image:height\" content=\"870\" \/>\n\t<meta property=\"og:image:type\" content=\"image\/webp\" \/>\n<meta name=\"author\" content=\"admin\" \/>\n<meta name=\"twitter:card\" content=\"summary_large_image\" \/>\n<meta name=\"twitter:label1\" content=\"Written by\" \/>\n\t<meta name=\"twitter:data1\" content=\"admin\" \/>\n\t<meta name=\"twitter:label2\" content=\"Est. reading time\" \/>\n\t<meta name=\"twitter:data2\" content=\"4 minutes\" \/>\n<script type=\"application\/ld+json\" class=\"yoast-schema-graph\">{\"@context\":\"https:\/\/schema.org\",\"@graph\":[{\"@type\":\"WebPage\",\"@id\":\"https:\/\/veritasinfo.org\/?p=4081\",\"url\":\"https:\/\/veritasinfo.org\/?p=4081\",\"name\":\"Te Prishtina premtojn\u00eb ndeshje t\u00eb madhe n\u00eb \u201cFadil Vokrri\u201d -\",\"isPartOf\":{\"@id\":\"https:\/\/veritasinfo.org\/#website\"},\"primaryImageOfPage\":{\"@id\":\"https:\/\/veritasinfo.org\/?p=4081#primaryimage\"},\"image\":{\"@id\":\"https:\/\/veritasinfo.org\/?p=4081#primaryimage\"},\"thumbnailUrl\":\"https:\/\/veritasinfo.org\/wp-content\/uploads\/2025\/07\/IMG_2112.webp\",\"datePublished\":\"2025-07-17T05:35:02+00:00\",\"author\":{\"@id\":\"https:\/\/veritasinfo.org\/#\/schema\/person\/7701f8c088bece422266b100a712374f\"},\"breadcrumb\":{\"@id\":\"https:\/\/veritasinfo.org\/?p=4081#breadcrumb\"},\"inLanguage\":\"en-US\",\"potentialAction\":[{\"@type\":\"ReadAction\",\"target\":[\"https:\/\/veritasinfo.org\/?p=4081\"]}]},{\"@type\":\"ImageObject\",\"inLanguage\":\"en-US\",\"@id\":\"https:\/\/veritasinfo.org\/?p=4081#primaryimage\",\"url\":\"https:\/\/veritasinfo.org\/wp-content\/uploads\/2025\/07\/IMG_2112.webp\",\"contentUrl\":\"https:\/\/veritasinfo.org\/wp-content\/uploads\/2025\/07\/IMG_2112.webp\",\"width\":1360,\"height\":870},{\"@type\":\"BreadcrumbList\",\"@id\":\"https:\/\/veritasinfo.org\/?p=4081#breadcrumb\",\"itemListElement\":[{\"@type\":\"ListItem\",\"position\":1,\"name\":\"Home\",\"item\":\"https:\/\/veritasinfo.org\/\"},{\"@type\":\"ListItem\",\"position\":2,\"name\":\"Te Prishtina premtojn\u00eb ndeshje t\u00eb madhe n\u00eb \u201cFadil Vokrri\u201d\"}]},{\"@type\":\"WebSite\",\"@id\":\"https:\/\/veritasinfo.org\/#website\",\"url\":\"https:\/\/veritasinfo.org\/\",\"name\":\"\",\"description\":\"\",\"potentialAction\":[{\"@type\":\"SearchAction\",\"target\":{\"@type\":\"EntryPoint\",\"urlTemplate\":\"https:\/\/veritasinfo.org\/?s={search_term_string}\"},\"query-input\":{\"@type\":\"PropertyValueSpecification\",\"valueRequired\":true,\"valueName\":\"search_term_string\"}}],\"inLanguage\":\"en-US\"},{\"@type\":\"Person\",\"@id\":\"https:\/\/veritasinfo.org\/#\/schema\/person\/7701f8c088bece422266b100a712374f\",\"name\":\"admin\",\"image\":{\"@type\":\"ImageObject\",\"inLanguage\":\"en-US\",\"@id\":\"https:\/\/veritasinfo.org\/#\/schema\/person\/image\/\",\"url\":\"https:\/\/secure.gravatar.com\/avatar\/ea53aa3bf6c9a12d5fde8ce4deff43fef3885ae33cf60184161a50d6987cfd2f?s=96&d=mm&r=g\",\"contentUrl\":\"https:\/\/secure.gravatar.com\/avatar\/ea53aa3bf6c9a12d5fde8ce4deff43fef3885ae33cf60184161a50d6987cfd2f?s=96&d=mm&r=g\",\"caption\":\"admin\"},\"sameAs\":[\"https:\/\/veritasinfo.org\"],\"url\":\"https:\/\/veritasinfo.org\/?author=1\"}]}<\/script>\n<!-- \/ Yoast SEO plugin. -->","yoast_head_json":{"title":"Te Prishtina premtojn\u00eb ndeshje t\u00eb madhe n\u00eb \u201cFadil Vokrri\u201d -","robots":{"index":"index","follow":"follow","max-snippet":"max-snippet:-1","max-image-preview":"max-image-preview:large","max-video-preview":"max-video-preview:-1"},"canonical":"https:\/\/veritasinfo.org\/?p=4081","og_locale":"en_US","og_type":"article","og_title":"Te Prishtina premtojn\u00eb ndeshje t\u00eb madhe n\u00eb \u201cFadil Vokrri\u201d -","og_description":"Prishtin\u00eb, 17 Korrik 2025 Te fituesja e Kup\u00ebs s\u00eb Kosov\u00ebs n\u00eb futboll, Prishtina, pranojn\u00eb se p\u00ebrmbysja e rezultatit kund\u00ebr Sheriff Tiraspolit do t\u00eb jet\u00eb e","og_url":"https:\/\/veritasinfo.org\/?p=4081","article_published_time":"2025-07-17T05:35:02+00:00","og_image":[{"width":1360,"height":870,"url":"https:\/\/veritasinfo.org\/wp-content\/uploads\/2025\/07\/IMG_2112.webp","type":"image\/webp"}],"author":"admin","twitter_card":"summary_large_image","twitter_misc":{"Written by":"admin","Est. reading time":"4 minutes"},"schema":{"@context":"https:\/\/schema.org","@graph":[{"@type":"WebPage","@id":"https:\/\/veritasinfo.org\/?p=4081","url":"https:\/\/veritasinfo.org\/?p=4081","name":"Te Prishtina premtojn\u00eb ndeshje t\u00eb madhe n\u00eb \u201cFadil Vokrri\u201d -","isPartOf":{"@id":"https:\/\/veritasinfo.org\/#website"},"primaryImageOfPage":{"@id":"https:\/\/veritasinfo.org\/?p=4081#primaryimage"},"image":{"@id":"https:\/\/veritasinfo.org\/?p=4081#primaryimage"},"thumbnailUrl":"https:\/\/veritasinfo.org\/wp-content\/uploads\/2025\/07\/IMG_2112.webp","datePublished":"2025-07-17T05:35:02+00:00","author":{"@id":"https:\/\/veritasinfo.org\/#\/schema\/person\/7701f8c088bece422266b100a712374f"},"breadcrumb":{"@id":"https:\/\/veritasinfo.org\/?p=4081#breadcrumb"},"inLanguage":"en-US","potentialAction":[{"@type":"ReadAction","target":["https:\/\/veritasinfo.org\/?p=4081"]}]},{"@type":"ImageObject","inLanguage":"en-US","@id":"https:\/\/veritasinfo.org\/?p=4081#primaryimage","url":"https:\/\/veritasinfo.org\/wp-content\/uploads\/2025\/07\/IMG_2112.webp","contentUrl":"https:\/\/veritasinfo.org\/wp-content\/uploads\/2025\/07\/IMG_2112.webp","width":1360,"height":870},{"@type":"BreadcrumbList","@id":"https:\/\/veritasinfo.org\/?p=4081#breadcrumb","itemListElement":[{"@type":"ListItem","position":1,"name":"Home","item":"https:\/\/veritasinfo.org\/"},{"@type":"ListItem","position":2,"name":"Te Prishtina premtojn\u00eb ndeshje t\u00eb madhe n\u00eb \u201cFadil Vokrri\u201d"}]},{"@type":"WebSite","@id":"https:\/\/veritasinfo.org\/#website","url":"https:\/\/veritasinfo.org\/","name":"","description":"","potentialAction":[{"@type":"SearchAction","target":{"@type":"EntryPoint","urlTemplate":"https:\/\/veritasinfo.org\/?s={search_term_string}"},"query-input":{"@type":"PropertyValueSpecification","valueRequired":true,"valueName":"search_term_string"}}],"inLanguage":"en-US"},{"@type":"Person","@id":"https:\/\/veritasinfo.org\/#\/schema\/person\/7701f8c088bece422266b100a712374f","name":"admin","image":{"@type":"ImageObject","inLanguage":"en-US","@id":"https:\/\/veritasinfo.org\/#\/schema\/person\/image\/","url":"https:\/\/secure.gravatar.com\/avatar\/ea53aa3bf6c9a12d5fde8ce4deff43fef3885ae33cf60184161a50d6987cfd2f?s=96&d=mm&r=g","contentUrl":"https:\/\/secure.gravatar.com\/avatar\/ea53aa3bf6c9a12d5fde8ce4deff43fef3885ae33cf60184161a50d6987cfd2f?s=96&d=mm&r=g","caption":"admin"},"sameAs":["https:\/\/veritasinfo.org"],"url":"https:\/\/veritasinfo.org\/?author=1"}]}},"featured_image_urls":{"full":["https:\/\/veritasinfo.org\/wp-content\/uploads\/2025\/07\/IMG_2112.webp",1360,870,false],"thumbnail":["https:\/\/veritasinfo.org\/wp-content\/uploads\/2025\/07\/IMG_2112-150x150.webp",150,150,true],"medium":["https:\/\/veritasinfo.org\/wp-content\/uploads\/2025\/07\/IMG_2112-300x192.webp",300,192,true],"medium_large":["https:\/\/veritasinfo.org\/wp-content\/uploads\/2025\/07\/IMG_2112-768x491.webp",640,409,true],"large":["https:\/\/veritasinfo.org\/wp-content\/uploads\/2025\/07\/IMG_2112-1024x655.webp",640,409,true],"1536x1536":["https:\/\/veritasinfo.org\/wp-content\/uploads\/2025\/07\/IMG_2112.webp",1360,870,false],"2048x2048":["https:\/\/veritasinfo.org\/wp-content\/uploads\/2025\/07\/IMG_2112.webp",1360,870,false],"kreeti-slider-full":["https:\/\/veritasinfo.org\/wp-content\/uploads\/2025\/07\/IMG_2112.webp",1126,720,false],"kreeti-featured":["https:\/\/veritasinfo.org\/wp-content\/uploads\/2025\/07\/IMG_2112.webp",1024,655,false],"kreeti-medium":["https:\/\/veritasinfo.org\/wp-content\/uploads\/2025\/07\/IMG_2112.webp",720,461,false],"kreeti-medium-square":["https:\/\/veritasinfo.org\/wp-content\/uploads\/2025\/07\/IMG_2112.webp",350,224,false]},"author_info":{"info":["admin"]},"category_info":"<a href=\"https:\/\/veritasinfo.org\/?cat=5\" rel=\"category\">Sport<\/a>","tag_info":"Sport","comment_count":"0","_links":{"self":[{"href":"https:\/\/veritasinfo.org\/index.php?rest_route=\/wp\/v2\/posts\/4081","targetHints":{"allow":["GET"]}}],"collection":[{"href":"https:\/\/veritasinfo.org\/index.php?rest_route=\/wp\/v2\/posts"}],"about":[{"href":"https:\/\/veritasinfo.org\/index.php?rest_route=\/wp\/v2\/types\/post"}],"author":[{"embeddable":true,"href":"https:\/\/veritasinfo.org\/index.php?rest_route=\/wp\/v2\/users\/1"}],"replies":[{"embeddable":true,"href":"https:\/\/veritasinfo.org\/index.php?rest_route=%2Fwp%2Fv2%2Fcomments&post=4081"}],"version-history":[{"count":2,"href":"https:\/\/veritasinfo.org\/index.php?rest_route=\/wp\/v2\/posts\/4081\/revisions"}],"predecessor-version":[{"id":4084,"href":"https:\/\/veritasinfo.org\/index.php?rest_route=\/wp\/v2\/posts\/4081\/revisions\/4084"}],"wp:featuredmedia":[{"embeddable":true,"href":"https:\/\/veritasinfo.org\/index.php?rest_route=\/wp\/v2\/media\/4082"}],"wp:attachment":[{"href":"https:\/\/veritasinfo.org\/index.php?rest_route=%2Fwp%2Fv2%2Fmedia&parent=4081"}],"wp:term":[{"taxonomy":"category","embeddable":true,"href":"https:\/\/veritasinfo.org\/index.php?rest_route=%2Fwp%2Fv2%2Fcategories&post=4081"},{"taxonomy":"post_tag","embeddable":true,"href":"https:\/\/veritasinfo.org\/index.php?rest_route=%2Fwp%2Fv2%2Ftags&post=4081"}],"curies":[{"name":"wp","href":"https:\/\/api.w.org\/{rel}","templated":true}]}}