{"id":4078,"date":"2025-07-17T07:28:18","date_gmt":"2025-07-17T05:28:18","guid":{"rendered":"https:\/\/veritasinfo.org\/?p=4078"},"modified":"2025-07-16T22:16:52","modified_gmt":"2025-07-16T20:16:52","slug":"historike-nenshkruhet-marreveshja-per-uren-qe-do-te-bashkoje-italine-me-siciline","status":"publish","type":"post","link":"https:\/\/veritasinfo.org\/?p=4078","title":{"rendered":"Historike, n\u00ebnshkruhet marr\u00ebveshja p\u00ebr ur\u00ebn q\u00eb do t\u00eb bashkoj\u00eb Italin\u00eb me Si\u00e7ilin\u00eb"},"content":{"rendered":"<p>Rom\u00eb, 17 Korrik 2026<\/p>\n<p>Marr\u00ebveshja programore p\u00ebr nd\u00ebrtimin e Ur\u00ebs s\u00eb Ngushtic\u00ebs s\u00eb Mesin\u00ebs q\u00eb do t\u00eb bashkoj\u00eb Italin\u00eb me Si\u00e7ilin\u00eb, \u00ebsht\u00eb n\u00ebnshkruar zyrtarisht n\u00eb Ministrin\u00eb e Infrastruktur\u00ebs dhe Transportit.<\/p>\n<p>Lajmi u njoftua nga Ministria e Transportit e Italis\u00eb. Autoritete t\u00eb shumta institucionale dhe teknike mor\u00ebn pjes\u00eb n\u00eb ceremonin\u00eb e n\u00ebnshkrimit, p\u00ebrfshir\u00eb zv\/kryeministrin dhe ministrin e Infrastruktur\u00ebs Matteo Salvini, ministrin e Ekonomis\u00eb Giancarlo Giorgetti, Presidenti i Rajonit Si\u00e7ilian Renato Schifani dhe Presidenti i Rajonit t\u00eb Kalabris\u00eb Roberto Occhiuto.<\/p>\n<p>Nd\u00ebrhyrjet p\u00ebrgatitore dhe funksionale n\u00ebn p\u00ebrgjegj\u00ebsin\u00eb e Anas p\u00ebrfshijn\u00eb transferimin e zon\u00ebs s\u00eb sh\u00ebrbimit t\u00eb Villa San Giovanni East, e cila \u00ebsht\u00eb nxjerr\u00eb nga p\u00ebrdorimi, n\u00eb Ngushtic\u00ebn e Mesin\u00ebs, n\u00eb p\u00ebrputhje me rezolut\u00ebn CIPESS dhe zhvendosjen e zon\u00ebs s\u00eb sh\u00ebrbimit t\u00eb Villa San Giovanni West, q\u00eb do t\u00eb menaxhohet nga Stretto di Messina. Kjo thuhet n\u00eb nj\u00eb njoftim p\u00ebr shtyp nga kompania Stretto di Messina.<\/p>\n<p>P\u00ebr m\u00eb tep\u00ebr do t\u00eb jepet miratimi p\u00ebr nd\u00ebrtimin e nj\u00eb kryq\u00ebzimi autostrade midis dy ish-zonave t\u00eb sh\u00ebrbimit Villa San Giovanni p\u00ebr t\u00eb lejuar funksionimin e vendit t\u00eb nd\u00ebrtimit. Kostot e nd\u00ebrhyrjeve nga Ngushtica e Mesin\u00ebs, q\u00eb lidhen me zonat e sh\u00ebrbimit Villa San Giovanni Lindore dhe Per\u00ebndimore, jan\u00eb p\u00ebrfshir\u00eb tashm\u00eb n\u00eb koston e p\u00ebrgjithshme t\u00eb projektit.<\/p>\n","protected":false},"excerpt":{"rendered":"<p>Rom\u00eb, 17 Korrik 2026 Marr\u00ebveshja programore p\u00ebr nd\u00ebrtimin e Ur\u00ebs s\u00eb Ngushtic\u00ebs s\u00eb Mesin\u00ebs q\u00eb do t\u00eb bashkoj\u00eb Italin\u00eb me Si\u00e7ilin\u00eb, \u00ebsht\u00eb n\u00ebnshkruar zyrtarisht n\u00eb<\/p>\n","protected":false},"author":1,"featured_media":4076,"comment_status":"open","ping_status":"open","sticky":false,"template":"","format":"standard","meta":{"footnotes":""},"categories":[72],"tags":[],"class_list":["post-4078","post","type-post","status-publish","format-standard","has-post-thumbnail","hentry","category-bota"],"yoast_head":"<!-- This site is optimized with the Yoast SEO plugin v25.3.1 - https:\/\/yoast.com\/wordpress\/plugins\/seo\/ -->\n<title>Historike, n\u00ebnshkruhet marr\u00ebveshja p\u00ebr ur\u00ebn q\u00eb do t\u00eb bashkoj\u00eb Italin\u00eb me Si\u00e7ilin\u00eb -<\/title>\n<meta name=\"robots\" content=\"index, follow, max-snippet:-1, max-image-preview:large, max-video-preview:-1\" \/>\n<link rel=\"canonical\" href=\"https:\/\/veritasinfo.org\/?p=4078\" \/>\n<meta property=\"og:locale\" content=\"en_US\" \/>\n<meta property=\"og:type\" content=\"article\" \/>\n<meta property=\"og:title\" content=\"Historike, n\u00ebnshkruhet marr\u00ebveshja p\u00ebr ur\u00ebn q\u00eb do t\u00eb bashkoj\u00eb Italin\u00eb me Si\u00e7ilin\u00eb -\" \/>\n<meta property=\"og:description\" content=\"Rom\u00eb, 17 Korrik 2026 Marr\u00ebveshja programore p\u00ebr nd\u00ebrtimin e Ur\u00ebs s\u00eb Ngushtic\u00ebs s\u00eb Mesin\u00ebs q\u00eb do t\u00eb bashkoj\u00eb Italin\u00eb me Si\u00e7ilin\u00eb, \u00ebsht\u00eb n\u00ebnshkruar zyrtarisht n\u00eb\" \/>\n<meta property=\"og:url\" content=\"https:\/\/veritasinfo.org\/?p=4078\" \/>\n<meta property=\"article:published_time\" content=\"2025-07-17T05:28:18+00:00\" \/>\n<meta property=\"og:image\" content=\"https:\/\/veritasinfo.org\/wp-content\/uploads\/2025\/07\/IMG_2111.webp\" \/>\n\t<meta property=\"og:image:width\" content=\"900\" \/>\n\t<meta property=\"og:image:height\" content=\"508\" \/>\n\t<meta property=\"og:image:type\" content=\"image\/webp\" \/>\n<meta name=\"author\" content=\"admin\" \/>\n<meta name=\"twitter:card\" content=\"summary_large_image\" \/>\n<meta name=\"twitter:label1\" content=\"Written by\" \/>\n\t<meta name=\"twitter:data1\" content=\"admin\" \/>\n\t<meta name=\"twitter:label2\" content=\"Est. reading time\" \/>\n\t<meta name=\"twitter:data2\" content=\"2 minutes\" \/>\n<script type=\"application\/ld+json\" class=\"yoast-schema-graph\">{\"@context\":\"https:\/\/schema.org\",\"@graph\":[{\"@type\":\"WebPage\",\"@id\":\"https:\/\/veritasinfo.org\/?p=4078\",\"url\":\"https:\/\/veritasinfo.org\/?p=4078\",\"name\":\"Historike, n\u00ebnshkruhet marr\u00ebveshja p\u00ebr ur\u00ebn q\u00eb do t\u00eb bashkoj\u00eb Italin\u00eb me Si\u00e7ilin\u00eb -\",\"isPartOf\":{\"@id\":\"https:\/\/veritasinfo.org\/#website\"},\"primaryImageOfPage\":{\"@id\":\"https:\/\/veritasinfo.org\/?p=4078#primaryimage\"},\"image\":{\"@id\":\"https:\/\/veritasinfo.org\/?p=4078#primaryimage\"},\"thumbnailUrl\":\"https:\/\/veritasinfo.org\/wp-content\/uploads\/2025\/07\/IMG_2111.webp\",\"datePublished\":\"2025-07-17T05:28:18+00:00\",\"author\":{\"@id\":\"https:\/\/veritasinfo.org\/#\/schema\/person\/7701f8c088bece422266b100a712374f\"},\"breadcrumb\":{\"@id\":\"https:\/\/veritasinfo.org\/?p=4078#breadcrumb\"},\"inLanguage\":\"en-US\",\"potentialAction\":[{\"@type\":\"ReadAction\",\"target\":[\"https:\/\/veritasinfo.org\/?p=4078\"]}]},{\"@type\":\"ImageObject\",\"inLanguage\":\"en-US\",\"@id\":\"https:\/\/veritasinfo.org\/?p=4078#primaryimage\",\"url\":\"https:\/\/veritasinfo.org\/wp-content\/uploads\/2025\/07\/IMG_2111.webp\",\"contentUrl\":\"https:\/\/veritasinfo.org\/wp-content\/uploads\/2025\/07\/IMG_2111.webp\",\"width\":900,\"height\":508},{\"@type\":\"BreadcrumbList\",\"@id\":\"https:\/\/veritasinfo.org\/?p=4078#breadcrumb\",\"itemListElement\":[{\"@type\":\"ListItem\",\"position\":1,\"name\":\"Home\",\"item\":\"https:\/\/veritasinfo.org\/\"},{\"@type\":\"ListItem\",\"position\":2,\"name\":\"Historike, n\u00ebnshkruhet marr\u00ebveshja p\u00ebr ur\u00ebn q\u00eb do t\u00eb bashkoj\u00eb Italin\u00eb me Si\u00e7ilin\u00eb\"}]},{\"@type\":\"WebSite\",\"@id\":\"https:\/\/veritasinfo.org\/#website\",\"url\":\"https:\/\/veritasinfo.org\/\",\"name\":\"\",\"description\":\"\",\"potentialAction\":[{\"@type\":\"SearchAction\",\"target\":{\"@type\":\"EntryPoint\",\"urlTemplate\":\"https:\/\/veritasinfo.org\/?s={search_term_string}\"},\"query-input\":{\"@type\":\"PropertyValueSpecification\",\"valueRequired\":true,\"valueName\":\"search_term_string\"}}],\"inLanguage\":\"en-US\"},{\"@type\":\"Person\",\"@id\":\"https:\/\/veritasinfo.org\/#\/schema\/person\/7701f8c088bece422266b100a712374f\",\"name\":\"admin\",\"image\":{\"@type\":\"ImageObject\",\"inLanguage\":\"en-US\",\"@id\":\"https:\/\/veritasinfo.org\/#\/schema\/person\/image\/\",\"url\":\"https:\/\/secure.gravatar.com\/avatar\/ea53aa3bf6c9a12d5fde8ce4deff43fef3885ae33cf60184161a50d6987cfd2f?s=96&d=mm&r=g\",\"contentUrl\":\"https:\/\/secure.gravatar.com\/avatar\/ea53aa3bf6c9a12d5fde8ce4deff43fef3885ae33cf60184161a50d6987cfd2f?s=96&d=mm&r=g\",\"caption\":\"admin\"},\"sameAs\":[\"https:\/\/veritasinfo.org\"],\"url\":\"https:\/\/veritasinfo.org\/?author=1\"}]}<\/script>\n<!-- \/ Yoast SEO plugin. -->","yoast_head_json":{"title":"Historike, n\u00ebnshkruhet marr\u00ebveshja p\u00ebr ur\u00ebn q\u00eb do t\u00eb bashkoj\u00eb Italin\u00eb me Si\u00e7ilin\u00eb -","robots":{"index":"index","follow":"follow","max-snippet":"max-snippet:-1","max-image-preview":"max-image-preview:large","max-video-preview":"max-video-preview:-1"},"canonical":"https:\/\/veritasinfo.org\/?p=4078","og_locale":"en_US","og_type":"article","og_title":"Historike, n\u00ebnshkruhet marr\u00ebveshja p\u00ebr ur\u00ebn q\u00eb do t\u00eb bashkoj\u00eb Italin\u00eb me Si\u00e7ilin\u00eb -","og_description":"Rom\u00eb, 17 Korrik 2026 Marr\u00ebveshja programore p\u00ebr nd\u00ebrtimin e Ur\u00ebs s\u00eb Ngushtic\u00ebs s\u00eb Mesin\u00ebs q\u00eb do t\u00eb bashkoj\u00eb Italin\u00eb me Si\u00e7ilin\u00eb, \u00ebsht\u00eb n\u00ebnshkruar zyrtarisht n\u00eb","og_url":"https:\/\/veritasinfo.org\/?p=4078","article_published_time":"2025-07-17T05:28:18+00:00","og_image":[{"width":900,"height":508,"url":"https:\/\/veritasinfo.org\/wp-content\/uploads\/2025\/07\/IMG_2111.webp","type":"image\/webp"}],"author":"admin","twitter_card":"summary_large_image","twitter_misc":{"Written by":"admin","Est. reading time":"2 minutes"},"schema":{"@context":"https:\/\/schema.org","@graph":[{"@type":"WebPage","@id":"https:\/\/veritasinfo.org\/?p=4078","url":"https:\/\/veritasinfo.org\/?p=4078","name":"Historike, n\u00ebnshkruhet marr\u00ebveshja p\u00ebr ur\u00ebn q\u00eb do t\u00eb bashkoj\u00eb Italin\u00eb me Si\u00e7ilin\u00eb -","isPartOf":{"@id":"https:\/\/veritasinfo.org\/#website"},"primaryImageOfPage":{"@id":"https:\/\/veritasinfo.org\/?p=4078#primaryimage"},"image":{"@id":"https:\/\/veritasinfo.org\/?p=4078#primaryimage"},"thumbnailUrl":"https:\/\/veritasinfo.org\/wp-content\/uploads\/2025\/07\/IMG_2111.webp","datePublished":"2025-07-17T05:28:18+00:00","author":{"@id":"https:\/\/veritasinfo.org\/#\/schema\/person\/7701f8c088bece422266b100a712374f"},"breadcrumb":{"@id":"https:\/\/veritasinfo.org\/?p=4078#breadcrumb"},"inLanguage":"en-US","potentialAction":[{"@type":"ReadAction","target":["https:\/\/veritasinfo.org\/?p=4078"]}]},{"@type":"ImageObject","inLanguage":"en-US","@id":"https:\/\/veritasinfo.org\/?p=4078#primaryimage","url":"https:\/\/veritasinfo.org\/wp-content\/uploads\/2025\/07\/IMG_2111.webp","contentUrl":"https:\/\/veritasinfo.org\/wp-content\/uploads\/2025\/07\/IMG_2111.webp","width":900,"height":508},{"@type":"BreadcrumbList","@id":"https:\/\/veritasinfo.org\/?p=4078#breadcrumb","itemListElement":[{"@type":"ListItem","position":1,"name":"Home","item":"https:\/\/veritasinfo.org\/"},{"@type":"ListItem","position":2,"name":"Historike, n\u00ebnshkruhet marr\u00ebveshja p\u00ebr ur\u00ebn q\u00eb do t\u00eb bashkoj\u00eb Italin\u00eb me Si\u00e7ilin\u00eb"}]},{"@type":"WebSite","@id":"https:\/\/veritasinfo.org\/#website","url":"https:\/\/veritasinfo.org\/","name":"","description":"","potentialAction":[{"@type":"SearchAction","target":{"@type":"EntryPoint","urlTemplate":"https:\/\/veritasinfo.org\/?s={search_term_string}"},"query-input":{"@type":"PropertyValueSpecification","valueRequired":true,"valueName":"search_term_string"}}],"inLanguage":"en-US"},{"@type":"Person","@id":"https:\/\/veritasinfo.org\/#\/schema\/person\/7701f8c088bece422266b100a712374f","name":"admin","image":{"@type":"ImageObject","inLanguage":"en-US","@id":"https:\/\/veritasinfo.org\/#\/schema\/person\/image\/","url":"https:\/\/secure.gravatar.com\/avatar\/ea53aa3bf6c9a12d5fde8ce4deff43fef3885ae33cf60184161a50d6987cfd2f?s=96&d=mm&r=g","contentUrl":"https:\/\/secure.gravatar.com\/avatar\/ea53aa3bf6c9a12d5fde8ce4deff43fef3885ae33cf60184161a50d6987cfd2f?s=96&d=mm&r=g","caption":"admin"},"sameAs":["https:\/\/veritasinfo.org"],"url":"https:\/\/veritasinfo.org\/?author=1"}]}},"featured_image_urls":{"full":["https:\/\/veritasinfo.org\/wp-content\/uploads\/2025\/07\/IMG_2111.webp",900,508,false],"thumbnail":["https:\/\/veritasinfo.org\/wp-content\/uploads\/2025\/07\/IMG_2111-150x150.webp",150,150,true],"medium":["https:\/\/veritasinfo.org\/wp-content\/uploads\/2025\/07\/IMG_2111-300x169.webp",300,169,true],"medium_large":["https:\/\/veritasinfo.org\/wp-content\/uploads\/2025\/07\/IMG_2111-768x433.webp",640,361,true],"large":["https:\/\/veritasinfo.org\/wp-content\/uploads\/2025\/07\/IMG_2111.webp",640,361,false],"1536x1536":["https:\/\/veritasinfo.org\/wp-content\/uploads\/2025\/07\/IMG_2111.webp",900,508,false],"2048x2048":["https:\/\/veritasinfo.org\/wp-content\/uploads\/2025\/07\/IMG_2111.webp",900,508,false],"kreeti-slider-full":["https:\/\/veritasinfo.org\/wp-content\/uploads\/2025\/07\/IMG_2111.webp",900,508,false],"kreeti-featured":["https:\/\/veritasinfo.org\/wp-content\/uploads\/2025\/07\/IMG_2111.webp",900,508,false],"kreeti-medium":["https:\/\/veritasinfo.org\/wp-content\/uploads\/2025\/07\/IMG_2111.webp",720,406,false],"kreeti-medium-square":["https:\/\/veritasinfo.org\/wp-content\/uploads\/2025\/07\/IMG_2111.webp",350,198,false]},"author_info":{"info":["admin"]},"category_info":"<a href=\"https:\/\/veritasinfo.org\/?cat=72\" rel=\"category\">Bota<\/a>","tag_info":"Bota","comment_count":"0","_links":{"self":[{"href":"https:\/\/veritasinfo.org\/index.php?rest_route=\/wp\/v2\/posts\/4078","targetHints":{"allow":["GET"]}}],"collection":[{"href":"https:\/\/veritasinfo.org\/index.php?rest_route=\/wp\/v2\/posts"}],"about":[{"href":"https:\/\/veritasinfo.org\/index.php?rest_route=\/wp\/v2\/types\/post"}],"author":[{"embeddable":true,"href":"https:\/\/veritasinfo.org\/index.php?rest_route=\/wp\/v2\/users\/1"}],"replies":[{"embeddable":true,"href":"https:\/\/veritasinfo.org\/index.php?rest_route=%2Fwp%2Fv2%2Fcomments&post=4078"}],"version-history":[{"count":1,"href":"https:\/\/veritasinfo.org\/index.php?rest_route=\/wp\/v2\/posts\/4078\/revisions"}],"predecessor-version":[{"id":4080,"href":"https:\/\/veritasinfo.org\/index.php?rest_route=\/wp\/v2\/posts\/4078\/revisions\/4080"}],"wp:featuredmedia":[{"embeddable":true,"href":"https:\/\/veritasinfo.org\/index.php?rest_route=\/wp\/v2\/media\/4076"}],"wp:attachment":[{"href":"https:\/\/veritasinfo.org\/index.php?rest_route=%2Fwp%2Fv2%2Fmedia&parent=4078"}],"wp:term":[{"taxonomy":"category","embeddable":true,"href":"https:\/\/veritasinfo.org\/index.php?rest_route=%2Fwp%2Fv2%2Fcategories&post=4078"},{"taxonomy":"post_tag","embeddable":true,"href":"https:\/\/veritasinfo.org\/index.php?rest_route=%2Fwp%2Fv2%2Ftags&post=4078"}],"curies":[{"name":"wp","href":"https:\/\/api.w.org\/{rel}","templated":true}]}}