{"id":40726,"date":"2026-03-30T21:46:17","date_gmt":"2026-03-30T19:46:17","guid":{"rendered":"https:\/\/veritasinfo.org\/?p=40726"},"modified":"2026-03-30T21:46:17","modified_gmt":"2026-03-30T19:46:17","slug":"ekspozita-per-masakrat-kandiq-ishte-mosdije-ne-dubrave-e-ne-vende-tjera-kane-ndodhur-gjera-te-tmerrshme","status":"publish","type":"post","link":"https:\/\/veritasinfo.org\/?p=40726","title":{"rendered":"Ekspozita p\u00ebr masakrat, Kandiq: Ishte mosdije, n\u00eb Dubrav\u00eb e n\u00eb vende tjera kan\u00eb ndodhur gj\u00ebra t\u00eb tmerrshme"},"content":{"rendered":"<p>Prishtin\u00eb, 30.03.2026 21:45<\/p>\n<p>Aktivistja serbe, Natasha Kandiq\u00a0 ka folur lidhur me ekspozit\u00ebn \u201cMasakrat n\u00eb Kosov\u00eb 1998-1999\u201d, e cila ka ka shkaktuar indinjat\u00eb t\u00eb madhe publike p\u00ebr shtremb\u00ebrim historie.<\/p>\n<p>Ajo theksoi r\u00ebnd\u00ebsin\u00eb e paraqitjes s\u00eb fakteve t\u00eb verifikueshme dhe t\u00eb bazuara n\u00eb d\u00ebshmi t\u00eb sakta.<\/p>\n<p>\u201c\u00cbsht\u00eb shum\u00eb e r\u00ebnd\u00ebsishme t\u00eb zbulohen t\u00eb dh\u00ebna t\u00eb cilat jan\u00eb me t\u00eb v\u00ebrtet\u00eb t\u00eb verifikueshme dhe t\u00eb cilat d\u00ebshmojn\u00eb njohurin\u00eb se \u00e7ka n\u00ebnkupton i burgosur, \u00e7ka n\u00ebnkupton kur \u00ebsht\u00eb i privuar nga liria, \u00e7ka n\u00ebnkupton kur n\u00eb nj\u00eb databaz\u00eb, n\u00eb nj\u00eb list\u00eb \u00ebsht\u00eb i p\u00ebrmendur si t\u00eb ishte ushtar\u201d, tha ajo.<\/p>\n<p>Kandiq u shpreh kritike ndaj m\u00ebnyr\u00ebs s\u00eb realizimit t\u00eb ekspozit\u00ebs, duke theksuar se sipas saj mungon nj\u00eb qasje profesionale n\u00eb prezantimin e materialeve.<\/p>\n<p>\u201cAjo \u00e7far\u00eb kam par\u00eb un\u00eb n\u00eb at\u00eb ekspozit\u00eb, jo vet\u00ebm kur flasim p\u00ebr Dubrav\u00ebn, por edhe p\u00ebr rastet e tjera, ku ekziston nj\u00eb mosdije e plot\u00eb se si t\u00eb b\u00ebhet nj\u00eb ekspozit\u00eb, pra t\u00eb mos p\u00ebrq\u00ebndrohet n\u00eb emra, por vet\u00ebm n\u00eb numra\u201d.<\/p>\n<p>\u201cPastaj pse t\u00eb b\u00ebhet nj\u00eb ekspozit\u00eb n\u00ebse nuk shihet se si personat kan\u00eb p\u00ebsuar, kush \u00ebsht\u00eb p\u00ebrgjegj\u00ebs aty, sepse n\u00eb Dubrav\u00eb edhe n\u00eb vende t\u00eb ndryshme kan\u00eb ndodhur gj\u00ebra t\u00eb tmerrshme\u201d, tha ajo n\u00eb Rubikon.<\/p>\n","protected":false},"excerpt":{"rendered":"<p>Prishtin\u00eb, 30.03.2026 21:45 Aktivistja serbe, Natasha Kandiq\u00a0 ka folur lidhur me ekspozit\u00ebn \u201cMasakrat n\u00eb Kosov\u00eb 1998-1999\u201d, e cila ka ka shkaktuar indinjat\u00eb t\u00eb madhe publike<\/p>\n","protected":false},"author":7,"featured_media":40727,"comment_status":"open","ping_status":"open","sticky":false,"template":"","format":"standard","meta":{"footnotes":""},"categories":[60],"tags":[],"class_list":["post-40726","post","type-post","status-publish","format-standard","has-post-thumbnail","hentry","category-shoqerore-sq"],"yoast_head":"<!-- This site is optimized with the Yoast SEO plugin v25.3.1 - https:\/\/yoast.com\/wordpress\/plugins\/seo\/ -->\n<title>Ekspozita p\u00ebr masakrat, Kandiq: Ishte mosdije, n\u00eb Dubrav\u00eb e n\u00eb vende tjera kan\u00eb ndodhur gj\u00ebra t\u00eb tmerrshme -<\/title>\n<meta name=\"robots\" content=\"index, follow, max-snippet:-1, max-image-preview:large, max-video-preview:-1\" \/>\n<link rel=\"canonical\" href=\"https:\/\/veritasinfo.org\/?p=40726\" \/>\n<meta property=\"og:locale\" content=\"en_US\" \/>\n<meta property=\"og:type\" content=\"article\" \/>\n<meta property=\"og:title\" content=\"Ekspozita p\u00ebr masakrat, Kandiq: Ishte mosdije, n\u00eb Dubrav\u00eb e n\u00eb vende tjera kan\u00eb ndodhur gj\u00ebra t\u00eb tmerrshme -\" \/>\n<meta property=\"og:description\" content=\"Prishtin\u00eb, 30.03.2026 21:45 Aktivistja serbe, Natasha Kandiq\u00a0 ka folur lidhur me ekspozit\u00ebn \u201cMasakrat n\u00eb Kosov\u00eb 1998-1999\u201d, e cila ka ka shkaktuar indinjat\u00eb t\u00eb madhe publike\" \/>\n<meta property=\"og:url\" content=\"https:\/\/veritasinfo.org\/?p=40726\" \/>\n<meta property=\"article:published_time\" content=\"2026-03-30T19:46:17+00:00\" \/>\n<meta property=\"og:image\" content=\"https:\/\/veritasinfo.org\/wp-content\/uploads\/2026\/03\/1-120.jpg\" \/>\n\t<meta property=\"og:image:width\" content=\"789\" \/>\n\t<meta property=\"og:image:height\" content=\"523\" \/>\n\t<meta property=\"og:image:type\" content=\"image\/jpeg\" \/>\n<meta name=\"author\" content=\"US6\" \/>\n<meta name=\"twitter:card\" content=\"summary_large_image\" \/>\n<meta name=\"twitter:label1\" content=\"Written by\" \/>\n\t<meta name=\"twitter:data1\" content=\"US6\" \/>\n\t<meta name=\"twitter:label2\" content=\"Est. reading time\" \/>\n\t<meta name=\"twitter:data2\" content=\"2 minutes\" \/>\n<script type=\"application\/ld+json\" class=\"yoast-schema-graph\">{\"@context\":\"https:\/\/schema.org\",\"@graph\":[{\"@type\":\"WebPage\",\"@id\":\"https:\/\/veritasinfo.org\/?p=40726\",\"url\":\"https:\/\/veritasinfo.org\/?p=40726\",\"name\":\"Ekspozita p\u00ebr masakrat, Kandiq: Ishte mosdije, n\u00eb Dubrav\u00eb e n\u00eb vende tjera kan\u00eb ndodhur gj\u00ebra t\u00eb tmerrshme -\",\"isPartOf\":{\"@id\":\"https:\/\/veritasinfo.org\/#website\"},\"primaryImageOfPage\":{\"@id\":\"https:\/\/veritasinfo.org\/?p=40726#primaryimage\"},\"image\":{\"@id\":\"https:\/\/veritasinfo.org\/?p=40726#primaryimage\"},\"thumbnailUrl\":\"https:\/\/veritasinfo.org\/wp-content\/uploads\/2026\/03\/1-120.jpg\",\"datePublished\":\"2026-03-30T19:46:17+00:00\",\"author\":{\"@id\":\"https:\/\/veritasinfo.org\/#\/schema\/person\/fe199eede04c3937362892b7444747cc\"},\"breadcrumb\":{\"@id\":\"https:\/\/veritasinfo.org\/?p=40726#breadcrumb\"},\"inLanguage\":\"en-US\",\"potentialAction\":[{\"@type\":\"ReadAction\",\"target\":[\"https:\/\/veritasinfo.org\/?p=40726\"]}]},{\"@type\":\"ImageObject\",\"inLanguage\":\"en-US\",\"@id\":\"https:\/\/veritasinfo.org\/?p=40726#primaryimage\",\"url\":\"https:\/\/veritasinfo.org\/wp-content\/uploads\/2026\/03\/1-120.jpg\",\"contentUrl\":\"https:\/\/veritasinfo.org\/wp-content\/uploads\/2026\/03\/1-120.jpg\",\"width\":789,\"height\":523},{\"@type\":\"BreadcrumbList\",\"@id\":\"https:\/\/veritasinfo.org\/?p=40726#breadcrumb\",\"itemListElement\":[{\"@type\":\"ListItem\",\"position\":1,\"name\":\"Home\",\"item\":\"https:\/\/veritasinfo.org\/\"},{\"@type\":\"ListItem\",\"position\":2,\"name\":\"Ekspozita p\u00ebr masakrat, Kandiq: Ishte mosdije, n\u00eb Dubrav\u00eb e n\u00eb vende tjera kan\u00eb ndodhur gj\u00ebra t\u00eb tmerrshme\"}]},{\"@type\":\"WebSite\",\"@id\":\"https:\/\/veritasinfo.org\/#website\",\"url\":\"https:\/\/veritasinfo.org\/\",\"name\":\"\",\"description\":\"\",\"potentialAction\":[{\"@type\":\"SearchAction\",\"target\":{\"@type\":\"EntryPoint\",\"urlTemplate\":\"https:\/\/veritasinfo.org\/?s={search_term_string}\"},\"query-input\":{\"@type\":\"PropertyValueSpecification\",\"valueRequired\":true,\"valueName\":\"search_term_string\"}}],\"inLanguage\":\"en-US\"},{\"@type\":\"Person\",\"@id\":\"https:\/\/veritasinfo.org\/#\/schema\/person\/fe199eede04c3937362892b7444747cc\",\"name\":\"US6\",\"image\":{\"@type\":\"ImageObject\",\"inLanguage\":\"en-US\",\"@id\":\"https:\/\/veritasinfo.org\/#\/schema\/person\/image\/\",\"url\":\"https:\/\/secure.gravatar.com\/avatar\/cb16c3c31c9d23b9b8c705964598220b3014e42ff51eb540ff23cefa3ae8c15f?s=96&d=mm&r=g\",\"contentUrl\":\"https:\/\/secure.gravatar.com\/avatar\/cb16c3c31c9d23b9b8c705964598220b3014e42ff51eb540ff23cefa3ae8c15f?s=96&d=mm&r=g\",\"caption\":\"US6\"},\"url\":\"https:\/\/veritasinfo.org\/?author=7\"}]}<\/script>\n<!-- \/ Yoast SEO plugin. -->","yoast_head_json":{"title":"Ekspozita p\u00ebr masakrat, Kandiq: Ishte mosdije, n\u00eb Dubrav\u00eb e n\u00eb vende tjera kan\u00eb ndodhur gj\u00ebra t\u00eb tmerrshme -","robots":{"index":"index","follow":"follow","max-snippet":"max-snippet:-1","max-image-preview":"max-image-preview:large","max-video-preview":"max-video-preview:-1"},"canonical":"https:\/\/veritasinfo.org\/?p=40726","og_locale":"en_US","og_type":"article","og_title":"Ekspozita p\u00ebr masakrat, Kandiq: Ishte mosdije, n\u00eb Dubrav\u00eb e n\u00eb vende tjera kan\u00eb ndodhur gj\u00ebra t\u00eb tmerrshme -","og_description":"Prishtin\u00eb, 30.03.2026 21:45 Aktivistja serbe, Natasha Kandiq\u00a0 ka folur lidhur me ekspozit\u00ebn \u201cMasakrat n\u00eb Kosov\u00eb 1998-1999\u201d, e cila ka ka shkaktuar indinjat\u00eb t\u00eb madhe publike","og_url":"https:\/\/veritasinfo.org\/?p=40726","article_published_time":"2026-03-30T19:46:17+00:00","og_image":[{"width":789,"height":523,"url":"https:\/\/veritasinfo.org\/wp-content\/uploads\/2026\/03\/1-120.jpg","type":"image\/jpeg"}],"author":"US6","twitter_card":"summary_large_image","twitter_misc":{"Written by":"US6","Est. reading time":"2 minutes"},"schema":{"@context":"https:\/\/schema.org","@graph":[{"@type":"WebPage","@id":"https:\/\/veritasinfo.org\/?p=40726","url":"https:\/\/veritasinfo.org\/?p=40726","name":"Ekspozita p\u00ebr masakrat, Kandiq: Ishte mosdije, n\u00eb Dubrav\u00eb e n\u00eb vende tjera kan\u00eb ndodhur gj\u00ebra t\u00eb tmerrshme -","isPartOf":{"@id":"https:\/\/veritasinfo.org\/#website"},"primaryImageOfPage":{"@id":"https:\/\/veritasinfo.org\/?p=40726#primaryimage"},"image":{"@id":"https:\/\/veritasinfo.org\/?p=40726#primaryimage"},"thumbnailUrl":"https:\/\/veritasinfo.org\/wp-content\/uploads\/2026\/03\/1-120.jpg","datePublished":"2026-03-30T19:46:17+00:00","author":{"@id":"https:\/\/veritasinfo.org\/#\/schema\/person\/fe199eede04c3937362892b7444747cc"},"breadcrumb":{"@id":"https:\/\/veritasinfo.org\/?p=40726#breadcrumb"},"inLanguage":"en-US","potentialAction":[{"@type":"ReadAction","target":["https:\/\/veritasinfo.org\/?p=40726"]}]},{"@type":"ImageObject","inLanguage":"en-US","@id":"https:\/\/veritasinfo.org\/?p=40726#primaryimage","url":"https:\/\/veritasinfo.org\/wp-content\/uploads\/2026\/03\/1-120.jpg","contentUrl":"https:\/\/veritasinfo.org\/wp-content\/uploads\/2026\/03\/1-120.jpg","width":789,"height":523},{"@type":"BreadcrumbList","@id":"https:\/\/veritasinfo.org\/?p=40726#breadcrumb","itemListElement":[{"@type":"ListItem","position":1,"name":"Home","item":"https:\/\/veritasinfo.org\/"},{"@type":"ListItem","position":2,"name":"Ekspozita p\u00ebr masakrat, Kandiq: Ishte mosdije, n\u00eb Dubrav\u00eb e n\u00eb vende tjera kan\u00eb ndodhur gj\u00ebra t\u00eb tmerrshme"}]},{"@type":"WebSite","@id":"https:\/\/veritasinfo.org\/#website","url":"https:\/\/veritasinfo.org\/","name":"","description":"","potentialAction":[{"@type":"SearchAction","target":{"@type":"EntryPoint","urlTemplate":"https:\/\/veritasinfo.org\/?s={search_term_string}"},"query-input":{"@type":"PropertyValueSpecification","valueRequired":true,"valueName":"search_term_string"}}],"inLanguage":"en-US"},{"@type":"Person","@id":"https:\/\/veritasinfo.org\/#\/schema\/person\/fe199eede04c3937362892b7444747cc","name":"US6","image":{"@type":"ImageObject","inLanguage":"en-US","@id":"https:\/\/veritasinfo.org\/#\/schema\/person\/image\/","url":"https:\/\/secure.gravatar.com\/avatar\/cb16c3c31c9d23b9b8c705964598220b3014e42ff51eb540ff23cefa3ae8c15f?s=96&d=mm&r=g","contentUrl":"https:\/\/secure.gravatar.com\/avatar\/cb16c3c31c9d23b9b8c705964598220b3014e42ff51eb540ff23cefa3ae8c15f?s=96&d=mm&r=g","caption":"US6"},"url":"https:\/\/veritasinfo.org\/?author=7"}]}},"featured_image_urls":{"full":["https:\/\/veritasinfo.org\/wp-content\/uploads\/2026\/03\/1-120.jpg",789,523,false],"thumbnail":["https:\/\/veritasinfo.org\/wp-content\/uploads\/2026\/03\/1-120-150x150.jpg",150,150,true],"medium":["https:\/\/veritasinfo.org\/wp-content\/uploads\/2026\/03\/1-120-300x199.jpg",300,199,true],"medium_large":["https:\/\/veritasinfo.org\/wp-content\/uploads\/2026\/03\/1-120-768x509.jpg",640,424,true],"large":["https:\/\/veritasinfo.org\/wp-content\/uploads\/2026\/03\/1-120.jpg",640,424,false],"1536x1536":["https:\/\/veritasinfo.org\/wp-content\/uploads\/2026\/03\/1-120.jpg",789,523,false],"2048x2048":["https:\/\/veritasinfo.org\/wp-content\/uploads\/2026\/03\/1-120.jpg",789,523,false],"kreeti-slider-full":["https:\/\/veritasinfo.org\/wp-content\/uploads\/2026\/03\/1-120.jpg",789,523,false],"kreeti-featured":["https:\/\/veritasinfo.org\/wp-content\/uploads\/2026\/03\/1-120.jpg",789,523,false],"kreeti-medium":["https:\/\/veritasinfo.org\/wp-content\/uploads\/2026\/03\/1-120.jpg",720,477,false],"kreeti-medium-square":["https:\/\/veritasinfo.org\/wp-content\/uploads\/2026\/03\/1-120.jpg",350,232,false]},"author_info":{"info":["US6"]},"category_info":"<a href=\"https:\/\/veritasinfo.org\/?cat=60\" rel=\"category\">Shoq\u00ebrore<\/a>","tag_info":"Shoq\u00ebrore","comment_count":"0","_links":{"self":[{"href":"https:\/\/veritasinfo.org\/index.php?rest_route=\/wp\/v2\/posts\/40726","targetHints":{"allow":["GET"]}}],"collection":[{"href":"https:\/\/veritasinfo.org\/index.php?rest_route=\/wp\/v2\/posts"}],"about":[{"href":"https:\/\/veritasinfo.org\/index.php?rest_route=\/wp\/v2\/types\/post"}],"author":[{"embeddable":true,"href":"https:\/\/veritasinfo.org\/index.php?rest_route=\/wp\/v2\/users\/7"}],"replies":[{"embeddable":true,"href":"https:\/\/veritasinfo.org\/index.php?rest_route=%2Fwp%2Fv2%2Fcomments&post=40726"}],"version-history":[{"count":1,"href":"https:\/\/veritasinfo.org\/index.php?rest_route=\/wp\/v2\/posts\/40726\/revisions"}],"predecessor-version":[{"id":40728,"href":"https:\/\/veritasinfo.org\/index.php?rest_route=\/wp\/v2\/posts\/40726\/revisions\/40728"}],"wp:featuredmedia":[{"embeddable":true,"href":"https:\/\/veritasinfo.org\/index.php?rest_route=\/wp\/v2\/media\/40727"}],"wp:attachment":[{"href":"https:\/\/veritasinfo.org\/index.php?rest_route=%2Fwp%2Fv2%2Fmedia&parent=40726"}],"wp:term":[{"taxonomy":"category","embeddable":true,"href":"https:\/\/veritasinfo.org\/index.php?rest_route=%2Fwp%2Fv2%2Fcategories&post=40726"},{"taxonomy":"post_tag","embeddable":true,"href":"https:\/\/veritasinfo.org\/index.php?rest_route=%2Fwp%2Fv2%2Ftags&post=40726"}],"curies":[{"name":"wp","href":"https:\/\/api.w.org\/{rel}","templated":true}]}}